{"id":21144,"date":"2023-09-23T09:45:19","date_gmt":"2023-09-23T13:45:19","guid":{"rendered":"https:\/\/conexion23.com\/?p=21144"},"modified":"2023-09-23T09:45:21","modified_gmt":"2023-09-23T13:45:21","slug":"el-gran-santo-domingo-se-mantiene-como-el-de-mayor-participacion-en-el-pib-nacional","status":"publish","type":"post","link":"https:\/\/conexion23.com\/?p=21144","title":{"rendered":"El Gran Santo Domingo se mantiene como el de mayor participaci\u00f3n en el PIB nacional."},"content":{"rendered":"\n<p>En los \u00faltimos siete a\u00f1os, la regi\u00f3n&nbsp;<strong>Ozama<\/strong>, que comprende la provincia&nbsp;<strong>Santo Domingo<\/strong>&nbsp;y el Distrito Nacional, fue la de&nbsp;<strong>mayor participaci\u00f3n<\/strong>&nbsp;promedio en el producto interno bruto (<strong>PIB<\/strong>) nacional, con el&nbsp;<strong>40.7 %<\/strong>, de acuerdo con un reciente informe del Ministerio de Econom\u00eda.<\/p>\n\n\n\n<p>El informe, con resultados del&nbsp;<strong>PIB regional&nbsp;<\/strong>entre 2015-2022,&nbsp;detalla que la&nbsp;<strong>regi\u00f3n Ozama<\/strong>&nbsp;es seguida por la Cibao Norte con el 15.3 %, Valdesia con 8.8 % y Cibao Sur con 8.1 %.<\/p>\n\n\n\n<p>En contraste, a\u00f1ade el documento,&nbsp;<strong>Cibao Noroeste&nbsp;<\/strong>con&nbsp;<strong><\/strong>3.4 %, El Valle con 3.4 % y Enriquillo con 2.5 % fueron las de menor participaci\u00f3n promedio.<\/p>\n\n\n\n<p>Si bien el orden del&nbsp;<strong>aporte promedio<\/strong>&nbsp;de las regiones se mantiene sin variaci\u00f3n al comparar con el presentado para el periodo 2015-2019, en los tres \u00faltimos a\u00f1os se produjeron ligeras variaciones en la composici\u00f3n.<\/p>\n\n\n\n<p>En el informe se explica que, debido a los efectos de la pandemia del&nbsp;<strong>COVID-19<\/strong>, en 2020 las regiones&nbsp;<strong>Yuma<\/strong>,&nbsp;<strong>Ozama&nbsp;<\/strong>e Higuamo registraron una&nbsp;<strong>disminuci\u00f3n interanual<\/strong>&nbsp;en su participaci\u00f3n dentro de la producci\u00f3n nacional en 1.3 puntos porcentuales (p.p)., 0.5 p.p. y 0.2 p.p., respectivamente.<\/p>\n\n\n\n<p>A pesar de este resultado, agrega&nbsp;<strong>el informe<\/strong>, para el 2022 se observa una recuperaci\u00f3n de la participaci\u00f3n de Ozama (0.1 p.p.) e Higuamo (0.6 p.p.) con respecto al 2019. No obstante, la contribuci\u00f3n de&nbsp;<strong>Yuma<\/strong>&nbsp;no se ha recuperado, encontr\u00e1ndose 0.5 p.p. por debajo del nivel registrado previo a la pandemia.<\/p>\n","protected":false},"excerpt":{"rendered":"<p>En los \u00faltimos siete a\u00f1os, la regi\u00f3n&nbsp;Ozama, que comprende la provincia&nbsp;Santo Domingo&nbsp;y el Distrito Nacional, fue la de&nbsp;mayor participaci\u00f3n&nbsp;promedio en el producto interno bruto (PIB) nacional, con el&nbsp;40.7 %, de acuerdo con un reciente informe del Ministerio de Econom\u00eda. El informe, con resultados del&nbsp;PIB regional&nbsp;entre 2015-2022,&nbsp;detalla que la&nbsp;regi\u00f3n Ozama&nbsp;es seguida por la Cibao Norte con [&hellip;]<\/p>\n","protected":false},"author":15,"featured_media":21145,"comment_status":"open","ping_status":"open","sticky":false,"template":"","format":"standard","meta":{"footnotes":""},"categories":[1],"tags":[],"class_list":{"0":"post-21144","1":"post","2":"type-post","3":"status-publish","4":"format-standard","5":"has-post-thumbnail","7":"category-uncategorized"},"yoast_head":"<!-- This site is optimized with the Yoast SEO plugin v27.1.1 - https:\/\/yoast.com\/product\/yoast-seo-wordpress\/ -->\n<title>El Gran Santo Domingo se mantiene como el de mayor participaci\u00f3n en el PIB nacional. - Conexi\u00f3n 23<\/title>\n<meta name=\"robots\" content=\"index, follow, max-snippet:-1, max-image-preview:large, max-video-preview:-1\" \/>\n<link rel=\"canonical\" href=\"https:\/\/conexion23.com\/?p=21144\" \/>\n<meta property=\"og:locale\" content=\"es_ES\" \/>\n<meta property=\"og:type\" content=\"article\" \/>\n<meta property=\"og:title\" content=\"El Gran Santo Domingo se mantiene como el de mayor participaci\u00f3n en el PIB nacional. - Conexi\u00f3n 23\" \/>\n<meta property=\"og:description\" content=\"En los \u00faltimos siete a\u00f1os, la regi\u00f3n&nbsp;Ozama, que comprende la provincia&nbsp;Santo Domingo&nbsp;y el Distrito Nacional, fue la de&nbsp;mayor participaci\u00f3n&nbsp;promedio en el producto interno bruto (PIB) nacional, con el&nbsp;40.7 %, de acuerdo con un reciente informe del Ministerio de Econom\u00eda. El informe, con resultados del&nbsp;PIB regional&nbsp;entre 2015-2022,&nbsp;detalla que la&nbsp;regi\u00f3n Ozama&nbsp;es seguida por la Cibao Norte con [&hellip;]\" \/>\n<meta property=\"og:url\" content=\"https:\/\/conexion23.com\/?p=21144\" \/>\n<meta property=\"og:site_name\" content=\"Conexi\u00f3n 23\" \/>\n<meta property=\"article:publisher\" content=\"https:\/\/www.facebook.com\/conexion23com\" \/>\n<meta property=\"article:published_time\" content=\"2023-09-23T13:45:19+00:00\" \/>\n<meta property=\"article:modified_time\" content=\"2023-09-23T13:45:21+00:00\" \/>\n<meta property=\"og:image\" content=\"https:\/\/conexion23.com\/wp-content\/uploads\/2023\/09\/vista-ciudad-focus-0-0-896-504.jpg\" \/>\n\t<meta property=\"og:image:width\" content=\"896\" \/>\n\t<meta property=\"og:image:height\" content=\"504\" \/>\n\t<meta property=\"og:image:type\" content=\"image\/jpeg\" \/>\n<meta name=\"author\" content=\"Raffy Ben\u00edtez\" \/>\n<meta name=\"twitter:card\" content=\"summary_large_image\" \/>\n<meta name=\"twitter:label1\" content=\"Escrito por\" \/>\n\t<meta name=\"twitter:data1\" content=\"Raffy Ben\u00edtez\" \/>\n\t<meta name=\"twitter:label2\" content=\"Tiempo de lectura\" \/>\n\t<meta name=\"twitter:data2\" content=\"2 minutos\" \/>\n<script type=\"application\/ld+json\" class=\"yoast-schema-graph\">{\"@context\":\"https:\/\/schema.org\",\"@graph\":[{\"@type\":\"Article\",\"@id\":\"https:\/\/conexion23.com\/?p=21144#article\",\"isPartOf\":{\"@id\":\"https:\/\/conexion23.com\/?p=21144\"},\"author\":{\"name\":\"Raffy Ben\u00edtez\",\"@id\":\"https:\/\/conexion23.com\/#\/schema\/person\/03e36043331117e97a373299bbcd30a6\"},\"headline\":\"El Gran Santo Domingo se mantiene como el de mayor participaci\u00f3n en el PIB nacional.\",\"datePublished\":\"2023-09-23T13:45:19+00:00\",\"dateModified\":\"2023-09-23T13:45:21+00:00\",\"mainEntityOfPage\":{\"@id\":\"https:\/\/conexion23.com\/?p=21144\"},\"wordCount\":279,\"commentCount\":0,\"publisher\":{\"@id\":\"https:\/\/conexion23.com\/#organization\"},\"image\":{\"@id\":\"https:\/\/conexion23.com\/?p=21144#primaryimage\"},\"thumbnailUrl\":\"https:\/\/conexion23.com\/wp-content\/uploads\/2023\/09\/vista-ciudad-focus-0-0-896-504.jpg\",\"articleSection\":[\"Uncategorized\"],\"inLanguage\":\"es\",\"potentialAction\":[{\"@type\":\"CommentAction\",\"name\":\"Comment\",\"target\":[\"https:\/\/conexion23.com\/?p=21144#respond\"]}]},{\"@type\":\"WebPage\",\"@id\":\"https:\/\/conexion23.com\/?p=21144\",\"url\":\"https:\/\/conexion23.com\/?p=21144\",\"name\":\"El Gran Santo Domingo se mantiene como el de mayor participaci\u00f3n en el PIB nacional. - Conexi\u00f3n 23\",\"isPartOf\":{\"@id\":\"https:\/\/conexion23.com\/#website\"},\"primaryImageOfPage\":{\"@id\":\"https:\/\/conexion23.com\/?p=21144#primaryimage\"},\"image\":{\"@id\":\"https:\/\/conexion23.com\/?p=21144#primaryimage\"},\"thumbnailUrl\":\"https:\/\/conexion23.com\/wp-content\/uploads\/2023\/09\/vista-ciudad-focus-0-0-896-504.jpg\",\"datePublished\":\"2023-09-23T13:45:19+00:00\",\"dateModified\":\"2023-09-23T13:45:21+00:00\",\"breadcrumb\":{\"@id\":\"https:\/\/conexion23.com\/?p=21144#breadcrumb\"},\"inLanguage\":\"es\",\"potentialAction\":[{\"@type\":\"ReadAction\",\"target\":[\"https:\/\/conexion23.com\/?p=21144\"]}]},{\"@type\":\"ImageObject\",\"inLanguage\":\"es\",\"@id\":\"https:\/\/conexion23.com\/?p=21144#primaryimage\",\"url\":\"https:\/\/conexion23.com\/wp-content\/uploads\/2023\/09\/vista-ciudad-focus-0-0-896-504.jpg\",\"contentUrl\":\"https:\/\/conexion23.com\/wp-content\/uploads\/2023\/09\/vista-ciudad-focus-0-0-896-504.jpg\",\"width\":896,\"height\":504},{\"@type\":\"BreadcrumbList\",\"@id\":\"https:\/\/conexion23.com\/?p=21144#breadcrumb\",\"itemListElement\":[{\"@type\":\"ListItem\",\"position\":1,\"name\":\"Portada\",\"item\":\"https:\/\/conexion23.com\/\"},{\"@type\":\"ListItem\",\"position\":2,\"name\":\"El Gran Santo Domingo se mantiene como el de mayor participaci\u00f3n en el PIB nacional.\"}]},{\"@type\":\"WebSite\",\"@id\":\"https:\/\/conexion23.com\/#website\",\"url\":\"https:\/\/conexion23.com\/\",\"name\":\"Conexi\u00f3n 23\",\"description\":\"Peri\u00f3dico 100% Petromacorisano\",\"publisher\":{\"@id\":\"https:\/\/conexion23.com\/#organization\"},\"potentialAction\":[{\"@type\":\"SearchAction\",\"target\":{\"@type\":\"EntryPoint\",\"urlTemplate\":\"https:\/\/conexion23.com\/?s={search_term_string}\"},\"query-input\":{\"@type\":\"PropertyValueSpecification\",\"valueRequired\":true,\"valueName\":\"search_term_string\"}}],\"inLanguage\":\"es\"},{\"@type\":\"Organization\",\"@id\":\"https:\/\/conexion23.com\/#organization\",\"name\":\"Conexion 23\",\"url\":\"https:\/\/conexion23.com\/\",\"logo\":{\"@type\":\"ImageObject\",\"inLanguage\":\"es\",\"@id\":\"https:\/\/conexion23.com\/#\/schema\/logo\/image\/\",\"url\":\"https:\/\/conexion23.com\/wp-content\/uploads\/2021\/11\/Diseno-sin-titulo-2.png\",\"contentUrl\":\"https:\/\/conexion23.com\/wp-content\/uploads\/2021\/11\/Diseno-sin-titulo-2.png\",\"width\":541,\"height\":90,\"caption\":\"Conexion 23\"},\"image\":{\"@id\":\"https:\/\/conexion23.com\/#\/schema\/logo\/image\/\"},\"sameAs\":[\"https:\/\/www.facebook.com\/conexion23com\",\"https:\/\/www.instagram.com\/conexion23com\/\",\"https:\/\/www.youtube.com\/channel\/UCYc7vxxFZMYLIHNsHHxPZ3Q\"]},{\"@type\":\"Person\",\"@id\":\"https:\/\/conexion23.com\/#\/schema\/person\/03e36043331117e97a373299bbcd30a6\",\"name\":\"Raffy Ben\u00edtez\",\"image\":{\"@type\":\"ImageObject\",\"inLanguage\":\"es\",\"@id\":\"https:\/\/conexion23.com\/#\/schema\/person\/image\/\",\"url\":\"https:\/\/secure.gravatar.com\/avatar\/3190a6a6c5e1b0327500f7d6c56b6242472ee6cb974cf09b401ee6b3b0798f23?s=96&d=mm&r=g\",\"contentUrl\":\"https:\/\/secure.gravatar.com\/avatar\/3190a6a6c5e1b0327500f7d6c56b6242472ee6cb974cf09b401ee6b3b0798f23?s=96&d=mm&r=g\",\"caption\":\"Raffy Ben\u00edtez\"},\"url\":\"https:\/\/conexion23.com\/?author=15\"}]}<\/script>\n<!-- \/ Yoast SEO plugin. -->","yoast_head_json":{"title":"El Gran Santo Domingo se mantiene como el de mayor participaci\u00f3n en el PIB nacional. - Conexi\u00f3n 23","robots":{"index":"index","follow":"follow","max-snippet":"max-snippet:-1","max-image-preview":"max-image-preview:large","max-video-preview":"max-video-preview:-1"},"canonical":"https:\/\/conexion23.com\/?p=21144","og_locale":"es_ES","og_type":"article","og_title":"El Gran Santo Domingo se mantiene como el de mayor participaci\u00f3n en el PIB nacional. - Conexi\u00f3n 23","og_description":"En los \u00faltimos siete a\u00f1os, la regi\u00f3n&nbsp;Ozama, que comprende la provincia&nbsp;Santo Domingo&nbsp;y el Distrito Nacional, fue la de&nbsp;mayor participaci\u00f3n&nbsp;promedio en el producto interno bruto (PIB) nacional, con el&nbsp;40.7 %, de acuerdo con un reciente informe del Ministerio de Econom\u00eda. El informe, con resultados del&nbsp;PIB regional&nbsp;entre 2015-2022,&nbsp;detalla que la&nbsp;regi\u00f3n Ozama&nbsp;es seguida por la Cibao Norte con [&hellip;]","og_url":"https:\/\/conexion23.com\/?p=21144","og_site_name":"Conexi\u00f3n 23","article_publisher":"https:\/\/www.facebook.com\/conexion23com","article_published_time":"2023-09-23T13:45:19+00:00","article_modified_time":"2023-09-23T13:45:21+00:00","og_image":[{"width":896,"height":504,"url":"https:\/\/conexion23.com\/wp-content\/uploads\/2023\/09\/vista-ciudad-focus-0-0-896-504.jpg","type":"image\/jpeg"}],"author":"Raffy Ben\u00edtez","twitter_card":"summary_large_image","twitter_misc":{"Escrito por":"Raffy Ben\u00edtez","Tiempo de lectura":"2 minutos"},"schema":{"@context":"https:\/\/schema.org","@graph":[{"@type":"Article","@id":"https:\/\/conexion23.com\/?p=21144#article","isPartOf":{"@id":"https:\/\/conexion23.com\/?p=21144"},"author":{"name":"Raffy Ben\u00edtez","@id":"https:\/\/conexion23.com\/#\/schema\/person\/03e36043331117e97a373299bbcd30a6"},"headline":"El Gran Santo Domingo se mantiene como el de mayor participaci\u00f3n en el PIB nacional.","datePublished":"2023-09-23T13:45:19+00:00","dateModified":"2023-09-23T13:45:21+00:00","mainEntityOfPage":{"@id":"https:\/\/conexion23.com\/?p=21144"},"wordCount":279,"commentCount":0,"publisher":{"@id":"https:\/\/conexion23.com\/#organization"},"image":{"@id":"https:\/\/conexion23.com\/?p=21144#primaryimage"},"thumbnailUrl":"https:\/\/conexion23.com\/wp-content\/uploads\/2023\/09\/vista-ciudad-focus-0-0-896-504.jpg","articleSection":["Uncategorized"],"inLanguage":"es","potentialAction":[{"@type":"CommentAction","name":"Comment","target":["https:\/\/conexion23.com\/?p=21144#respond"]}]},{"@type":"WebPage","@id":"https:\/\/conexion23.com\/?p=21144","url":"https:\/\/conexion23.com\/?p=21144","name":"El Gran Santo Domingo se mantiene como el de mayor participaci\u00f3n en el PIB nacional. - Conexi\u00f3n 23","isPartOf":{"@id":"https:\/\/conexion23.com\/#website"},"primaryImageOfPage":{"@id":"https:\/\/conexion23.com\/?p=21144#primaryimage"},"image":{"@id":"https:\/\/conexion23.com\/?p=21144#primaryimage"},"thumbnailUrl":"https:\/\/conexion23.com\/wp-content\/uploads\/2023\/09\/vista-ciudad-focus-0-0-896-504.jpg","datePublished":"2023-09-23T13:45:19+00:00","dateModified":"2023-09-23T13:45:21+00:00","breadcrumb":{"@id":"https:\/\/conexion23.com\/?p=21144#breadcrumb"},"inLanguage":"es","potentialAction":[{"@type":"ReadAction","target":["https:\/\/conexion23.com\/?p=21144"]}]},{"@type":"ImageObject","inLanguage":"es","@id":"https:\/\/conexion23.com\/?p=21144#primaryimage","url":"https:\/\/conexion23.com\/wp-content\/uploads\/2023\/09\/vista-ciudad-focus-0-0-896-504.jpg","contentUrl":"https:\/\/conexion23.com\/wp-content\/uploads\/2023\/09\/vista-ciudad-focus-0-0-896-504.jpg","width":896,"height":504},{"@type":"BreadcrumbList","@id":"https:\/\/conexion23.com\/?p=21144#breadcrumb","itemListElement":[{"@type":"ListItem","position":1,"name":"Portada","item":"https:\/\/conexion23.com\/"},{"@type":"ListItem","position":2,"name":"El Gran Santo Domingo se mantiene como el de mayor participaci\u00f3n en el PIB nacional."}]},{"@type":"WebSite","@id":"https:\/\/conexion23.com\/#website","url":"https:\/\/conexion23.com\/","name":"Conexi\u00f3n 23","description":"Peri\u00f3dico 100% Petromacorisano","publisher":{"@id":"https:\/\/conexion23.com\/#organization"},"potentialAction":[{"@type":"SearchAction","target":{"@type":"EntryPoint","urlTemplate":"https:\/\/conexion23.com\/?s={search_term_string}"},"query-input":{"@type":"PropertyValueSpecification","valueRequired":true,"valueName":"search_term_string"}}],"inLanguage":"es"},{"@type":"Organization","@id":"https:\/\/conexion23.com\/#organization","name":"Conexion 23","url":"https:\/\/conexion23.com\/","logo":{"@type":"ImageObject","inLanguage":"es","@id":"https:\/\/conexion23.com\/#\/schema\/logo\/image\/","url":"https:\/\/conexion23.com\/wp-content\/uploads\/2021\/11\/Diseno-sin-titulo-2.png","contentUrl":"https:\/\/conexion23.com\/wp-content\/uploads\/2021\/11\/Diseno-sin-titulo-2.png","width":541,"height":90,"caption":"Conexion 23"},"image":{"@id":"https:\/\/conexion23.com\/#\/schema\/logo\/image\/"},"sameAs":["https:\/\/www.facebook.com\/conexion23com","https:\/\/www.instagram.com\/conexion23com\/","https:\/\/www.youtube.com\/channel\/UCYc7vxxFZMYLIHNsHHxPZ3Q"]},{"@type":"Person","@id":"https:\/\/conexion23.com\/#\/schema\/person\/03e36043331117e97a373299bbcd30a6","name":"Raffy Ben\u00edtez","image":{"@type":"ImageObject","inLanguage":"es","@id":"https:\/\/conexion23.com\/#\/schema\/person\/image\/","url":"https:\/\/secure.gravatar.com\/avatar\/3190a6a6c5e1b0327500f7d6c56b6242472ee6cb974cf09b401ee6b3b0798f23?s=96&d=mm&r=g","contentUrl":"https:\/\/secure.gravatar.com\/avatar\/3190a6a6c5e1b0327500f7d6c56b6242472ee6cb974cf09b401ee6b3b0798f23?s=96&d=mm&r=g","caption":"Raffy Ben\u00edtez"},"url":"https:\/\/conexion23.com\/?author=15"}]}},"_links":{"self":[{"href":"https:\/\/conexion23.com\/index.php?rest_route=\/wp\/v2\/posts\/21144","targetHints":{"allow":["GET"]}}],"collection":[{"href":"https:\/\/conexion23.com\/index.php?rest_route=\/wp\/v2\/posts"}],"about":[{"href":"https:\/\/conexion23.com\/index.php?rest_route=\/wp\/v2\/types\/post"}],"author":[{"embeddable":true,"href":"https:\/\/conexion23.com\/index.php?rest_route=\/wp\/v2\/users\/15"}],"replies":[{"embeddable":true,"href":"https:\/\/conexion23.com\/index.php?rest_route=%2Fwp%2Fv2%2Fcomments&post=21144"}],"version-history":[{"count":1,"href":"https:\/\/conexion23.com\/index.php?rest_route=\/wp\/v2\/posts\/21144\/revisions"}],"predecessor-version":[{"id":21146,"href":"https:\/\/conexion23.com\/index.php?rest_route=\/wp\/v2\/posts\/21144\/revisions\/21146"}],"wp:featuredmedia":[{"embeddable":true,"href":"https:\/\/conexion23.com\/index.php?rest_route=\/wp\/v2\/media\/21145"}],"wp:attachment":[{"href":"https:\/\/conexion23.com\/index.php?rest_route=%2Fwp%2Fv2%2Fmedia&parent=21144"}],"wp:term":[{"taxonomy":"category","embeddable":true,"href":"https:\/\/conexion23.com\/index.php?rest_route=%2Fwp%2Fv2%2Fcategories&post=21144"},{"taxonomy":"post_tag","embeddable":true,"href":"https:\/\/conexion23.com\/index.php?rest_route=%2Fwp%2Fv2%2Ftags&post=21144"}],"curies":[{"name":"wp","href":"https:\/\/api.w.org\/{rel}","templated":true}]}}