{"id":21372,"date":"2023-10-02T07:13:57","date_gmt":"2023-10-02T11:13:57","guid":{"rendered":"https:\/\/conexion23.com\/?p=21372"},"modified":"2023-10-02T07:14:00","modified_gmt":"2023-10-02T11:14:00","slug":"franklin-pena-conmemora-22-anos-de-gestion-legislativa","status":"publish","type":"post","link":"https:\/\/conexion23.com\/?p=21372","title":{"rendered":"Franklin Pe\u00f1a conmemora 22 a\u00f1os de gesti\u00f3n legislativa."},"content":{"rendered":"\n<p>El senador por la provincia San Pedro de Macor\u00eds, doctor Franklin Pe\u00f1a conmemor\u00f3 este viernes, sus 22 a\u00f1os de gesti\u00f3n legislativa, trabajo social y servicio, en una cena pro-fondo en Metro Contry Club.<\/p>\n\n\n\n<p>El evento cont\u00f3 con la presencia de destacados empresarios locales, m\u00e9dicos y pol\u00edticos de diferentes partidos.<\/p>\n\n\n\n<p>Pe\u00f1a, en su exposici\u00f3n mostr\u00f3 los proyectos sometidos y aprobados durante sus gestiones, como diputado y como senador, entre los cuales mencion\u00f3: la elevaci\u00f3n de Guayacanes a Municipio, creaci\u00f3n de la ley de protecci\u00f3n a la persona adulta mayor, reconstrucci\u00f3n del Malec\u00f3n, entre muchos otros.<\/p>\n\n\n\n<p>As\u00ed como tambi\u00e9n, la cantidad de operativos de cirug\u00eda y operativos m\u00e9dicos realizados en la provincia de manera gratuita, asistencia social en medicamentos, reparaci\u00f3n de viviendas, entrega de becas, canastillas a embarazadas y seguimiento pre y post natal, trabajo constante con los envejecientes y los servicios ofrecidos desde la oficina de gesti\u00f3n senatorial.<\/p>\n\n\n\n<p>Tambi\u00e9n fueron presentados en proyecci\u00f3n audio-visual los proyectos futuros del senador para el desarrollo econ\u00f3mico y social de San Pedro de Macor\u00eds, entre ellos: El funcionamiento del Muelle, desarrollo de Punta Pescadora, la Comunidad del Soco, puerto de cuceros y otros, expuestos por el ingeniero C\u00e9sar Fern\u00e1ndez, miembro de la direcci\u00f3n pol\u00edtica de la Fuerza del Pueblo.<\/p>\n\n\n\n<p>Finalmente, luego de agradecer por el apoyo, Franklin Pe\u00f1a concluy\u00f3 diciendo: \u00abEspero que Dios me d\u00e9 vida y salud, para seguir aportando al avance y progreso de San Pedro de Macor\u00eds\u00bb.<\/p>\n","protected":false},"excerpt":{"rendered":"<p>El senador por la provincia San Pedro de Macor\u00eds, doctor Franklin Pe\u00f1a conmemor\u00f3 este viernes, sus 22 a\u00f1os de gesti\u00f3n legislativa, trabajo social y servicio, en una cena pro-fondo en Metro Contry Club. El evento cont\u00f3 con la presencia de destacados empresarios locales, m\u00e9dicos y pol\u00edticos de diferentes partidos. Pe\u00f1a, en su exposici\u00f3n mostr\u00f3 los [&hellip;]<\/p>\n","protected":false},"author":15,"featured_media":21373,"comment_status":"open","ping_status":"open","sticky":false,"template":"","format":"standard","meta":{"footnotes":""},"categories":[35],"tags":[],"class_list":{"0":"post-21372","1":"post","2":"type-post","3":"status-publish","4":"format-standard","5":"has-post-thumbnail","7":"category-spm"},"yoast_head":"<!-- This site is optimized with the Yoast SEO plugin v27.1.1 - https:\/\/yoast.com\/product\/yoast-seo-wordpress\/ -->\n<title>Franklin Pe\u00f1a conmemora 22 a\u00f1os de gesti\u00f3n legislativa. - Conexi\u00f3n 23<\/title>\n<meta name=\"robots\" content=\"index, follow, max-snippet:-1, max-image-preview:large, max-video-preview:-1\" \/>\n<link rel=\"canonical\" href=\"https:\/\/conexion23.com\/?p=21372\" \/>\n<meta property=\"og:locale\" content=\"es_ES\" \/>\n<meta property=\"og:type\" content=\"article\" \/>\n<meta property=\"og:title\" content=\"Franklin Pe\u00f1a conmemora 22 a\u00f1os de gesti\u00f3n legislativa. - Conexi\u00f3n 23\" \/>\n<meta property=\"og:description\" content=\"El senador por la provincia San Pedro de Macor\u00eds, doctor Franklin Pe\u00f1a conmemor\u00f3 este viernes, sus 22 a\u00f1os de gesti\u00f3n legislativa, trabajo social y servicio, en una cena pro-fondo en Metro Contry Club. El evento cont\u00f3 con la presencia de destacados empresarios locales, m\u00e9dicos y pol\u00edticos de diferentes partidos. Pe\u00f1a, en su exposici\u00f3n mostr\u00f3 los [&hellip;]\" \/>\n<meta property=\"og:url\" content=\"https:\/\/conexion23.com\/?p=21372\" \/>\n<meta property=\"og:site_name\" content=\"Conexi\u00f3n 23\" \/>\n<meta property=\"article:publisher\" content=\"https:\/\/www.facebook.com\/conexion23com\" \/>\n<meta property=\"article:published_time\" content=\"2023-10-02T11:13:57+00:00\" \/>\n<meta property=\"article:modified_time\" content=\"2023-10-02T11:14:00+00:00\" \/>\n<meta property=\"og:image\" content=\"https:\/\/conexion23.com\/wp-content\/uploads\/2023\/10\/266201a2-27fb-4564-9455-6889316dbabb.jpg\" \/>\n\t<meta property=\"og:image:width\" content=\"1280\" \/>\n\t<meta property=\"og:image:height\" content=\"853\" \/>\n\t<meta property=\"og:image:type\" content=\"image\/jpeg\" \/>\n<meta name=\"author\" content=\"Raffy Ben\u00edtez\" \/>\n<meta name=\"twitter:card\" content=\"summary_large_image\" \/>\n<meta name=\"twitter:label1\" content=\"Escrito por\" \/>\n\t<meta name=\"twitter:data1\" content=\"Raffy Ben\u00edtez\" \/>\n\t<meta name=\"twitter:label2\" content=\"Tiempo de lectura\" \/>\n\t<meta name=\"twitter:data2\" content=\"2 minutos\" \/>\n<script type=\"application\/ld+json\" class=\"yoast-schema-graph\">{\"@context\":\"https:\/\/schema.org\",\"@graph\":[{\"@type\":\"Article\",\"@id\":\"https:\/\/conexion23.com\/?p=21372#article\",\"isPartOf\":{\"@id\":\"https:\/\/conexion23.com\/?p=21372\"},\"author\":{\"name\":\"Raffy Ben\u00edtez\",\"@id\":\"https:\/\/conexion23.com\/#\/schema\/person\/03e36043331117e97a373299bbcd30a6\"},\"headline\":\"Franklin Pe\u00f1a conmemora 22 a\u00f1os de gesti\u00f3n legislativa.\",\"datePublished\":\"2023-10-02T11:13:57+00:00\",\"dateModified\":\"2023-10-02T11:14:00+00:00\",\"mainEntityOfPage\":{\"@id\":\"https:\/\/conexion23.com\/?p=21372\"},\"wordCount\":272,\"commentCount\":0,\"publisher\":{\"@id\":\"https:\/\/conexion23.com\/#organization\"},\"image\":{\"@id\":\"https:\/\/conexion23.com\/?p=21372#primaryimage\"},\"thumbnailUrl\":\"https:\/\/conexion23.com\/wp-content\/uploads\/2023\/10\/266201a2-27fb-4564-9455-6889316dbabb.jpg\",\"articleSection\":[\"SPM\"],\"inLanguage\":\"es\",\"potentialAction\":[{\"@type\":\"CommentAction\",\"name\":\"Comment\",\"target\":[\"https:\/\/conexion23.com\/?p=21372#respond\"]}]},{\"@type\":\"WebPage\",\"@id\":\"https:\/\/conexion23.com\/?p=21372\",\"url\":\"https:\/\/conexion23.com\/?p=21372\",\"name\":\"Franklin Pe\u00f1a conmemora 22 a\u00f1os de gesti\u00f3n legislativa. - Conexi\u00f3n 23\",\"isPartOf\":{\"@id\":\"https:\/\/conexion23.com\/#website\"},\"primaryImageOfPage\":{\"@id\":\"https:\/\/conexion23.com\/?p=21372#primaryimage\"},\"image\":{\"@id\":\"https:\/\/conexion23.com\/?p=21372#primaryimage\"},\"thumbnailUrl\":\"https:\/\/conexion23.com\/wp-content\/uploads\/2023\/10\/266201a2-27fb-4564-9455-6889316dbabb.jpg\",\"datePublished\":\"2023-10-02T11:13:57+00:00\",\"dateModified\":\"2023-10-02T11:14:00+00:00\",\"breadcrumb\":{\"@id\":\"https:\/\/conexion23.com\/?p=21372#breadcrumb\"},\"inLanguage\":\"es\",\"potentialAction\":[{\"@type\":\"ReadAction\",\"target\":[\"https:\/\/conexion23.com\/?p=21372\"]}]},{\"@type\":\"ImageObject\",\"inLanguage\":\"es\",\"@id\":\"https:\/\/conexion23.com\/?p=21372#primaryimage\",\"url\":\"https:\/\/conexion23.com\/wp-content\/uploads\/2023\/10\/266201a2-27fb-4564-9455-6889316dbabb.jpg\",\"contentUrl\":\"https:\/\/conexion23.com\/wp-content\/uploads\/2023\/10\/266201a2-27fb-4564-9455-6889316dbabb.jpg\",\"width\":1280,\"height\":853},{\"@type\":\"BreadcrumbList\",\"@id\":\"https:\/\/conexion23.com\/?p=21372#breadcrumb\",\"itemListElement\":[{\"@type\":\"ListItem\",\"position\":1,\"name\":\"Portada\",\"item\":\"https:\/\/conexion23.com\/\"},{\"@type\":\"ListItem\",\"position\":2,\"name\":\"Franklin Pe\u00f1a conmemora 22 a\u00f1os de gesti\u00f3n legislativa.\"}]},{\"@type\":\"WebSite\",\"@id\":\"https:\/\/conexion23.com\/#website\",\"url\":\"https:\/\/conexion23.com\/\",\"name\":\"Conexi\u00f3n 23\",\"description\":\"Peri\u00f3dico 100% Petromacorisano\",\"publisher\":{\"@id\":\"https:\/\/conexion23.com\/#organization\"},\"potentialAction\":[{\"@type\":\"SearchAction\",\"target\":{\"@type\":\"EntryPoint\",\"urlTemplate\":\"https:\/\/conexion23.com\/?s={search_term_string}\"},\"query-input\":{\"@type\":\"PropertyValueSpecification\",\"valueRequired\":true,\"valueName\":\"search_term_string\"}}],\"inLanguage\":\"es\"},{\"@type\":\"Organization\",\"@id\":\"https:\/\/conexion23.com\/#organization\",\"name\":\"Conexion 23\",\"url\":\"https:\/\/conexion23.com\/\",\"logo\":{\"@type\":\"ImageObject\",\"inLanguage\":\"es\",\"@id\":\"https:\/\/conexion23.com\/#\/schema\/logo\/image\/\",\"url\":\"https:\/\/conexion23.com\/wp-content\/uploads\/2021\/11\/Diseno-sin-titulo-2.png\",\"contentUrl\":\"https:\/\/conexion23.com\/wp-content\/uploads\/2021\/11\/Diseno-sin-titulo-2.png\",\"width\":541,\"height\":90,\"caption\":\"Conexion 23\"},\"image\":{\"@id\":\"https:\/\/conexion23.com\/#\/schema\/logo\/image\/\"},\"sameAs\":[\"https:\/\/www.facebook.com\/conexion23com\",\"https:\/\/www.instagram.com\/conexion23com\/\",\"https:\/\/www.youtube.com\/channel\/UCYc7vxxFZMYLIHNsHHxPZ3Q\"]},{\"@type\":\"Person\",\"@id\":\"https:\/\/conexion23.com\/#\/schema\/person\/03e36043331117e97a373299bbcd30a6\",\"name\":\"Raffy Ben\u00edtez\",\"image\":{\"@type\":\"ImageObject\",\"inLanguage\":\"es\",\"@id\":\"https:\/\/conexion23.com\/#\/schema\/person\/image\/\",\"url\":\"https:\/\/secure.gravatar.com\/avatar\/3190a6a6c5e1b0327500f7d6c56b6242472ee6cb974cf09b401ee6b3b0798f23?s=96&d=mm&r=g\",\"contentUrl\":\"https:\/\/secure.gravatar.com\/avatar\/3190a6a6c5e1b0327500f7d6c56b6242472ee6cb974cf09b401ee6b3b0798f23?s=96&d=mm&r=g\",\"caption\":\"Raffy Ben\u00edtez\"},\"url\":\"https:\/\/conexion23.com\/?author=15\"}]}<\/script>\n<!-- \/ Yoast SEO plugin. -->","yoast_head_json":{"title":"Franklin Pe\u00f1a conmemora 22 a\u00f1os de gesti\u00f3n legislativa. - Conexi\u00f3n 23","robots":{"index":"index","follow":"follow","max-snippet":"max-snippet:-1","max-image-preview":"max-image-preview:large","max-video-preview":"max-video-preview:-1"},"canonical":"https:\/\/conexion23.com\/?p=21372","og_locale":"es_ES","og_type":"article","og_title":"Franklin Pe\u00f1a conmemora 22 a\u00f1os de gesti\u00f3n legislativa. - Conexi\u00f3n 23","og_description":"El senador por la provincia San Pedro de Macor\u00eds, doctor Franklin Pe\u00f1a conmemor\u00f3 este viernes, sus 22 a\u00f1os de gesti\u00f3n legislativa, trabajo social y servicio, en una cena pro-fondo en Metro Contry Club. El evento cont\u00f3 con la presencia de destacados empresarios locales, m\u00e9dicos y pol\u00edticos de diferentes partidos. Pe\u00f1a, en su exposici\u00f3n mostr\u00f3 los [&hellip;]","og_url":"https:\/\/conexion23.com\/?p=21372","og_site_name":"Conexi\u00f3n 23","article_publisher":"https:\/\/www.facebook.com\/conexion23com","article_published_time":"2023-10-02T11:13:57+00:00","article_modified_time":"2023-10-02T11:14:00+00:00","og_image":[{"width":1280,"height":853,"url":"https:\/\/conexion23.com\/wp-content\/uploads\/2023\/10\/266201a2-27fb-4564-9455-6889316dbabb.jpg","type":"image\/jpeg"}],"author":"Raffy Ben\u00edtez","twitter_card":"summary_large_image","twitter_misc":{"Escrito por":"Raffy Ben\u00edtez","Tiempo de lectura":"2 minutos"},"schema":{"@context":"https:\/\/schema.org","@graph":[{"@type":"Article","@id":"https:\/\/conexion23.com\/?p=21372#article","isPartOf":{"@id":"https:\/\/conexion23.com\/?p=21372"},"author":{"name":"Raffy Ben\u00edtez","@id":"https:\/\/conexion23.com\/#\/schema\/person\/03e36043331117e97a373299bbcd30a6"},"headline":"Franklin Pe\u00f1a conmemora 22 a\u00f1os de gesti\u00f3n legislativa.","datePublished":"2023-10-02T11:13:57+00:00","dateModified":"2023-10-02T11:14:00+00:00","mainEntityOfPage":{"@id":"https:\/\/conexion23.com\/?p=21372"},"wordCount":272,"commentCount":0,"publisher":{"@id":"https:\/\/conexion23.com\/#organization"},"image":{"@id":"https:\/\/conexion23.com\/?p=21372#primaryimage"},"thumbnailUrl":"https:\/\/conexion23.com\/wp-content\/uploads\/2023\/10\/266201a2-27fb-4564-9455-6889316dbabb.jpg","articleSection":["SPM"],"inLanguage":"es","potentialAction":[{"@type":"CommentAction","name":"Comment","target":["https:\/\/conexion23.com\/?p=21372#respond"]}]},{"@type":"WebPage","@id":"https:\/\/conexion23.com\/?p=21372","url":"https:\/\/conexion23.com\/?p=21372","name":"Franklin Pe\u00f1a conmemora 22 a\u00f1os de gesti\u00f3n legislativa. - Conexi\u00f3n 23","isPartOf":{"@id":"https:\/\/conexion23.com\/#website"},"primaryImageOfPage":{"@id":"https:\/\/conexion23.com\/?p=21372#primaryimage"},"image":{"@id":"https:\/\/conexion23.com\/?p=21372#primaryimage"},"thumbnailUrl":"https:\/\/conexion23.com\/wp-content\/uploads\/2023\/10\/266201a2-27fb-4564-9455-6889316dbabb.jpg","datePublished":"2023-10-02T11:13:57+00:00","dateModified":"2023-10-02T11:14:00+00:00","breadcrumb":{"@id":"https:\/\/conexion23.com\/?p=21372#breadcrumb"},"inLanguage":"es","potentialAction":[{"@type":"ReadAction","target":["https:\/\/conexion23.com\/?p=21372"]}]},{"@type":"ImageObject","inLanguage":"es","@id":"https:\/\/conexion23.com\/?p=21372#primaryimage","url":"https:\/\/conexion23.com\/wp-content\/uploads\/2023\/10\/266201a2-27fb-4564-9455-6889316dbabb.jpg","contentUrl":"https:\/\/conexion23.com\/wp-content\/uploads\/2023\/10\/266201a2-27fb-4564-9455-6889316dbabb.jpg","width":1280,"height":853},{"@type":"BreadcrumbList","@id":"https:\/\/conexion23.com\/?p=21372#breadcrumb","itemListElement":[{"@type":"ListItem","position":1,"name":"Portada","item":"https:\/\/conexion23.com\/"},{"@type":"ListItem","position":2,"name":"Franklin Pe\u00f1a conmemora 22 a\u00f1os de gesti\u00f3n legislativa."}]},{"@type":"WebSite","@id":"https:\/\/conexion23.com\/#website","url":"https:\/\/conexion23.com\/","name":"Conexi\u00f3n 23","description":"Peri\u00f3dico 100% Petromacorisano","publisher":{"@id":"https:\/\/conexion23.com\/#organization"},"potentialAction":[{"@type":"SearchAction","target":{"@type":"EntryPoint","urlTemplate":"https:\/\/conexion23.com\/?s={search_term_string}"},"query-input":{"@type":"PropertyValueSpecification","valueRequired":true,"valueName":"search_term_string"}}],"inLanguage":"es"},{"@type":"Organization","@id":"https:\/\/conexion23.com\/#organization","name":"Conexion 23","url":"https:\/\/conexion23.com\/","logo":{"@type":"ImageObject","inLanguage":"es","@id":"https:\/\/conexion23.com\/#\/schema\/logo\/image\/","url":"https:\/\/conexion23.com\/wp-content\/uploads\/2021\/11\/Diseno-sin-titulo-2.png","contentUrl":"https:\/\/conexion23.com\/wp-content\/uploads\/2021\/11\/Diseno-sin-titulo-2.png","width":541,"height":90,"caption":"Conexion 23"},"image":{"@id":"https:\/\/conexion23.com\/#\/schema\/logo\/image\/"},"sameAs":["https:\/\/www.facebook.com\/conexion23com","https:\/\/www.instagram.com\/conexion23com\/","https:\/\/www.youtube.com\/channel\/UCYc7vxxFZMYLIHNsHHxPZ3Q"]},{"@type":"Person","@id":"https:\/\/conexion23.com\/#\/schema\/person\/03e36043331117e97a373299bbcd30a6","name":"Raffy Ben\u00edtez","image":{"@type":"ImageObject","inLanguage":"es","@id":"https:\/\/conexion23.com\/#\/schema\/person\/image\/","url":"https:\/\/secure.gravatar.com\/avatar\/3190a6a6c5e1b0327500f7d6c56b6242472ee6cb974cf09b401ee6b3b0798f23?s=96&d=mm&r=g","contentUrl":"https:\/\/secure.gravatar.com\/avatar\/3190a6a6c5e1b0327500f7d6c56b6242472ee6cb974cf09b401ee6b3b0798f23?s=96&d=mm&r=g","caption":"Raffy Ben\u00edtez"},"url":"https:\/\/conexion23.com\/?author=15"}]}},"_links":{"self":[{"href":"https:\/\/conexion23.com\/index.php?rest_route=\/wp\/v2\/posts\/21372","targetHints":{"allow":["GET"]}}],"collection":[{"href":"https:\/\/conexion23.com\/index.php?rest_route=\/wp\/v2\/posts"}],"about":[{"href":"https:\/\/conexion23.com\/index.php?rest_route=\/wp\/v2\/types\/post"}],"author":[{"embeddable":true,"href":"https:\/\/conexion23.com\/index.php?rest_route=\/wp\/v2\/users\/15"}],"replies":[{"embeddable":true,"href":"https:\/\/conexion23.com\/index.php?rest_route=%2Fwp%2Fv2%2Fcomments&post=21372"}],"version-history":[{"count":1,"href":"https:\/\/conexion23.com\/index.php?rest_route=\/wp\/v2\/posts\/21372\/revisions"}],"predecessor-version":[{"id":21374,"href":"https:\/\/conexion23.com\/index.php?rest_route=\/wp\/v2\/posts\/21372\/revisions\/21374"}],"wp:featuredmedia":[{"embeddable":true,"href":"https:\/\/conexion23.com\/index.php?rest_route=\/wp\/v2\/media\/21373"}],"wp:attachment":[{"href":"https:\/\/conexion23.com\/index.php?rest_route=%2Fwp%2Fv2%2Fmedia&parent=21372"}],"wp:term":[{"taxonomy":"category","embeddable":true,"href":"https:\/\/conexion23.com\/index.php?rest_route=%2Fwp%2Fv2%2Fcategories&post=21372"},{"taxonomy":"post_tag","embeddable":true,"href":"https:\/\/conexion23.com\/index.php?rest_route=%2Fwp%2Fv2%2Ftags&post=21372"}],"curies":[{"name":"wp","href":"https:\/\/api.w.org\/{rel}","templated":true}]}}