{"id":21428,"date":"2023-10-03T08:48:37","date_gmt":"2023-10-03T12:48:37","guid":{"rendered":"https:\/\/conexion23.com\/?p=21428"},"modified":"2023-10-03T08:48:40","modified_gmt":"2023-10-03T12:48:40","slug":"proclaman-a-juan-hubieres-candidato-a-senador-de-la-fuerza-del-pueblo-por-monte-plata","status":"publish","type":"post","link":"https:\/\/conexion23.com\/?p=21428","title":{"rendered":"Proclaman a Juan Hubieres candidato a senador de La Fuerza del Pueblo por Monte Plata."},"content":{"rendered":"\n<p>El l\u00edder del movimiento Rebelde, Juan Hubieres, fue proclamado candidato a senador del partido Fuerza del Pueblo y entidades aliadas por la provincia de Monte Plata, acto en el cual asegur\u00f3 que ganar\u00e1 las elecciones del pr\u00f3ximo a\u00f1o 2024.<\/p>\n\n\n\n<p>\u201cDesde el principio de nuestra alianza dimos garant\u00edas a Leonel Fern\u00e1ndez de que daremos el triunfo en Monte Plata y sus municipios a la Fuerza del Pueblo\u201d, afirm\u00f3 Hubieres.<\/p>\n\n\n\n<p>El acto al que asistieron el secretario general de la Fuerza del Pueblo, Antonio Flori\u00e1n y, el presidente de la Comisi\u00f3n Nacional Electoral, Henry Mer\u00e1n, se realiz\u00f3 el s\u00e1bado pasado; aqu\u00ed Hubieres dijo apostar a la juventud. \u201cSiempre hay que apostar a la juventud, es la esperanza de los pueblos\u201d, afirm\u00f3 el proclamado candidato a senador.<\/p>\n\n\n\n<p>Hubieres expres\u00f3 adem\u00e1s que, \u201caqu\u00ed estamos los que no nos dejamos corromper. Monte Plata necesita empleos dignos para los j\u00f3venes, los que egresan de las universidades, hay que garantizarles empleos para que mejoren sus condiciones de vida\u201d.<\/p>\n\n\n\n<p>El concurrido acto se caracteriz\u00f3 por el entusiasmo de los asistentes y una gran presencia de militantes de la Fuerza del Pueblo y del Movimiento Rebelde, presidido por Hubieres. Participaron tambi\u00e9n los candidatos a directores de los distritos municipales de la provincia de Monte Plata.<\/p>\n\n\n\n<p>Jorge Luis Moreno, Fausto Jim\u00e9nez, Pedro F\u00e9lix Hern\u00e1ndez; aspirantes a dirigir los distritos municipales de Gonzalo, Chirino y, Peralvillo, respectivamente, hicieron uso de la palabra; as\u00ed como, Juli\u00e1n Cruz Almonte, aspirante a ocupar la alcald\u00eda del municipio de Yamas\u00e1.&nbsp;<\/p>\n\n\n\n<p>Varios precandidatos a diputados de la FP en la provincia de Monte Plata se dieron cita a la actividad, entre estos el prestigioso m\u00e9dico Jes\u00fas Mej\u00eda y, el empresario agr\u00edcola Gregory Catano.&nbsp;<\/p>\n\n\n\n<p>El secretario general de la Fuerza del Pueblo, Antonio Flori\u00e1n (Pe\u00f1ita), se\u00f1al\u00f3 ante las miles de personas que participaban, que la entidad pol\u00edtica opositora est\u00e1 preparada para dirigir los destinos del pa\u00eds a partir del pr\u00f3ximo 2024 porque cuenta con candidatos que vienen del coraz\u00f3n del pueblo. \u201cLos candidatos de la Fuerza del Pueblo y entidades aliadas son del pueblo y sintonizan con sus aspiraciones, por eso han tenido tanta pegada, y Juan Hubieres es un ejemplo de esto\u201d, acot\u00f3 el veterano dirigente pol\u00edtico.<\/p>\n\n\n\n<p>Henry Mer\u00e1n, presidente de la Comisi\u00f3n Nacional Electoral de la Fuerza del Pueblo, resalt\u00f3 las cualidades de los aspirantes a puestos de elecci\u00f3n popular de la Fuerza del Pueblo en la provincia de Monte Plata, haciendo \u00e9nfasis en la trayectoria de servicio y la identificaci\u00f3n de estos con el sentir de la poblaci\u00f3n, lo que los convertir\u00e1 en vencedores en los procesos electorales del 2024.<\/p>\n\n\n\n<p>El integrante de la Direcci\u00f3n Pol\u00edtica de la entidad que dirige Leonel Fern\u00e1ndez, indic\u00f3 que todas las encuestas serias y responsables dicen que los candidatos de la FP y aliados est\u00e1n bien posicionados, por lo que, \u201cLos candidatos de la Fuerza del Pueblo ganan seguro las pr\u00f3ximas elecciones\u201d, seg\u00fan enfatiz\u00f3 el dirigente pol\u00edtico.<\/p>\n","protected":false},"excerpt":{"rendered":"<p>El l\u00edder del movimiento Rebelde, Juan Hubieres, fue proclamado candidato a senador del partido Fuerza del Pueblo y entidades aliadas por la provincia de Monte Plata, acto en el cual asegur\u00f3 que ganar\u00e1 las elecciones del pr\u00f3ximo a\u00f1o 2024. \u201cDesde el principio de nuestra alianza dimos garant\u00edas a Leonel Fern\u00e1ndez de que daremos el triunfo [&hellip;]<\/p>\n","protected":false},"author":15,"featured_media":21429,"comment_status":"open","ping_status":"open","sticky":false,"template":"","format":"standard","meta":{"footnotes":""},"categories":[1],"tags":[],"class_list":{"0":"post-21428","1":"post","2":"type-post","3":"status-publish","4":"format-standard","5":"has-post-thumbnail","7":"category-uncategorized"},"yoast_head":"<!-- This site is optimized with the Yoast SEO plugin v27.1.1 - https:\/\/yoast.com\/product\/yoast-seo-wordpress\/ -->\n<title>Proclaman a Juan Hubieres candidato a senador de La Fuerza del Pueblo por Monte Plata. - Conexi\u00f3n 23<\/title>\n<meta name=\"robots\" content=\"index, follow, max-snippet:-1, max-image-preview:large, max-video-preview:-1\" \/>\n<link rel=\"canonical\" href=\"https:\/\/conexion23.com\/?p=21428\" \/>\n<meta property=\"og:locale\" content=\"es_ES\" \/>\n<meta property=\"og:type\" content=\"article\" \/>\n<meta property=\"og:title\" content=\"Proclaman a Juan Hubieres candidato a senador de La Fuerza del Pueblo por Monte Plata. - Conexi\u00f3n 23\" \/>\n<meta property=\"og:description\" content=\"El l\u00edder del movimiento Rebelde, Juan Hubieres, fue proclamado candidato a senador del partido Fuerza del Pueblo y entidades aliadas por la provincia de Monte Plata, acto en el cual asegur\u00f3 que ganar\u00e1 las elecciones del pr\u00f3ximo a\u00f1o 2024. \u201cDesde el principio de nuestra alianza dimos garant\u00edas a Leonel Fern\u00e1ndez de que daremos el triunfo [&hellip;]\" \/>\n<meta property=\"og:url\" content=\"https:\/\/conexion23.com\/?p=21428\" \/>\n<meta property=\"og:site_name\" content=\"Conexi\u00f3n 23\" \/>\n<meta property=\"article:publisher\" content=\"https:\/\/www.facebook.com\/conexion23com\" \/>\n<meta property=\"article:published_time\" content=\"2023-10-03T12:48:37+00:00\" \/>\n<meta property=\"article:modified_time\" content=\"2023-10-03T12:48:40+00:00\" \/>\n<meta property=\"og:image\" content=\"https:\/\/conexion23.com\/wp-content\/uploads\/2023\/10\/48944eb1-363f-470c-908f-7686addd496f.jpg\" \/>\n\t<meta property=\"og:image:width\" content=\"1600\" \/>\n\t<meta property=\"og:image:height\" content=\"1067\" \/>\n\t<meta property=\"og:image:type\" content=\"image\/jpeg\" \/>\n<meta name=\"author\" content=\"Raffy Ben\u00edtez\" \/>\n<meta name=\"twitter:card\" content=\"summary_large_image\" \/>\n<meta name=\"twitter:label1\" content=\"Escrito por\" \/>\n\t<meta name=\"twitter:data1\" content=\"Raffy Ben\u00edtez\" \/>\n\t<meta name=\"twitter:label2\" content=\"Tiempo de lectura\" \/>\n\t<meta name=\"twitter:data2\" content=\"3 minutos\" \/>\n<script type=\"application\/ld+json\" class=\"yoast-schema-graph\">{\"@context\":\"https:\/\/schema.org\",\"@graph\":[{\"@type\":\"Article\",\"@id\":\"https:\/\/conexion23.com\/?p=21428#article\",\"isPartOf\":{\"@id\":\"https:\/\/conexion23.com\/?p=21428\"},\"author\":{\"name\":\"Raffy Ben\u00edtez\",\"@id\":\"https:\/\/conexion23.com\/#\/schema\/person\/03e36043331117e97a373299bbcd30a6\"},\"headline\":\"Proclaman a Juan Hubieres candidato a senador de La Fuerza del Pueblo por Monte Plata.\",\"datePublished\":\"2023-10-03T12:48:37+00:00\",\"dateModified\":\"2023-10-03T12:48:40+00:00\",\"mainEntityOfPage\":{\"@id\":\"https:\/\/conexion23.com\/?p=21428\"},\"wordCount\":534,\"commentCount\":0,\"publisher\":{\"@id\":\"https:\/\/conexion23.com\/#organization\"},\"image\":{\"@id\":\"https:\/\/conexion23.com\/?p=21428#primaryimage\"},\"thumbnailUrl\":\"https:\/\/conexion23.com\/wp-content\/uploads\/2023\/10\/48944eb1-363f-470c-908f-7686addd496f.jpg\",\"articleSection\":[\"Uncategorized\"],\"inLanguage\":\"es\",\"potentialAction\":[{\"@type\":\"CommentAction\",\"name\":\"Comment\",\"target\":[\"https:\/\/conexion23.com\/?p=21428#respond\"]}]},{\"@type\":\"WebPage\",\"@id\":\"https:\/\/conexion23.com\/?p=21428\",\"url\":\"https:\/\/conexion23.com\/?p=21428\",\"name\":\"Proclaman a Juan Hubieres candidato a senador de La Fuerza del Pueblo por Monte Plata. - Conexi\u00f3n 23\",\"isPartOf\":{\"@id\":\"https:\/\/conexion23.com\/#website\"},\"primaryImageOfPage\":{\"@id\":\"https:\/\/conexion23.com\/?p=21428#primaryimage\"},\"image\":{\"@id\":\"https:\/\/conexion23.com\/?p=21428#primaryimage\"},\"thumbnailUrl\":\"https:\/\/conexion23.com\/wp-content\/uploads\/2023\/10\/48944eb1-363f-470c-908f-7686addd496f.jpg\",\"datePublished\":\"2023-10-03T12:48:37+00:00\",\"dateModified\":\"2023-10-03T12:48:40+00:00\",\"breadcrumb\":{\"@id\":\"https:\/\/conexion23.com\/?p=21428#breadcrumb\"},\"inLanguage\":\"es\",\"potentialAction\":[{\"@type\":\"ReadAction\",\"target\":[\"https:\/\/conexion23.com\/?p=21428\"]}]},{\"@type\":\"ImageObject\",\"inLanguage\":\"es\",\"@id\":\"https:\/\/conexion23.com\/?p=21428#primaryimage\",\"url\":\"https:\/\/conexion23.com\/wp-content\/uploads\/2023\/10\/48944eb1-363f-470c-908f-7686addd496f.jpg\",\"contentUrl\":\"https:\/\/conexion23.com\/wp-content\/uploads\/2023\/10\/48944eb1-363f-470c-908f-7686addd496f.jpg\",\"width\":1600,\"height\":1067},{\"@type\":\"BreadcrumbList\",\"@id\":\"https:\/\/conexion23.com\/?p=21428#breadcrumb\",\"itemListElement\":[{\"@type\":\"ListItem\",\"position\":1,\"name\":\"Portada\",\"item\":\"https:\/\/conexion23.com\/\"},{\"@type\":\"ListItem\",\"position\":2,\"name\":\"Proclaman a Juan Hubieres candidato a senador de La Fuerza del Pueblo por Monte Plata.\"}]},{\"@type\":\"WebSite\",\"@id\":\"https:\/\/conexion23.com\/#website\",\"url\":\"https:\/\/conexion23.com\/\",\"name\":\"Conexi\u00f3n 23\",\"description\":\"Peri\u00f3dico 100% Petromacorisano\",\"publisher\":{\"@id\":\"https:\/\/conexion23.com\/#organization\"},\"potentialAction\":[{\"@type\":\"SearchAction\",\"target\":{\"@type\":\"EntryPoint\",\"urlTemplate\":\"https:\/\/conexion23.com\/?s={search_term_string}\"},\"query-input\":{\"@type\":\"PropertyValueSpecification\",\"valueRequired\":true,\"valueName\":\"search_term_string\"}}],\"inLanguage\":\"es\"},{\"@type\":\"Organization\",\"@id\":\"https:\/\/conexion23.com\/#organization\",\"name\":\"Conexion 23\",\"url\":\"https:\/\/conexion23.com\/\",\"logo\":{\"@type\":\"ImageObject\",\"inLanguage\":\"es\",\"@id\":\"https:\/\/conexion23.com\/#\/schema\/logo\/image\/\",\"url\":\"https:\/\/conexion23.com\/wp-content\/uploads\/2021\/11\/Diseno-sin-titulo-2.png\",\"contentUrl\":\"https:\/\/conexion23.com\/wp-content\/uploads\/2021\/11\/Diseno-sin-titulo-2.png\",\"width\":541,\"height\":90,\"caption\":\"Conexion 23\"},\"image\":{\"@id\":\"https:\/\/conexion23.com\/#\/schema\/logo\/image\/\"},\"sameAs\":[\"https:\/\/www.facebook.com\/conexion23com\",\"https:\/\/www.instagram.com\/conexion23com\/\",\"https:\/\/www.youtube.com\/channel\/UCYc7vxxFZMYLIHNsHHxPZ3Q\"]},{\"@type\":\"Person\",\"@id\":\"https:\/\/conexion23.com\/#\/schema\/person\/03e36043331117e97a373299bbcd30a6\",\"name\":\"Raffy Ben\u00edtez\",\"image\":{\"@type\":\"ImageObject\",\"inLanguage\":\"es\",\"@id\":\"https:\/\/conexion23.com\/#\/schema\/person\/image\/\",\"url\":\"https:\/\/secure.gravatar.com\/avatar\/3190a6a6c5e1b0327500f7d6c56b6242472ee6cb974cf09b401ee6b3b0798f23?s=96&d=mm&r=g\",\"contentUrl\":\"https:\/\/secure.gravatar.com\/avatar\/3190a6a6c5e1b0327500f7d6c56b6242472ee6cb974cf09b401ee6b3b0798f23?s=96&d=mm&r=g\",\"caption\":\"Raffy Ben\u00edtez\"},\"url\":\"https:\/\/conexion23.com\/?author=15\"}]}<\/script>\n<!-- \/ Yoast SEO plugin. -->","yoast_head_json":{"title":"Proclaman a Juan Hubieres candidato a senador de La Fuerza del Pueblo por Monte Plata. - Conexi\u00f3n 23","robots":{"index":"index","follow":"follow","max-snippet":"max-snippet:-1","max-image-preview":"max-image-preview:large","max-video-preview":"max-video-preview:-1"},"canonical":"https:\/\/conexion23.com\/?p=21428","og_locale":"es_ES","og_type":"article","og_title":"Proclaman a Juan Hubieres candidato a senador de La Fuerza del Pueblo por Monte Plata. - Conexi\u00f3n 23","og_description":"El l\u00edder del movimiento Rebelde, Juan Hubieres, fue proclamado candidato a senador del partido Fuerza del Pueblo y entidades aliadas por la provincia de Monte Plata, acto en el cual asegur\u00f3 que ganar\u00e1 las elecciones del pr\u00f3ximo a\u00f1o 2024. \u201cDesde el principio de nuestra alianza dimos garant\u00edas a Leonel Fern\u00e1ndez de que daremos el triunfo [&hellip;]","og_url":"https:\/\/conexion23.com\/?p=21428","og_site_name":"Conexi\u00f3n 23","article_publisher":"https:\/\/www.facebook.com\/conexion23com","article_published_time":"2023-10-03T12:48:37+00:00","article_modified_time":"2023-10-03T12:48:40+00:00","og_image":[{"width":1600,"height":1067,"url":"https:\/\/conexion23.com\/wp-content\/uploads\/2023\/10\/48944eb1-363f-470c-908f-7686addd496f.jpg","type":"image\/jpeg"}],"author":"Raffy Ben\u00edtez","twitter_card":"summary_large_image","twitter_misc":{"Escrito por":"Raffy Ben\u00edtez","Tiempo de lectura":"3 minutos"},"schema":{"@context":"https:\/\/schema.org","@graph":[{"@type":"Article","@id":"https:\/\/conexion23.com\/?p=21428#article","isPartOf":{"@id":"https:\/\/conexion23.com\/?p=21428"},"author":{"name":"Raffy Ben\u00edtez","@id":"https:\/\/conexion23.com\/#\/schema\/person\/03e36043331117e97a373299bbcd30a6"},"headline":"Proclaman a Juan Hubieres candidato a senador de La Fuerza del Pueblo por Monte Plata.","datePublished":"2023-10-03T12:48:37+00:00","dateModified":"2023-10-03T12:48:40+00:00","mainEntityOfPage":{"@id":"https:\/\/conexion23.com\/?p=21428"},"wordCount":534,"commentCount":0,"publisher":{"@id":"https:\/\/conexion23.com\/#organization"},"image":{"@id":"https:\/\/conexion23.com\/?p=21428#primaryimage"},"thumbnailUrl":"https:\/\/conexion23.com\/wp-content\/uploads\/2023\/10\/48944eb1-363f-470c-908f-7686addd496f.jpg","articleSection":["Uncategorized"],"inLanguage":"es","potentialAction":[{"@type":"CommentAction","name":"Comment","target":["https:\/\/conexion23.com\/?p=21428#respond"]}]},{"@type":"WebPage","@id":"https:\/\/conexion23.com\/?p=21428","url":"https:\/\/conexion23.com\/?p=21428","name":"Proclaman a Juan Hubieres candidato a senador de La Fuerza del Pueblo por Monte Plata. - Conexi\u00f3n 23","isPartOf":{"@id":"https:\/\/conexion23.com\/#website"},"primaryImageOfPage":{"@id":"https:\/\/conexion23.com\/?p=21428#primaryimage"},"image":{"@id":"https:\/\/conexion23.com\/?p=21428#primaryimage"},"thumbnailUrl":"https:\/\/conexion23.com\/wp-content\/uploads\/2023\/10\/48944eb1-363f-470c-908f-7686addd496f.jpg","datePublished":"2023-10-03T12:48:37+00:00","dateModified":"2023-10-03T12:48:40+00:00","breadcrumb":{"@id":"https:\/\/conexion23.com\/?p=21428#breadcrumb"},"inLanguage":"es","potentialAction":[{"@type":"ReadAction","target":["https:\/\/conexion23.com\/?p=21428"]}]},{"@type":"ImageObject","inLanguage":"es","@id":"https:\/\/conexion23.com\/?p=21428#primaryimage","url":"https:\/\/conexion23.com\/wp-content\/uploads\/2023\/10\/48944eb1-363f-470c-908f-7686addd496f.jpg","contentUrl":"https:\/\/conexion23.com\/wp-content\/uploads\/2023\/10\/48944eb1-363f-470c-908f-7686addd496f.jpg","width":1600,"height":1067},{"@type":"BreadcrumbList","@id":"https:\/\/conexion23.com\/?p=21428#breadcrumb","itemListElement":[{"@type":"ListItem","position":1,"name":"Portada","item":"https:\/\/conexion23.com\/"},{"@type":"ListItem","position":2,"name":"Proclaman a Juan Hubieres candidato a senador de La Fuerza del Pueblo por Monte Plata."}]},{"@type":"WebSite","@id":"https:\/\/conexion23.com\/#website","url":"https:\/\/conexion23.com\/","name":"Conexi\u00f3n 23","description":"Peri\u00f3dico 100% Petromacorisano","publisher":{"@id":"https:\/\/conexion23.com\/#organization"},"potentialAction":[{"@type":"SearchAction","target":{"@type":"EntryPoint","urlTemplate":"https:\/\/conexion23.com\/?s={search_term_string}"},"query-input":{"@type":"PropertyValueSpecification","valueRequired":true,"valueName":"search_term_string"}}],"inLanguage":"es"},{"@type":"Organization","@id":"https:\/\/conexion23.com\/#organization","name":"Conexion 23","url":"https:\/\/conexion23.com\/","logo":{"@type":"ImageObject","inLanguage":"es","@id":"https:\/\/conexion23.com\/#\/schema\/logo\/image\/","url":"https:\/\/conexion23.com\/wp-content\/uploads\/2021\/11\/Diseno-sin-titulo-2.png","contentUrl":"https:\/\/conexion23.com\/wp-content\/uploads\/2021\/11\/Diseno-sin-titulo-2.png","width":541,"height":90,"caption":"Conexion 23"},"image":{"@id":"https:\/\/conexion23.com\/#\/schema\/logo\/image\/"},"sameAs":["https:\/\/www.facebook.com\/conexion23com","https:\/\/www.instagram.com\/conexion23com\/","https:\/\/www.youtube.com\/channel\/UCYc7vxxFZMYLIHNsHHxPZ3Q"]},{"@type":"Person","@id":"https:\/\/conexion23.com\/#\/schema\/person\/03e36043331117e97a373299bbcd30a6","name":"Raffy Ben\u00edtez","image":{"@type":"ImageObject","inLanguage":"es","@id":"https:\/\/conexion23.com\/#\/schema\/person\/image\/","url":"https:\/\/secure.gravatar.com\/avatar\/3190a6a6c5e1b0327500f7d6c56b6242472ee6cb974cf09b401ee6b3b0798f23?s=96&d=mm&r=g","contentUrl":"https:\/\/secure.gravatar.com\/avatar\/3190a6a6c5e1b0327500f7d6c56b6242472ee6cb974cf09b401ee6b3b0798f23?s=96&d=mm&r=g","caption":"Raffy Ben\u00edtez"},"url":"https:\/\/conexion23.com\/?author=15"}]}},"_links":{"self":[{"href":"https:\/\/conexion23.com\/index.php?rest_route=\/wp\/v2\/posts\/21428","targetHints":{"allow":["GET"]}}],"collection":[{"href":"https:\/\/conexion23.com\/index.php?rest_route=\/wp\/v2\/posts"}],"about":[{"href":"https:\/\/conexion23.com\/index.php?rest_route=\/wp\/v2\/types\/post"}],"author":[{"embeddable":true,"href":"https:\/\/conexion23.com\/index.php?rest_route=\/wp\/v2\/users\/15"}],"replies":[{"embeddable":true,"href":"https:\/\/conexion23.com\/index.php?rest_route=%2Fwp%2Fv2%2Fcomments&post=21428"}],"version-history":[{"count":1,"href":"https:\/\/conexion23.com\/index.php?rest_route=\/wp\/v2\/posts\/21428\/revisions"}],"predecessor-version":[{"id":21430,"href":"https:\/\/conexion23.com\/index.php?rest_route=\/wp\/v2\/posts\/21428\/revisions\/21430"}],"wp:featuredmedia":[{"embeddable":true,"href":"https:\/\/conexion23.com\/index.php?rest_route=\/wp\/v2\/media\/21429"}],"wp:attachment":[{"href":"https:\/\/conexion23.com\/index.php?rest_route=%2Fwp%2Fv2%2Fmedia&parent=21428"}],"wp:term":[{"taxonomy":"category","embeddable":true,"href":"https:\/\/conexion23.com\/index.php?rest_route=%2Fwp%2Fv2%2Fcategories&post=21428"},{"taxonomy":"post_tag","embeddable":true,"href":"https:\/\/conexion23.com\/index.php?rest_route=%2Fwp%2Fv2%2Ftags&post=21428"}],"curies":[{"name":"wp","href":"https:\/\/api.w.org\/{rel}","templated":true}]}}