{"id":21455,"date":"2023-10-04T08:35:17","date_gmt":"2023-10-04T12:35:17","guid":{"rendered":"https:\/\/conexion23.com\/?p=21455"},"modified":"2023-10-04T08:35:19","modified_gmt":"2023-10-04T12:35:19","slug":"madre-de-joven-agredido-por-un-hombre-en-spm-pide-justicia-dice-policia-sabe-ubicacion-del-agresor-y-no-lo-apresan","status":"publish","type":"post","link":"https:\/\/conexion23.com\/?p=21455","title":{"rendered":"Madre de joven agredido por un hombre en SPM, pide justicia, dice polic\u00eda sabe ubicaci\u00f3n del agresor y no lo apresan."},"content":{"rendered":"\n<p>Luc\u00eda Garc\u00eda, madre de un joven que perdi\u00f3 un ojo tras ser agredido por un hombre, denuncia que la Polic\u00eda Nacional no ha realizado la detenci\u00f3n del agresor de su hijo, a\u00fan sabiendo su paradero.<\/p>\n\n\n\n<p>El hecho ocurri\u00f3 el 8 de septiembre del a\u00f1o en curso, en la Calle Salvador Reyes antigua Calle 20.<\/p>\n\n\n\n<p>La dama exige a las autoridades, justicia ante este caso ya qu\u00e9 el da\u00f1o ocasionado no puede quedar sin castigo.<\/p>\n","protected":false},"excerpt":{"rendered":"<p>Luc\u00eda Garc\u00eda, madre de un joven que perdi\u00f3 un ojo tras ser agredido por un hombre, denuncia que la Polic\u00eda Nacional no ha realizado la detenci\u00f3n del agresor de su hijo, a\u00fan sabiendo su paradero. El hecho ocurri\u00f3 el 8 de septiembre del a\u00f1o en curso, en la Calle Salvador Reyes antigua Calle 20. La [&hellip;]<\/p>\n","protected":false},"author":15,"featured_media":21456,"comment_status":"open","ping_status":"open","sticky":false,"template":"","format":"standard","meta":{"footnotes":""},"categories":[35],"tags":[],"class_list":{"0":"post-21455","1":"post","2":"type-post","3":"status-publish","4":"format-standard","5":"has-post-thumbnail","7":"category-spm"},"yoast_head":"<!-- This site is optimized with the Yoast SEO plugin v27.1.1 - https:\/\/yoast.com\/product\/yoast-seo-wordpress\/ -->\n<title>Madre de joven agredido por un hombre en SPM, pide justicia, dice polic\u00eda sabe ubicaci\u00f3n del agresor y no lo apresan. - Conexi\u00f3n 23<\/title>\n<meta name=\"robots\" content=\"index, follow, max-snippet:-1, max-image-preview:large, max-video-preview:-1\" \/>\n<link rel=\"canonical\" href=\"https:\/\/conexion23.com\/?p=21455\" \/>\n<meta property=\"og:locale\" content=\"es_ES\" \/>\n<meta property=\"og:type\" content=\"article\" \/>\n<meta property=\"og:title\" content=\"Madre de joven agredido por un hombre en SPM, pide justicia, dice polic\u00eda sabe ubicaci\u00f3n del agresor y no lo apresan. - Conexi\u00f3n 23\" \/>\n<meta property=\"og:description\" content=\"Luc\u00eda Garc\u00eda, madre de un joven que perdi\u00f3 un ojo tras ser agredido por un hombre, denuncia que la Polic\u00eda Nacional no ha realizado la detenci\u00f3n del agresor de su hijo, a\u00fan sabiendo su paradero. El hecho ocurri\u00f3 el 8 de septiembre del a\u00f1o en curso, en la Calle Salvador Reyes antigua Calle 20. La [&hellip;]\" \/>\n<meta property=\"og:url\" content=\"https:\/\/conexion23.com\/?p=21455\" \/>\n<meta property=\"og:site_name\" content=\"Conexi\u00f3n 23\" \/>\n<meta property=\"article:publisher\" content=\"https:\/\/www.facebook.com\/conexion23com\" \/>\n<meta property=\"article:published_time\" content=\"2023-10-04T12:35:17+00:00\" \/>\n<meta property=\"article:modified_time\" content=\"2023-10-04T12:35:19+00:00\" \/>\n<meta property=\"og:image\" content=\"https:\/\/conexion23.com\/wp-content\/uploads\/2023\/10\/62dbc3fd-f5b4-4a60-88ac-6ed72b6bc0bc.jpg\" \/>\n\t<meta property=\"og:image:width\" content=\"711\" \/>\n\t<meta property=\"og:image:height\" content=\"692\" \/>\n\t<meta property=\"og:image:type\" content=\"image\/jpeg\" \/>\n<meta name=\"author\" content=\"Raffy Ben\u00edtez\" \/>\n<meta name=\"twitter:card\" content=\"summary_large_image\" \/>\n<meta name=\"twitter:label1\" content=\"Escrito por\" \/>\n\t<meta name=\"twitter:data1\" content=\"Raffy Ben\u00edtez\" \/>\n\t<meta name=\"twitter:label2\" content=\"Tiempo de lectura\" \/>\n\t<meta name=\"twitter:data2\" content=\"1 minuto\" \/>\n<script type=\"application\/ld+json\" class=\"yoast-schema-graph\">{\"@context\":\"https:\/\/schema.org\",\"@graph\":[{\"@type\":\"Article\",\"@id\":\"https:\/\/conexion23.com\/?p=21455#article\",\"isPartOf\":{\"@id\":\"https:\/\/conexion23.com\/?p=21455\"},\"author\":{\"name\":\"Raffy Ben\u00edtez\",\"@id\":\"https:\/\/conexion23.com\/#\/schema\/person\/03e36043331117e97a373299bbcd30a6\"},\"headline\":\"Madre de joven agredido por un hombre en SPM, pide justicia, dice polic\u00eda sabe ubicaci\u00f3n del agresor y no lo apresan.\",\"datePublished\":\"2023-10-04T12:35:17+00:00\",\"dateModified\":\"2023-10-04T12:35:19+00:00\",\"mainEntityOfPage\":{\"@id\":\"https:\/\/conexion23.com\/?p=21455\"},\"wordCount\":102,\"commentCount\":0,\"publisher\":{\"@id\":\"https:\/\/conexion23.com\/#organization\"},\"image\":{\"@id\":\"https:\/\/conexion23.com\/?p=21455#primaryimage\"},\"thumbnailUrl\":\"https:\/\/conexion23.com\/wp-content\/uploads\/2023\/10\/62dbc3fd-f5b4-4a60-88ac-6ed72b6bc0bc.jpg\",\"articleSection\":[\"SPM\"],\"inLanguage\":\"es\",\"potentialAction\":[{\"@type\":\"CommentAction\",\"name\":\"Comment\",\"target\":[\"https:\/\/conexion23.com\/?p=21455#respond\"]}]},{\"@type\":\"WebPage\",\"@id\":\"https:\/\/conexion23.com\/?p=21455\",\"url\":\"https:\/\/conexion23.com\/?p=21455\",\"name\":\"Madre de joven agredido por un hombre en SPM, pide justicia, dice polic\u00eda sabe ubicaci\u00f3n del agresor y no lo apresan. - Conexi\u00f3n 23\",\"isPartOf\":{\"@id\":\"https:\/\/conexion23.com\/#website\"},\"primaryImageOfPage\":{\"@id\":\"https:\/\/conexion23.com\/?p=21455#primaryimage\"},\"image\":{\"@id\":\"https:\/\/conexion23.com\/?p=21455#primaryimage\"},\"thumbnailUrl\":\"https:\/\/conexion23.com\/wp-content\/uploads\/2023\/10\/62dbc3fd-f5b4-4a60-88ac-6ed72b6bc0bc.jpg\",\"datePublished\":\"2023-10-04T12:35:17+00:00\",\"dateModified\":\"2023-10-04T12:35:19+00:00\",\"breadcrumb\":{\"@id\":\"https:\/\/conexion23.com\/?p=21455#breadcrumb\"},\"inLanguage\":\"es\",\"potentialAction\":[{\"@type\":\"ReadAction\",\"target\":[\"https:\/\/conexion23.com\/?p=21455\"]}]},{\"@type\":\"ImageObject\",\"inLanguage\":\"es\",\"@id\":\"https:\/\/conexion23.com\/?p=21455#primaryimage\",\"url\":\"https:\/\/conexion23.com\/wp-content\/uploads\/2023\/10\/62dbc3fd-f5b4-4a60-88ac-6ed72b6bc0bc.jpg\",\"contentUrl\":\"https:\/\/conexion23.com\/wp-content\/uploads\/2023\/10\/62dbc3fd-f5b4-4a60-88ac-6ed72b6bc0bc.jpg\",\"width\":711,\"height\":692},{\"@type\":\"BreadcrumbList\",\"@id\":\"https:\/\/conexion23.com\/?p=21455#breadcrumb\",\"itemListElement\":[{\"@type\":\"ListItem\",\"position\":1,\"name\":\"Portada\",\"item\":\"https:\/\/conexion23.com\/\"},{\"@type\":\"ListItem\",\"position\":2,\"name\":\"Madre de joven agredido por un hombre en SPM, pide justicia, dice polic\u00eda sabe ubicaci\u00f3n del agresor y no lo apresan.\"}]},{\"@type\":\"WebSite\",\"@id\":\"https:\/\/conexion23.com\/#website\",\"url\":\"https:\/\/conexion23.com\/\",\"name\":\"Conexi\u00f3n 23\",\"description\":\"Peri\u00f3dico 100% Petromacorisano\",\"publisher\":{\"@id\":\"https:\/\/conexion23.com\/#organization\"},\"potentialAction\":[{\"@type\":\"SearchAction\",\"target\":{\"@type\":\"EntryPoint\",\"urlTemplate\":\"https:\/\/conexion23.com\/?s={search_term_string}\"},\"query-input\":{\"@type\":\"PropertyValueSpecification\",\"valueRequired\":true,\"valueName\":\"search_term_string\"}}],\"inLanguage\":\"es\"},{\"@type\":\"Organization\",\"@id\":\"https:\/\/conexion23.com\/#organization\",\"name\":\"Conexion 23\",\"url\":\"https:\/\/conexion23.com\/\",\"logo\":{\"@type\":\"ImageObject\",\"inLanguage\":\"es\",\"@id\":\"https:\/\/conexion23.com\/#\/schema\/logo\/image\/\",\"url\":\"https:\/\/conexion23.com\/wp-content\/uploads\/2021\/11\/Diseno-sin-titulo-2.png\",\"contentUrl\":\"https:\/\/conexion23.com\/wp-content\/uploads\/2021\/11\/Diseno-sin-titulo-2.png\",\"width\":541,\"height\":90,\"caption\":\"Conexion 23\"},\"image\":{\"@id\":\"https:\/\/conexion23.com\/#\/schema\/logo\/image\/\"},\"sameAs\":[\"https:\/\/www.facebook.com\/conexion23com\",\"https:\/\/www.instagram.com\/conexion23com\/\",\"https:\/\/www.youtube.com\/channel\/UCYc7vxxFZMYLIHNsHHxPZ3Q\"]},{\"@type\":\"Person\",\"@id\":\"https:\/\/conexion23.com\/#\/schema\/person\/03e36043331117e97a373299bbcd30a6\",\"name\":\"Raffy Ben\u00edtez\",\"image\":{\"@type\":\"ImageObject\",\"inLanguage\":\"es\",\"@id\":\"https:\/\/conexion23.com\/#\/schema\/person\/image\/\",\"url\":\"https:\/\/secure.gravatar.com\/avatar\/3190a6a6c5e1b0327500f7d6c56b6242472ee6cb974cf09b401ee6b3b0798f23?s=96&d=mm&r=g\",\"contentUrl\":\"https:\/\/secure.gravatar.com\/avatar\/3190a6a6c5e1b0327500f7d6c56b6242472ee6cb974cf09b401ee6b3b0798f23?s=96&d=mm&r=g\",\"caption\":\"Raffy Ben\u00edtez\"},\"url\":\"https:\/\/conexion23.com\/?author=15\"}]}<\/script>\n<!-- \/ Yoast SEO plugin. -->","yoast_head_json":{"title":"Madre de joven agredido por un hombre en SPM, pide justicia, dice polic\u00eda sabe ubicaci\u00f3n del agresor y no lo apresan. - Conexi\u00f3n 23","robots":{"index":"index","follow":"follow","max-snippet":"max-snippet:-1","max-image-preview":"max-image-preview:large","max-video-preview":"max-video-preview:-1"},"canonical":"https:\/\/conexion23.com\/?p=21455","og_locale":"es_ES","og_type":"article","og_title":"Madre de joven agredido por un hombre en SPM, pide justicia, dice polic\u00eda sabe ubicaci\u00f3n del agresor y no lo apresan. - Conexi\u00f3n 23","og_description":"Luc\u00eda Garc\u00eda, madre de un joven que perdi\u00f3 un ojo tras ser agredido por un hombre, denuncia que la Polic\u00eda Nacional no ha realizado la detenci\u00f3n del agresor de su hijo, a\u00fan sabiendo su paradero. El hecho ocurri\u00f3 el 8 de septiembre del a\u00f1o en curso, en la Calle Salvador Reyes antigua Calle 20. La [&hellip;]","og_url":"https:\/\/conexion23.com\/?p=21455","og_site_name":"Conexi\u00f3n 23","article_publisher":"https:\/\/www.facebook.com\/conexion23com","article_published_time":"2023-10-04T12:35:17+00:00","article_modified_time":"2023-10-04T12:35:19+00:00","og_image":[{"width":711,"height":692,"url":"https:\/\/conexion23.com\/wp-content\/uploads\/2023\/10\/62dbc3fd-f5b4-4a60-88ac-6ed72b6bc0bc.jpg","type":"image\/jpeg"}],"author":"Raffy Ben\u00edtez","twitter_card":"summary_large_image","twitter_misc":{"Escrito por":"Raffy Ben\u00edtez","Tiempo de lectura":"1 minuto"},"schema":{"@context":"https:\/\/schema.org","@graph":[{"@type":"Article","@id":"https:\/\/conexion23.com\/?p=21455#article","isPartOf":{"@id":"https:\/\/conexion23.com\/?p=21455"},"author":{"name":"Raffy Ben\u00edtez","@id":"https:\/\/conexion23.com\/#\/schema\/person\/03e36043331117e97a373299bbcd30a6"},"headline":"Madre de joven agredido por un hombre en SPM, pide justicia, dice polic\u00eda sabe ubicaci\u00f3n del agresor y no lo apresan.","datePublished":"2023-10-04T12:35:17+00:00","dateModified":"2023-10-04T12:35:19+00:00","mainEntityOfPage":{"@id":"https:\/\/conexion23.com\/?p=21455"},"wordCount":102,"commentCount":0,"publisher":{"@id":"https:\/\/conexion23.com\/#organization"},"image":{"@id":"https:\/\/conexion23.com\/?p=21455#primaryimage"},"thumbnailUrl":"https:\/\/conexion23.com\/wp-content\/uploads\/2023\/10\/62dbc3fd-f5b4-4a60-88ac-6ed72b6bc0bc.jpg","articleSection":["SPM"],"inLanguage":"es","potentialAction":[{"@type":"CommentAction","name":"Comment","target":["https:\/\/conexion23.com\/?p=21455#respond"]}]},{"@type":"WebPage","@id":"https:\/\/conexion23.com\/?p=21455","url":"https:\/\/conexion23.com\/?p=21455","name":"Madre de joven agredido por un hombre en SPM, pide justicia, dice polic\u00eda sabe ubicaci\u00f3n del agresor y no lo apresan. - Conexi\u00f3n 23","isPartOf":{"@id":"https:\/\/conexion23.com\/#website"},"primaryImageOfPage":{"@id":"https:\/\/conexion23.com\/?p=21455#primaryimage"},"image":{"@id":"https:\/\/conexion23.com\/?p=21455#primaryimage"},"thumbnailUrl":"https:\/\/conexion23.com\/wp-content\/uploads\/2023\/10\/62dbc3fd-f5b4-4a60-88ac-6ed72b6bc0bc.jpg","datePublished":"2023-10-04T12:35:17+00:00","dateModified":"2023-10-04T12:35:19+00:00","breadcrumb":{"@id":"https:\/\/conexion23.com\/?p=21455#breadcrumb"},"inLanguage":"es","potentialAction":[{"@type":"ReadAction","target":["https:\/\/conexion23.com\/?p=21455"]}]},{"@type":"ImageObject","inLanguage":"es","@id":"https:\/\/conexion23.com\/?p=21455#primaryimage","url":"https:\/\/conexion23.com\/wp-content\/uploads\/2023\/10\/62dbc3fd-f5b4-4a60-88ac-6ed72b6bc0bc.jpg","contentUrl":"https:\/\/conexion23.com\/wp-content\/uploads\/2023\/10\/62dbc3fd-f5b4-4a60-88ac-6ed72b6bc0bc.jpg","width":711,"height":692},{"@type":"BreadcrumbList","@id":"https:\/\/conexion23.com\/?p=21455#breadcrumb","itemListElement":[{"@type":"ListItem","position":1,"name":"Portada","item":"https:\/\/conexion23.com\/"},{"@type":"ListItem","position":2,"name":"Madre de joven agredido por un hombre en SPM, pide justicia, dice polic\u00eda sabe ubicaci\u00f3n del agresor y no lo apresan."}]},{"@type":"WebSite","@id":"https:\/\/conexion23.com\/#website","url":"https:\/\/conexion23.com\/","name":"Conexi\u00f3n 23","description":"Peri\u00f3dico 100% Petromacorisano","publisher":{"@id":"https:\/\/conexion23.com\/#organization"},"potentialAction":[{"@type":"SearchAction","target":{"@type":"EntryPoint","urlTemplate":"https:\/\/conexion23.com\/?s={search_term_string}"},"query-input":{"@type":"PropertyValueSpecification","valueRequired":true,"valueName":"search_term_string"}}],"inLanguage":"es"},{"@type":"Organization","@id":"https:\/\/conexion23.com\/#organization","name":"Conexion 23","url":"https:\/\/conexion23.com\/","logo":{"@type":"ImageObject","inLanguage":"es","@id":"https:\/\/conexion23.com\/#\/schema\/logo\/image\/","url":"https:\/\/conexion23.com\/wp-content\/uploads\/2021\/11\/Diseno-sin-titulo-2.png","contentUrl":"https:\/\/conexion23.com\/wp-content\/uploads\/2021\/11\/Diseno-sin-titulo-2.png","width":541,"height":90,"caption":"Conexion 23"},"image":{"@id":"https:\/\/conexion23.com\/#\/schema\/logo\/image\/"},"sameAs":["https:\/\/www.facebook.com\/conexion23com","https:\/\/www.instagram.com\/conexion23com\/","https:\/\/www.youtube.com\/channel\/UCYc7vxxFZMYLIHNsHHxPZ3Q"]},{"@type":"Person","@id":"https:\/\/conexion23.com\/#\/schema\/person\/03e36043331117e97a373299bbcd30a6","name":"Raffy Ben\u00edtez","image":{"@type":"ImageObject","inLanguage":"es","@id":"https:\/\/conexion23.com\/#\/schema\/person\/image\/","url":"https:\/\/secure.gravatar.com\/avatar\/3190a6a6c5e1b0327500f7d6c56b6242472ee6cb974cf09b401ee6b3b0798f23?s=96&d=mm&r=g","contentUrl":"https:\/\/secure.gravatar.com\/avatar\/3190a6a6c5e1b0327500f7d6c56b6242472ee6cb974cf09b401ee6b3b0798f23?s=96&d=mm&r=g","caption":"Raffy Ben\u00edtez"},"url":"https:\/\/conexion23.com\/?author=15"}]}},"_links":{"self":[{"href":"https:\/\/conexion23.com\/index.php?rest_route=\/wp\/v2\/posts\/21455","targetHints":{"allow":["GET"]}}],"collection":[{"href":"https:\/\/conexion23.com\/index.php?rest_route=\/wp\/v2\/posts"}],"about":[{"href":"https:\/\/conexion23.com\/index.php?rest_route=\/wp\/v2\/types\/post"}],"author":[{"embeddable":true,"href":"https:\/\/conexion23.com\/index.php?rest_route=\/wp\/v2\/users\/15"}],"replies":[{"embeddable":true,"href":"https:\/\/conexion23.com\/index.php?rest_route=%2Fwp%2Fv2%2Fcomments&post=21455"}],"version-history":[{"count":1,"href":"https:\/\/conexion23.com\/index.php?rest_route=\/wp\/v2\/posts\/21455\/revisions"}],"predecessor-version":[{"id":21457,"href":"https:\/\/conexion23.com\/index.php?rest_route=\/wp\/v2\/posts\/21455\/revisions\/21457"}],"wp:featuredmedia":[{"embeddable":true,"href":"https:\/\/conexion23.com\/index.php?rest_route=\/wp\/v2\/media\/21456"}],"wp:attachment":[{"href":"https:\/\/conexion23.com\/index.php?rest_route=%2Fwp%2Fv2%2Fmedia&parent=21455"}],"wp:term":[{"taxonomy":"category","embeddable":true,"href":"https:\/\/conexion23.com\/index.php?rest_route=%2Fwp%2Fv2%2Fcategories&post=21455"},{"taxonomy":"post_tag","embeddable":true,"href":"https:\/\/conexion23.com\/index.php?rest_route=%2Fwp%2Fv2%2Ftags&post=21455"}],"curies":[{"name":"wp","href":"https:\/\/api.w.org\/{rel}","templated":true}]}}