{"id":21560,"date":"2023-10-07T09:06:02","date_gmt":"2023-10-07T13:06:02","guid":{"rendered":"https:\/\/conexion23.com\/?p=21560"},"modified":"2023-10-07T09:06:04","modified_gmt":"2023-10-07T13:06:04","slug":"juicio-preliminar-a-profesor-jhonny-kelly-martinez-acusado-de-la-muerte-de-una-estudiante-en-higuey","status":"publish","type":"post","link":"https:\/\/conexion23.com\/?p=21560","title":{"rendered":"Juicio preliminar a profesor Jhonny Kelly Mart\u00ednez acusado de la muerte de una estudiante en Hig\u00fcey"},"content":{"rendered":"\n<p>Este viernes 6 de octubre se dio apertura\u00a0 al juicio preliminar en contra del profesor John Kelly Mart\u00ednez, sindicado por el Ministerio P\u00fablico de ser responsable de la muerte de la adolescente Esmeralda Richiez, a quien llev\u00f3 a una playa y viol\u00f3 provocando un sangrado que acort\u00f3 su vida.<\/p>\n\n\n\n<p>Se recuerda que la audiencia preliminar estaba pautada para el mi\u00e9rcoles 23&nbsp; de agosto y fue pospuesta por la tormenta Franklin, ya que el Poder Judicial suspendi\u00f3 los trabajos por el fen\u00f3meno atmosf\u00e9rico.<\/p>\n\n\n\n<p>Cabe destacar que el pasado 30 del mes de junio el Juzgado de Instrucci\u00f3n de La Altagracia fij\u00f3 se iniciara el juicio preliminar este 23 de agosto en contra del profesor&nbsp; John Kelly Mart\u00ednez y Rubiel Morillo Mart\u00ednez, imputados&nbsp; por la muerte de la adolescente de 16 a\u00f1os, fallecida el 13 de febrero.<\/p>\n\n\n\n<p>La audiencia ser\u00e1 privada, donde adem\u00e1s se revisar\u00e1 la medida de coerci\u00f3n de un a\u00f1o impuesta al educador que ya lleva 6 meses&nbsp; recluido en la C\u00e1rcel de Anamuya CCR-14 Hig\u00fcey, donde permanece aislado de los dem\u00e1s internos.<\/p>\n\n\n\n<p>El Juzgado de la Instrucci\u00f3n del Distrito Judicial de La Altagracia ratific\u00f3 la medida de un a\u00f1o de prisi\u00f3npreventiva como medida de coerci\u00f3n, contra Mart\u00ednez, la que fue dictada el 20 de febrero.<\/p>\n\n\n\n<p>Radican cargos<\/p>\n\n\n\n<p>La fiscal\u00eda de la provincia La Altagracia radic\u00f3&nbsp; el 12&nbsp; de junio la acusaci\u00f3n y la solicitud de la apertura a jucio al Juzgado de la Instrucci\u00f3n de La Altagracia, contra John Kelly Mart\u00ednez y su sobrino&nbsp; Rubiel Morillo Mart\u00ednez, involucrarados en el deceso de Richiez por el Minisyerio P\u00fablico&nbsp;<\/p>\n\n\n\n<p>Est\u00e1&nbsp; acusado por el Ministerio P\u00fablico por&nbsp; violaci\u00f3n a los art\u00edculos 265, 266, 295, 303 y 331 del C\u00f3digo Penal Dominicano, los dos \u00faltimos modificados por la Ley 24-97, sobre Violencia de G\u00e9nero e Intrafamiliar.<\/p>\n\n\n\n<p>Jhon Kelly Mart\u00ednez y su primo guardan prisi\u00f3n en la c\u00e1rcel de Anamuya en Hig\u00fcey.<\/p>\n\n\n\n<p>Recientemente el Ministerio de Educaci\u00f3n anunci\u00f3 la separaci\u00f3n&nbsp; definitiva al educador.<\/p>\n","protected":false},"excerpt":{"rendered":"<p>Este viernes 6 de octubre se dio apertura\u00a0 al juicio preliminar en contra del profesor John Kelly Mart\u00ednez, sindicado por el Ministerio P\u00fablico de ser responsable de la muerte de la adolescente Esmeralda Richiez, a quien llev\u00f3 a una playa y viol\u00f3 provocando un sangrado que acort\u00f3 su vida. Se recuerda que la audiencia preliminar [&hellip;]<\/p>\n","protected":false},"author":15,"featured_media":21561,"comment_status":"open","ping_status":"open","sticky":false,"template":"","format":"standard","meta":{"footnotes":""},"categories":[2474],"tags":[],"class_list":{"0":"post-21560","1":"post","2":"type-post","3":"status-publish","4":"format-standard","5":"has-post-thumbnail","7":"category-la-altagracia"},"yoast_head":"<!-- This site is optimized with the Yoast SEO plugin v27.1.1 - https:\/\/yoast.com\/product\/yoast-seo-wordpress\/ -->\n<title>Juicio preliminar a profesor Jhonny Kelly Mart\u00ednez acusado de la muerte de una estudiante en Hig\u00fcey - Conexi\u00f3n 23<\/title>\n<meta name=\"robots\" content=\"index, follow, max-snippet:-1, max-image-preview:large, max-video-preview:-1\" \/>\n<link rel=\"canonical\" href=\"https:\/\/conexion23.com\/?p=21560\" \/>\n<meta property=\"og:locale\" content=\"es_ES\" \/>\n<meta property=\"og:type\" content=\"article\" \/>\n<meta property=\"og:title\" content=\"Juicio preliminar a profesor Jhonny Kelly Mart\u00ednez acusado de la muerte de una estudiante en Hig\u00fcey - Conexi\u00f3n 23\" \/>\n<meta property=\"og:description\" content=\"Este viernes 6 de octubre se dio apertura\u00a0 al juicio preliminar en contra del profesor John Kelly Mart\u00ednez, sindicado por el Ministerio P\u00fablico de ser responsable de la muerte de la adolescente Esmeralda Richiez, a quien llev\u00f3 a una playa y viol\u00f3 provocando un sangrado que acort\u00f3 su vida. Se recuerda que la audiencia preliminar [&hellip;]\" \/>\n<meta property=\"og:url\" content=\"https:\/\/conexion23.com\/?p=21560\" \/>\n<meta property=\"og:site_name\" content=\"Conexi\u00f3n 23\" \/>\n<meta property=\"article:publisher\" content=\"https:\/\/www.facebook.com\/conexion23com\" \/>\n<meta property=\"article:published_time\" content=\"2023-10-07T13:06:02+00:00\" \/>\n<meta property=\"article:modified_time\" content=\"2023-10-07T13:06:04+00:00\" \/>\n<meta property=\"og:image\" content=\"https:\/\/conexion23.com\/wp-content\/uploads\/2023\/10\/FB_IMG_1696427566437.jpg\" \/>\n\t<meta property=\"og:image:width\" content=\"640\" \/>\n\t<meta property=\"og:image:height\" content=\"426\" \/>\n\t<meta property=\"og:image:type\" content=\"image\/jpeg\" \/>\n<meta name=\"author\" content=\"Raffy Ben\u00edtez\" \/>\n<meta name=\"twitter:card\" content=\"summary_large_image\" \/>\n<meta name=\"twitter:label1\" content=\"Escrito por\" \/>\n\t<meta name=\"twitter:data1\" content=\"Raffy Ben\u00edtez\" \/>\n\t<meta name=\"twitter:label2\" content=\"Tiempo de lectura\" \/>\n\t<meta name=\"twitter:data2\" content=\"2 minutos\" \/>\n<script type=\"application\/ld+json\" class=\"yoast-schema-graph\">{\"@context\":\"https:\/\/schema.org\",\"@graph\":[{\"@type\":\"Article\",\"@id\":\"https:\/\/conexion23.com\/?p=21560#article\",\"isPartOf\":{\"@id\":\"https:\/\/conexion23.com\/?p=21560\"},\"author\":{\"name\":\"Raffy Ben\u00edtez\",\"@id\":\"https:\/\/conexion23.com\/#\/schema\/person\/03e36043331117e97a373299bbcd30a6\"},\"headline\":\"Juicio preliminar a profesor Jhonny Kelly Mart\u00ednez acusado de la muerte de una estudiante en Hig\u00fcey\",\"datePublished\":\"2023-10-07T13:06:02+00:00\",\"dateModified\":\"2023-10-07T13:06:04+00:00\",\"mainEntityOfPage\":{\"@id\":\"https:\/\/conexion23.com\/?p=21560\"},\"wordCount\":371,\"commentCount\":0,\"publisher\":{\"@id\":\"https:\/\/conexion23.com\/#organization\"},\"image\":{\"@id\":\"https:\/\/conexion23.com\/?p=21560#primaryimage\"},\"thumbnailUrl\":\"https:\/\/conexion23.com\/wp-content\/uploads\/2023\/10\/FB_IMG_1696427566437.jpg\",\"articleSection\":[\"La Altagracia\"],\"inLanguage\":\"es\",\"potentialAction\":[{\"@type\":\"CommentAction\",\"name\":\"Comment\",\"target\":[\"https:\/\/conexion23.com\/?p=21560#respond\"]}]},{\"@type\":\"WebPage\",\"@id\":\"https:\/\/conexion23.com\/?p=21560\",\"url\":\"https:\/\/conexion23.com\/?p=21560\",\"name\":\"Juicio preliminar a profesor Jhonny Kelly Mart\u00ednez acusado de la muerte de una estudiante en Hig\u00fcey - Conexi\u00f3n 23\",\"isPartOf\":{\"@id\":\"https:\/\/conexion23.com\/#website\"},\"primaryImageOfPage\":{\"@id\":\"https:\/\/conexion23.com\/?p=21560#primaryimage\"},\"image\":{\"@id\":\"https:\/\/conexion23.com\/?p=21560#primaryimage\"},\"thumbnailUrl\":\"https:\/\/conexion23.com\/wp-content\/uploads\/2023\/10\/FB_IMG_1696427566437.jpg\",\"datePublished\":\"2023-10-07T13:06:02+00:00\",\"dateModified\":\"2023-10-07T13:06:04+00:00\",\"breadcrumb\":{\"@id\":\"https:\/\/conexion23.com\/?p=21560#breadcrumb\"},\"inLanguage\":\"es\",\"potentialAction\":[{\"@type\":\"ReadAction\",\"target\":[\"https:\/\/conexion23.com\/?p=21560\"]}]},{\"@type\":\"ImageObject\",\"inLanguage\":\"es\",\"@id\":\"https:\/\/conexion23.com\/?p=21560#primaryimage\",\"url\":\"https:\/\/conexion23.com\/wp-content\/uploads\/2023\/10\/FB_IMG_1696427566437.jpg\",\"contentUrl\":\"https:\/\/conexion23.com\/wp-content\/uploads\/2023\/10\/FB_IMG_1696427566437.jpg\",\"width\":640,\"height\":426},{\"@type\":\"BreadcrumbList\",\"@id\":\"https:\/\/conexion23.com\/?p=21560#breadcrumb\",\"itemListElement\":[{\"@type\":\"ListItem\",\"position\":1,\"name\":\"Portada\",\"item\":\"https:\/\/conexion23.com\/\"},{\"@type\":\"ListItem\",\"position\":2,\"name\":\"Juicio preliminar a profesor Jhonny Kelly Mart\u00ednez acusado de la muerte de una estudiante en Hig\u00fcey\"}]},{\"@type\":\"WebSite\",\"@id\":\"https:\/\/conexion23.com\/#website\",\"url\":\"https:\/\/conexion23.com\/\",\"name\":\"Conexi\u00f3n 23\",\"description\":\"Peri\u00f3dico 100% Petromacorisano\",\"publisher\":{\"@id\":\"https:\/\/conexion23.com\/#organization\"},\"potentialAction\":[{\"@type\":\"SearchAction\",\"target\":{\"@type\":\"EntryPoint\",\"urlTemplate\":\"https:\/\/conexion23.com\/?s={search_term_string}\"},\"query-input\":{\"@type\":\"PropertyValueSpecification\",\"valueRequired\":true,\"valueName\":\"search_term_string\"}}],\"inLanguage\":\"es\"},{\"@type\":\"Organization\",\"@id\":\"https:\/\/conexion23.com\/#organization\",\"name\":\"Conexion 23\",\"url\":\"https:\/\/conexion23.com\/\",\"logo\":{\"@type\":\"ImageObject\",\"inLanguage\":\"es\",\"@id\":\"https:\/\/conexion23.com\/#\/schema\/logo\/image\/\",\"url\":\"https:\/\/conexion23.com\/wp-content\/uploads\/2021\/11\/Diseno-sin-titulo-2.png\",\"contentUrl\":\"https:\/\/conexion23.com\/wp-content\/uploads\/2021\/11\/Diseno-sin-titulo-2.png\",\"width\":541,\"height\":90,\"caption\":\"Conexion 23\"},\"image\":{\"@id\":\"https:\/\/conexion23.com\/#\/schema\/logo\/image\/\"},\"sameAs\":[\"https:\/\/www.facebook.com\/conexion23com\",\"https:\/\/www.instagram.com\/conexion23com\/\",\"https:\/\/www.youtube.com\/channel\/UCYc7vxxFZMYLIHNsHHxPZ3Q\"]},{\"@type\":\"Person\",\"@id\":\"https:\/\/conexion23.com\/#\/schema\/person\/03e36043331117e97a373299bbcd30a6\",\"name\":\"Raffy Ben\u00edtez\",\"image\":{\"@type\":\"ImageObject\",\"inLanguage\":\"es\",\"@id\":\"https:\/\/conexion23.com\/#\/schema\/person\/image\/\",\"url\":\"https:\/\/secure.gravatar.com\/avatar\/3190a6a6c5e1b0327500f7d6c56b6242472ee6cb974cf09b401ee6b3b0798f23?s=96&d=mm&r=g\",\"contentUrl\":\"https:\/\/secure.gravatar.com\/avatar\/3190a6a6c5e1b0327500f7d6c56b6242472ee6cb974cf09b401ee6b3b0798f23?s=96&d=mm&r=g\",\"caption\":\"Raffy Ben\u00edtez\"},\"url\":\"https:\/\/conexion23.com\/?author=15\"}]}<\/script>\n<!-- \/ Yoast SEO plugin. -->","yoast_head_json":{"title":"Juicio preliminar a profesor Jhonny Kelly Mart\u00ednez acusado de la muerte de una estudiante en Hig\u00fcey - Conexi\u00f3n 23","robots":{"index":"index","follow":"follow","max-snippet":"max-snippet:-1","max-image-preview":"max-image-preview:large","max-video-preview":"max-video-preview:-1"},"canonical":"https:\/\/conexion23.com\/?p=21560","og_locale":"es_ES","og_type":"article","og_title":"Juicio preliminar a profesor Jhonny Kelly Mart\u00ednez acusado de la muerte de una estudiante en Hig\u00fcey - Conexi\u00f3n 23","og_description":"Este viernes 6 de octubre se dio apertura\u00a0 al juicio preliminar en contra del profesor John Kelly Mart\u00ednez, sindicado por el Ministerio P\u00fablico de ser responsable de la muerte de la adolescente Esmeralda Richiez, a quien llev\u00f3 a una playa y viol\u00f3 provocando un sangrado que acort\u00f3 su vida. Se recuerda que la audiencia preliminar [&hellip;]","og_url":"https:\/\/conexion23.com\/?p=21560","og_site_name":"Conexi\u00f3n 23","article_publisher":"https:\/\/www.facebook.com\/conexion23com","article_published_time":"2023-10-07T13:06:02+00:00","article_modified_time":"2023-10-07T13:06:04+00:00","og_image":[{"width":640,"height":426,"url":"https:\/\/conexion23.com\/wp-content\/uploads\/2023\/10\/FB_IMG_1696427566437.jpg","type":"image\/jpeg"}],"author":"Raffy Ben\u00edtez","twitter_card":"summary_large_image","twitter_misc":{"Escrito por":"Raffy Ben\u00edtez","Tiempo de lectura":"2 minutos"},"schema":{"@context":"https:\/\/schema.org","@graph":[{"@type":"Article","@id":"https:\/\/conexion23.com\/?p=21560#article","isPartOf":{"@id":"https:\/\/conexion23.com\/?p=21560"},"author":{"name":"Raffy Ben\u00edtez","@id":"https:\/\/conexion23.com\/#\/schema\/person\/03e36043331117e97a373299bbcd30a6"},"headline":"Juicio preliminar a profesor Jhonny Kelly Mart\u00ednez acusado de la muerte de una estudiante en Hig\u00fcey","datePublished":"2023-10-07T13:06:02+00:00","dateModified":"2023-10-07T13:06:04+00:00","mainEntityOfPage":{"@id":"https:\/\/conexion23.com\/?p=21560"},"wordCount":371,"commentCount":0,"publisher":{"@id":"https:\/\/conexion23.com\/#organization"},"image":{"@id":"https:\/\/conexion23.com\/?p=21560#primaryimage"},"thumbnailUrl":"https:\/\/conexion23.com\/wp-content\/uploads\/2023\/10\/FB_IMG_1696427566437.jpg","articleSection":["La Altagracia"],"inLanguage":"es","potentialAction":[{"@type":"CommentAction","name":"Comment","target":["https:\/\/conexion23.com\/?p=21560#respond"]}]},{"@type":"WebPage","@id":"https:\/\/conexion23.com\/?p=21560","url":"https:\/\/conexion23.com\/?p=21560","name":"Juicio preliminar a profesor Jhonny Kelly Mart\u00ednez acusado de la muerte de una estudiante en Hig\u00fcey - Conexi\u00f3n 23","isPartOf":{"@id":"https:\/\/conexion23.com\/#website"},"primaryImageOfPage":{"@id":"https:\/\/conexion23.com\/?p=21560#primaryimage"},"image":{"@id":"https:\/\/conexion23.com\/?p=21560#primaryimage"},"thumbnailUrl":"https:\/\/conexion23.com\/wp-content\/uploads\/2023\/10\/FB_IMG_1696427566437.jpg","datePublished":"2023-10-07T13:06:02+00:00","dateModified":"2023-10-07T13:06:04+00:00","breadcrumb":{"@id":"https:\/\/conexion23.com\/?p=21560#breadcrumb"},"inLanguage":"es","potentialAction":[{"@type":"ReadAction","target":["https:\/\/conexion23.com\/?p=21560"]}]},{"@type":"ImageObject","inLanguage":"es","@id":"https:\/\/conexion23.com\/?p=21560#primaryimage","url":"https:\/\/conexion23.com\/wp-content\/uploads\/2023\/10\/FB_IMG_1696427566437.jpg","contentUrl":"https:\/\/conexion23.com\/wp-content\/uploads\/2023\/10\/FB_IMG_1696427566437.jpg","width":640,"height":426},{"@type":"BreadcrumbList","@id":"https:\/\/conexion23.com\/?p=21560#breadcrumb","itemListElement":[{"@type":"ListItem","position":1,"name":"Portada","item":"https:\/\/conexion23.com\/"},{"@type":"ListItem","position":2,"name":"Juicio preliminar a profesor Jhonny Kelly Mart\u00ednez acusado de la muerte de una estudiante en Hig\u00fcey"}]},{"@type":"WebSite","@id":"https:\/\/conexion23.com\/#website","url":"https:\/\/conexion23.com\/","name":"Conexi\u00f3n 23","description":"Peri\u00f3dico 100% Petromacorisano","publisher":{"@id":"https:\/\/conexion23.com\/#organization"},"potentialAction":[{"@type":"SearchAction","target":{"@type":"EntryPoint","urlTemplate":"https:\/\/conexion23.com\/?s={search_term_string}"},"query-input":{"@type":"PropertyValueSpecification","valueRequired":true,"valueName":"search_term_string"}}],"inLanguage":"es"},{"@type":"Organization","@id":"https:\/\/conexion23.com\/#organization","name":"Conexion 23","url":"https:\/\/conexion23.com\/","logo":{"@type":"ImageObject","inLanguage":"es","@id":"https:\/\/conexion23.com\/#\/schema\/logo\/image\/","url":"https:\/\/conexion23.com\/wp-content\/uploads\/2021\/11\/Diseno-sin-titulo-2.png","contentUrl":"https:\/\/conexion23.com\/wp-content\/uploads\/2021\/11\/Diseno-sin-titulo-2.png","width":541,"height":90,"caption":"Conexion 23"},"image":{"@id":"https:\/\/conexion23.com\/#\/schema\/logo\/image\/"},"sameAs":["https:\/\/www.facebook.com\/conexion23com","https:\/\/www.instagram.com\/conexion23com\/","https:\/\/www.youtube.com\/channel\/UCYc7vxxFZMYLIHNsHHxPZ3Q"]},{"@type":"Person","@id":"https:\/\/conexion23.com\/#\/schema\/person\/03e36043331117e97a373299bbcd30a6","name":"Raffy Ben\u00edtez","image":{"@type":"ImageObject","inLanguage":"es","@id":"https:\/\/conexion23.com\/#\/schema\/person\/image\/","url":"https:\/\/secure.gravatar.com\/avatar\/3190a6a6c5e1b0327500f7d6c56b6242472ee6cb974cf09b401ee6b3b0798f23?s=96&d=mm&r=g","contentUrl":"https:\/\/secure.gravatar.com\/avatar\/3190a6a6c5e1b0327500f7d6c56b6242472ee6cb974cf09b401ee6b3b0798f23?s=96&d=mm&r=g","caption":"Raffy Ben\u00edtez"},"url":"https:\/\/conexion23.com\/?author=15"}]}},"_links":{"self":[{"href":"https:\/\/conexion23.com\/index.php?rest_route=\/wp\/v2\/posts\/21560","targetHints":{"allow":["GET"]}}],"collection":[{"href":"https:\/\/conexion23.com\/index.php?rest_route=\/wp\/v2\/posts"}],"about":[{"href":"https:\/\/conexion23.com\/index.php?rest_route=\/wp\/v2\/types\/post"}],"author":[{"embeddable":true,"href":"https:\/\/conexion23.com\/index.php?rest_route=\/wp\/v2\/users\/15"}],"replies":[{"embeddable":true,"href":"https:\/\/conexion23.com\/index.php?rest_route=%2Fwp%2Fv2%2Fcomments&post=21560"}],"version-history":[{"count":1,"href":"https:\/\/conexion23.com\/index.php?rest_route=\/wp\/v2\/posts\/21560\/revisions"}],"predecessor-version":[{"id":21562,"href":"https:\/\/conexion23.com\/index.php?rest_route=\/wp\/v2\/posts\/21560\/revisions\/21562"}],"wp:featuredmedia":[{"embeddable":true,"href":"https:\/\/conexion23.com\/index.php?rest_route=\/wp\/v2\/media\/21561"}],"wp:attachment":[{"href":"https:\/\/conexion23.com\/index.php?rest_route=%2Fwp%2Fv2%2Fmedia&parent=21560"}],"wp:term":[{"taxonomy":"category","embeddable":true,"href":"https:\/\/conexion23.com\/index.php?rest_route=%2Fwp%2Fv2%2Fcategories&post=21560"},{"taxonomy":"post_tag","embeddable":true,"href":"https:\/\/conexion23.com\/index.php?rest_route=%2Fwp%2Fv2%2Ftags&post=21560"}],"curies":[{"name":"wp","href":"https:\/\/api.w.org\/{rel}","templated":true}]}}