{"id":21566,"date":"2023-10-07T09:15:49","date_gmt":"2023-10-07T13:15:49","guid":{"rendered":"https:\/\/conexion23.com\/?p=21566"},"modified":"2023-10-07T09:15:51","modified_gmt":"2023-10-07T13:15:51","slug":"otro-choque-de-vehiculos-en-a-otra-banda-de-higuey","status":"publish","type":"post","link":"https:\/\/conexion23.com\/?p=21566","title":{"rendered":"Otro choque de veh\u00edculos en a Otra Banda de Higuey."},"content":{"rendered":"\n<p>Un accidente de tr\u00e1nsito entre dos veh\u00edculos se produjo este viernes en la ma\u00f1ana en La Otra Banda, un sector ubicado en el tramo carretero Higuey-B\u00e1varo, sin que se reportaran v\u00edctimas mortales ni heridos de gravedad.<\/p>\n\n\n\n<p>Los veh\u00edculos involucrados fueron una camioneta y un autom\u00f3vil, que sufrieron da\u00f1os materiales. Las autoridades acudieron al lugar para levantar el informe y regular el tr\u00e1fico, que se vio afectado por el incidente.<\/p>\n\n\n\n<p>Este es el \u00faltimo de una serie de accidentes que han ocurrido en la zona tur\u00edstica de B\u00e1varo, provincia La Altagracia, que se ha convertido en una de las m\u00e1s peligrosas del pa\u00eds por el alto flujo de veh\u00edculos, la falta de se\u00f1alizaci\u00f3n y el mal estado de la v\u00eda.<\/p>\n\n\n\n<p>Seg\u00fan datos del Observatorio de Seguridad Ciudadana del Ministerio de Interior y Polic\u00eda, en el a\u00f1o 2022 se registraron 1,144 accidentes de tr\u00e1nsito en esa provincia, de los cuales 154 fueron fatales. La principal causa fue el exceso de velocidad, seguido por la imprudencia del conductor y el estado de ebriedad.<\/p>\n","protected":false},"excerpt":{"rendered":"<p>Un accidente de tr\u00e1nsito entre dos veh\u00edculos se produjo este viernes en la ma\u00f1ana en La Otra Banda, un sector ubicado en el tramo carretero Higuey-B\u00e1varo, sin que se reportaran v\u00edctimas mortales ni heridos de gravedad. Los veh\u00edculos involucrados fueron una camioneta y un autom\u00f3vil, que sufrieron da\u00f1os materiales. Las autoridades acudieron al lugar para [&hellip;]<\/p>\n","protected":false},"author":15,"featured_media":21567,"comment_status":"open","ping_status":"open","sticky":false,"template":"","format":"standard","meta":{"footnotes":""},"categories":[2474],"tags":[],"class_list":{"0":"post-21566","1":"post","2":"type-post","3":"status-publish","4":"format-standard","5":"has-post-thumbnail","7":"category-la-altagracia"},"yoast_head":"<!-- This site is optimized with the Yoast SEO plugin v27.1.1 - https:\/\/yoast.com\/product\/yoast-seo-wordpress\/ -->\n<title>Otro choque de veh\u00edculos en a Otra Banda de Higuey. - Conexi\u00f3n 23<\/title>\n<meta name=\"robots\" content=\"index, follow, max-snippet:-1, max-image-preview:large, max-video-preview:-1\" \/>\n<link rel=\"canonical\" href=\"https:\/\/conexion23.com\/?p=21566\" \/>\n<meta property=\"og:locale\" content=\"es_ES\" \/>\n<meta property=\"og:type\" content=\"article\" \/>\n<meta property=\"og:title\" content=\"Otro choque de veh\u00edculos en a Otra Banda de Higuey. - Conexi\u00f3n 23\" \/>\n<meta property=\"og:description\" content=\"Un accidente de tr\u00e1nsito entre dos veh\u00edculos se produjo este viernes en la ma\u00f1ana en La Otra Banda, un sector ubicado en el tramo carretero Higuey-B\u00e1varo, sin que se reportaran v\u00edctimas mortales ni heridos de gravedad. Los veh\u00edculos involucrados fueron una camioneta y un autom\u00f3vil, que sufrieron da\u00f1os materiales. Las autoridades acudieron al lugar para [&hellip;]\" \/>\n<meta property=\"og:url\" content=\"https:\/\/conexion23.com\/?p=21566\" \/>\n<meta property=\"og:site_name\" content=\"Conexi\u00f3n 23\" \/>\n<meta property=\"article:publisher\" content=\"https:\/\/www.facebook.com\/conexion23com\" \/>\n<meta property=\"article:published_time\" content=\"2023-10-07T13:15:49+00:00\" \/>\n<meta property=\"article:modified_time\" content=\"2023-10-07T13:15:51+00:00\" \/>\n<meta property=\"og:image\" content=\"https:\/\/conexion23.com\/wp-content\/uploads\/2023\/10\/download-1-1.jpg\" \/>\n\t<meta property=\"og:image:width\" content=\"189\" \/>\n\t<meta property=\"og:image:height\" content=\"266\" \/>\n\t<meta property=\"og:image:type\" content=\"image\/jpeg\" \/>\n<meta name=\"author\" content=\"Raffy Ben\u00edtez\" \/>\n<meta name=\"twitter:card\" content=\"summary_large_image\" \/>\n<meta name=\"twitter:label1\" content=\"Escrito por\" \/>\n\t<meta name=\"twitter:data1\" content=\"Raffy Ben\u00edtez\" \/>\n\t<meta name=\"twitter:label2\" content=\"Tiempo de lectura\" \/>\n\t<meta name=\"twitter:data2\" content=\"1 minuto\" \/>\n<script type=\"application\/ld+json\" class=\"yoast-schema-graph\">{\"@context\":\"https:\/\/schema.org\",\"@graph\":[{\"@type\":\"Article\",\"@id\":\"https:\/\/conexion23.com\/?p=21566#article\",\"isPartOf\":{\"@id\":\"https:\/\/conexion23.com\/?p=21566\"},\"author\":{\"name\":\"Raffy Ben\u00edtez\",\"@id\":\"https:\/\/conexion23.com\/#\/schema\/person\/03e36043331117e97a373299bbcd30a6\"},\"headline\":\"Otro choque de veh\u00edculos en a Otra Banda de Higuey.\",\"datePublished\":\"2023-10-07T13:15:49+00:00\",\"dateModified\":\"2023-10-07T13:15:51+00:00\",\"mainEntityOfPage\":{\"@id\":\"https:\/\/conexion23.com\/?p=21566\"},\"wordCount\":199,\"commentCount\":0,\"publisher\":{\"@id\":\"https:\/\/conexion23.com\/#organization\"},\"image\":{\"@id\":\"https:\/\/conexion23.com\/?p=21566#primaryimage\"},\"thumbnailUrl\":\"https:\/\/conexion23.com\/wp-content\/uploads\/2023\/10\/download-1-1.jpg\",\"articleSection\":[\"La Altagracia\"],\"inLanguage\":\"es\",\"potentialAction\":[{\"@type\":\"CommentAction\",\"name\":\"Comment\",\"target\":[\"https:\/\/conexion23.com\/?p=21566#respond\"]}]},{\"@type\":\"WebPage\",\"@id\":\"https:\/\/conexion23.com\/?p=21566\",\"url\":\"https:\/\/conexion23.com\/?p=21566\",\"name\":\"Otro choque de veh\u00edculos en a Otra Banda de Higuey. - Conexi\u00f3n 23\",\"isPartOf\":{\"@id\":\"https:\/\/conexion23.com\/#website\"},\"primaryImageOfPage\":{\"@id\":\"https:\/\/conexion23.com\/?p=21566#primaryimage\"},\"image\":{\"@id\":\"https:\/\/conexion23.com\/?p=21566#primaryimage\"},\"thumbnailUrl\":\"https:\/\/conexion23.com\/wp-content\/uploads\/2023\/10\/download-1-1.jpg\",\"datePublished\":\"2023-10-07T13:15:49+00:00\",\"dateModified\":\"2023-10-07T13:15:51+00:00\",\"breadcrumb\":{\"@id\":\"https:\/\/conexion23.com\/?p=21566#breadcrumb\"},\"inLanguage\":\"es\",\"potentialAction\":[{\"@type\":\"ReadAction\",\"target\":[\"https:\/\/conexion23.com\/?p=21566\"]}]},{\"@type\":\"ImageObject\",\"inLanguage\":\"es\",\"@id\":\"https:\/\/conexion23.com\/?p=21566#primaryimage\",\"url\":\"https:\/\/conexion23.com\/wp-content\/uploads\/2023\/10\/download-1-1.jpg\",\"contentUrl\":\"https:\/\/conexion23.com\/wp-content\/uploads\/2023\/10\/download-1-1.jpg\",\"width\":189,\"height\":266},{\"@type\":\"BreadcrumbList\",\"@id\":\"https:\/\/conexion23.com\/?p=21566#breadcrumb\",\"itemListElement\":[{\"@type\":\"ListItem\",\"position\":1,\"name\":\"Portada\",\"item\":\"https:\/\/conexion23.com\/\"},{\"@type\":\"ListItem\",\"position\":2,\"name\":\"Otro choque de veh\u00edculos en a Otra Banda de Higuey.\"}]},{\"@type\":\"WebSite\",\"@id\":\"https:\/\/conexion23.com\/#website\",\"url\":\"https:\/\/conexion23.com\/\",\"name\":\"Conexi\u00f3n 23\",\"description\":\"Peri\u00f3dico 100% Petromacorisano\",\"publisher\":{\"@id\":\"https:\/\/conexion23.com\/#organization\"},\"potentialAction\":[{\"@type\":\"SearchAction\",\"target\":{\"@type\":\"EntryPoint\",\"urlTemplate\":\"https:\/\/conexion23.com\/?s={search_term_string}\"},\"query-input\":{\"@type\":\"PropertyValueSpecification\",\"valueRequired\":true,\"valueName\":\"search_term_string\"}}],\"inLanguage\":\"es\"},{\"@type\":\"Organization\",\"@id\":\"https:\/\/conexion23.com\/#organization\",\"name\":\"Conexion 23\",\"url\":\"https:\/\/conexion23.com\/\",\"logo\":{\"@type\":\"ImageObject\",\"inLanguage\":\"es\",\"@id\":\"https:\/\/conexion23.com\/#\/schema\/logo\/image\/\",\"url\":\"https:\/\/conexion23.com\/wp-content\/uploads\/2021\/11\/Diseno-sin-titulo-2.png\",\"contentUrl\":\"https:\/\/conexion23.com\/wp-content\/uploads\/2021\/11\/Diseno-sin-titulo-2.png\",\"width\":541,\"height\":90,\"caption\":\"Conexion 23\"},\"image\":{\"@id\":\"https:\/\/conexion23.com\/#\/schema\/logo\/image\/\"},\"sameAs\":[\"https:\/\/www.facebook.com\/conexion23com\",\"https:\/\/www.instagram.com\/conexion23com\/\",\"https:\/\/www.youtube.com\/channel\/UCYc7vxxFZMYLIHNsHHxPZ3Q\"]},{\"@type\":\"Person\",\"@id\":\"https:\/\/conexion23.com\/#\/schema\/person\/03e36043331117e97a373299bbcd30a6\",\"name\":\"Raffy Ben\u00edtez\",\"image\":{\"@type\":\"ImageObject\",\"inLanguage\":\"es\",\"@id\":\"https:\/\/conexion23.com\/#\/schema\/person\/image\/\",\"url\":\"https:\/\/secure.gravatar.com\/avatar\/3190a6a6c5e1b0327500f7d6c56b6242472ee6cb974cf09b401ee6b3b0798f23?s=96&d=mm&r=g\",\"contentUrl\":\"https:\/\/secure.gravatar.com\/avatar\/3190a6a6c5e1b0327500f7d6c56b6242472ee6cb974cf09b401ee6b3b0798f23?s=96&d=mm&r=g\",\"caption\":\"Raffy Ben\u00edtez\"},\"url\":\"https:\/\/conexion23.com\/?author=15\"}]}<\/script>\n<!-- \/ Yoast SEO plugin. -->","yoast_head_json":{"title":"Otro choque de veh\u00edculos en a Otra Banda de Higuey. - Conexi\u00f3n 23","robots":{"index":"index","follow":"follow","max-snippet":"max-snippet:-1","max-image-preview":"max-image-preview:large","max-video-preview":"max-video-preview:-1"},"canonical":"https:\/\/conexion23.com\/?p=21566","og_locale":"es_ES","og_type":"article","og_title":"Otro choque de veh\u00edculos en a Otra Banda de Higuey. - Conexi\u00f3n 23","og_description":"Un accidente de tr\u00e1nsito entre dos veh\u00edculos se produjo este viernes en la ma\u00f1ana en La Otra Banda, un sector ubicado en el tramo carretero Higuey-B\u00e1varo, sin que se reportaran v\u00edctimas mortales ni heridos de gravedad. Los veh\u00edculos involucrados fueron una camioneta y un autom\u00f3vil, que sufrieron da\u00f1os materiales. Las autoridades acudieron al lugar para [&hellip;]","og_url":"https:\/\/conexion23.com\/?p=21566","og_site_name":"Conexi\u00f3n 23","article_publisher":"https:\/\/www.facebook.com\/conexion23com","article_published_time":"2023-10-07T13:15:49+00:00","article_modified_time":"2023-10-07T13:15:51+00:00","og_image":[{"width":189,"height":266,"url":"https:\/\/conexion23.com\/wp-content\/uploads\/2023\/10\/download-1-1.jpg","type":"image\/jpeg"}],"author":"Raffy Ben\u00edtez","twitter_card":"summary_large_image","twitter_misc":{"Escrito por":"Raffy Ben\u00edtez","Tiempo de lectura":"1 minuto"},"schema":{"@context":"https:\/\/schema.org","@graph":[{"@type":"Article","@id":"https:\/\/conexion23.com\/?p=21566#article","isPartOf":{"@id":"https:\/\/conexion23.com\/?p=21566"},"author":{"name":"Raffy Ben\u00edtez","@id":"https:\/\/conexion23.com\/#\/schema\/person\/03e36043331117e97a373299bbcd30a6"},"headline":"Otro choque de veh\u00edculos en a Otra Banda de Higuey.","datePublished":"2023-10-07T13:15:49+00:00","dateModified":"2023-10-07T13:15:51+00:00","mainEntityOfPage":{"@id":"https:\/\/conexion23.com\/?p=21566"},"wordCount":199,"commentCount":0,"publisher":{"@id":"https:\/\/conexion23.com\/#organization"},"image":{"@id":"https:\/\/conexion23.com\/?p=21566#primaryimage"},"thumbnailUrl":"https:\/\/conexion23.com\/wp-content\/uploads\/2023\/10\/download-1-1.jpg","articleSection":["La Altagracia"],"inLanguage":"es","potentialAction":[{"@type":"CommentAction","name":"Comment","target":["https:\/\/conexion23.com\/?p=21566#respond"]}]},{"@type":"WebPage","@id":"https:\/\/conexion23.com\/?p=21566","url":"https:\/\/conexion23.com\/?p=21566","name":"Otro choque de veh\u00edculos en a Otra Banda de Higuey. - Conexi\u00f3n 23","isPartOf":{"@id":"https:\/\/conexion23.com\/#website"},"primaryImageOfPage":{"@id":"https:\/\/conexion23.com\/?p=21566#primaryimage"},"image":{"@id":"https:\/\/conexion23.com\/?p=21566#primaryimage"},"thumbnailUrl":"https:\/\/conexion23.com\/wp-content\/uploads\/2023\/10\/download-1-1.jpg","datePublished":"2023-10-07T13:15:49+00:00","dateModified":"2023-10-07T13:15:51+00:00","breadcrumb":{"@id":"https:\/\/conexion23.com\/?p=21566#breadcrumb"},"inLanguage":"es","potentialAction":[{"@type":"ReadAction","target":["https:\/\/conexion23.com\/?p=21566"]}]},{"@type":"ImageObject","inLanguage":"es","@id":"https:\/\/conexion23.com\/?p=21566#primaryimage","url":"https:\/\/conexion23.com\/wp-content\/uploads\/2023\/10\/download-1-1.jpg","contentUrl":"https:\/\/conexion23.com\/wp-content\/uploads\/2023\/10\/download-1-1.jpg","width":189,"height":266},{"@type":"BreadcrumbList","@id":"https:\/\/conexion23.com\/?p=21566#breadcrumb","itemListElement":[{"@type":"ListItem","position":1,"name":"Portada","item":"https:\/\/conexion23.com\/"},{"@type":"ListItem","position":2,"name":"Otro choque de veh\u00edculos en a Otra Banda de Higuey."}]},{"@type":"WebSite","@id":"https:\/\/conexion23.com\/#website","url":"https:\/\/conexion23.com\/","name":"Conexi\u00f3n 23","description":"Peri\u00f3dico 100% Petromacorisano","publisher":{"@id":"https:\/\/conexion23.com\/#organization"},"potentialAction":[{"@type":"SearchAction","target":{"@type":"EntryPoint","urlTemplate":"https:\/\/conexion23.com\/?s={search_term_string}"},"query-input":{"@type":"PropertyValueSpecification","valueRequired":true,"valueName":"search_term_string"}}],"inLanguage":"es"},{"@type":"Organization","@id":"https:\/\/conexion23.com\/#organization","name":"Conexion 23","url":"https:\/\/conexion23.com\/","logo":{"@type":"ImageObject","inLanguage":"es","@id":"https:\/\/conexion23.com\/#\/schema\/logo\/image\/","url":"https:\/\/conexion23.com\/wp-content\/uploads\/2021\/11\/Diseno-sin-titulo-2.png","contentUrl":"https:\/\/conexion23.com\/wp-content\/uploads\/2021\/11\/Diseno-sin-titulo-2.png","width":541,"height":90,"caption":"Conexion 23"},"image":{"@id":"https:\/\/conexion23.com\/#\/schema\/logo\/image\/"},"sameAs":["https:\/\/www.facebook.com\/conexion23com","https:\/\/www.instagram.com\/conexion23com\/","https:\/\/www.youtube.com\/channel\/UCYc7vxxFZMYLIHNsHHxPZ3Q"]},{"@type":"Person","@id":"https:\/\/conexion23.com\/#\/schema\/person\/03e36043331117e97a373299bbcd30a6","name":"Raffy Ben\u00edtez","image":{"@type":"ImageObject","inLanguage":"es","@id":"https:\/\/conexion23.com\/#\/schema\/person\/image\/","url":"https:\/\/secure.gravatar.com\/avatar\/3190a6a6c5e1b0327500f7d6c56b6242472ee6cb974cf09b401ee6b3b0798f23?s=96&d=mm&r=g","contentUrl":"https:\/\/secure.gravatar.com\/avatar\/3190a6a6c5e1b0327500f7d6c56b6242472ee6cb974cf09b401ee6b3b0798f23?s=96&d=mm&r=g","caption":"Raffy Ben\u00edtez"},"url":"https:\/\/conexion23.com\/?author=15"}]}},"_links":{"self":[{"href":"https:\/\/conexion23.com\/index.php?rest_route=\/wp\/v2\/posts\/21566","targetHints":{"allow":["GET"]}}],"collection":[{"href":"https:\/\/conexion23.com\/index.php?rest_route=\/wp\/v2\/posts"}],"about":[{"href":"https:\/\/conexion23.com\/index.php?rest_route=\/wp\/v2\/types\/post"}],"author":[{"embeddable":true,"href":"https:\/\/conexion23.com\/index.php?rest_route=\/wp\/v2\/users\/15"}],"replies":[{"embeddable":true,"href":"https:\/\/conexion23.com\/index.php?rest_route=%2Fwp%2Fv2%2Fcomments&post=21566"}],"version-history":[{"count":1,"href":"https:\/\/conexion23.com\/index.php?rest_route=\/wp\/v2\/posts\/21566\/revisions"}],"predecessor-version":[{"id":21568,"href":"https:\/\/conexion23.com\/index.php?rest_route=\/wp\/v2\/posts\/21566\/revisions\/21568"}],"wp:featuredmedia":[{"embeddable":true,"href":"https:\/\/conexion23.com\/index.php?rest_route=\/wp\/v2\/media\/21567"}],"wp:attachment":[{"href":"https:\/\/conexion23.com\/index.php?rest_route=%2Fwp%2Fv2%2Fmedia&parent=21566"}],"wp:term":[{"taxonomy":"category","embeddable":true,"href":"https:\/\/conexion23.com\/index.php?rest_route=%2Fwp%2Fv2%2Fcategories&post=21566"},{"taxonomy":"post_tag","embeddable":true,"href":"https:\/\/conexion23.com\/index.php?rest_route=%2Fwp%2Fv2%2Ftags&post=21566"}],"curies":[{"name":"wp","href":"https:\/\/api.w.org\/{rel}","templated":true}]}}