{"id":21572,"date":"2023-10-07T09:21:49","date_gmt":"2023-10-07T13:21:49","guid":{"rendered":"https:\/\/conexion23.com\/?p=21572"},"modified":"2023-10-07T09:21:50","modified_gmt":"2023-10-07T13:21:50","slug":"joven-de-20-anos-mata-a-su-padre-en-tamboril","status":"publish","type":"post","link":"https:\/\/conexion23.com\/?p=21572","title":{"rendered":"Joven de 20 a\u00f1os mata a su padre en Tamboril."},"content":{"rendered":"\n<p>Un joven de 20 a\u00f1os mat\u00f3 a su padre de varias cuchilladas durante una discusi\u00f3n en el municipio de Tamboril, provincia de Santiago.<\/p>\n\n\n\n<p>La v\u00edctima fue identificada como Andr\u00e9s L\u00f3pez Dur\u00e1n, de 40 a\u00f1os.<\/p>\n\n\n\n<p>El presunto homicida, Anderson Rafael L\u00f3pez M\u00e9ndez, de 20 a\u00f1os, ha sido detenido.<\/p>\n\n\n\n<p>Seg\u00fan inform\u00f3 la Polic\u00eda Nacional, el acusado declar\u00f3 a los investigadores que cometi\u00f3 el acto en defensa propia, alegando que su padre le hab\u00eda causado una herida y se vio obligado a herirlo mortalmente.<\/p>\n\n\n\n<p>El acusado afirm\u00f3 que su padre sol\u00eda agredirlo cuando supuestamente consum\u00eda drogas.<\/p>\n","protected":false},"excerpt":{"rendered":"<p>Un joven de 20 a\u00f1os mat\u00f3 a su padre de varias cuchilladas durante una discusi\u00f3n en el municipio de Tamboril, provincia de Santiago. La v\u00edctima fue identificada como Andr\u00e9s L\u00f3pez Dur\u00e1n, de 40 a\u00f1os. El presunto homicida, Anderson Rafael L\u00f3pez M\u00e9ndez, de 20 a\u00f1os, ha sido detenido. Seg\u00fan inform\u00f3 la Polic\u00eda Nacional, el acusado declar\u00f3 [&hellip;]<\/p>\n","protected":false},"author":15,"featured_media":21573,"comment_status":"open","ping_status":"open","sticky":false,"template":"","format":"standard","meta":{"footnotes":""},"categories":[1],"tags":[],"class_list":{"0":"post-21572","1":"post","2":"type-post","3":"status-publish","4":"format-standard","5":"has-post-thumbnail","7":"category-uncategorized"},"yoast_head":"<!-- This site is optimized with the Yoast SEO plugin v27.1.1 - https:\/\/yoast.com\/product\/yoast-seo-wordpress\/ -->\n<title>Joven de 20 a\u00f1os mata a su padre en Tamboril. - Conexi\u00f3n 23<\/title>\n<meta name=\"robots\" content=\"index, follow, max-snippet:-1, max-image-preview:large, max-video-preview:-1\" \/>\n<link rel=\"canonical\" href=\"https:\/\/conexion23.com\/?p=21572\" \/>\n<meta property=\"og:locale\" content=\"es_ES\" \/>\n<meta property=\"og:type\" content=\"article\" \/>\n<meta property=\"og:title\" content=\"Joven de 20 a\u00f1os mata a su padre en Tamboril. - Conexi\u00f3n 23\" \/>\n<meta property=\"og:description\" content=\"Un joven de 20 a\u00f1os mat\u00f3 a su padre de varias cuchilladas durante una discusi\u00f3n en el municipio de Tamboril, provincia de Santiago. La v\u00edctima fue identificada como Andr\u00e9s L\u00f3pez Dur\u00e1n, de 40 a\u00f1os. El presunto homicida, Anderson Rafael L\u00f3pez M\u00e9ndez, de 20 a\u00f1os, ha sido detenido. Seg\u00fan inform\u00f3 la Polic\u00eda Nacional, el acusado declar\u00f3 [&hellip;]\" \/>\n<meta property=\"og:url\" content=\"https:\/\/conexion23.com\/?p=21572\" \/>\n<meta property=\"og:site_name\" content=\"Conexi\u00f3n 23\" \/>\n<meta property=\"article:publisher\" content=\"https:\/\/www.facebook.com\/conexion23com\" \/>\n<meta property=\"article:published_time\" content=\"2023-10-07T13:21:49+00:00\" \/>\n<meta property=\"article:modified_time\" content=\"2023-10-07T13:21:50+00:00\" \/>\n<meta property=\"og:image\" content=\"https:\/\/conexion23.com\/wp-content\/uploads\/2023\/10\/download-7.jpg\" \/>\n\t<meta property=\"og:image:width\" content=\"240\" \/>\n\t<meta property=\"og:image:height\" content=\"210\" \/>\n\t<meta property=\"og:image:type\" content=\"image\/jpeg\" \/>\n<meta name=\"author\" content=\"Raffy Ben\u00edtez\" \/>\n<meta name=\"twitter:card\" content=\"summary_large_image\" \/>\n<meta name=\"twitter:label1\" content=\"Escrito por\" \/>\n\t<meta name=\"twitter:data1\" content=\"Raffy Ben\u00edtez\" \/>\n\t<meta name=\"twitter:label2\" content=\"Tiempo de lectura\" \/>\n\t<meta name=\"twitter:data2\" content=\"1 minuto\" \/>\n<script type=\"application\/ld+json\" class=\"yoast-schema-graph\">{\"@context\":\"https:\/\/schema.org\",\"@graph\":[{\"@type\":\"Article\",\"@id\":\"https:\/\/conexion23.com\/?p=21572#article\",\"isPartOf\":{\"@id\":\"https:\/\/conexion23.com\/?p=21572\"},\"author\":{\"name\":\"Raffy Ben\u00edtez\",\"@id\":\"https:\/\/conexion23.com\/#\/schema\/person\/03e36043331117e97a373299bbcd30a6\"},\"headline\":\"Joven de 20 a\u00f1os mata a su padre en Tamboril.\",\"datePublished\":\"2023-10-07T13:21:49+00:00\",\"dateModified\":\"2023-10-07T13:21:50+00:00\",\"mainEntityOfPage\":{\"@id\":\"https:\/\/conexion23.com\/?p=21572\"},\"wordCount\":115,\"commentCount\":0,\"publisher\":{\"@id\":\"https:\/\/conexion23.com\/#organization\"},\"image\":{\"@id\":\"https:\/\/conexion23.com\/?p=21572#primaryimage\"},\"thumbnailUrl\":\"https:\/\/conexion23.com\/wp-content\/uploads\/2023\/10\/download-7.jpg\",\"articleSection\":[\"Uncategorized\"],\"inLanguage\":\"es\",\"potentialAction\":[{\"@type\":\"CommentAction\",\"name\":\"Comment\",\"target\":[\"https:\/\/conexion23.com\/?p=21572#respond\"]}]},{\"@type\":\"WebPage\",\"@id\":\"https:\/\/conexion23.com\/?p=21572\",\"url\":\"https:\/\/conexion23.com\/?p=21572\",\"name\":\"Joven de 20 a\u00f1os mata a su padre en Tamboril. - Conexi\u00f3n 23\",\"isPartOf\":{\"@id\":\"https:\/\/conexion23.com\/#website\"},\"primaryImageOfPage\":{\"@id\":\"https:\/\/conexion23.com\/?p=21572#primaryimage\"},\"image\":{\"@id\":\"https:\/\/conexion23.com\/?p=21572#primaryimage\"},\"thumbnailUrl\":\"https:\/\/conexion23.com\/wp-content\/uploads\/2023\/10\/download-7.jpg\",\"datePublished\":\"2023-10-07T13:21:49+00:00\",\"dateModified\":\"2023-10-07T13:21:50+00:00\",\"breadcrumb\":{\"@id\":\"https:\/\/conexion23.com\/?p=21572#breadcrumb\"},\"inLanguage\":\"es\",\"potentialAction\":[{\"@type\":\"ReadAction\",\"target\":[\"https:\/\/conexion23.com\/?p=21572\"]}]},{\"@type\":\"ImageObject\",\"inLanguage\":\"es\",\"@id\":\"https:\/\/conexion23.com\/?p=21572#primaryimage\",\"url\":\"https:\/\/conexion23.com\/wp-content\/uploads\/2023\/10\/download-7.jpg\",\"contentUrl\":\"https:\/\/conexion23.com\/wp-content\/uploads\/2023\/10\/download-7.jpg\",\"width\":240,\"height\":210},{\"@type\":\"BreadcrumbList\",\"@id\":\"https:\/\/conexion23.com\/?p=21572#breadcrumb\",\"itemListElement\":[{\"@type\":\"ListItem\",\"position\":1,\"name\":\"Portada\",\"item\":\"https:\/\/conexion23.com\/\"},{\"@type\":\"ListItem\",\"position\":2,\"name\":\"Joven de 20 a\u00f1os mata a su padre en Tamboril.\"}]},{\"@type\":\"WebSite\",\"@id\":\"https:\/\/conexion23.com\/#website\",\"url\":\"https:\/\/conexion23.com\/\",\"name\":\"Conexi\u00f3n 23\",\"description\":\"Peri\u00f3dico 100% Petromacorisano\",\"publisher\":{\"@id\":\"https:\/\/conexion23.com\/#organization\"},\"potentialAction\":[{\"@type\":\"SearchAction\",\"target\":{\"@type\":\"EntryPoint\",\"urlTemplate\":\"https:\/\/conexion23.com\/?s={search_term_string}\"},\"query-input\":{\"@type\":\"PropertyValueSpecification\",\"valueRequired\":true,\"valueName\":\"search_term_string\"}}],\"inLanguage\":\"es\"},{\"@type\":\"Organization\",\"@id\":\"https:\/\/conexion23.com\/#organization\",\"name\":\"Conexion 23\",\"url\":\"https:\/\/conexion23.com\/\",\"logo\":{\"@type\":\"ImageObject\",\"inLanguage\":\"es\",\"@id\":\"https:\/\/conexion23.com\/#\/schema\/logo\/image\/\",\"url\":\"https:\/\/conexion23.com\/wp-content\/uploads\/2021\/11\/Diseno-sin-titulo-2.png\",\"contentUrl\":\"https:\/\/conexion23.com\/wp-content\/uploads\/2021\/11\/Diseno-sin-titulo-2.png\",\"width\":541,\"height\":90,\"caption\":\"Conexion 23\"},\"image\":{\"@id\":\"https:\/\/conexion23.com\/#\/schema\/logo\/image\/\"},\"sameAs\":[\"https:\/\/www.facebook.com\/conexion23com\",\"https:\/\/www.instagram.com\/conexion23com\/\",\"https:\/\/www.youtube.com\/channel\/UCYc7vxxFZMYLIHNsHHxPZ3Q\"]},{\"@type\":\"Person\",\"@id\":\"https:\/\/conexion23.com\/#\/schema\/person\/03e36043331117e97a373299bbcd30a6\",\"name\":\"Raffy Ben\u00edtez\",\"image\":{\"@type\":\"ImageObject\",\"inLanguage\":\"es\",\"@id\":\"https:\/\/conexion23.com\/#\/schema\/person\/image\/\",\"url\":\"https:\/\/secure.gravatar.com\/avatar\/3190a6a6c5e1b0327500f7d6c56b6242472ee6cb974cf09b401ee6b3b0798f23?s=96&d=mm&r=g\",\"contentUrl\":\"https:\/\/secure.gravatar.com\/avatar\/3190a6a6c5e1b0327500f7d6c56b6242472ee6cb974cf09b401ee6b3b0798f23?s=96&d=mm&r=g\",\"caption\":\"Raffy Ben\u00edtez\"},\"url\":\"https:\/\/conexion23.com\/?author=15\"}]}<\/script>\n<!-- \/ Yoast SEO plugin. -->","yoast_head_json":{"title":"Joven de 20 a\u00f1os mata a su padre en Tamboril. - Conexi\u00f3n 23","robots":{"index":"index","follow":"follow","max-snippet":"max-snippet:-1","max-image-preview":"max-image-preview:large","max-video-preview":"max-video-preview:-1"},"canonical":"https:\/\/conexion23.com\/?p=21572","og_locale":"es_ES","og_type":"article","og_title":"Joven de 20 a\u00f1os mata a su padre en Tamboril. - Conexi\u00f3n 23","og_description":"Un joven de 20 a\u00f1os mat\u00f3 a su padre de varias cuchilladas durante una discusi\u00f3n en el municipio de Tamboril, provincia de Santiago. La v\u00edctima fue identificada como Andr\u00e9s L\u00f3pez Dur\u00e1n, de 40 a\u00f1os. El presunto homicida, Anderson Rafael L\u00f3pez M\u00e9ndez, de 20 a\u00f1os, ha sido detenido. Seg\u00fan inform\u00f3 la Polic\u00eda Nacional, el acusado declar\u00f3 [&hellip;]","og_url":"https:\/\/conexion23.com\/?p=21572","og_site_name":"Conexi\u00f3n 23","article_publisher":"https:\/\/www.facebook.com\/conexion23com","article_published_time":"2023-10-07T13:21:49+00:00","article_modified_time":"2023-10-07T13:21:50+00:00","og_image":[{"width":240,"height":210,"url":"https:\/\/conexion23.com\/wp-content\/uploads\/2023\/10\/download-7.jpg","type":"image\/jpeg"}],"author":"Raffy Ben\u00edtez","twitter_card":"summary_large_image","twitter_misc":{"Escrito por":"Raffy Ben\u00edtez","Tiempo de lectura":"1 minuto"},"schema":{"@context":"https:\/\/schema.org","@graph":[{"@type":"Article","@id":"https:\/\/conexion23.com\/?p=21572#article","isPartOf":{"@id":"https:\/\/conexion23.com\/?p=21572"},"author":{"name":"Raffy Ben\u00edtez","@id":"https:\/\/conexion23.com\/#\/schema\/person\/03e36043331117e97a373299bbcd30a6"},"headline":"Joven de 20 a\u00f1os mata a su padre en Tamboril.","datePublished":"2023-10-07T13:21:49+00:00","dateModified":"2023-10-07T13:21:50+00:00","mainEntityOfPage":{"@id":"https:\/\/conexion23.com\/?p=21572"},"wordCount":115,"commentCount":0,"publisher":{"@id":"https:\/\/conexion23.com\/#organization"},"image":{"@id":"https:\/\/conexion23.com\/?p=21572#primaryimage"},"thumbnailUrl":"https:\/\/conexion23.com\/wp-content\/uploads\/2023\/10\/download-7.jpg","articleSection":["Uncategorized"],"inLanguage":"es","potentialAction":[{"@type":"CommentAction","name":"Comment","target":["https:\/\/conexion23.com\/?p=21572#respond"]}]},{"@type":"WebPage","@id":"https:\/\/conexion23.com\/?p=21572","url":"https:\/\/conexion23.com\/?p=21572","name":"Joven de 20 a\u00f1os mata a su padre en Tamboril. - Conexi\u00f3n 23","isPartOf":{"@id":"https:\/\/conexion23.com\/#website"},"primaryImageOfPage":{"@id":"https:\/\/conexion23.com\/?p=21572#primaryimage"},"image":{"@id":"https:\/\/conexion23.com\/?p=21572#primaryimage"},"thumbnailUrl":"https:\/\/conexion23.com\/wp-content\/uploads\/2023\/10\/download-7.jpg","datePublished":"2023-10-07T13:21:49+00:00","dateModified":"2023-10-07T13:21:50+00:00","breadcrumb":{"@id":"https:\/\/conexion23.com\/?p=21572#breadcrumb"},"inLanguage":"es","potentialAction":[{"@type":"ReadAction","target":["https:\/\/conexion23.com\/?p=21572"]}]},{"@type":"ImageObject","inLanguage":"es","@id":"https:\/\/conexion23.com\/?p=21572#primaryimage","url":"https:\/\/conexion23.com\/wp-content\/uploads\/2023\/10\/download-7.jpg","contentUrl":"https:\/\/conexion23.com\/wp-content\/uploads\/2023\/10\/download-7.jpg","width":240,"height":210},{"@type":"BreadcrumbList","@id":"https:\/\/conexion23.com\/?p=21572#breadcrumb","itemListElement":[{"@type":"ListItem","position":1,"name":"Portada","item":"https:\/\/conexion23.com\/"},{"@type":"ListItem","position":2,"name":"Joven de 20 a\u00f1os mata a su padre en Tamboril."}]},{"@type":"WebSite","@id":"https:\/\/conexion23.com\/#website","url":"https:\/\/conexion23.com\/","name":"Conexi\u00f3n 23","description":"Peri\u00f3dico 100% Petromacorisano","publisher":{"@id":"https:\/\/conexion23.com\/#organization"},"potentialAction":[{"@type":"SearchAction","target":{"@type":"EntryPoint","urlTemplate":"https:\/\/conexion23.com\/?s={search_term_string}"},"query-input":{"@type":"PropertyValueSpecification","valueRequired":true,"valueName":"search_term_string"}}],"inLanguage":"es"},{"@type":"Organization","@id":"https:\/\/conexion23.com\/#organization","name":"Conexion 23","url":"https:\/\/conexion23.com\/","logo":{"@type":"ImageObject","inLanguage":"es","@id":"https:\/\/conexion23.com\/#\/schema\/logo\/image\/","url":"https:\/\/conexion23.com\/wp-content\/uploads\/2021\/11\/Diseno-sin-titulo-2.png","contentUrl":"https:\/\/conexion23.com\/wp-content\/uploads\/2021\/11\/Diseno-sin-titulo-2.png","width":541,"height":90,"caption":"Conexion 23"},"image":{"@id":"https:\/\/conexion23.com\/#\/schema\/logo\/image\/"},"sameAs":["https:\/\/www.facebook.com\/conexion23com","https:\/\/www.instagram.com\/conexion23com\/","https:\/\/www.youtube.com\/channel\/UCYc7vxxFZMYLIHNsHHxPZ3Q"]},{"@type":"Person","@id":"https:\/\/conexion23.com\/#\/schema\/person\/03e36043331117e97a373299bbcd30a6","name":"Raffy Ben\u00edtez","image":{"@type":"ImageObject","inLanguage":"es","@id":"https:\/\/conexion23.com\/#\/schema\/person\/image\/","url":"https:\/\/secure.gravatar.com\/avatar\/3190a6a6c5e1b0327500f7d6c56b6242472ee6cb974cf09b401ee6b3b0798f23?s=96&d=mm&r=g","contentUrl":"https:\/\/secure.gravatar.com\/avatar\/3190a6a6c5e1b0327500f7d6c56b6242472ee6cb974cf09b401ee6b3b0798f23?s=96&d=mm&r=g","caption":"Raffy Ben\u00edtez"},"url":"https:\/\/conexion23.com\/?author=15"}]}},"_links":{"self":[{"href":"https:\/\/conexion23.com\/index.php?rest_route=\/wp\/v2\/posts\/21572","targetHints":{"allow":["GET"]}}],"collection":[{"href":"https:\/\/conexion23.com\/index.php?rest_route=\/wp\/v2\/posts"}],"about":[{"href":"https:\/\/conexion23.com\/index.php?rest_route=\/wp\/v2\/types\/post"}],"author":[{"embeddable":true,"href":"https:\/\/conexion23.com\/index.php?rest_route=\/wp\/v2\/users\/15"}],"replies":[{"embeddable":true,"href":"https:\/\/conexion23.com\/index.php?rest_route=%2Fwp%2Fv2%2Fcomments&post=21572"}],"version-history":[{"count":1,"href":"https:\/\/conexion23.com\/index.php?rest_route=\/wp\/v2\/posts\/21572\/revisions"}],"predecessor-version":[{"id":21574,"href":"https:\/\/conexion23.com\/index.php?rest_route=\/wp\/v2\/posts\/21572\/revisions\/21574"}],"wp:featuredmedia":[{"embeddable":true,"href":"https:\/\/conexion23.com\/index.php?rest_route=\/wp\/v2\/media\/21573"}],"wp:attachment":[{"href":"https:\/\/conexion23.com\/index.php?rest_route=%2Fwp%2Fv2%2Fmedia&parent=21572"}],"wp:term":[{"taxonomy":"category","embeddable":true,"href":"https:\/\/conexion23.com\/index.php?rest_route=%2Fwp%2Fv2%2Fcategories&post=21572"},{"taxonomy":"post_tag","embeddable":true,"href":"https:\/\/conexion23.com\/index.php?rest_route=%2Fwp%2Fv2%2Ftags&post=21572"}],"curies":[{"name":"wp","href":"https:\/\/api.w.org\/{rel}","templated":true}]}}