{"id":21575,"date":"2023-10-07T09:23:01","date_gmt":"2023-10-07T13:23:01","guid":{"rendered":"https:\/\/conexion23.com\/?p=21575"},"modified":"2023-10-07T09:23:03","modified_gmt":"2023-10-07T13:23:03","slug":"mueren-18-migrantes-de-venezuela-y-haiti-en-accidente-de-carretera-en-mexico","status":"publish","type":"post","link":"https:\/\/conexion23.com\/?p=21575","title":{"rendered":"Mueren 18 migrantes de Venezuela y Hait\u00ed en accidente de carretera en M\u00e9xico."},"content":{"rendered":"\n<h2 class=\"wp-block-heading\">El percance carretero dej\u00f3 como saldo preliminar el fallecimiento de 18 personas (dos mujeres, tres menores de edad y 13 hombres), todas y todos originarios de Venezuela y Hait\u00ed.<\/h2>\n\n\n\n<h2 class=\"wp-block-heading\">&nbsp;<\/h2>\n\n\n\n<p>Al menos 18 personas migrantes originarias de Venezuela y Hait\u00ed fallecieron este viernes en un accidente de carretera en el estado mexicano de Oaxaca (sur), que dej\u00f3 tambi\u00e9n unos 27 lesionados, inform\u00f3 la Fiscal\u00eda General de ese estado.<\/p>\n\n\n\n<p>\u00abEl percance carretero dej\u00f3 como saldo preliminar el fallecimiento de 18 personas (dos mujeres, tres menores de edad y 13 hombres), todas y todos originarios de Venezuela y Hait\u00ed\u00bb, se\u00f1al\u00f3 la dependencia en un comunicado.<\/p>\n\n\n\n<p>Autoridades migratorias de M\u00e9xico no hab\u00edan brindado hasta el momento informaci\u00f3n sobre el siniestro.<\/p>\n\n\n\n<p>El accidente ocurri\u00f3 alrededor de las 05H00 locales (11H00 GMT), cuando el autob\u00fas donde viajaban los extranjeros perdi\u00f3 el control y volc\u00f3 sobre la carretera que une las ciudades de Oaxaca y Cuacnopalan, en el vecino estado de Puebla (centro), precis\u00f3 la Fiscal\u00eda.<\/p>\n\n\n\n<p>\u00abDe manera inicial, tambi\u00e9n se tiene conocimiento que hay al menos 27 pasajeros lesionados, quienes fueron trasladados a hospitales cercanos para su atenci\u00f3n m\u00e9dica\u00bb, agrega el comunicado.<\/p>\n\n\n\n<p>La tragedia se produce apenas cinco d\u00edas despu\u00e9s de otro accidente vial en el estado de Chiapas (sur), donde murieron 10 cubanas que viajaban clandestinamente en un cami\u00f3n de carga, incluida una menor de edad.<\/p>\n\n\n\n<p>El 28 de septiembre otros dos migrantes perdieron la vida cuando volc\u00f3 un cami\u00f3n en el municipio de Mezcalapa, que buscaba llegar al estado de Veracruz (este) por una v\u00eda r\u00e1pida que comunica con Chiapas.<\/p>\n\n\n\n<p>En febrero, un choque ocurrido entre los estados de Puebla y Oaxaca dej\u00f3 17 muertos y 15 lesionados, entre ellos migrantes originarios de Venezuela, Colombia y Centroam\u00e9rica.<\/p>\n\n\n\n<p>El accidente m\u00e1s cruento se registr\u00f3 en diciembre de 2021, cuando un cami\u00f3n remolque que trasladaba a m\u00e1s de 160 migrantes choc\u00f3 contra un puente en Chiapas, dejando m\u00e1s de 50 muertos, la mayor\u00eda centroamericanos.<\/p>\n\n\n\n<p><strong>&#8211; Ruta peligrosa &#8211;<\/strong><\/p>\n\n\n\n<p>Ante el refuerzo de la seguridad por parte de M\u00e9xico para combatir el tr\u00e1fico irregular de migrantes, miles de personas de distintas nacionalidades atraviesan el pa\u00eds en autobuses, remolques, veh\u00edculos en mal estado o trenes de carga.<\/p>\n\n\n\n<p>En el trayecto, sin embargo, sufren accidentes o ataques de criminales y en ocasiones de las propias autoridades<\/p>\n\n\n\n<p>Adem\u00e1s de los que recorren las carreteras de manera clandestina, miles de migrantes permanecen en la ciudad de Tapachula, en Chiapas, en espera de que autoridades mexicanas les entreguen permisos para transitar por el pa\u00eds.<\/p>\n\n\n\n<p>Otros miles se agolpan en las ciudades fronterizas con Estados Unidos esperando el momento oportuno para cruzar.<\/p>\n\n\n\n<p>A mediados de septiembre, el mayor operador ferroviario mexicano suspendi\u00f3 30% de sus operaciones, agobiado por el flujo de extranjeros sin papeles que se montan en los trenes de carga, arriesg\u00e1ndose a sufrir ca\u00eddas mortales o mutilaci\u00f3n de extremidades por viajar en los vagones.<\/p>\n\n\n\n<p>Un informe de la Organizaci\u00f3n Internacional para las Migraciones (OIM) difundido el 12 de septiembre revel\u00f3 que la frontera entre Estados Unidos y M\u00e9xico fue la \u00abruta migratoria terrestre m\u00e1s peligrosa del mundo\u00bb en 2022, con 686 muertos o desaparecidos.<\/p>\n\n\n\n<p>El gobierno mexicano ha admitido estar desbordado por la cantidad de migrantes que cruzan su territorio, en su gran mayor\u00eda venezolanos, cubanos, haitianos y centroamericanos.<\/p>\n\n\n\n<p>En agosto hubo un r\u00e9cord de casi 233.000 que cruzaron la frontera sur de Estados Unidos y la escalada contin\u00faa en septiembre.<\/p>\n\n\n\n<p>Autoridades migratorias mexicanas detuvieron durante septiembre a m\u00e1s de 189.000 migrantes.<\/p>\n","protected":false},"excerpt":{"rendered":"<p>El percance carretero dej\u00f3 como saldo preliminar el fallecimiento de 18 personas (dos mujeres, tres menores de edad y 13 hombres), todas y todos originarios de Venezuela y Hait\u00ed. &nbsp; Al menos 18 personas migrantes originarias de Venezuela y Hait\u00ed fallecieron este viernes en un accidente de carretera en el estado mexicano de Oaxaca (sur), [&hellip;]<\/p>\n","protected":false},"author":15,"featured_media":21576,"comment_status":"open","ping_status":"open","sticky":false,"template":"","format":"standard","meta":{"footnotes":""},"categories":[1],"tags":[],"class_list":{"0":"post-21575","1":"post","2":"type-post","3":"status-publish","4":"format-standard","5":"has-post-thumbnail","7":"category-uncategorized"},"yoast_head":"<!-- This site is optimized with the Yoast SEO plugin v27.1.1 - https:\/\/yoast.com\/product\/yoast-seo-wordpress\/ -->\n<title>Mueren 18 migrantes de Venezuela y Hait\u00ed en accidente de carretera en M\u00e9xico. - Conexi\u00f3n 23<\/title>\n<meta name=\"robots\" content=\"index, follow, max-snippet:-1, max-image-preview:large, max-video-preview:-1\" \/>\n<link rel=\"canonical\" href=\"https:\/\/conexion23.com\/?p=21575\" \/>\n<meta property=\"og:locale\" content=\"es_ES\" \/>\n<meta property=\"og:type\" content=\"article\" \/>\n<meta property=\"og:title\" content=\"Mueren 18 migrantes de Venezuela y Hait\u00ed en accidente de carretera en M\u00e9xico. - Conexi\u00f3n 23\" \/>\n<meta property=\"og:description\" content=\"El percance carretero dej\u00f3 como saldo preliminar el fallecimiento de 18 personas (dos mujeres, tres menores de edad y 13 hombres), todas y todos originarios de Venezuela y Hait\u00ed. &nbsp; Al menos 18 personas migrantes originarias de Venezuela y Hait\u00ed fallecieron este viernes en un accidente de carretera en el estado mexicano de Oaxaca (sur), [&hellip;]\" \/>\n<meta property=\"og:url\" content=\"https:\/\/conexion23.com\/?p=21575\" \/>\n<meta property=\"og:site_name\" content=\"Conexi\u00f3n 23\" \/>\n<meta property=\"article:publisher\" content=\"https:\/\/www.facebook.com\/conexion23com\" \/>\n<meta property=\"article:published_time\" content=\"2023-10-07T13:23:01+00:00\" \/>\n<meta property=\"article:modified_time\" content=\"2023-10-07T13:23:03+00:00\" \/>\n<meta property=\"og:image\" content=\"https:\/\/conexion23.com\/wp-content\/uploads\/2023\/10\/65206e89967bb.jpeg\" \/>\n\t<meta property=\"og:image:width\" content=\"280\" \/>\n\t<meta property=\"og:image:height\" content=\"137\" \/>\n\t<meta property=\"og:image:type\" content=\"image\/jpeg\" \/>\n<meta name=\"author\" content=\"Raffy Ben\u00edtez\" \/>\n<meta name=\"twitter:card\" content=\"summary_large_image\" \/>\n<meta name=\"twitter:label1\" content=\"Escrito por\" \/>\n\t<meta name=\"twitter:data1\" content=\"Raffy Ben\u00edtez\" \/>\n\t<meta name=\"twitter:label2\" content=\"Tiempo de lectura\" \/>\n\t<meta name=\"twitter:data2\" content=\"3 minutos\" \/>\n<script type=\"application\/ld+json\" class=\"yoast-schema-graph\">{\"@context\":\"https:\/\/schema.org\",\"@graph\":[{\"@type\":\"Article\",\"@id\":\"https:\/\/conexion23.com\/?p=21575#article\",\"isPartOf\":{\"@id\":\"https:\/\/conexion23.com\/?p=21575\"},\"author\":{\"name\":\"Raffy Ben\u00edtez\",\"@id\":\"https:\/\/conexion23.com\/#\/schema\/person\/03e36043331117e97a373299bbcd30a6\"},\"headline\":\"Mueren 18 migrantes de Venezuela y Hait\u00ed en accidente de carretera en M\u00e9xico.\",\"datePublished\":\"2023-10-07T13:23:01+00:00\",\"dateModified\":\"2023-10-07T13:23:03+00:00\",\"mainEntityOfPage\":{\"@id\":\"https:\/\/conexion23.com\/?p=21575\"},\"wordCount\":604,\"commentCount\":0,\"publisher\":{\"@id\":\"https:\/\/conexion23.com\/#organization\"},\"image\":{\"@id\":\"https:\/\/conexion23.com\/?p=21575#primaryimage\"},\"thumbnailUrl\":\"https:\/\/conexion23.com\/wp-content\/uploads\/2023\/10\/65206e89967bb.jpeg\",\"articleSection\":[\"Uncategorized\"],\"inLanguage\":\"es\",\"potentialAction\":[{\"@type\":\"CommentAction\",\"name\":\"Comment\",\"target\":[\"https:\/\/conexion23.com\/?p=21575#respond\"]}]},{\"@type\":\"WebPage\",\"@id\":\"https:\/\/conexion23.com\/?p=21575\",\"url\":\"https:\/\/conexion23.com\/?p=21575\",\"name\":\"Mueren 18 migrantes de Venezuela y Hait\u00ed en accidente de carretera en M\u00e9xico. - Conexi\u00f3n 23\",\"isPartOf\":{\"@id\":\"https:\/\/conexion23.com\/#website\"},\"primaryImageOfPage\":{\"@id\":\"https:\/\/conexion23.com\/?p=21575#primaryimage\"},\"image\":{\"@id\":\"https:\/\/conexion23.com\/?p=21575#primaryimage\"},\"thumbnailUrl\":\"https:\/\/conexion23.com\/wp-content\/uploads\/2023\/10\/65206e89967bb.jpeg\",\"datePublished\":\"2023-10-07T13:23:01+00:00\",\"dateModified\":\"2023-10-07T13:23:03+00:00\",\"breadcrumb\":{\"@id\":\"https:\/\/conexion23.com\/?p=21575#breadcrumb\"},\"inLanguage\":\"es\",\"potentialAction\":[{\"@type\":\"ReadAction\",\"target\":[\"https:\/\/conexion23.com\/?p=21575\"]}]},{\"@type\":\"ImageObject\",\"inLanguage\":\"es\",\"@id\":\"https:\/\/conexion23.com\/?p=21575#primaryimage\",\"url\":\"https:\/\/conexion23.com\/wp-content\/uploads\/2023\/10\/65206e89967bb.jpeg\",\"contentUrl\":\"https:\/\/conexion23.com\/wp-content\/uploads\/2023\/10\/65206e89967bb.jpeg\",\"width\":280,\"height\":137},{\"@type\":\"BreadcrumbList\",\"@id\":\"https:\/\/conexion23.com\/?p=21575#breadcrumb\",\"itemListElement\":[{\"@type\":\"ListItem\",\"position\":1,\"name\":\"Portada\",\"item\":\"https:\/\/conexion23.com\/\"},{\"@type\":\"ListItem\",\"position\":2,\"name\":\"Mueren 18 migrantes de Venezuela y Hait\u00ed en accidente de carretera en M\u00e9xico.\"}]},{\"@type\":\"WebSite\",\"@id\":\"https:\/\/conexion23.com\/#website\",\"url\":\"https:\/\/conexion23.com\/\",\"name\":\"Conexi\u00f3n 23\",\"description\":\"Peri\u00f3dico 100% Petromacorisano\",\"publisher\":{\"@id\":\"https:\/\/conexion23.com\/#organization\"},\"potentialAction\":[{\"@type\":\"SearchAction\",\"target\":{\"@type\":\"EntryPoint\",\"urlTemplate\":\"https:\/\/conexion23.com\/?s={search_term_string}\"},\"query-input\":{\"@type\":\"PropertyValueSpecification\",\"valueRequired\":true,\"valueName\":\"search_term_string\"}}],\"inLanguage\":\"es\"},{\"@type\":\"Organization\",\"@id\":\"https:\/\/conexion23.com\/#organization\",\"name\":\"Conexion 23\",\"url\":\"https:\/\/conexion23.com\/\",\"logo\":{\"@type\":\"ImageObject\",\"inLanguage\":\"es\",\"@id\":\"https:\/\/conexion23.com\/#\/schema\/logo\/image\/\",\"url\":\"https:\/\/conexion23.com\/wp-content\/uploads\/2021\/11\/Diseno-sin-titulo-2.png\",\"contentUrl\":\"https:\/\/conexion23.com\/wp-content\/uploads\/2021\/11\/Diseno-sin-titulo-2.png\",\"width\":541,\"height\":90,\"caption\":\"Conexion 23\"},\"image\":{\"@id\":\"https:\/\/conexion23.com\/#\/schema\/logo\/image\/\"},\"sameAs\":[\"https:\/\/www.facebook.com\/conexion23com\",\"https:\/\/www.instagram.com\/conexion23com\/\",\"https:\/\/www.youtube.com\/channel\/UCYc7vxxFZMYLIHNsHHxPZ3Q\"]},{\"@type\":\"Person\",\"@id\":\"https:\/\/conexion23.com\/#\/schema\/person\/03e36043331117e97a373299bbcd30a6\",\"name\":\"Raffy Ben\u00edtez\",\"image\":{\"@type\":\"ImageObject\",\"inLanguage\":\"es\",\"@id\":\"https:\/\/conexion23.com\/#\/schema\/person\/image\/\",\"url\":\"https:\/\/secure.gravatar.com\/avatar\/3190a6a6c5e1b0327500f7d6c56b6242472ee6cb974cf09b401ee6b3b0798f23?s=96&d=mm&r=g\",\"contentUrl\":\"https:\/\/secure.gravatar.com\/avatar\/3190a6a6c5e1b0327500f7d6c56b6242472ee6cb974cf09b401ee6b3b0798f23?s=96&d=mm&r=g\",\"caption\":\"Raffy Ben\u00edtez\"},\"url\":\"https:\/\/conexion23.com\/?author=15\"}]}<\/script>\n<!-- \/ Yoast SEO plugin. -->","yoast_head_json":{"title":"Mueren 18 migrantes de Venezuela y Hait\u00ed en accidente de carretera en M\u00e9xico. - Conexi\u00f3n 23","robots":{"index":"index","follow":"follow","max-snippet":"max-snippet:-1","max-image-preview":"max-image-preview:large","max-video-preview":"max-video-preview:-1"},"canonical":"https:\/\/conexion23.com\/?p=21575","og_locale":"es_ES","og_type":"article","og_title":"Mueren 18 migrantes de Venezuela y Hait\u00ed en accidente de carretera en M\u00e9xico. - Conexi\u00f3n 23","og_description":"El percance carretero dej\u00f3 como saldo preliminar el fallecimiento de 18 personas (dos mujeres, tres menores de edad y 13 hombres), todas y todos originarios de Venezuela y Hait\u00ed. &nbsp; Al menos 18 personas migrantes originarias de Venezuela y Hait\u00ed fallecieron este viernes en un accidente de carretera en el estado mexicano de Oaxaca (sur), [&hellip;]","og_url":"https:\/\/conexion23.com\/?p=21575","og_site_name":"Conexi\u00f3n 23","article_publisher":"https:\/\/www.facebook.com\/conexion23com","article_published_time":"2023-10-07T13:23:01+00:00","article_modified_time":"2023-10-07T13:23:03+00:00","og_image":[{"width":280,"height":137,"url":"https:\/\/conexion23.com\/wp-content\/uploads\/2023\/10\/65206e89967bb.jpeg","type":"image\/jpeg"}],"author":"Raffy Ben\u00edtez","twitter_card":"summary_large_image","twitter_misc":{"Escrito por":"Raffy Ben\u00edtez","Tiempo de lectura":"3 minutos"},"schema":{"@context":"https:\/\/schema.org","@graph":[{"@type":"Article","@id":"https:\/\/conexion23.com\/?p=21575#article","isPartOf":{"@id":"https:\/\/conexion23.com\/?p=21575"},"author":{"name":"Raffy Ben\u00edtez","@id":"https:\/\/conexion23.com\/#\/schema\/person\/03e36043331117e97a373299bbcd30a6"},"headline":"Mueren 18 migrantes de Venezuela y Hait\u00ed en accidente de carretera en M\u00e9xico.","datePublished":"2023-10-07T13:23:01+00:00","dateModified":"2023-10-07T13:23:03+00:00","mainEntityOfPage":{"@id":"https:\/\/conexion23.com\/?p=21575"},"wordCount":604,"commentCount":0,"publisher":{"@id":"https:\/\/conexion23.com\/#organization"},"image":{"@id":"https:\/\/conexion23.com\/?p=21575#primaryimage"},"thumbnailUrl":"https:\/\/conexion23.com\/wp-content\/uploads\/2023\/10\/65206e89967bb.jpeg","articleSection":["Uncategorized"],"inLanguage":"es","potentialAction":[{"@type":"CommentAction","name":"Comment","target":["https:\/\/conexion23.com\/?p=21575#respond"]}]},{"@type":"WebPage","@id":"https:\/\/conexion23.com\/?p=21575","url":"https:\/\/conexion23.com\/?p=21575","name":"Mueren 18 migrantes de Venezuela y Hait\u00ed en accidente de carretera en M\u00e9xico. - Conexi\u00f3n 23","isPartOf":{"@id":"https:\/\/conexion23.com\/#website"},"primaryImageOfPage":{"@id":"https:\/\/conexion23.com\/?p=21575#primaryimage"},"image":{"@id":"https:\/\/conexion23.com\/?p=21575#primaryimage"},"thumbnailUrl":"https:\/\/conexion23.com\/wp-content\/uploads\/2023\/10\/65206e89967bb.jpeg","datePublished":"2023-10-07T13:23:01+00:00","dateModified":"2023-10-07T13:23:03+00:00","breadcrumb":{"@id":"https:\/\/conexion23.com\/?p=21575#breadcrumb"},"inLanguage":"es","potentialAction":[{"@type":"ReadAction","target":["https:\/\/conexion23.com\/?p=21575"]}]},{"@type":"ImageObject","inLanguage":"es","@id":"https:\/\/conexion23.com\/?p=21575#primaryimage","url":"https:\/\/conexion23.com\/wp-content\/uploads\/2023\/10\/65206e89967bb.jpeg","contentUrl":"https:\/\/conexion23.com\/wp-content\/uploads\/2023\/10\/65206e89967bb.jpeg","width":280,"height":137},{"@type":"BreadcrumbList","@id":"https:\/\/conexion23.com\/?p=21575#breadcrumb","itemListElement":[{"@type":"ListItem","position":1,"name":"Portada","item":"https:\/\/conexion23.com\/"},{"@type":"ListItem","position":2,"name":"Mueren 18 migrantes de Venezuela y Hait\u00ed en accidente de carretera en M\u00e9xico."}]},{"@type":"WebSite","@id":"https:\/\/conexion23.com\/#website","url":"https:\/\/conexion23.com\/","name":"Conexi\u00f3n 23","description":"Peri\u00f3dico 100% Petromacorisano","publisher":{"@id":"https:\/\/conexion23.com\/#organization"},"potentialAction":[{"@type":"SearchAction","target":{"@type":"EntryPoint","urlTemplate":"https:\/\/conexion23.com\/?s={search_term_string}"},"query-input":{"@type":"PropertyValueSpecification","valueRequired":true,"valueName":"search_term_string"}}],"inLanguage":"es"},{"@type":"Organization","@id":"https:\/\/conexion23.com\/#organization","name":"Conexion 23","url":"https:\/\/conexion23.com\/","logo":{"@type":"ImageObject","inLanguage":"es","@id":"https:\/\/conexion23.com\/#\/schema\/logo\/image\/","url":"https:\/\/conexion23.com\/wp-content\/uploads\/2021\/11\/Diseno-sin-titulo-2.png","contentUrl":"https:\/\/conexion23.com\/wp-content\/uploads\/2021\/11\/Diseno-sin-titulo-2.png","width":541,"height":90,"caption":"Conexion 23"},"image":{"@id":"https:\/\/conexion23.com\/#\/schema\/logo\/image\/"},"sameAs":["https:\/\/www.facebook.com\/conexion23com","https:\/\/www.instagram.com\/conexion23com\/","https:\/\/www.youtube.com\/channel\/UCYc7vxxFZMYLIHNsHHxPZ3Q"]},{"@type":"Person","@id":"https:\/\/conexion23.com\/#\/schema\/person\/03e36043331117e97a373299bbcd30a6","name":"Raffy Ben\u00edtez","image":{"@type":"ImageObject","inLanguage":"es","@id":"https:\/\/conexion23.com\/#\/schema\/person\/image\/","url":"https:\/\/secure.gravatar.com\/avatar\/3190a6a6c5e1b0327500f7d6c56b6242472ee6cb974cf09b401ee6b3b0798f23?s=96&d=mm&r=g","contentUrl":"https:\/\/secure.gravatar.com\/avatar\/3190a6a6c5e1b0327500f7d6c56b6242472ee6cb974cf09b401ee6b3b0798f23?s=96&d=mm&r=g","caption":"Raffy Ben\u00edtez"},"url":"https:\/\/conexion23.com\/?author=15"}]}},"_links":{"self":[{"href":"https:\/\/conexion23.com\/index.php?rest_route=\/wp\/v2\/posts\/21575","targetHints":{"allow":["GET"]}}],"collection":[{"href":"https:\/\/conexion23.com\/index.php?rest_route=\/wp\/v2\/posts"}],"about":[{"href":"https:\/\/conexion23.com\/index.php?rest_route=\/wp\/v2\/types\/post"}],"author":[{"embeddable":true,"href":"https:\/\/conexion23.com\/index.php?rest_route=\/wp\/v2\/users\/15"}],"replies":[{"embeddable":true,"href":"https:\/\/conexion23.com\/index.php?rest_route=%2Fwp%2Fv2%2Fcomments&post=21575"}],"version-history":[{"count":1,"href":"https:\/\/conexion23.com\/index.php?rest_route=\/wp\/v2\/posts\/21575\/revisions"}],"predecessor-version":[{"id":21577,"href":"https:\/\/conexion23.com\/index.php?rest_route=\/wp\/v2\/posts\/21575\/revisions\/21577"}],"wp:featuredmedia":[{"embeddable":true,"href":"https:\/\/conexion23.com\/index.php?rest_route=\/wp\/v2\/media\/21576"}],"wp:attachment":[{"href":"https:\/\/conexion23.com\/index.php?rest_route=%2Fwp%2Fv2%2Fmedia&parent=21575"}],"wp:term":[{"taxonomy":"category","embeddable":true,"href":"https:\/\/conexion23.com\/index.php?rest_route=%2Fwp%2Fv2%2Fcategories&post=21575"},{"taxonomy":"post_tag","embeddable":true,"href":"https:\/\/conexion23.com\/index.php?rest_route=%2Fwp%2Fv2%2Ftags&post=21575"}],"curies":[{"name":"wp","href":"https:\/\/api.w.org\/{rel}","templated":true}]}}