{"id":21664,"date":"2023-10-10T08:19:44","date_gmt":"2023-10-10T12:19:44","guid":{"rendered":"https:\/\/conexion23.com\/?p=21664"},"modified":"2023-10-10T08:19:45","modified_gmt":"2023-10-10T12:19:45","slug":"el-ejercito-israeli-dice-que-ha-recuperado-todas-las-comunidades-alrededor-de-gaza","status":"publish","type":"post","link":"https:\/\/conexion23.com\/?p=21664","title":{"rendered":"El Ej\u00e9rcito israel\u00ed dice que ha recuperado todas las comunidades alrededor de Gaza."},"content":{"rendered":"\n<p>Los combates entre Hamas e Israel se intensificaron este lunes por tercer d\u00eda consecutivo, con militantes lanzando una nueva r\u00e1faga de ataques con cohetes y las fuerzas israel\u00edes todav\u00eda luchando para expulsar a los atacantes de Hamas de su suelo mientras los aviones segu\u00edan bombardeando el enclave palestino de Gaza.<\/p>\n\n\n\n<p>Pero este lunes m\u00e1s tarde, el portavoz de las Fuerzas de Defensa de Israel, contralmirante Daniel Hagari declar\u00f3 a la prensa este lunes que no se est\u00e1n produciendo combates entre las tropas de las Fuerzas de Defensa de Israel y Hamas dentro de Israel, y las Fuerzas de Defensa de Israel han retomado el control de todas las comunidades en torno a la Franja de Gaza.<\/p>\n\n\n\n<p>El anuncio se produce m\u00e1s de 48 horas despu\u00e9s de que&nbsp;Israel declarara formalmente este domingo la guerra al grupo militante islamista Hamas despu\u00e9s de que sus combatientes lanzaran&nbsp;<a href=\"https:\/\/cnnespanol.cnn.com\/2023\/10\/07\/todo-saber-ataque-sorpresa-hamas-israel-trax\/\" target=\"_blank\" rel=\"noreferrer noopener\">un ataque sorpresa sin precedentes<\/a>&nbsp;este fin de semana en territorio israel\u00ed que hasta ahora ha matado a m\u00e1s de 700 personas en Israel, intensificando un conflicto de larga duraci\u00f3n y dejando a una naci\u00f3n tambale\u00e1ndose en la angustia.<\/p>\n\n\n\n<p>Militantes de Hamas afirmaron este domingo por la noche que ten\u00edan retenidos&nbsp;<a href=\"https:\/\/cnnespanol.cnn.com\/2023\/10\/08\/rehenes-tomados-por-hamas-israel-trax\/\" target=\"_blank\" rel=\"noreferrer noopener\">a m\u00e1s de 100 rehenes en Gaza<\/a>, incluidos oficiales de alto rango del ej\u00e9rcito israel\u00ed, seg\u00fan Mousa Abu Marzouk, jefe adjunto del Bur\u00f3 Pol\u00edtico de Hamas.<\/p>\n\n\n\n<p>Videos en redes sociales mostraban a militantes&nbsp;<a href=\"https:\/\/edition.cnn.com\/2023\/10\/09\/middleeast\/israel-gaza-hamas-beeri-hostages-killed-intl-hnk\/index.html\" target=\"_blank\" rel=\"noreferrer noopener\">capturando a varios civiles<\/a>, incluidos ni\u00f1os, mientras familias israel\u00edes de todo el pa\u00eds hac\u00edan ansiosas s\u00faplicas por el regreso seguro de sus seres queridos.<\/p>\n\n\n\n<p>Adem\u00e1s de los cautivos israel\u00edes, tambi\u00e9n se cree que personas de otras nacionalidades tambi\u00e9n fueron tomados como rehenes, incluidos ciudadanos estadounidenses, mexicanos, brasile\u00f1os y tailandeses, lo que complica a\u00fan m\u00e1s la respuesta de Israel al ataque de Hamas.<\/p>\n\n\n\n<p>Y las Fuerzas de Defensa de Israel (FDI) confirmaron este lunes temprano, hora local, que Israel no tiene el control total de su territorio a lo largo de la frontera con Gaza.<\/p>\n\n\n\n<p>\u201cA\u00fan estamos persiguiendo al \u00faltimo terrorista dentro del territorio israel\u00ed\u201d, dijo a CNN el portavoz de las FDI, el teniente coronel Jonathan Conricus.<\/p>\n\n\n\n<p>\u201cNuestras tropas van de puerta en puerta y de casa en casa, buscando y, en muchos casos, combatiendo a los \u00faltimos terroristas dentro de Israel\u201d.<\/p>\n\n\n\n<p>Por ahora, los ataques a\u00e9reos han sido la principal medida de represalia dentro de la propia Gaza con aviones israel\u00edes bombardeando repetidamente la densamente poblada franja costera de 362 kil\u00f3metros cuadrados,&nbsp;<a href=\"https:\/\/edition.cnn.com\/2023\/10\/08\/middleeast\/palestine-israel-hamas-gaza-conflict-intl\/index.html\" target=\"_blank\" rel=\"noreferrer noopener\">convirtiendo m\u00faltiples edificios en escombros<\/a>.<\/p>\n\n\n\n<p>M\u00e1s de 430 palestinos, entre ellos decenas de ni\u00f1os, han muerto y casi 2.300 han resultado heridos, seg\u00fan las autoridades de Gaza.<\/p>\n\n\n\n<p>Las FDI dicen que han estado atacando a Hamas, destruyendo alrededor de 800 objetivos y matando a \u201ccientos\u201d de combatientes, hiriendo a miles y capturando a decenas m\u00e1s, dijo este domingo el portavoz, el contralmirante Daniel Hagari.<\/p>\n\n\n\n<p>Decenas de miles de personas han sido desplazadas en Gaza, dijo la Agencia de Obras P\u00fablicas y Socorro de las Naciones Unidas, y el acceso a la atenci\u00f3n m\u00e9dica se ha visto complicado porque Israel&nbsp;<a href=\"https:\/\/edition.cnn.com\/2023\/10\/08\/middleeast\/palestine-israel-hamas-gaza-conflict-intl\/index.html\" target=\"_blank\" rel=\"noreferrer noopener\">cort\u00f3 el suministro el\u00e9ctrico al territorio<\/a>, amenazando \u201clas vidas de cientos\u201d de los heridos, dijo el Ministerio de Salud de Palestina en Gaza.<\/p>\n\n\n\n<p>Si bien la escala total de cu\u00e1l ser\u00e1 la respuesta israel\u00ed sigue sin estar clara, el primer ministro Benjam\u00edn Netanyahu predijo este domingo una \u201cguerra larga y dif\u00edcil\u201d y prometi\u00f3 una \u201cpoderosa venganza\u201d contra Hamas.<\/p>\n\n\n\n<figure class=\"wp-block-embed\"><div class=\"wp-block-embed__wrapper\">\nhttps:\/\/googleads.g.doubleclick.net\/pagead\/ads?client=ca-pub-1437947612347737&#038;output=html&#038;h=280&#038;adk=896378908&#038;adf=2599762403&#038;pi=t.aa~a.2011220270~i.8~rp.4&#038;w=706&#038;fwrn=4&#038;fwrnh=100&#038;lmt=1696939627&#038;num_ads=1&#038;rafmt=1&#038;armr=3&#038;sem=mc&#038;pwprc=3745540419&#038;ad_type=text_image&#038;format=706&#215;280&#038;url=http%3A%2F%2Fwww.eloasisdigital.com%2F2023%2F10%2Fel-ejercito-israeli-dice-que-ha.html&#038;host=ca-host-pub-1556223355139109&#038;fwr=0&#038;pra=3&#038;rh=177&#038;rw=706&#038;rpe=1&#038;resp_fmts=3&#038;wgl=1&#038;fa=27&#038;dt=1696940319037&#038;bpp=1&#038;bdt=2068&#038;idt=1&#038;shv=r20231004&#038;mjsv=m202310040101&#038;ptt=9&#038;saldr=aa&#038;abxe=1&#038;cookie=ID%3D7780a1655718e81d%3AT%3D1696940319%3ART%3D1696940319%3AS%3DALNI_MaRMArnwPAqC0VVAzpuoqfpfTNS5Q&#038;gpic=UID%3D00000d984d8b7903%3AT%3D1696940319%3ART%3D1696940319%3AS%3DALNI_MYoMZ4OGCJfaOAARky6G7QQ4W592g&#038;prev_fmts=0x0%2C1200x280&#038;nras=3&#038;correlator=1846513801716&#038;frm=20&#038;pv=1&#038;ga_vid=919097292.1696940319&#038;ga_sid=1696940319&#038;ga_hid=1740691847&#038;ga_fc=0&#038;u_tz=-240&#038;u_his=1&#038;u_h=768&#038;u_w=1366&#038;u_ah=728&#038;u_aw=1366&#038;u_cd=24&#038;u_sd=1&#038;adx=121&#038;ady=2534&#038;biw=1349&#038;bih=651&#038;scr_x=0&#038;scr_y=0&#038;eid=44759876%2C44759927%2C44759837%2C31078362%2C44801484%2C44804782%2C31078301%2C31078558%2C31078602%2C31078668%2C31078670&#038;oid=2&#038;pvsid=2023739620791936&#038;tmod=1458159743&#038;uas=0&#038;nvt=1&#038;fc=1408&#038;brdim=0%2C0%2C0%2C0%2C1366%2C0%2C1366%2C728%2C1366%2C651&#038;vis=1&#038;rsz=%7C%7Cs%7C&#038;abl=NS&#038;fu=128&#038;bc=23&#038;nt=1&#038;ifi=3&#038;uci=a!3&#038;btvi=1&#038;fsb=1&#038;xpc=hXAOrX2RDy&#038;p=http%3A\/\/www.eloasisdigital.com&#038;dtd=21\n<\/div><\/figure>\n","protected":false},"excerpt":{"rendered":"<p>Los combates entre Hamas e Israel se intensificaron este lunes por tercer d\u00eda consecutivo, con militantes lanzando una nueva r\u00e1faga de ataques con cohetes y las fuerzas israel\u00edes todav\u00eda luchando para expulsar a los atacantes de Hamas de su suelo mientras los aviones segu\u00edan bombardeando el enclave palestino de Gaza. Pero este lunes m\u00e1s tarde, [&hellip;]<\/p>\n","protected":false},"author":15,"featured_media":21665,"comment_status":"open","ping_status":"open","sticky":false,"template":"","format":"standard","meta":{"footnotes":""},"categories":[1],"tags":[],"class_list":{"0":"post-21664","1":"post","2":"type-post","3":"status-publish","4":"format-standard","5":"has-post-thumbnail","7":"category-uncategorized"},"yoast_head":"<!-- This site is optimized with the Yoast SEO plugin v27.1.1 - https:\/\/yoast.com\/product\/yoast-seo-wordpress\/ -->\n<title>El Ej\u00e9rcito israel\u00ed dice que ha recuperado todas las comunidades alrededor de Gaza. - Conexi\u00f3n 23<\/title>\n<meta name=\"robots\" content=\"index, follow, max-snippet:-1, max-image-preview:large, max-video-preview:-1\" \/>\n<link rel=\"canonical\" href=\"https:\/\/conexion23.com\/?p=21664\" \/>\n<meta property=\"og:locale\" content=\"es_ES\" \/>\n<meta property=\"og:type\" content=\"article\" \/>\n<meta property=\"og:title\" content=\"El Ej\u00e9rcito israel\u00ed dice que ha recuperado todas las comunidades alrededor de Gaza. - Conexi\u00f3n 23\" \/>\n<meta property=\"og:description\" content=\"Los combates entre Hamas e Israel se intensificaron este lunes por tercer d\u00eda consecutivo, con militantes lanzando una nueva r\u00e1faga de ataques con cohetes y las fuerzas israel\u00edes todav\u00eda luchando para expulsar a los atacantes de Hamas de su suelo mientras los aviones segu\u00edan bombardeando el enclave palestino de Gaza. Pero este lunes m\u00e1s tarde, [&hellip;]\" \/>\n<meta property=\"og:url\" content=\"https:\/\/conexion23.com\/?p=21664\" \/>\n<meta property=\"og:site_name\" content=\"Conexi\u00f3n 23\" \/>\n<meta property=\"article:publisher\" content=\"https:\/\/www.facebook.com\/conexion23com\" \/>\n<meta property=\"article:published_time\" content=\"2023-10-10T12:19:44+00:00\" \/>\n<meta property=\"article:modified_time\" content=\"2023-10-10T12:19:45+00:00\" \/>\n<meta property=\"og:image\" content=\"https:\/\/conexion23.com\/wp-content\/uploads\/2023\/10\/gaza-israel-100923-gaza-city.webp\" \/>\n\t<meta property=\"og:image:width\" content=\"1024\" \/>\n\t<meta property=\"og:image:height\" content=\"682\" \/>\n\t<meta property=\"og:image:type\" content=\"image\/webp\" \/>\n<meta name=\"author\" content=\"Raffy Ben\u00edtez\" \/>\n<meta name=\"twitter:card\" content=\"summary_large_image\" \/>\n<meta name=\"twitter:label1\" content=\"Escrito por\" \/>\n\t<meta name=\"twitter:data1\" content=\"Raffy Ben\u00edtez\" \/>\n\t<meta name=\"twitter:label2\" content=\"Tiempo de lectura\" \/>\n\t<meta name=\"twitter:data2\" content=\"3 minutos\" \/>\n<script type=\"application\/ld+json\" class=\"yoast-schema-graph\">{\"@context\":\"https:\/\/schema.org\",\"@graph\":[{\"@type\":\"Article\",\"@id\":\"https:\/\/conexion23.com\/?p=21664#article\",\"isPartOf\":{\"@id\":\"https:\/\/conexion23.com\/?p=21664\"},\"author\":{\"name\":\"Raffy Ben\u00edtez\",\"@id\":\"https:\/\/conexion23.com\/#\/schema\/person\/03e36043331117e97a373299bbcd30a6\"},\"headline\":\"El Ej\u00e9rcito israel\u00ed dice que ha recuperado todas las comunidades alrededor de Gaza.\",\"datePublished\":\"2023-10-10T12:19:44+00:00\",\"dateModified\":\"2023-10-10T12:19:45+00:00\",\"mainEntityOfPage\":{\"@id\":\"https:\/\/conexion23.com\/?p=21664\"},\"wordCount\":899,\"commentCount\":0,\"publisher\":{\"@id\":\"https:\/\/conexion23.com\/#organization\"},\"image\":{\"@id\":\"https:\/\/conexion23.com\/?p=21664#primaryimage\"},\"thumbnailUrl\":\"https:\/\/conexion23.com\/wp-content\/uploads\/2023\/10\/gaza-israel-100923-gaza-city.webp\",\"articleSection\":[\"Uncategorized\"],\"inLanguage\":\"es\",\"potentialAction\":[{\"@type\":\"CommentAction\",\"name\":\"Comment\",\"target\":[\"https:\/\/conexion23.com\/?p=21664#respond\"]}]},{\"@type\":\"WebPage\",\"@id\":\"https:\/\/conexion23.com\/?p=21664\",\"url\":\"https:\/\/conexion23.com\/?p=21664\",\"name\":\"El Ej\u00e9rcito israel\u00ed dice que ha recuperado todas las comunidades alrededor de Gaza. - Conexi\u00f3n 23\",\"isPartOf\":{\"@id\":\"https:\/\/conexion23.com\/#website\"},\"primaryImageOfPage\":{\"@id\":\"https:\/\/conexion23.com\/?p=21664#primaryimage\"},\"image\":{\"@id\":\"https:\/\/conexion23.com\/?p=21664#primaryimage\"},\"thumbnailUrl\":\"https:\/\/conexion23.com\/wp-content\/uploads\/2023\/10\/gaza-israel-100923-gaza-city.webp\",\"datePublished\":\"2023-10-10T12:19:44+00:00\",\"dateModified\":\"2023-10-10T12:19:45+00:00\",\"breadcrumb\":{\"@id\":\"https:\/\/conexion23.com\/?p=21664#breadcrumb\"},\"inLanguage\":\"es\",\"potentialAction\":[{\"@type\":\"ReadAction\",\"target\":[\"https:\/\/conexion23.com\/?p=21664\"]}]},{\"@type\":\"ImageObject\",\"inLanguage\":\"es\",\"@id\":\"https:\/\/conexion23.com\/?p=21664#primaryimage\",\"url\":\"https:\/\/conexion23.com\/wp-content\/uploads\/2023\/10\/gaza-israel-100923-gaza-city.webp\",\"contentUrl\":\"https:\/\/conexion23.com\/wp-content\/uploads\/2023\/10\/gaza-israel-100923-gaza-city.webp\",\"width\":1024,\"height\":682},{\"@type\":\"BreadcrumbList\",\"@id\":\"https:\/\/conexion23.com\/?p=21664#breadcrumb\",\"itemListElement\":[{\"@type\":\"ListItem\",\"position\":1,\"name\":\"Portada\",\"item\":\"https:\/\/conexion23.com\/\"},{\"@type\":\"ListItem\",\"position\":2,\"name\":\"El Ej\u00e9rcito israel\u00ed dice que ha recuperado todas las comunidades alrededor de Gaza.\"}]},{\"@type\":\"WebSite\",\"@id\":\"https:\/\/conexion23.com\/#website\",\"url\":\"https:\/\/conexion23.com\/\",\"name\":\"Conexi\u00f3n 23\",\"description\":\"Peri\u00f3dico 100% Petromacorisano\",\"publisher\":{\"@id\":\"https:\/\/conexion23.com\/#organization\"},\"potentialAction\":[{\"@type\":\"SearchAction\",\"target\":{\"@type\":\"EntryPoint\",\"urlTemplate\":\"https:\/\/conexion23.com\/?s={search_term_string}\"},\"query-input\":{\"@type\":\"PropertyValueSpecification\",\"valueRequired\":true,\"valueName\":\"search_term_string\"}}],\"inLanguage\":\"es\"},{\"@type\":\"Organization\",\"@id\":\"https:\/\/conexion23.com\/#organization\",\"name\":\"Conexion 23\",\"url\":\"https:\/\/conexion23.com\/\",\"logo\":{\"@type\":\"ImageObject\",\"inLanguage\":\"es\",\"@id\":\"https:\/\/conexion23.com\/#\/schema\/logo\/image\/\",\"url\":\"https:\/\/conexion23.com\/wp-content\/uploads\/2021\/11\/Diseno-sin-titulo-2.png\",\"contentUrl\":\"https:\/\/conexion23.com\/wp-content\/uploads\/2021\/11\/Diseno-sin-titulo-2.png\",\"width\":541,\"height\":90,\"caption\":\"Conexion 23\"},\"image\":{\"@id\":\"https:\/\/conexion23.com\/#\/schema\/logo\/image\/\"},\"sameAs\":[\"https:\/\/www.facebook.com\/conexion23com\",\"https:\/\/www.instagram.com\/conexion23com\/\",\"https:\/\/www.youtube.com\/channel\/UCYc7vxxFZMYLIHNsHHxPZ3Q\"]},{\"@type\":\"Person\",\"@id\":\"https:\/\/conexion23.com\/#\/schema\/person\/03e36043331117e97a373299bbcd30a6\",\"name\":\"Raffy Ben\u00edtez\",\"image\":{\"@type\":\"ImageObject\",\"inLanguage\":\"es\",\"@id\":\"https:\/\/conexion23.com\/#\/schema\/person\/image\/\",\"url\":\"https:\/\/secure.gravatar.com\/avatar\/3190a6a6c5e1b0327500f7d6c56b6242472ee6cb974cf09b401ee6b3b0798f23?s=96&d=mm&r=g\",\"contentUrl\":\"https:\/\/secure.gravatar.com\/avatar\/3190a6a6c5e1b0327500f7d6c56b6242472ee6cb974cf09b401ee6b3b0798f23?s=96&d=mm&r=g\",\"caption\":\"Raffy Ben\u00edtez\"},\"url\":\"https:\/\/conexion23.com\/?author=15\"}]}<\/script>\n<!-- \/ Yoast SEO plugin. -->","yoast_head_json":{"title":"El Ej\u00e9rcito israel\u00ed dice que ha recuperado todas las comunidades alrededor de Gaza. - Conexi\u00f3n 23","robots":{"index":"index","follow":"follow","max-snippet":"max-snippet:-1","max-image-preview":"max-image-preview:large","max-video-preview":"max-video-preview:-1"},"canonical":"https:\/\/conexion23.com\/?p=21664","og_locale":"es_ES","og_type":"article","og_title":"El Ej\u00e9rcito israel\u00ed dice que ha recuperado todas las comunidades alrededor de Gaza. - Conexi\u00f3n 23","og_description":"Los combates entre Hamas e Israel se intensificaron este lunes por tercer d\u00eda consecutivo, con militantes lanzando una nueva r\u00e1faga de ataques con cohetes y las fuerzas israel\u00edes todav\u00eda luchando para expulsar a los atacantes de Hamas de su suelo mientras los aviones segu\u00edan bombardeando el enclave palestino de Gaza. Pero este lunes m\u00e1s tarde, [&hellip;]","og_url":"https:\/\/conexion23.com\/?p=21664","og_site_name":"Conexi\u00f3n 23","article_publisher":"https:\/\/www.facebook.com\/conexion23com","article_published_time":"2023-10-10T12:19:44+00:00","article_modified_time":"2023-10-10T12:19:45+00:00","og_image":[{"width":1024,"height":682,"url":"https:\/\/conexion23.com\/wp-content\/uploads\/2023\/10\/gaza-israel-100923-gaza-city.webp","type":"image\/webp"}],"author":"Raffy Ben\u00edtez","twitter_card":"summary_large_image","twitter_misc":{"Escrito por":"Raffy Ben\u00edtez","Tiempo de lectura":"3 minutos"},"schema":{"@context":"https:\/\/schema.org","@graph":[{"@type":"Article","@id":"https:\/\/conexion23.com\/?p=21664#article","isPartOf":{"@id":"https:\/\/conexion23.com\/?p=21664"},"author":{"name":"Raffy Ben\u00edtez","@id":"https:\/\/conexion23.com\/#\/schema\/person\/03e36043331117e97a373299bbcd30a6"},"headline":"El Ej\u00e9rcito israel\u00ed dice que ha recuperado todas las comunidades alrededor de Gaza.","datePublished":"2023-10-10T12:19:44+00:00","dateModified":"2023-10-10T12:19:45+00:00","mainEntityOfPage":{"@id":"https:\/\/conexion23.com\/?p=21664"},"wordCount":899,"commentCount":0,"publisher":{"@id":"https:\/\/conexion23.com\/#organization"},"image":{"@id":"https:\/\/conexion23.com\/?p=21664#primaryimage"},"thumbnailUrl":"https:\/\/conexion23.com\/wp-content\/uploads\/2023\/10\/gaza-israel-100923-gaza-city.webp","articleSection":["Uncategorized"],"inLanguage":"es","potentialAction":[{"@type":"CommentAction","name":"Comment","target":["https:\/\/conexion23.com\/?p=21664#respond"]}]},{"@type":"WebPage","@id":"https:\/\/conexion23.com\/?p=21664","url":"https:\/\/conexion23.com\/?p=21664","name":"El Ej\u00e9rcito israel\u00ed dice que ha recuperado todas las comunidades alrededor de Gaza. - Conexi\u00f3n 23","isPartOf":{"@id":"https:\/\/conexion23.com\/#website"},"primaryImageOfPage":{"@id":"https:\/\/conexion23.com\/?p=21664#primaryimage"},"image":{"@id":"https:\/\/conexion23.com\/?p=21664#primaryimage"},"thumbnailUrl":"https:\/\/conexion23.com\/wp-content\/uploads\/2023\/10\/gaza-israel-100923-gaza-city.webp","datePublished":"2023-10-10T12:19:44+00:00","dateModified":"2023-10-10T12:19:45+00:00","breadcrumb":{"@id":"https:\/\/conexion23.com\/?p=21664#breadcrumb"},"inLanguage":"es","potentialAction":[{"@type":"ReadAction","target":["https:\/\/conexion23.com\/?p=21664"]}]},{"@type":"ImageObject","inLanguage":"es","@id":"https:\/\/conexion23.com\/?p=21664#primaryimage","url":"https:\/\/conexion23.com\/wp-content\/uploads\/2023\/10\/gaza-israel-100923-gaza-city.webp","contentUrl":"https:\/\/conexion23.com\/wp-content\/uploads\/2023\/10\/gaza-israel-100923-gaza-city.webp","width":1024,"height":682},{"@type":"BreadcrumbList","@id":"https:\/\/conexion23.com\/?p=21664#breadcrumb","itemListElement":[{"@type":"ListItem","position":1,"name":"Portada","item":"https:\/\/conexion23.com\/"},{"@type":"ListItem","position":2,"name":"El Ej\u00e9rcito israel\u00ed dice que ha recuperado todas las comunidades alrededor de Gaza."}]},{"@type":"WebSite","@id":"https:\/\/conexion23.com\/#website","url":"https:\/\/conexion23.com\/","name":"Conexi\u00f3n 23","description":"Peri\u00f3dico 100% Petromacorisano","publisher":{"@id":"https:\/\/conexion23.com\/#organization"},"potentialAction":[{"@type":"SearchAction","target":{"@type":"EntryPoint","urlTemplate":"https:\/\/conexion23.com\/?s={search_term_string}"},"query-input":{"@type":"PropertyValueSpecification","valueRequired":true,"valueName":"search_term_string"}}],"inLanguage":"es"},{"@type":"Organization","@id":"https:\/\/conexion23.com\/#organization","name":"Conexion 23","url":"https:\/\/conexion23.com\/","logo":{"@type":"ImageObject","inLanguage":"es","@id":"https:\/\/conexion23.com\/#\/schema\/logo\/image\/","url":"https:\/\/conexion23.com\/wp-content\/uploads\/2021\/11\/Diseno-sin-titulo-2.png","contentUrl":"https:\/\/conexion23.com\/wp-content\/uploads\/2021\/11\/Diseno-sin-titulo-2.png","width":541,"height":90,"caption":"Conexion 23"},"image":{"@id":"https:\/\/conexion23.com\/#\/schema\/logo\/image\/"},"sameAs":["https:\/\/www.facebook.com\/conexion23com","https:\/\/www.instagram.com\/conexion23com\/","https:\/\/www.youtube.com\/channel\/UCYc7vxxFZMYLIHNsHHxPZ3Q"]},{"@type":"Person","@id":"https:\/\/conexion23.com\/#\/schema\/person\/03e36043331117e97a373299bbcd30a6","name":"Raffy Ben\u00edtez","image":{"@type":"ImageObject","inLanguage":"es","@id":"https:\/\/conexion23.com\/#\/schema\/person\/image\/","url":"https:\/\/secure.gravatar.com\/avatar\/3190a6a6c5e1b0327500f7d6c56b6242472ee6cb974cf09b401ee6b3b0798f23?s=96&d=mm&r=g","contentUrl":"https:\/\/secure.gravatar.com\/avatar\/3190a6a6c5e1b0327500f7d6c56b6242472ee6cb974cf09b401ee6b3b0798f23?s=96&d=mm&r=g","caption":"Raffy Ben\u00edtez"},"url":"https:\/\/conexion23.com\/?author=15"}]}},"_links":{"self":[{"href":"https:\/\/conexion23.com\/index.php?rest_route=\/wp\/v2\/posts\/21664","targetHints":{"allow":["GET"]}}],"collection":[{"href":"https:\/\/conexion23.com\/index.php?rest_route=\/wp\/v2\/posts"}],"about":[{"href":"https:\/\/conexion23.com\/index.php?rest_route=\/wp\/v2\/types\/post"}],"author":[{"embeddable":true,"href":"https:\/\/conexion23.com\/index.php?rest_route=\/wp\/v2\/users\/15"}],"replies":[{"embeddable":true,"href":"https:\/\/conexion23.com\/index.php?rest_route=%2Fwp%2Fv2%2Fcomments&post=21664"}],"version-history":[{"count":1,"href":"https:\/\/conexion23.com\/index.php?rest_route=\/wp\/v2\/posts\/21664\/revisions"}],"predecessor-version":[{"id":21666,"href":"https:\/\/conexion23.com\/index.php?rest_route=\/wp\/v2\/posts\/21664\/revisions\/21666"}],"wp:featuredmedia":[{"embeddable":true,"href":"https:\/\/conexion23.com\/index.php?rest_route=\/wp\/v2\/media\/21665"}],"wp:attachment":[{"href":"https:\/\/conexion23.com\/index.php?rest_route=%2Fwp%2Fv2%2Fmedia&parent=21664"}],"wp:term":[{"taxonomy":"category","embeddable":true,"href":"https:\/\/conexion23.com\/index.php?rest_route=%2Fwp%2Fv2%2Fcategories&post=21664"},{"taxonomy":"post_tag","embeddable":true,"href":"https:\/\/conexion23.com\/index.php?rest_route=%2Fwp%2Fv2%2Ftags&post=21664"}],"curies":[{"name":"wp","href":"https:\/\/api.w.org\/{rel}","templated":true}]}}