{"id":21679,"date":"2023-10-11T07:23:12","date_gmt":"2023-10-11T11:23:12","guid":{"rendered":"https:\/\/conexion23.com\/?p=21679"},"modified":"2023-10-11T07:23:14","modified_gmt":"2023-10-11T11:23:14","slug":"camion-de-jugo-rica-choca-contra-volqueta-en-san-pedro-de-macoris","status":"publish","type":"post","link":"https:\/\/conexion23.com\/?p=21679","title":{"rendered":"Cami\u00f3n de jugo rica choca contra volqueta en San Pedro de Macor\u00eds."},"content":{"rendered":"\n<p>Un grave accidente de tr\u00e1fico ocurri\u00f3 la ma\u00f1ana de este martes en la autov\u00eda del este, frente al batey alem\u00e1n, en San Pedro de Macor\u00eds. Un cami\u00f3n de la empresa Rica, l\u00edder en el mercado de productos l\u00e1cteos y jugos, intent\u00f3 rebasar a una volqueta que iba en el mismo sentido y se sali\u00f3 de control, impactando contra la misma<\/p>\n\n\n\n<p>El choque provoc\u00f3 da\u00f1os materiales en ambos veh\u00edculos y gener\u00f3 un gran congestionamiento en la v\u00eda. Por suerte, no hubo v\u00edctimas mortales ni heridos de gravedad. Las autoridades llegaron al lugar para socorrer a los involucrados y restablecer el orden.<\/p>\n\n\n\n<p>Se desconocen las causas del accidente, pero se presume que pudo deberse a una falla mec\u00e1nica o a una imprudencia del conductor. La empresa Rica no ha emitido ning\u00fan comunicado al respecto.<\/p>\n","protected":false},"excerpt":{"rendered":"<p>Un grave accidente de tr\u00e1fico ocurri\u00f3 la ma\u00f1ana de este martes en la autov\u00eda del este, frente al batey alem\u00e1n, en San Pedro de Macor\u00eds. Un cami\u00f3n de la empresa Rica, l\u00edder en el mercado de productos l\u00e1cteos y jugos, intent\u00f3 rebasar a una volqueta que iba en el mismo sentido y se sali\u00f3 de [&hellip;]<\/p>\n","protected":false},"author":15,"featured_media":21680,"comment_status":"open","ping_status":"open","sticky":false,"template":"","format":"standard","meta":{"footnotes":""},"categories":[35],"tags":[],"class_list":{"0":"post-21679","1":"post","2":"type-post","3":"status-publish","4":"format-standard","5":"has-post-thumbnail","7":"category-spm"},"yoast_head":"<!-- This site is optimized with the Yoast SEO plugin v27.1.1 - https:\/\/yoast.com\/product\/yoast-seo-wordpress\/ -->\n<title>Cami\u00f3n de jugo rica choca contra volqueta en San Pedro de Macor\u00eds. - Conexi\u00f3n 23<\/title>\n<meta name=\"robots\" content=\"index, follow, max-snippet:-1, max-image-preview:large, max-video-preview:-1\" \/>\n<link rel=\"canonical\" href=\"https:\/\/conexion23.com\/?p=21679\" \/>\n<meta property=\"og:locale\" content=\"es_ES\" \/>\n<meta property=\"og:type\" content=\"article\" \/>\n<meta property=\"og:title\" content=\"Cami\u00f3n de jugo rica choca contra volqueta en San Pedro de Macor\u00eds. - Conexi\u00f3n 23\" \/>\n<meta property=\"og:description\" content=\"Un grave accidente de tr\u00e1fico ocurri\u00f3 la ma\u00f1ana de este martes en la autov\u00eda del este, frente al batey alem\u00e1n, en San Pedro de Macor\u00eds. Un cami\u00f3n de la empresa Rica, l\u00edder en el mercado de productos l\u00e1cteos y jugos, intent\u00f3 rebasar a una volqueta que iba en el mismo sentido y se sali\u00f3 de [&hellip;]\" \/>\n<meta property=\"og:url\" content=\"https:\/\/conexion23.com\/?p=21679\" \/>\n<meta property=\"og:site_name\" content=\"Conexi\u00f3n 23\" \/>\n<meta property=\"article:publisher\" content=\"https:\/\/www.facebook.com\/conexion23com\" \/>\n<meta property=\"article:published_time\" content=\"2023-10-11T11:23:12+00:00\" \/>\n<meta property=\"article:modified_time\" content=\"2023-10-11T11:23:14+00:00\" \/>\n<meta property=\"og:image\" content=\"https:\/\/conexion23.com\/wp-content\/uploads\/2023\/10\/download-10.jpg\" \/>\n\t<meta property=\"og:image:width\" content=\"290\" \/>\n\t<meta property=\"og:image:height\" content=\"174\" \/>\n\t<meta property=\"og:image:type\" content=\"image\/jpeg\" \/>\n<meta name=\"author\" content=\"Raffy Ben\u00edtez\" \/>\n<meta name=\"twitter:card\" content=\"summary_large_image\" \/>\n<meta name=\"twitter:label1\" content=\"Escrito por\" \/>\n\t<meta name=\"twitter:data1\" content=\"Raffy Ben\u00edtez\" \/>\n\t<meta name=\"twitter:label2\" content=\"Tiempo de lectura\" \/>\n\t<meta name=\"twitter:data2\" content=\"1 minuto\" \/>\n<script type=\"application\/ld+json\" class=\"yoast-schema-graph\">{\"@context\":\"https:\/\/schema.org\",\"@graph\":[{\"@type\":\"Article\",\"@id\":\"https:\/\/conexion23.com\/?p=21679#article\",\"isPartOf\":{\"@id\":\"https:\/\/conexion23.com\/?p=21679\"},\"author\":{\"name\":\"Raffy Ben\u00edtez\",\"@id\":\"https:\/\/conexion23.com\/#\/schema\/person\/03e36043331117e97a373299bbcd30a6\"},\"headline\":\"Cami\u00f3n de jugo rica choca contra volqueta en San Pedro de Macor\u00eds.\",\"datePublished\":\"2023-10-11T11:23:12+00:00\",\"dateModified\":\"2023-10-11T11:23:14+00:00\",\"mainEntityOfPage\":{\"@id\":\"https:\/\/conexion23.com\/?p=21679\"},\"wordCount\":160,\"commentCount\":0,\"publisher\":{\"@id\":\"https:\/\/conexion23.com\/#organization\"},\"image\":{\"@id\":\"https:\/\/conexion23.com\/?p=21679#primaryimage\"},\"thumbnailUrl\":\"https:\/\/conexion23.com\/wp-content\/uploads\/2023\/10\/download-10.jpg\",\"articleSection\":[\"SPM\"],\"inLanguage\":\"es\",\"potentialAction\":[{\"@type\":\"CommentAction\",\"name\":\"Comment\",\"target\":[\"https:\/\/conexion23.com\/?p=21679#respond\"]}]},{\"@type\":\"WebPage\",\"@id\":\"https:\/\/conexion23.com\/?p=21679\",\"url\":\"https:\/\/conexion23.com\/?p=21679\",\"name\":\"Cami\u00f3n de jugo rica choca contra volqueta en San Pedro de Macor\u00eds. - Conexi\u00f3n 23\",\"isPartOf\":{\"@id\":\"https:\/\/conexion23.com\/#website\"},\"primaryImageOfPage\":{\"@id\":\"https:\/\/conexion23.com\/?p=21679#primaryimage\"},\"image\":{\"@id\":\"https:\/\/conexion23.com\/?p=21679#primaryimage\"},\"thumbnailUrl\":\"https:\/\/conexion23.com\/wp-content\/uploads\/2023\/10\/download-10.jpg\",\"datePublished\":\"2023-10-11T11:23:12+00:00\",\"dateModified\":\"2023-10-11T11:23:14+00:00\",\"breadcrumb\":{\"@id\":\"https:\/\/conexion23.com\/?p=21679#breadcrumb\"},\"inLanguage\":\"es\",\"potentialAction\":[{\"@type\":\"ReadAction\",\"target\":[\"https:\/\/conexion23.com\/?p=21679\"]}]},{\"@type\":\"ImageObject\",\"inLanguage\":\"es\",\"@id\":\"https:\/\/conexion23.com\/?p=21679#primaryimage\",\"url\":\"https:\/\/conexion23.com\/wp-content\/uploads\/2023\/10\/download-10.jpg\",\"contentUrl\":\"https:\/\/conexion23.com\/wp-content\/uploads\/2023\/10\/download-10.jpg\",\"width\":290,\"height\":174},{\"@type\":\"BreadcrumbList\",\"@id\":\"https:\/\/conexion23.com\/?p=21679#breadcrumb\",\"itemListElement\":[{\"@type\":\"ListItem\",\"position\":1,\"name\":\"Portada\",\"item\":\"https:\/\/conexion23.com\/\"},{\"@type\":\"ListItem\",\"position\":2,\"name\":\"Cami\u00f3n de jugo rica choca contra volqueta en San Pedro de Macor\u00eds.\"}]},{\"@type\":\"WebSite\",\"@id\":\"https:\/\/conexion23.com\/#website\",\"url\":\"https:\/\/conexion23.com\/\",\"name\":\"Conexi\u00f3n 23\",\"description\":\"Peri\u00f3dico 100% Petromacorisano\",\"publisher\":{\"@id\":\"https:\/\/conexion23.com\/#organization\"},\"potentialAction\":[{\"@type\":\"SearchAction\",\"target\":{\"@type\":\"EntryPoint\",\"urlTemplate\":\"https:\/\/conexion23.com\/?s={search_term_string}\"},\"query-input\":{\"@type\":\"PropertyValueSpecification\",\"valueRequired\":true,\"valueName\":\"search_term_string\"}}],\"inLanguage\":\"es\"},{\"@type\":\"Organization\",\"@id\":\"https:\/\/conexion23.com\/#organization\",\"name\":\"Conexion 23\",\"url\":\"https:\/\/conexion23.com\/\",\"logo\":{\"@type\":\"ImageObject\",\"inLanguage\":\"es\",\"@id\":\"https:\/\/conexion23.com\/#\/schema\/logo\/image\/\",\"url\":\"https:\/\/conexion23.com\/wp-content\/uploads\/2021\/11\/Diseno-sin-titulo-2.png\",\"contentUrl\":\"https:\/\/conexion23.com\/wp-content\/uploads\/2021\/11\/Diseno-sin-titulo-2.png\",\"width\":541,\"height\":90,\"caption\":\"Conexion 23\"},\"image\":{\"@id\":\"https:\/\/conexion23.com\/#\/schema\/logo\/image\/\"},\"sameAs\":[\"https:\/\/www.facebook.com\/conexion23com\",\"https:\/\/www.instagram.com\/conexion23com\/\",\"https:\/\/www.youtube.com\/channel\/UCYc7vxxFZMYLIHNsHHxPZ3Q\"]},{\"@type\":\"Person\",\"@id\":\"https:\/\/conexion23.com\/#\/schema\/person\/03e36043331117e97a373299bbcd30a6\",\"name\":\"Raffy Ben\u00edtez\",\"image\":{\"@type\":\"ImageObject\",\"inLanguage\":\"es\",\"@id\":\"https:\/\/conexion23.com\/#\/schema\/person\/image\/\",\"url\":\"https:\/\/secure.gravatar.com\/avatar\/3190a6a6c5e1b0327500f7d6c56b6242472ee6cb974cf09b401ee6b3b0798f23?s=96&d=mm&r=g\",\"contentUrl\":\"https:\/\/secure.gravatar.com\/avatar\/3190a6a6c5e1b0327500f7d6c56b6242472ee6cb974cf09b401ee6b3b0798f23?s=96&d=mm&r=g\",\"caption\":\"Raffy Ben\u00edtez\"},\"url\":\"https:\/\/conexion23.com\/?author=15\"}]}<\/script>\n<!-- \/ Yoast SEO plugin. -->","yoast_head_json":{"title":"Cami\u00f3n de jugo rica choca contra volqueta en San Pedro de Macor\u00eds. - Conexi\u00f3n 23","robots":{"index":"index","follow":"follow","max-snippet":"max-snippet:-1","max-image-preview":"max-image-preview:large","max-video-preview":"max-video-preview:-1"},"canonical":"https:\/\/conexion23.com\/?p=21679","og_locale":"es_ES","og_type":"article","og_title":"Cami\u00f3n de jugo rica choca contra volqueta en San Pedro de Macor\u00eds. - Conexi\u00f3n 23","og_description":"Un grave accidente de tr\u00e1fico ocurri\u00f3 la ma\u00f1ana de este martes en la autov\u00eda del este, frente al batey alem\u00e1n, en San Pedro de Macor\u00eds. Un cami\u00f3n de la empresa Rica, l\u00edder en el mercado de productos l\u00e1cteos y jugos, intent\u00f3 rebasar a una volqueta que iba en el mismo sentido y se sali\u00f3 de [&hellip;]","og_url":"https:\/\/conexion23.com\/?p=21679","og_site_name":"Conexi\u00f3n 23","article_publisher":"https:\/\/www.facebook.com\/conexion23com","article_published_time":"2023-10-11T11:23:12+00:00","article_modified_time":"2023-10-11T11:23:14+00:00","og_image":[{"width":290,"height":174,"url":"https:\/\/conexion23.com\/wp-content\/uploads\/2023\/10\/download-10.jpg","type":"image\/jpeg"}],"author":"Raffy Ben\u00edtez","twitter_card":"summary_large_image","twitter_misc":{"Escrito por":"Raffy Ben\u00edtez","Tiempo de lectura":"1 minuto"},"schema":{"@context":"https:\/\/schema.org","@graph":[{"@type":"Article","@id":"https:\/\/conexion23.com\/?p=21679#article","isPartOf":{"@id":"https:\/\/conexion23.com\/?p=21679"},"author":{"name":"Raffy Ben\u00edtez","@id":"https:\/\/conexion23.com\/#\/schema\/person\/03e36043331117e97a373299bbcd30a6"},"headline":"Cami\u00f3n de jugo rica choca contra volqueta en San Pedro de Macor\u00eds.","datePublished":"2023-10-11T11:23:12+00:00","dateModified":"2023-10-11T11:23:14+00:00","mainEntityOfPage":{"@id":"https:\/\/conexion23.com\/?p=21679"},"wordCount":160,"commentCount":0,"publisher":{"@id":"https:\/\/conexion23.com\/#organization"},"image":{"@id":"https:\/\/conexion23.com\/?p=21679#primaryimage"},"thumbnailUrl":"https:\/\/conexion23.com\/wp-content\/uploads\/2023\/10\/download-10.jpg","articleSection":["SPM"],"inLanguage":"es","potentialAction":[{"@type":"CommentAction","name":"Comment","target":["https:\/\/conexion23.com\/?p=21679#respond"]}]},{"@type":"WebPage","@id":"https:\/\/conexion23.com\/?p=21679","url":"https:\/\/conexion23.com\/?p=21679","name":"Cami\u00f3n de jugo rica choca contra volqueta en San Pedro de Macor\u00eds. - Conexi\u00f3n 23","isPartOf":{"@id":"https:\/\/conexion23.com\/#website"},"primaryImageOfPage":{"@id":"https:\/\/conexion23.com\/?p=21679#primaryimage"},"image":{"@id":"https:\/\/conexion23.com\/?p=21679#primaryimage"},"thumbnailUrl":"https:\/\/conexion23.com\/wp-content\/uploads\/2023\/10\/download-10.jpg","datePublished":"2023-10-11T11:23:12+00:00","dateModified":"2023-10-11T11:23:14+00:00","breadcrumb":{"@id":"https:\/\/conexion23.com\/?p=21679#breadcrumb"},"inLanguage":"es","potentialAction":[{"@type":"ReadAction","target":["https:\/\/conexion23.com\/?p=21679"]}]},{"@type":"ImageObject","inLanguage":"es","@id":"https:\/\/conexion23.com\/?p=21679#primaryimage","url":"https:\/\/conexion23.com\/wp-content\/uploads\/2023\/10\/download-10.jpg","contentUrl":"https:\/\/conexion23.com\/wp-content\/uploads\/2023\/10\/download-10.jpg","width":290,"height":174},{"@type":"BreadcrumbList","@id":"https:\/\/conexion23.com\/?p=21679#breadcrumb","itemListElement":[{"@type":"ListItem","position":1,"name":"Portada","item":"https:\/\/conexion23.com\/"},{"@type":"ListItem","position":2,"name":"Cami\u00f3n de jugo rica choca contra volqueta en San Pedro de Macor\u00eds."}]},{"@type":"WebSite","@id":"https:\/\/conexion23.com\/#website","url":"https:\/\/conexion23.com\/","name":"Conexi\u00f3n 23","description":"Peri\u00f3dico 100% Petromacorisano","publisher":{"@id":"https:\/\/conexion23.com\/#organization"},"potentialAction":[{"@type":"SearchAction","target":{"@type":"EntryPoint","urlTemplate":"https:\/\/conexion23.com\/?s={search_term_string}"},"query-input":{"@type":"PropertyValueSpecification","valueRequired":true,"valueName":"search_term_string"}}],"inLanguage":"es"},{"@type":"Organization","@id":"https:\/\/conexion23.com\/#organization","name":"Conexion 23","url":"https:\/\/conexion23.com\/","logo":{"@type":"ImageObject","inLanguage":"es","@id":"https:\/\/conexion23.com\/#\/schema\/logo\/image\/","url":"https:\/\/conexion23.com\/wp-content\/uploads\/2021\/11\/Diseno-sin-titulo-2.png","contentUrl":"https:\/\/conexion23.com\/wp-content\/uploads\/2021\/11\/Diseno-sin-titulo-2.png","width":541,"height":90,"caption":"Conexion 23"},"image":{"@id":"https:\/\/conexion23.com\/#\/schema\/logo\/image\/"},"sameAs":["https:\/\/www.facebook.com\/conexion23com","https:\/\/www.instagram.com\/conexion23com\/","https:\/\/www.youtube.com\/channel\/UCYc7vxxFZMYLIHNsHHxPZ3Q"]},{"@type":"Person","@id":"https:\/\/conexion23.com\/#\/schema\/person\/03e36043331117e97a373299bbcd30a6","name":"Raffy Ben\u00edtez","image":{"@type":"ImageObject","inLanguage":"es","@id":"https:\/\/conexion23.com\/#\/schema\/person\/image\/","url":"https:\/\/secure.gravatar.com\/avatar\/3190a6a6c5e1b0327500f7d6c56b6242472ee6cb974cf09b401ee6b3b0798f23?s=96&d=mm&r=g","contentUrl":"https:\/\/secure.gravatar.com\/avatar\/3190a6a6c5e1b0327500f7d6c56b6242472ee6cb974cf09b401ee6b3b0798f23?s=96&d=mm&r=g","caption":"Raffy Ben\u00edtez"},"url":"https:\/\/conexion23.com\/?author=15"}]}},"_links":{"self":[{"href":"https:\/\/conexion23.com\/index.php?rest_route=\/wp\/v2\/posts\/21679","targetHints":{"allow":["GET"]}}],"collection":[{"href":"https:\/\/conexion23.com\/index.php?rest_route=\/wp\/v2\/posts"}],"about":[{"href":"https:\/\/conexion23.com\/index.php?rest_route=\/wp\/v2\/types\/post"}],"author":[{"embeddable":true,"href":"https:\/\/conexion23.com\/index.php?rest_route=\/wp\/v2\/users\/15"}],"replies":[{"embeddable":true,"href":"https:\/\/conexion23.com\/index.php?rest_route=%2Fwp%2Fv2%2Fcomments&post=21679"}],"version-history":[{"count":1,"href":"https:\/\/conexion23.com\/index.php?rest_route=\/wp\/v2\/posts\/21679\/revisions"}],"predecessor-version":[{"id":21681,"href":"https:\/\/conexion23.com\/index.php?rest_route=\/wp\/v2\/posts\/21679\/revisions\/21681"}],"wp:featuredmedia":[{"embeddable":true,"href":"https:\/\/conexion23.com\/index.php?rest_route=\/wp\/v2\/media\/21680"}],"wp:attachment":[{"href":"https:\/\/conexion23.com\/index.php?rest_route=%2Fwp%2Fv2%2Fmedia&parent=21679"}],"wp:term":[{"taxonomy":"category","embeddable":true,"href":"https:\/\/conexion23.com\/index.php?rest_route=%2Fwp%2Fv2%2Fcategories&post=21679"},{"taxonomy":"post_tag","embeddable":true,"href":"https:\/\/conexion23.com\/index.php?rest_route=%2Fwp%2Fv2%2Ftags&post=21679"}],"curies":[{"name":"wp","href":"https:\/\/api.w.org\/{rel}","templated":true}]}}