{"id":21697,"date":"2023-10-11T08:12:52","date_gmt":"2023-10-11T12:12:52","guid":{"rendered":"https:\/\/conexion23.com\/?p=21697"},"modified":"2023-10-11T08:12:54","modified_gmt":"2023-10-11T12:12:54","slug":"incendio-dentro-del-mercado-fronterizo-de-dajabon-controlado-en-un-90","status":"publish","type":"post","link":"https:\/\/conexion23.com\/?p=21697","title":{"rendered":"Incendio dentro del mercado fronterizo de Dajab\u00f3n controlado en un 90%."},"content":{"rendered":"\n<p>Luego de varias horas unidades de bomberos de varios municipios de&nbsp;<strong>Dajab\u00f3n&nbsp;<\/strong>lograron controlar en un 90% un&nbsp;<a href=\"https:\/\/listindiario.com\/la-republica\/20231011\/incendio-gran-magnitud-registra-mercado-fronterizo-dajabon_776896.html\" rel=\"noreferrer noopener\" target=\"_blank\">incendio&nbsp;<\/a>que se inici\u00f3 aproximadamente a las tres y media de esta madrugada dentro del&nbsp;<strong>mercado fronterizo<\/strong>.<\/p>\n\n\n\n<p>En declaraciones a este medio, el encargado del cuerpo de los bomberos de Dajab\u00f3n, Di\u00f3medes D\u00edaz, manifest\u00f3 que el incendio est\u00e1 controlado en un 90% y que iniciar\u00e1n en su momento una investigaci\u00f3n para saber el origen del siniestro.<\/p>\n\n\n\n<p>Ante la situaci\u00f3n,<strong>&nbsp;un batall\u00f3n del Ej\u00e9rcito Dominicano<\/strong>&nbsp;liderado por el comandante Cruz Sosa lleg\u00f3 al mercado fronterizo y acordon\u00f3 la zona como medida preventiva, y para dar apoyo al trabajo que realizan los bomberos.<\/p>\n\n\n\n<p>A pesar del esfuerzo de los organismos de socorro varios locales ocupados por comerciantes haitianos y dominicanos se quemaron en su totalidad y otros parcialmente.<\/p>\n\n\n\n<h3 class=\"wp-block-heading\">INVESTIGACI\u00d3N DEL ORIGEN DEL SINIESTRO&nbsp;<\/h3>\n\n\n\n<figure class=\"wp-block-image\" id=\"m38128-38127-38129\"><img decoding=\"async\" src=\"https:\/\/listindiario.com\/files\/vertical_main_image\/uploads\/2023\/10\/11\/652689154dd62.jpeg\" alt=\"Incendio en el mercado fronterizo de Dajab\u00f3n\"\/><figcaption class=\"wp-element-caption\">Incendio en el mercado fronterizo de Dajab\u00f3nFUENTE EXTERNA<\/figcaption><\/figure>\n\n\n\n<p>Ante la situaci\u00f3n, el presidente de la Asociaci\u00f3n de Detallistas del Mercado Fronterizo, Abigail Bueno, expres\u00f3 que acatar\u00e1n cualquier decisi\u00f3n que tome el gobierno a partir de estos momentos luego del incendio, ya que levanta suspicacia que a horas de iniciar una&nbsp;<a href=\"https:\/\/listindiario.com\/la-republica\/migracion\/20231009\/gobierno-ordena-reapertura-frontera-haiti_776592.html\" rel=\"noreferrer noopener\" target=\"_blank\">reapertura gradual<\/a>&nbsp;del mercado se produzca un&nbsp;<strong>incendio<\/strong>.<\/p>\n\n\n\n<p>Por su lado el alcalde Santiago River\u00f3n pidi\u00f3 a los organismos correspondientes&nbsp;<strong>investigar el origen del incendio<\/strong>, y dijo que estar\u00e1n atentos a la disposici\u00f3n del gobierno dominicano ante la situaci\u00f3n.<\/p>\n","protected":false},"excerpt":{"rendered":"<p>Luego de varias horas unidades de bomberos de varios municipios de&nbsp;Dajab\u00f3n&nbsp;lograron controlar en un 90% un&nbsp;incendio&nbsp;que se inici\u00f3 aproximadamente a las tres y media de esta madrugada dentro del&nbsp;mercado fronterizo. En declaraciones a este medio, el encargado del cuerpo de los bomberos de Dajab\u00f3n, Di\u00f3medes D\u00edaz, manifest\u00f3 que el incendio est\u00e1 controlado en un 90% [&hellip;]<\/p>\n","protected":false},"author":15,"featured_media":21698,"comment_status":"open","ping_status":"open","sticky":false,"template":"","format":"standard","meta":{"footnotes":""},"categories":[1],"tags":[],"class_list":{"0":"post-21697","1":"post","2":"type-post","3":"status-publish","4":"format-standard","5":"has-post-thumbnail","7":"category-uncategorized"},"yoast_head":"<!-- This site is optimized with the Yoast SEO plugin v27.1.1 - https:\/\/yoast.com\/product\/yoast-seo-wordpress\/ -->\n<title>Incendio dentro del mercado fronterizo de Dajab\u00f3n controlado en un 90%. - Conexi\u00f3n 23<\/title>\n<meta name=\"robots\" content=\"index, follow, max-snippet:-1, max-image-preview:large, max-video-preview:-1\" \/>\n<link rel=\"canonical\" href=\"https:\/\/conexion23.com\/?p=21697\" \/>\n<meta property=\"og:locale\" content=\"es_ES\" \/>\n<meta property=\"og:type\" content=\"article\" \/>\n<meta property=\"og:title\" content=\"Incendio dentro del mercado fronterizo de Dajab\u00f3n controlado en un 90%. - Conexi\u00f3n 23\" \/>\n<meta property=\"og:description\" content=\"Luego de varias horas unidades de bomberos de varios municipios de&nbsp;Dajab\u00f3n&nbsp;lograron controlar en un 90% un&nbsp;incendio&nbsp;que se inici\u00f3 aproximadamente a las tres y media de esta madrugada dentro del&nbsp;mercado fronterizo. En declaraciones a este medio, el encargado del cuerpo de los bomberos de Dajab\u00f3n, Di\u00f3medes D\u00edaz, manifest\u00f3 que el incendio est\u00e1 controlado en un 90% [&hellip;]\" \/>\n<meta property=\"og:url\" content=\"https:\/\/conexion23.com\/?p=21697\" \/>\n<meta property=\"og:site_name\" content=\"Conexi\u00f3n 23\" \/>\n<meta property=\"article:publisher\" content=\"https:\/\/www.facebook.com\/conexion23com\" \/>\n<meta property=\"article:published_time\" content=\"2023-10-11T12:12:52+00:00\" \/>\n<meta property=\"article:modified_time\" content=\"2023-10-11T12:12:54+00:00\" \/>\n<meta property=\"og:image\" content=\"https:\/\/conexion23.com\/wp-content\/uploads\/2023\/10\/6526831cd1795.jpeg\" \/>\n\t<meta property=\"og:image:width\" content=\"800\" \/>\n\t<meta property=\"og:image:height\" content=\"533\" \/>\n\t<meta property=\"og:image:type\" content=\"image\/jpeg\" \/>\n<meta name=\"author\" content=\"Raffy Ben\u00edtez\" \/>\n<meta name=\"twitter:card\" content=\"summary_large_image\" \/>\n<meta name=\"twitter:label1\" content=\"Escrito por\" \/>\n\t<meta name=\"twitter:data1\" content=\"Raffy Ben\u00edtez\" \/>\n\t<meta name=\"twitter:label2\" content=\"Tiempo de lectura\" \/>\n\t<meta name=\"twitter:data2\" content=\"2 minutos\" \/>\n<script type=\"application\/ld+json\" class=\"yoast-schema-graph\">{\"@context\":\"https:\/\/schema.org\",\"@graph\":[{\"@type\":\"Article\",\"@id\":\"https:\/\/conexion23.com\/?p=21697#article\",\"isPartOf\":{\"@id\":\"https:\/\/conexion23.com\/?p=21697\"},\"author\":{\"name\":\"Raffy Ben\u00edtez\",\"@id\":\"https:\/\/conexion23.com\/#\/schema\/person\/03e36043331117e97a373299bbcd30a6\"},\"headline\":\"Incendio dentro del mercado fronterizo de Dajab\u00f3n controlado en un 90%.\",\"datePublished\":\"2023-10-11T12:12:52+00:00\",\"dateModified\":\"2023-10-11T12:12:54+00:00\",\"mainEntityOfPage\":{\"@id\":\"https:\/\/conexion23.com\/?p=21697\"},\"wordCount\":268,\"commentCount\":0,\"publisher\":{\"@id\":\"https:\/\/conexion23.com\/#organization\"},\"image\":{\"@id\":\"https:\/\/conexion23.com\/?p=21697#primaryimage\"},\"thumbnailUrl\":\"https:\/\/conexion23.com\/wp-content\/uploads\/2023\/10\/6526831cd1795.jpeg\",\"articleSection\":[\"Uncategorized\"],\"inLanguage\":\"es\",\"potentialAction\":[{\"@type\":\"CommentAction\",\"name\":\"Comment\",\"target\":[\"https:\/\/conexion23.com\/?p=21697#respond\"]}]},{\"@type\":\"WebPage\",\"@id\":\"https:\/\/conexion23.com\/?p=21697\",\"url\":\"https:\/\/conexion23.com\/?p=21697\",\"name\":\"Incendio dentro del mercado fronterizo de Dajab\u00f3n controlado en un 90%. - Conexi\u00f3n 23\",\"isPartOf\":{\"@id\":\"https:\/\/conexion23.com\/#website\"},\"primaryImageOfPage\":{\"@id\":\"https:\/\/conexion23.com\/?p=21697#primaryimage\"},\"image\":{\"@id\":\"https:\/\/conexion23.com\/?p=21697#primaryimage\"},\"thumbnailUrl\":\"https:\/\/conexion23.com\/wp-content\/uploads\/2023\/10\/6526831cd1795.jpeg\",\"datePublished\":\"2023-10-11T12:12:52+00:00\",\"dateModified\":\"2023-10-11T12:12:54+00:00\",\"breadcrumb\":{\"@id\":\"https:\/\/conexion23.com\/?p=21697#breadcrumb\"},\"inLanguage\":\"es\",\"potentialAction\":[{\"@type\":\"ReadAction\",\"target\":[\"https:\/\/conexion23.com\/?p=21697\"]}]},{\"@type\":\"ImageObject\",\"inLanguage\":\"es\",\"@id\":\"https:\/\/conexion23.com\/?p=21697#primaryimage\",\"url\":\"https:\/\/conexion23.com\/wp-content\/uploads\/2023\/10\/6526831cd1795.jpeg\",\"contentUrl\":\"https:\/\/conexion23.com\/wp-content\/uploads\/2023\/10\/6526831cd1795.jpeg\",\"width\":800,\"height\":533},{\"@type\":\"BreadcrumbList\",\"@id\":\"https:\/\/conexion23.com\/?p=21697#breadcrumb\",\"itemListElement\":[{\"@type\":\"ListItem\",\"position\":1,\"name\":\"Portada\",\"item\":\"https:\/\/conexion23.com\/\"},{\"@type\":\"ListItem\",\"position\":2,\"name\":\"Incendio dentro del mercado fronterizo de Dajab\u00f3n controlado en un 90%.\"}]},{\"@type\":\"WebSite\",\"@id\":\"https:\/\/conexion23.com\/#website\",\"url\":\"https:\/\/conexion23.com\/\",\"name\":\"Conexi\u00f3n 23\",\"description\":\"Peri\u00f3dico 100% Petromacorisano\",\"publisher\":{\"@id\":\"https:\/\/conexion23.com\/#organization\"},\"potentialAction\":[{\"@type\":\"SearchAction\",\"target\":{\"@type\":\"EntryPoint\",\"urlTemplate\":\"https:\/\/conexion23.com\/?s={search_term_string}\"},\"query-input\":{\"@type\":\"PropertyValueSpecification\",\"valueRequired\":true,\"valueName\":\"search_term_string\"}}],\"inLanguage\":\"es\"},{\"@type\":\"Organization\",\"@id\":\"https:\/\/conexion23.com\/#organization\",\"name\":\"Conexion 23\",\"url\":\"https:\/\/conexion23.com\/\",\"logo\":{\"@type\":\"ImageObject\",\"inLanguage\":\"es\",\"@id\":\"https:\/\/conexion23.com\/#\/schema\/logo\/image\/\",\"url\":\"https:\/\/conexion23.com\/wp-content\/uploads\/2021\/11\/Diseno-sin-titulo-2.png\",\"contentUrl\":\"https:\/\/conexion23.com\/wp-content\/uploads\/2021\/11\/Diseno-sin-titulo-2.png\",\"width\":541,\"height\":90,\"caption\":\"Conexion 23\"},\"image\":{\"@id\":\"https:\/\/conexion23.com\/#\/schema\/logo\/image\/\"},\"sameAs\":[\"https:\/\/www.facebook.com\/conexion23com\",\"https:\/\/www.instagram.com\/conexion23com\/\",\"https:\/\/www.youtube.com\/channel\/UCYc7vxxFZMYLIHNsHHxPZ3Q\"]},{\"@type\":\"Person\",\"@id\":\"https:\/\/conexion23.com\/#\/schema\/person\/03e36043331117e97a373299bbcd30a6\",\"name\":\"Raffy Ben\u00edtez\",\"image\":{\"@type\":\"ImageObject\",\"inLanguage\":\"es\",\"@id\":\"https:\/\/conexion23.com\/#\/schema\/person\/image\/\",\"url\":\"https:\/\/secure.gravatar.com\/avatar\/3190a6a6c5e1b0327500f7d6c56b6242472ee6cb974cf09b401ee6b3b0798f23?s=96&d=mm&r=g\",\"contentUrl\":\"https:\/\/secure.gravatar.com\/avatar\/3190a6a6c5e1b0327500f7d6c56b6242472ee6cb974cf09b401ee6b3b0798f23?s=96&d=mm&r=g\",\"caption\":\"Raffy Ben\u00edtez\"},\"url\":\"https:\/\/conexion23.com\/?author=15\"}]}<\/script>\n<!-- \/ Yoast SEO plugin. -->","yoast_head_json":{"title":"Incendio dentro del mercado fronterizo de Dajab\u00f3n controlado en un 90%. - Conexi\u00f3n 23","robots":{"index":"index","follow":"follow","max-snippet":"max-snippet:-1","max-image-preview":"max-image-preview:large","max-video-preview":"max-video-preview:-1"},"canonical":"https:\/\/conexion23.com\/?p=21697","og_locale":"es_ES","og_type":"article","og_title":"Incendio dentro del mercado fronterizo de Dajab\u00f3n controlado en un 90%. - Conexi\u00f3n 23","og_description":"Luego de varias horas unidades de bomberos de varios municipios de&nbsp;Dajab\u00f3n&nbsp;lograron controlar en un 90% un&nbsp;incendio&nbsp;que se inici\u00f3 aproximadamente a las tres y media de esta madrugada dentro del&nbsp;mercado fronterizo. En declaraciones a este medio, el encargado del cuerpo de los bomberos de Dajab\u00f3n, Di\u00f3medes D\u00edaz, manifest\u00f3 que el incendio est\u00e1 controlado en un 90% [&hellip;]","og_url":"https:\/\/conexion23.com\/?p=21697","og_site_name":"Conexi\u00f3n 23","article_publisher":"https:\/\/www.facebook.com\/conexion23com","article_published_time":"2023-10-11T12:12:52+00:00","article_modified_time":"2023-10-11T12:12:54+00:00","og_image":[{"width":800,"height":533,"url":"https:\/\/conexion23.com\/wp-content\/uploads\/2023\/10\/6526831cd1795.jpeg","type":"image\/jpeg"}],"author":"Raffy Ben\u00edtez","twitter_card":"summary_large_image","twitter_misc":{"Escrito por":"Raffy Ben\u00edtez","Tiempo de lectura":"2 minutos"},"schema":{"@context":"https:\/\/schema.org","@graph":[{"@type":"Article","@id":"https:\/\/conexion23.com\/?p=21697#article","isPartOf":{"@id":"https:\/\/conexion23.com\/?p=21697"},"author":{"name":"Raffy Ben\u00edtez","@id":"https:\/\/conexion23.com\/#\/schema\/person\/03e36043331117e97a373299bbcd30a6"},"headline":"Incendio dentro del mercado fronterizo de Dajab\u00f3n controlado en un 90%.","datePublished":"2023-10-11T12:12:52+00:00","dateModified":"2023-10-11T12:12:54+00:00","mainEntityOfPage":{"@id":"https:\/\/conexion23.com\/?p=21697"},"wordCount":268,"commentCount":0,"publisher":{"@id":"https:\/\/conexion23.com\/#organization"},"image":{"@id":"https:\/\/conexion23.com\/?p=21697#primaryimage"},"thumbnailUrl":"https:\/\/conexion23.com\/wp-content\/uploads\/2023\/10\/6526831cd1795.jpeg","articleSection":["Uncategorized"],"inLanguage":"es","potentialAction":[{"@type":"CommentAction","name":"Comment","target":["https:\/\/conexion23.com\/?p=21697#respond"]}]},{"@type":"WebPage","@id":"https:\/\/conexion23.com\/?p=21697","url":"https:\/\/conexion23.com\/?p=21697","name":"Incendio dentro del mercado fronterizo de Dajab\u00f3n controlado en un 90%. - Conexi\u00f3n 23","isPartOf":{"@id":"https:\/\/conexion23.com\/#website"},"primaryImageOfPage":{"@id":"https:\/\/conexion23.com\/?p=21697#primaryimage"},"image":{"@id":"https:\/\/conexion23.com\/?p=21697#primaryimage"},"thumbnailUrl":"https:\/\/conexion23.com\/wp-content\/uploads\/2023\/10\/6526831cd1795.jpeg","datePublished":"2023-10-11T12:12:52+00:00","dateModified":"2023-10-11T12:12:54+00:00","breadcrumb":{"@id":"https:\/\/conexion23.com\/?p=21697#breadcrumb"},"inLanguage":"es","potentialAction":[{"@type":"ReadAction","target":["https:\/\/conexion23.com\/?p=21697"]}]},{"@type":"ImageObject","inLanguage":"es","@id":"https:\/\/conexion23.com\/?p=21697#primaryimage","url":"https:\/\/conexion23.com\/wp-content\/uploads\/2023\/10\/6526831cd1795.jpeg","contentUrl":"https:\/\/conexion23.com\/wp-content\/uploads\/2023\/10\/6526831cd1795.jpeg","width":800,"height":533},{"@type":"BreadcrumbList","@id":"https:\/\/conexion23.com\/?p=21697#breadcrumb","itemListElement":[{"@type":"ListItem","position":1,"name":"Portada","item":"https:\/\/conexion23.com\/"},{"@type":"ListItem","position":2,"name":"Incendio dentro del mercado fronterizo de Dajab\u00f3n controlado en un 90%."}]},{"@type":"WebSite","@id":"https:\/\/conexion23.com\/#website","url":"https:\/\/conexion23.com\/","name":"Conexi\u00f3n 23","description":"Peri\u00f3dico 100% Petromacorisano","publisher":{"@id":"https:\/\/conexion23.com\/#organization"},"potentialAction":[{"@type":"SearchAction","target":{"@type":"EntryPoint","urlTemplate":"https:\/\/conexion23.com\/?s={search_term_string}"},"query-input":{"@type":"PropertyValueSpecification","valueRequired":true,"valueName":"search_term_string"}}],"inLanguage":"es"},{"@type":"Organization","@id":"https:\/\/conexion23.com\/#organization","name":"Conexion 23","url":"https:\/\/conexion23.com\/","logo":{"@type":"ImageObject","inLanguage":"es","@id":"https:\/\/conexion23.com\/#\/schema\/logo\/image\/","url":"https:\/\/conexion23.com\/wp-content\/uploads\/2021\/11\/Diseno-sin-titulo-2.png","contentUrl":"https:\/\/conexion23.com\/wp-content\/uploads\/2021\/11\/Diseno-sin-titulo-2.png","width":541,"height":90,"caption":"Conexion 23"},"image":{"@id":"https:\/\/conexion23.com\/#\/schema\/logo\/image\/"},"sameAs":["https:\/\/www.facebook.com\/conexion23com","https:\/\/www.instagram.com\/conexion23com\/","https:\/\/www.youtube.com\/channel\/UCYc7vxxFZMYLIHNsHHxPZ3Q"]},{"@type":"Person","@id":"https:\/\/conexion23.com\/#\/schema\/person\/03e36043331117e97a373299bbcd30a6","name":"Raffy Ben\u00edtez","image":{"@type":"ImageObject","inLanguage":"es","@id":"https:\/\/conexion23.com\/#\/schema\/person\/image\/","url":"https:\/\/secure.gravatar.com\/avatar\/3190a6a6c5e1b0327500f7d6c56b6242472ee6cb974cf09b401ee6b3b0798f23?s=96&d=mm&r=g","contentUrl":"https:\/\/secure.gravatar.com\/avatar\/3190a6a6c5e1b0327500f7d6c56b6242472ee6cb974cf09b401ee6b3b0798f23?s=96&d=mm&r=g","caption":"Raffy Ben\u00edtez"},"url":"https:\/\/conexion23.com\/?author=15"}]}},"_links":{"self":[{"href":"https:\/\/conexion23.com\/index.php?rest_route=\/wp\/v2\/posts\/21697","targetHints":{"allow":["GET"]}}],"collection":[{"href":"https:\/\/conexion23.com\/index.php?rest_route=\/wp\/v2\/posts"}],"about":[{"href":"https:\/\/conexion23.com\/index.php?rest_route=\/wp\/v2\/types\/post"}],"author":[{"embeddable":true,"href":"https:\/\/conexion23.com\/index.php?rest_route=\/wp\/v2\/users\/15"}],"replies":[{"embeddable":true,"href":"https:\/\/conexion23.com\/index.php?rest_route=%2Fwp%2Fv2%2Fcomments&post=21697"}],"version-history":[{"count":1,"href":"https:\/\/conexion23.com\/index.php?rest_route=\/wp\/v2\/posts\/21697\/revisions"}],"predecessor-version":[{"id":21699,"href":"https:\/\/conexion23.com\/index.php?rest_route=\/wp\/v2\/posts\/21697\/revisions\/21699"}],"wp:featuredmedia":[{"embeddable":true,"href":"https:\/\/conexion23.com\/index.php?rest_route=\/wp\/v2\/media\/21698"}],"wp:attachment":[{"href":"https:\/\/conexion23.com\/index.php?rest_route=%2Fwp%2Fv2%2Fmedia&parent=21697"}],"wp:term":[{"taxonomy":"category","embeddable":true,"href":"https:\/\/conexion23.com\/index.php?rest_route=%2Fwp%2Fv2%2Fcategories&post=21697"},{"taxonomy":"post_tag","embeddable":true,"href":"https:\/\/conexion23.com\/index.php?rest_route=%2Fwp%2Fv2%2Ftags&post=21697"}],"curies":[{"name":"wp","href":"https:\/\/api.w.org\/{rel}","templated":true}]}}