{"id":21700,"date":"2023-10-11T08:14:26","date_gmt":"2023-10-11T12:14:26","guid":{"rendered":"https:\/\/conexion23.com\/?p=21700"},"modified":"2023-10-11T08:14:28","modified_gmt":"2023-10-11T12:14:28","slug":"el-papa-francisco-pide-la-liberacion-inmediata-de-rehenes-en-el-conflicto-entre-israel-y-hamas","status":"publish","type":"post","link":"https:\/\/conexion23.com\/?p=21700","title":{"rendered":"El papa Francisco pide la liberaci\u00f3n \u00abinmediata\u00bb de rehenes en el conflicto entre Israel y Ham\u00e1s."},"content":{"rendered":"\n<p>El papa Francisco pidi\u00f3 este mi\u00e9rcoles la liberaci\u00f3n \u00abinmediata\u00bb de los rehenes capturados en Israel por el&nbsp;<strong>movimiento islamista palestino Ham\u00e1s<\/strong>, y se dijo \u00abmuy preocupado\u00bb por el asedio israel\u00ed de la Franja de Gaza.<\/p>\n\n\n\n<p>\u00abPido que los rehenes sean liberados de inmediato (&#8230;) Quienes han sido atacados tienen derecho a defenderse, pero estoy muy preocupado por el asedio total en el que viven los palestinos de Gaza, donde hay tambi\u00e9n muchas v\u00edctimas inocentes\u00bb, declar\u00f3 el pont\u00edfice tras su audiencia general semanal en el Vaticano.<\/p>\n\n\n\n<p>\u00abEl&nbsp;<strong>terrorismo&nbsp;<\/strong>y los&nbsp;<strong>extremismos&nbsp;<\/strong>no contribuyen a lograr una soluci\u00f3n al conflicto entre israel\u00edes y palestinos, sino que alimentan el odio, la violencia y la venganza, y hacen sufrir a unos y otros\u00bb, destac\u00f3 el jesuita argentino ante los fieles de varios pa\u00edses.<\/p>\n","protected":false},"excerpt":{"rendered":"<p>El papa Francisco pidi\u00f3 este mi\u00e9rcoles la liberaci\u00f3n \u00abinmediata\u00bb de los rehenes capturados en Israel por el&nbsp;movimiento islamista palestino Ham\u00e1s, y se dijo \u00abmuy preocupado\u00bb por el asedio israel\u00ed de la Franja de Gaza. \u00abPido que los rehenes sean liberados de inmediato (&#8230;) Quienes han sido atacados tienen derecho a defenderse, pero estoy muy preocupado [&hellip;]<\/p>\n","protected":false},"author":15,"featured_media":21701,"comment_status":"open","ping_status":"open","sticky":false,"template":"","format":"standard","meta":{"footnotes":""},"categories":[1],"tags":[],"class_list":{"0":"post-21700","1":"post","2":"type-post","3":"status-publish","4":"format-standard","5":"has-post-thumbnail","7":"category-uncategorized"},"yoast_head":"<!-- This site is optimized with the Yoast SEO plugin v27.1.1 - https:\/\/yoast.com\/product\/yoast-seo-wordpress\/ -->\n<title>El papa Francisco pide la liberaci\u00f3n &quot;inmediata&quot; de rehenes en el conflicto entre Israel y Ham\u00e1s. - Conexi\u00f3n 23<\/title>\n<meta name=\"robots\" content=\"index, follow, max-snippet:-1, max-image-preview:large, max-video-preview:-1\" \/>\n<link rel=\"canonical\" href=\"https:\/\/conexion23.com\/?p=21700\" \/>\n<meta property=\"og:locale\" content=\"es_ES\" \/>\n<meta property=\"og:type\" content=\"article\" \/>\n<meta property=\"og:title\" content=\"El papa Francisco pide la liberaci\u00f3n &quot;inmediata&quot; de rehenes en el conflicto entre Israel y Ham\u00e1s. - Conexi\u00f3n 23\" \/>\n<meta property=\"og:description\" content=\"El papa Francisco pidi\u00f3 este mi\u00e9rcoles la liberaci\u00f3n \u00abinmediata\u00bb de los rehenes capturados en Israel por el&nbsp;movimiento islamista palestino Ham\u00e1s, y se dijo \u00abmuy preocupado\u00bb por el asedio israel\u00ed de la Franja de Gaza. \u00abPido que los rehenes sean liberados de inmediato (&#8230;) Quienes han sido atacados tienen derecho a defenderse, pero estoy muy preocupado [&hellip;]\" \/>\n<meta property=\"og:url\" content=\"https:\/\/conexion23.com\/?p=21700\" \/>\n<meta property=\"og:site_name\" content=\"Conexi\u00f3n 23\" \/>\n<meta property=\"article:publisher\" content=\"https:\/\/www.facebook.com\/conexion23com\" \/>\n<meta property=\"article:published_time\" content=\"2023-10-11T12:14:26+00:00\" \/>\n<meta property=\"article:modified_time\" content=\"2023-10-11T12:14:28+00:00\" \/>\n<meta property=\"og:image\" content=\"https:\/\/conexion23.com\/wp-content\/uploads\/2023\/10\/65268e0474e9f.jpeg\" \/>\n\t<meta property=\"og:image:width\" content=\"800\" \/>\n\t<meta property=\"og:image:height\" content=\"591\" \/>\n\t<meta property=\"og:image:type\" content=\"image\/jpeg\" \/>\n<meta name=\"author\" content=\"Raffy Ben\u00edtez\" \/>\n<meta name=\"twitter:card\" content=\"summary_large_image\" \/>\n<meta name=\"twitter:label1\" content=\"Escrito por\" \/>\n\t<meta name=\"twitter:data1\" content=\"Raffy Ben\u00edtez\" \/>\n\t<meta name=\"twitter:label2\" content=\"Tiempo de lectura\" \/>\n\t<meta name=\"twitter:data2\" content=\"1 minuto\" \/>\n<script type=\"application\/ld+json\" class=\"yoast-schema-graph\">{\"@context\":\"https:\/\/schema.org\",\"@graph\":[{\"@type\":\"Article\",\"@id\":\"https:\/\/conexion23.com\/?p=21700#article\",\"isPartOf\":{\"@id\":\"https:\/\/conexion23.com\/?p=21700\"},\"author\":{\"name\":\"Raffy Ben\u00edtez\",\"@id\":\"https:\/\/conexion23.com\/#\/schema\/person\/03e36043331117e97a373299bbcd30a6\"},\"headline\":\"El papa Francisco pide la liberaci\u00f3n \u00abinmediata\u00bb de rehenes en el conflicto entre Israel y Ham\u00e1s.\",\"datePublished\":\"2023-10-11T12:14:26+00:00\",\"dateModified\":\"2023-10-11T12:14:28+00:00\",\"mainEntityOfPage\":{\"@id\":\"https:\/\/conexion23.com\/?p=21700\"},\"wordCount\":160,\"commentCount\":0,\"publisher\":{\"@id\":\"https:\/\/conexion23.com\/#organization\"},\"image\":{\"@id\":\"https:\/\/conexion23.com\/?p=21700#primaryimage\"},\"thumbnailUrl\":\"https:\/\/conexion23.com\/wp-content\/uploads\/2023\/10\/65268e0474e9f.jpeg\",\"articleSection\":[\"Uncategorized\"],\"inLanguage\":\"es\",\"potentialAction\":[{\"@type\":\"CommentAction\",\"name\":\"Comment\",\"target\":[\"https:\/\/conexion23.com\/?p=21700#respond\"]}]},{\"@type\":\"WebPage\",\"@id\":\"https:\/\/conexion23.com\/?p=21700\",\"url\":\"https:\/\/conexion23.com\/?p=21700\",\"name\":\"El papa Francisco pide la liberaci\u00f3n \\\"inmediata\\\" de rehenes en el conflicto entre Israel y Ham\u00e1s. - Conexi\u00f3n 23\",\"isPartOf\":{\"@id\":\"https:\/\/conexion23.com\/#website\"},\"primaryImageOfPage\":{\"@id\":\"https:\/\/conexion23.com\/?p=21700#primaryimage\"},\"image\":{\"@id\":\"https:\/\/conexion23.com\/?p=21700#primaryimage\"},\"thumbnailUrl\":\"https:\/\/conexion23.com\/wp-content\/uploads\/2023\/10\/65268e0474e9f.jpeg\",\"datePublished\":\"2023-10-11T12:14:26+00:00\",\"dateModified\":\"2023-10-11T12:14:28+00:00\",\"breadcrumb\":{\"@id\":\"https:\/\/conexion23.com\/?p=21700#breadcrumb\"},\"inLanguage\":\"es\",\"potentialAction\":[{\"@type\":\"ReadAction\",\"target\":[\"https:\/\/conexion23.com\/?p=21700\"]}]},{\"@type\":\"ImageObject\",\"inLanguage\":\"es\",\"@id\":\"https:\/\/conexion23.com\/?p=21700#primaryimage\",\"url\":\"https:\/\/conexion23.com\/wp-content\/uploads\/2023\/10\/65268e0474e9f.jpeg\",\"contentUrl\":\"https:\/\/conexion23.com\/wp-content\/uploads\/2023\/10\/65268e0474e9f.jpeg\",\"width\":800,\"height\":591},{\"@type\":\"BreadcrumbList\",\"@id\":\"https:\/\/conexion23.com\/?p=21700#breadcrumb\",\"itemListElement\":[{\"@type\":\"ListItem\",\"position\":1,\"name\":\"Portada\",\"item\":\"https:\/\/conexion23.com\/\"},{\"@type\":\"ListItem\",\"position\":2,\"name\":\"El papa Francisco pide la liberaci\u00f3n \u00abinmediata\u00bb de rehenes en el conflicto entre Israel y Ham\u00e1s.\"}]},{\"@type\":\"WebSite\",\"@id\":\"https:\/\/conexion23.com\/#website\",\"url\":\"https:\/\/conexion23.com\/\",\"name\":\"Conexi\u00f3n 23\",\"description\":\"Peri\u00f3dico 100% Petromacorisano\",\"publisher\":{\"@id\":\"https:\/\/conexion23.com\/#organization\"},\"potentialAction\":[{\"@type\":\"SearchAction\",\"target\":{\"@type\":\"EntryPoint\",\"urlTemplate\":\"https:\/\/conexion23.com\/?s={search_term_string}\"},\"query-input\":{\"@type\":\"PropertyValueSpecification\",\"valueRequired\":true,\"valueName\":\"search_term_string\"}}],\"inLanguage\":\"es\"},{\"@type\":\"Organization\",\"@id\":\"https:\/\/conexion23.com\/#organization\",\"name\":\"Conexion 23\",\"url\":\"https:\/\/conexion23.com\/\",\"logo\":{\"@type\":\"ImageObject\",\"inLanguage\":\"es\",\"@id\":\"https:\/\/conexion23.com\/#\/schema\/logo\/image\/\",\"url\":\"https:\/\/conexion23.com\/wp-content\/uploads\/2021\/11\/Diseno-sin-titulo-2.png\",\"contentUrl\":\"https:\/\/conexion23.com\/wp-content\/uploads\/2021\/11\/Diseno-sin-titulo-2.png\",\"width\":541,\"height\":90,\"caption\":\"Conexion 23\"},\"image\":{\"@id\":\"https:\/\/conexion23.com\/#\/schema\/logo\/image\/\"},\"sameAs\":[\"https:\/\/www.facebook.com\/conexion23com\",\"https:\/\/www.instagram.com\/conexion23com\/\",\"https:\/\/www.youtube.com\/channel\/UCYc7vxxFZMYLIHNsHHxPZ3Q\"]},{\"@type\":\"Person\",\"@id\":\"https:\/\/conexion23.com\/#\/schema\/person\/03e36043331117e97a373299bbcd30a6\",\"name\":\"Raffy Ben\u00edtez\",\"image\":{\"@type\":\"ImageObject\",\"inLanguage\":\"es\",\"@id\":\"https:\/\/conexion23.com\/#\/schema\/person\/image\/\",\"url\":\"https:\/\/secure.gravatar.com\/avatar\/3190a6a6c5e1b0327500f7d6c56b6242472ee6cb974cf09b401ee6b3b0798f23?s=96&d=mm&r=g\",\"contentUrl\":\"https:\/\/secure.gravatar.com\/avatar\/3190a6a6c5e1b0327500f7d6c56b6242472ee6cb974cf09b401ee6b3b0798f23?s=96&d=mm&r=g\",\"caption\":\"Raffy Ben\u00edtez\"},\"url\":\"https:\/\/conexion23.com\/?author=15\"}]}<\/script>\n<!-- \/ Yoast SEO plugin. -->","yoast_head_json":{"title":"El papa Francisco pide la liberaci\u00f3n \"inmediata\" de rehenes en el conflicto entre Israel y Ham\u00e1s. - Conexi\u00f3n 23","robots":{"index":"index","follow":"follow","max-snippet":"max-snippet:-1","max-image-preview":"max-image-preview:large","max-video-preview":"max-video-preview:-1"},"canonical":"https:\/\/conexion23.com\/?p=21700","og_locale":"es_ES","og_type":"article","og_title":"El papa Francisco pide la liberaci\u00f3n \"inmediata\" de rehenes en el conflicto entre Israel y Ham\u00e1s. - Conexi\u00f3n 23","og_description":"El papa Francisco pidi\u00f3 este mi\u00e9rcoles la liberaci\u00f3n \u00abinmediata\u00bb de los rehenes capturados en Israel por el&nbsp;movimiento islamista palestino Ham\u00e1s, y se dijo \u00abmuy preocupado\u00bb por el asedio israel\u00ed de la Franja de Gaza. \u00abPido que los rehenes sean liberados de inmediato (&#8230;) Quienes han sido atacados tienen derecho a defenderse, pero estoy muy preocupado [&hellip;]","og_url":"https:\/\/conexion23.com\/?p=21700","og_site_name":"Conexi\u00f3n 23","article_publisher":"https:\/\/www.facebook.com\/conexion23com","article_published_time":"2023-10-11T12:14:26+00:00","article_modified_time":"2023-10-11T12:14:28+00:00","og_image":[{"width":800,"height":591,"url":"https:\/\/conexion23.com\/wp-content\/uploads\/2023\/10\/65268e0474e9f.jpeg","type":"image\/jpeg"}],"author":"Raffy Ben\u00edtez","twitter_card":"summary_large_image","twitter_misc":{"Escrito por":"Raffy Ben\u00edtez","Tiempo de lectura":"1 minuto"},"schema":{"@context":"https:\/\/schema.org","@graph":[{"@type":"Article","@id":"https:\/\/conexion23.com\/?p=21700#article","isPartOf":{"@id":"https:\/\/conexion23.com\/?p=21700"},"author":{"name":"Raffy Ben\u00edtez","@id":"https:\/\/conexion23.com\/#\/schema\/person\/03e36043331117e97a373299bbcd30a6"},"headline":"El papa Francisco pide la liberaci\u00f3n \u00abinmediata\u00bb de rehenes en el conflicto entre Israel y Ham\u00e1s.","datePublished":"2023-10-11T12:14:26+00:00","dateModified":"2023-10-11T12:14:28+00:00","mainEntityOfPage":{"@id":"https:\/\/conexion23.com\/?p=21700"},"wordCount":160,"commentCount":0,"publisher":{"@id":"https:\/\/conexion23.com\/#organization"},"image":{"@id":"https:\/\/conexion23.com\/?p=21700#primaryimage"},"thumbnailUrl":"https:\/\/conexion23.com\/wp-content\/uploads\/2023\/10\/65268e0474e9f.jpeg","articleSection":["Uncategorized"],"inLanguage":"es","potentialAction":[{"@type":"CommentAction","name":"Comment","target":["https:\/\/conexion23.com\/?p=21700#respond"]}]},{"@type":"WebPage","@id":"https:\/\/conexion23.com\/?p=21700","url":"https:\/\/conexion23.com\/?p=21700","name":"El papa Francisco pide la liberaci\u00f3n \"inmediata\" de rehenes en el conflicto entre Israel y Ham\u00e1s. - Conexi\u00f3n 23","isPartOf":{"@id":"https:\/\/conexion23.com\/#website"},"primaryImageOfPage":{"@id":"https:\/\/conexion23.com\/?p=21700#primaryimage"},"image":{"@id":"https:\/\/conexion23.com\/?p=21700#primaryimage"},"thumbnailUrl":"https:\/\/conexion23.com\/wp-content\/uploads\/2023\/10\/65268e0474e9f.jpeg","datePublished":"2023-10-11T12:14:26+00:00","dateModified":"2023-10-11T12:14:28+00:00","breadcrumb":{"@id":"https:\/\/conexion23.com\/?p=21700#breadcrumb"},"inLanguage":"es","potentialAction":[{"@type":"ReadAction","target":["https:\/\/conexion23.com\/?p=21700"]}]},{"@type":"ImageObject","inLanguage":"es","@id":"https:\/\/conexion23.com\/?p=21700#primaryimage","url":"https:\/\/conexion23.com\/wp-content\/uploads\/2023\/10\/65268e0474e9f.jpeg","contentUrl":"https:\/\/conexion23.com\/wp-content\/uploads\/2023\/10\/65268e0474e9f.jpeg","width":800,"height":591},{"@type":"BreadcrumbList","@id":"https:\/\/conexion23.com\/?p=21700#breadcrumb","itemListElement":[{"@type":"ListItem","position":1,"name":"Portada","item":"https:\/\/conexion23.com\/"},{"@type":"ListItem","position":2,"name":"El papa Francisco pide la liberaci\u00f3n \u00abinmediata\u00bb de rehenes en el conflicto entre Israel y Ham\u00e1s."}]},{"@type":"WebSite","@id":"https:\/\/conexion23.com\/#website","url":"https:\/\/conexion23.com\/","name":"Conexi\u00f3n 23","description":"Peri\u00f3dico 100% Petromacorisano","publisher":{"@id":"https:\/\/conexion23.com\/#organization"},"potentialAction":[{"@type":"SearchAction","target":{"@type":"EntryPoint","urlTemplate":"https:\/\/conexion23.com\/?s={search_term_string}"},"query-input":{"@type":"PropertyValueSpecification","valueRequired":true,"valueName":"search_term_string"}}],"inLanguage":"es"},{"@type":"Organization","@id":"https:\/\/conexion23.com\/#organization","name":"Conexion 23","url":"https:\/\/conexion23.com\/","logo":{"@type":"ImageObject","inLanguage":"es","@id":"https:\/\/conexion23.com\/#\/schema\/logo\/image\/","url":"https:\/\/conexion23.com\/wp-content\/uploads\/2021\/11\/Diseno-sin-titulo-2.png","contentUrl":"https:\/\/conexion23.com\/wp-content\/uploads\/2021\/11\/Diseno-sin-titulo-2.png","width":541,"height":90,"caption":"Conexion 23"},"image":{"@id":"https:\/\/conexion23.com\/#\/schema\/logo\/image\/"},"sameAs":["https:\/\/www.facebook.com\/conexion23com","https:\/\/www.instagram.com\/conexion23com\/","https:\/\/www.youtube.com\/channel\/UCYc7vxxFZMYLIHNsHHxPZ3Q"]},{"@type":"Person","@id":"https:\/\/conexion23.com\/#\/schema\/person\/03e36043331117e97a373299bbcd30a6","name":"Raffy Ben\u00edtez","image":{"@type":"ImageObject","inLanguage":"es","@id":"https:\/\/conexion23.com\/#\/schema\/person\/image\/","url":"https:\/\/secure.gravatar.com\/avatar\/3190a6a6c5e1b0327500f7d6c56b6242472ee6cb974cf09b401ee6b3b0798f23?s=96&d=mm&r=g","contentUrl":"https:\/\/secure.gravatar.com\/avatar\/3190a6a6c5e1b0327500f7d6c56b6242472ee6cb974cf09b401ee6b3b0798f23?s=96&d=mm&r=g","caption":"Raffy Ben\u00edtez"},"url":"https:\/\/conexion23.com\/?author=15"}]}},"_links":{"self":[{"href":"https:\/\/conexion23.com\/index.php?rest_route=\/wp\/v2\/posts\/21700","targetHints":{"allow":["GET"]}}],"collection":[{"href":"https:\/\/conexion23.com\/index.php?rest_route=\/wp\/v2\/posts"}],"about":[{"href":"https:\/\/conexion23.com\/index.php?rest_route=\/wp\/v2\/types\/post"}],"author":[{"embeddable":true,"href":"https:\/\/conexion23.com\/index.php?rest_route=\/wp\/v2\/users\/15"}],"replies":[{"embeddable":true,"href":"https:\/\/conexion23.com\/index.php?rest_route=%2Fwp%2Fv2%2Fcomments&post=21700"}],"version-history":[{"count":1,"href":"https:\/\/conexion23.com\/index.php?rest_route=\/wp\/v2\/posts\/21700\/revisions"}],"predecessor-version":[{"id":21702,"href":"https:\/\/conexion23.com\/index.php?rest_route=\/wp\/v2\/posts\/21700\/revisions\/21702"}],"wp:featuredmedia":[{"embeddable":true,"href":"https:\/\/conexion23.com\/index.php?rest_route=\/wp\/v2\/media\/21701"}],"wp:attachment":[{"href":"https:\/\/conexion23.com\/index.php?rest_route=%2Fwp%2Fv2%2Fmedia&parent=21700"}],"wp:term":[{"taxonomy":"category","embeddable":true,"href":"https:\/\/conexion23.com\/index.php?rest_route=%2Fwp%2Fv2%2Fcategories&post=21700"},{"taxonomy":"post_tag","embeddable":true,"href":"https:\/\/conexion23.com\/index.php?rest_route=%2Fwp%2Fv2%2Ftags&post=21700"}],"curies":[{"name":"wp","href":"https:\/\/api.w.org\/{rel}","templated":true}]}}