{"id":21814,"date":"2023-10-16T08:31:25","date_gmt":"2023-10-16T12:31:25","guid":{"rendered":"https:\/\/conexion23.com\/?p=21814"},"modified":"2023-10-16T08:31:28","modified_gmt":"2023-10-16T12:31:28","slug":"tekashi-6ix9ine-detenido-en-la-vega-enfrentara-a-la-justicia-por-agresion-a-productores-musicales","status":"publish","type":"post","link":"https:\/\/conexion23.com\/?p=21814","title":{"rendered":"Tekashi 6ix9ine detenido en La Vega: Enfrentar\u00e1 a la Justicia por agresi\u00f3n a productores musicales"},"content":{"rendered":"\n<p>En una operaci\u00f3n que involucr\u00f3 a numerosos agentes policiales, Daniel Hern\u00e1ndez, conocido como \u00ab<a href=\"https:\/\/www.instagram.com\/6ix9ine\/\" target=\"_blank\" rel=\"noreferrer noopener\">Tekashi 6ix9ine<\/a>\u00ab, lleg\u00f3 a la Direcci\u00f3n Regional en La Vega de la Polic\u00eda Nacional a las 1:25 a. m.<\/p>\n\n\n\n<p>El artista urbano hab\u00eda sido capturado por las autoridades judiciales y policiales el pasado domingo en un hotel de Saman\u00e1, donde se encontraba escondido despu\u00e9s de un presunto altercado en el que se le acusa de agredir a dos productores musicales locales.<\/p>\n\n\n\n<p>La detenci\u00f3n de Tekashi se realiz\u00f3 en respuesta a una orden de arresto emitida por las autoridades, quienes lo consideraban un fugitivo buscado activamente por las graves acusaciones en su contra.<\/p>\n\n\n\n<p>La Fiscal\u00eda de La Vega ha solicitado medidas de coerci\u00f3n ante la oficina de atenci\u00f3n permanente debido a la presunta agresi\u00f3n a los productores musicales, que incluyen a la pareja sentimental del artista, la cantante Yailin, conocida como \u00abLa m\u00e1s viral\u00bb.<\/p>\n\n\n\n<p>En una entrevista con los medios,&nbsp;<a href=\"https:\/\/deultimominuto.net\/diamond-la-mafia-si-me-pasa-algo-el-tekashi-es-el-responsable\/\" target=\"_blank\" rel=\"noreferrer noopener\">el productor Diamond La Mafia<\/a>&nbsp;enfatiz\u00f3 que su participaci\u00f3n en este proceso no busca beneficios econ\u00f3micos, sino que tiene como objetivo establecer un importante precedente en este caso.<\/p>\n\n\n\n<p>Esta detenci\u00f3n ha generado un gran inter\u00e9s en la comunidad musical y legal, y continuaremos brindando actualizaciones a medida que se desarrollen los acontecimientos.<\/p>\n\n\n\n<blockquote class=\"wp-block-quote is-layout-flow wp-block-quote-is-layout-flow\">\n<p><a href=\"https:\/\/deultimominuto.net\/abogado-de-tekashi-niega-su-defendido-haya-ofrecido-rd500-mil-a-productores-agredidos\/\">Abogado de Tekashi niega su defendido haya ofrecido RD$500 mil a productores agredido<\/a><\/p>\n<\/blockquote>\n","protected":false},"excerpt":{"rendered":"<p>En una operaci\u00f3n que involucr\u00f3 a numerosos agentes policiales, Daniel Hern\u00e1ndez, conocido como \u00abTekashi 6ix9ine\u00ab, lleg\u00f3 a la Direcci\u00f3n Regional en La Vega de la Polic\u00eda Nacional a las 1:25 a. m. El artista urbano hab\u00eda sido capturado por las autoridades judiciales y policiales el pasado domingo en un hotel de Saman\u00e1, donde se encontraba [&hellip;]<\/p>\n","protected":false},"author":7,"featured_media":21786,"comment_status":"open","ping_status":"open","sticky":false,"template":"","format":"standard","meta":{"footnotes":""},"categories":[1],"tags":[1396,851,3422],"class_list":{"0":"post-21814","1":"post","2":"type-post","3":"status-publish","4":"format-standard","5":"has-post-thumbnail","7":"category-uncategorized","8":"tag-lavega","9":"tag-republicadominicana","10":"tag-tekashi"},"yoast_head":"<!-- This site is optimized with the Yoast SEO plugin v27.1.1 - https:\/\/yoast.com\/product\/yoast-seo-wordpress\/ -->\n<title>Tekashi 6ix9ine detenido en La Vega: Enfrentar\u00e1 a la Justicia por agresi\u00f3n a productores musicales - Conexi\u00f3n 23<\/title>\n<meta name=\"description\" content=\"En una operaci\u00f3n que involucr\u00f3 a numerosos agentes policiales, Daniel Hern\u00e1ndez, conocido como \u00abTekashi 6ix9ine\u00ab, lleg\u00f3 a la Direcci\u00f3n Regional en La Vega de la Polic\u00eda Nacional a las 1:25 a. m.\" \/>\n<meta name=\"robots\" content=\"index, follow, max-snippet:-1, max-image-preview:large, max-video-preview:-1\" \/>\n<link rel=\"canonical\" href=\"https:\/\/conexion23.com\/?p=21814\" \/>\n<meta property=\"og:locale\" content=\"es_ES\" \/>\n<meta property=\"og:type\" content=\"article\" \/>\n<meta property=\"og:title\" content=\"Tekashi 6ix9ine detenido en La Vega: Enfrentar\u00e1 a la Justicia por agresi\u00f3n a productores musicales - Conexi\u00f3n 23\" \/>\n<meta property=\"og:description\" content=\"En una operaci\u00f3n que involucr\u00f3 a numerosos agentes policiales, Daniel Hern\u00e1ndez, conocido como \u00abTekashi 6ix9ine\u00ab, lleg\u00f3 a la Direcci\u00f3n Regional en La Vega de la Polic\u00eda Nacional a las 1:25 a. m.\" \/>\n<meta property=\"og:url\" content=\"https:\/\/conexion23.com\/?p=21814\" \/>\n<meta property=\"og:site_name\" content=\"Conexi\u00f3n 23\" \/>\n<meta property=\"article:publisher\" content=\"https:\/\/www.facebook.com\/conexion23com\" \/>\n<meta property=\"article:published_time\" content=\"2023-10-16T12:31:25+00:00\" \/>\n<meta property=\"article:modified_time\" content=\"2023-10-16T12:31:28+00:00\" \/>\n<meta property=\"og:image\" content=\"https:\/\/conexion23.com\/wp-content\/uploads\/2023\/10\/6ix9ine-1-1024x537-1.jpg\" \/>\n\t<meta property=\"og:image:width\" content=\"1024\" \/>\n\t<meta property=\"og:image:height\" content=\"537\" \/>\n\t<meta property=\"og:image:type\" content=\"image\/jpeg\" \/>\n<meta name=\"author\" content=\"Benjam\u00edn Rosario\" \/>\n<meta name=\"twitter:card\" content=\"summary_large_image\" \/>\n<meta name=\"twitter:label1\" content=\"Escrito por\" \/>\n\t<meta name=\"twitter:data1\" content=\"Benjam\u00edn Rosario\" \/>\n\t<meta name=\"twitter:label2\" content=\"Tiempo de lectura\" \/>\n\t<meta name=\"twitter:data2\" content=\"1 minuto\" \/>\n<script type=\"application\/ld+json\" class=\"yoast-schema-graph\">{\"@context\":\"https:\/\/schema.org\",\"@graph\":[{\"@type\":\"Article\",\"@id\":\"https:\/\/conexion23.com\/?p=21814#article\",\"isPartOf\":{\"@id\":\"https:\/\/conexion23.com\/?p=21814\"},\"author\":{\"name\":\"Benjam\u00edn Rosario\",\"@id\":\"https:\/\/conexion23.com\/#\/schema\/person\/c0b7ce1f0e7a915d08fa289072b8353a\"},\"headline\":\"Tekashi 6ix9ine detenido en La Vega: Enfrentar\u00e1 a la Justicia por agresi\u00f3n a productores musicales\",\"datePublished\":\"2023-10-16T12:31:25+00:00\",\"dateModified\":\"2023-10-16T12:31:28+00:00\",\"mainEntityOfPage\":{\"@id\":\"https:\/\/conexion23.com\/?p=21814\"},\"wordCount\":252,\"commentCount\":0,\"publisher\":{\"@id\":\"https:\/\/conexion23.com\/#organization\"},\"image\":{\"@id\":\"https:\/\/conexion23.com\/?p=21814#primaryimage\"},\"thumbnailUrl\":\"https:\/\/conexion23.com\/wp-content\/uploads\/2023\/10\/6ix9ine-1-1024x537-1.jpg\",\"keywords\":[\"lavega\",\"republicadominicana\",\"tekashi\"],\"articleSection\":[\"Uncategorized\"],\"inLanguage\":\"es\",\"potentialAction\":[{\"@type\":\"CommentAction\",\"name\":\"Comment\",\"target\":[\"https:\/\/conexion23.com\/?p=21814#respond\"]}]},{\"@type\":\"WebPage\",\"@id\":\"https:\/\/conexion23.com\/?p=21814\",\"url\":\"https:\/\/conexion23.com\/?p=21814\",\"name\":\"Tekashi 6ix9ine detenido en La Vega: Enfrentar\u00e1 a la Justicia por agresi\u00f3n a productores musicales - Conexi\u00f3n 23\",\"isPartOf\":{\"@id\":\"https:\/\/conexion23.com\/#website\"},\"primaryImageOfPage\":{\"@id\":\"https:\/\/conexion23.com\/?p=21814#primaryimage\"},\"image\":{\"@id\":\"https:\/\/conexion23.com\/?p=21814#primaryimage\"},\"thumbnailUrl\":\"https:\/\/conexion23.com\/wp-content\/uploads\/2023\/10\/6ix9ine-1-1024x537-1.jpg\",\"datePublished\":\"2023-10-16T12:31:25+00:00\",\"dateModified\":\"2023-10-16T12:31:28+00:00\",\"description\":\"En una operaci\u00f3n que involucr\u00f3 a numerosos agentes policiales, Daniel Hern\u00e1ndez, conocido como \u00abTekashi 6ix9ine\u00ab, lleg\u00f3 a la Direcci\u00f3n Regional en La Vega de la Polic\u00eda Nacional a las 1:25 a. m.\",\"breadcrumb\":{\"@id\":\"https:\/\/conexion23.com\/?p=21814#breadcrumb\"},\"inLanguage\":\"es\",\"potentialAction\":[{\"@type\":\"ReadAction\",\"target\":[\"https:\/\/conexion23.com\/?p=21814\"]}]},{\"@type\":\"ImageObject\",\"inLanguage\":\"es\",\"@id\":\"https:\/\/conexion23.com\/?p=21814#primaryimage\",\"url\":\"https:\/\/conexion23.com\/wp-content\/uploads\/2023\/10\/6ix9ine-1-1024x537-1.jpg\",\"contentUrl\":\"https:\/\/conexion23.com\/wp-content\/uploads\/2023\/10\/6ix9ine-1-1024x537-1.jpg\",\"width\":1024,\"height\":537},{\"@type\":\"BreadcrumbList\",\"@id\":\"https:\/\/conexion23.com\/?p=21814#breadcrumb\",\"itemListElement\":[{\"@type\":\"ListItem\",\"position\":1,\"name\":\"Portada\",\"item\":\"https:\/\/conexion23.com\/\"},{\"@type\":\"ListItem\",\"position\":2,\"name\":\"Tekashi 6ix9ine detenido en La Vega: Enfrentar\u00e1 a la Justicia por agresi\u00f3n a productores musicales\"}]},{\"@type\":\"WebSite\",\"@id\":\"https:\/\/conexion23.com\/#website\",\"url\":\"https:\/\/conexion23.com\/\",\"name\":\"Conexi\u00f3n 23\",\"description\":\"Peri\u00f3dico 100% Petromacorisano\",\"publisher\":{\"@id\":\"https:\/\/conexion23.com\/#organization\"},\"potentialAction\":[{\"@type\":\"SearchAction\",\"target\":{\"@type\":\"EntryPoint\",\"urlTemplate\":\"https:\/\/conexion23.com\/?s={search_term_string}\"},\"query-input\":{\"@type\":\"PropertyValueSpecification\",\"valueRequired\":true,\"valueName\":\"search_term_string\"}}],\"inLanguage\":\"es\"},{\"@type\":\"Organization\",\"@id\":\"https:\/\/conexion23.com\/#organization\",\"name\":\"Conexion 23\",\"url\":\"https:\/\/conexion23.com\/\",\"logo\":{\"@type\":\"ImageObject\",\"inLanguage\":\"es\",\"@id\":\"https:\/\/conexion23.com\/#\/schema\/logo\/image\/\",\"url\":\"https:\/\/conexion23.com\/wp-content\/uploads\/2021\/11\/Diseno-sin-titulo-2.png\",\"contentUrl\":\"https:\/\/conexion23.com\/wp-content\/uploads\/2021\/11\/Diseno-sin-titulo-2.png\",\"width\":541,\"height\":90,\"caption\":\"Conexion 23\"},\"image\":{\"@id\":\"https:\/\/conexion23.com\/#\/schema\/logo\/image\/\"},\"sameAs\":[\"https:\/\/www.facebook.com\/conexion23com\",\"https:\/\/www.instagram.com\/conexion23com\/\",\"https:\/\/www.youtube.com\/channel\/UCYc7vxxFZMYLIHNsHHxPZ3Q\"]},{\"@type\":\"Person\",\"@id\":\"https:\/\/conexion23.com\/#\/schema\/person\/c0b7ce1f0e7a915d08fa289072b8353a\",\"name\":\"Benjam\u00edn Rosario\",\"image\":{\"@type\":\"ImageObject\",\"inLanguage\":\"es\",\"@id\":\"https:\/\/conexion23.com\/#\/schema\/person\/image\/\",\"url\":\"https:\/\/secure.gravatar.com\/avatar\/62e1b2539b49cdeb50ee302e2a5f2bd31dc7fdba412bbac67e2a2a6e0c89bb2a?s=96&d=mm&r=g\",\"contentUrl\":\"https:\/\/secure.gravatar.com\/avatar\/62e1b2539b49cdeb50ee302e2a5f2bd31dc7fdba412bbac67e2a2a6e0c89bb2a?s=96&d=mm&r=g\",\"caption\":\"Benjam\u00edn Rosario\"},\"url\":\"https:\/\/conexion23.com\/?author=7\"}]}<\/script>\n<!-- \/ Yoast SEO plugin. -->","yoast_head_json":{"title":"Tekashi 6ix9ine detenido en La Vega: Enfrentar\u00e1 a la Justicia por agresi\u00f3n a productores musicales - Conexi\u00f3n 23","description":"En una operaci\u00f3n que involucr\u00f3 a numerosos agentes policiales, Daniel Hern\u00e1ndez, conocido como \u00abTekashi 6ix9ine\u00ab, lleg\u00f3 a la Direcci\u00f3n Regional en La Vega de la Polic\u00eda Nacional a las 1:25 a. m.","robots":{"index":"index","follow":"follow","max-snippet":"max-snippet:-1","max-image-preview":"max-image-preview:large","max-video-preview":"max-video-preview:-1"},"canonical":"https:\/\/conexion23.com\/?p=21814","og_locale":"es_ES","og_type":"article","og_title":"Tekashi 6ix9ine detenido en La Vega: Enfrentar\u00e1 a la Justicia por agresi\u00f3n a productores musicales - Conexi\u00f3n 23","og_description":"En una operaci\u00f3n que involucr\u00f3 a numerosos agentes policiales, Daniel Hern\u00e1ndez, conocido como \u00abTekashi 6ix9ine\u00ab, lleg\u00f3 a la Direcci\u00f3n Regional en La Vega de la Polic\u00eda Nacional a las 1:25 a. m.","og_url":"https:\/\/conexion23.com\/?p=21814","og_site_name":"Conexi\u00f3n 23","article_publisher":"https:\/\/www.facebook.com\/conexion23com","article_published_time":"2023-10-16T12:31:25+00:00","article_modified_time":"2023-10-16T12:31:28+00:00","og_image":[{"width":1024,"height":537,"url":"https:\/\/conexion23.com\/wp-content\/uploads\/2023\/10\/6ix9ine-1-1024x537-1.jpg","type":"image\/jpeg"}],"author":"Benjam\u00edn Rosario","twitter_card":"summary_large_image","twitter_misc":{"Escrito por":"Benjam\u00edn Rosario","Tiempo de lectura":"1 minuto"},"schema":{"@context":"https:\/\/schema.org","@graph":[{"@type":"Article","@id":"https:\/\/conexion23.com\/?p=21814#article","isPartOf":{"@id":"https:\/\/conexion23.com\/?p=21814"},"author":{"name":"Benjam\u00edn Rosario","@id":"https:\/\/conexion23.com\/#\/schema\/person\/c0b7ce1f0e7a915d08fa289072b8353a"},"headline":"Tekashi 6ix9ine detenido en La Vega: Enfrentar\u00e1 a la Justicia por agresi\u00f3n a productores musicales","datePublished":"2023-10-16T12:31:25+00:00","dateModified":"2023-10-16T12:31:28+00:00","mainEntityOfPage":{"@id":"https:\/\/conexion23.com\/?p=21814"},"wordCount":252,"commentCount":0,"publisher":{"@id":"https:\/\/conexion23.com\/#organization"},"image":{"@id":"https:\/\/conexion23.com\/?p=21814#primaryimage"},"thumbnailUrl":"https:\/\/conexion23.com\/wp-content\/uploads\/2023\/10\/6ix9ine-1-1024x537-1.jpg","keywords":["lavega","republicadominicana","tekashi"],"articleSection":["Uncategorized"],"inLanguage":"es","potentialAction":[{"@type":"CommentAction","name":"Comment","target":["https:\/\/conexion23.com\/?p=21814#respond"]}]},{"@type":"WebPage","@id":"https:\/\/conexion23.com\/?p=21814","url":"https:\/\/conexion23.com\/?p=21814","name":"Tekashi 6ix9ine detenido en La Vega: Enfrentar\u00e1 a la Justicia por agresi\u00f3n a productores musicales - Conexi\u00f3n 23","isPartOf":{"@id":"https:\/\/conexion23.com\/#website"},"primaryImageOfPage":{"@id":"https:\/\/conexion23.com\/?p=21814#primaryimage"},"image":{"@id":"https:\/\/conexion23.com\/?p=21814#primaryimage"},"thumbnailUrl":"https:\/\/conexion23.com\/wp-content\/uploads\/2023\/10\/6ix9ine-1-1024x537-1.jpg","datePublished":"2023-10-16T12:31:25+00:00","dateModified":"2023-10-16T12:31:28+00:00","description":"En una operaci\u00f3n que involucr\u00f3 a numerosos agentes policiales, Daniel Hern\u00e1ndez, conocido como \u00abTekashi 6ix9ine\u00ab, lleg\u00f3 a la Direcci\u00f3n Regional en La Vega de la Polic\u00eda Nacional a las 1:25 a. m.","breadcrumb":{"@id":"https:\/\/conexion23.com\/?p=21814#breadcrumb"},"inLanguage":"es","potentialAction":[{"@type":"ReadAction","target":["https:\/\/conexion23.com\/?p=21814"]}]},{"@type":"ImageObject","inLanguage":"es","@id":"https:\/\/conexion23.com\/?p=21814#primaryimage","url":"https:\/\/conexion23.com\/wp-content\/uploads\/2023\/10\/6ix9ine-1-1024x537-1.jpg","contentUrl":"https:\/\/conexion23.com\/wp-content\/uploads\/2023\/10\/6ix9ine-1-1024x537-1.jpg","width":1024,"height":537},{"@type":"BreadcrumbList","@id":"https:\/\/conexion23.com\/?p=21814#breadcrumb","itemListElement":[{"@type":"ListItem","position":1,"name":"Portada","item":"https:\/\/conexion23.com\/"},{"@type":"ListItem","position":2,"name":"Tekashi 6ix9ine detenido en La Vega: Enfrentar\u00e1 a la Justicia por agresi\u00f3n a productores musicales"}]},{"@type":"WebSite","@id":"https:\/\/conexion23.com\/#website","url":"https:\/\/conexion23.com\/","name":"Conexi\u00f3n 23","description":"Peri\u00f3dico 100% Petromacorisano","publisher":{"@id":"https:\/\/conexion23.com\/#organization"},"potentialAction":[{"@type":"SearchAction","target":{"@type":"EntryPoint","urlTemplate":"https:\/\/conexion23.com\/?s={search_term_string}"},"query-input":{"@type":"PropertyValueSpecification","valueRequired":true,"valueName":"search_term_string"}}],"inLanguage":"es"},{"@type":"Organization","@id":"https:\/\/conexion23.com\/#organization","name":"Conexion 23","url":"https:\/\/conexion23.com\/","logo":{"@type":"ImageObject","inLanguage":"es","@id":"https:\/\/conexion23.com\/#\/schema\/logo\/image\/","url":"https:\/\/conexion23.com\/wp-content\/uploads\/2021\/11\/Diseno-sin-titulo-2.png","contentUrl":"https:\/\/conexion23.com\/wp-content\/uploads\/2021\/11\/Diseno-sin-titulo-2.png","width":541,"height":90,"caption":"Conexion 23"},"image":{"@id":"https:\/\/conexion23.com\/#\/schema\/logo\/image\/"},"sameAs":["https:\/\/www.facebook.com\/conexion23com","https:\/\/www.instagram.com\/conexion23com\/","https:\/\/www.youtube.com\/channel\/UCYc7vxxFZMYLIHNsHHxPZ3Q"]},{"@type":"Person","@id":"https:\/\/conexion23.com\/#\/schema\/person\/c0b7ce1f0e7a915d08fa289072b8353a","name":"Benjam\u00edn Rosario","image":{"@type":"ImageObject","inLanguage":"es","@id":"https:\/\/conexion23.com\/#\/schema\/person\/image\/","url":"https:\/\/secure.gravatar.com\/avatar\/62e1b2539b49cdeb50ee302e2a5f2bd31dc7fdba412bbac67e2a2a6e0c89bb2a?s=96&d=mm&r=g","contentUrl":"https:\/\/secure.gravatar.com\/avatar\/62e1b2539b49cdeb50ee302e2a5f2bd31dc7fdba412bbac67e2a2a6e0c89bb2a?s=96&d=mm&r=g","caption":"Benjam\u00edn Rosario"},"url":"https:\/\/conexion23.com\/?author=7"}]}},"_links":{"self":[{"href":"https:\/\/conexion23.com\/index.php?rest_route=\/wp\/v2\/posts\/21814","targetHints":{"allow":["GET"]}}],"collection":[{"href":"https:\/\/conexion23.com\/index.php?rest_route=\/wp\/v2\/posts"}],"about":[{"href":"https:\/\/conexion23.com\/index.php?rest_route=\/wp\/v2\/types\/post"}],"author":[{"embeddable":true,"href":"https:\/\/conexion23.com\/index.php?rest_route=\/wp\/v2\/users\/7"}],"replies":[{"embeddable":true,"href":"https:\/\/conexion23.com\/index.php?rest_route=%2Fwp%2Fv2%2Fcomments&post=21814"}],"version-history":[{"count":1,"href":"https:\/\/conexion23.com\/index.php?rest_route=\/wp\/v2\/posts\/21814\/revisions"}],"predecessor-version":[{"id":21824,"href":"https:\/\/conexion23.com\/index.php?rest_route=\/wp\/v2\/posts\/21814\/revisions\/21824"}],"wp:featuredmedia":[{"embeddable":true,"href":"https:\/\/conexion23.com\/index.php?rest_route=\/wp\/v2\/media\/21786"}],"wp:attachment":[{"href":"https:\/\/conexion23.com\/index.php?rest_route=%2Fwp%2Fv2%2Fmedia&parent=21814"}],"wp:term":[{"taxonomy":"category","embeddable":true,"href":"https:\/\/conexion23.com\/index.php?rest_route=%2Fwp%2Fv2%2Fcategories&post=21814"},{"taxonomy":"post_tag","embeddable":true,"href":"https:\/\/conexion23.com\/index.php?rest_route=%2Fwp%2Fv2%2Ftags&post=21814"}],"curies":[{"name":"wp","href":"https:\/\/api.w.org\/{rel}","templated":true}]}}