{"id":22270,"date":"2023-11-01T08:55:39","date_gmt":"2023-11-01T12:55:39","guid":{"rendered":"https:\/\/conexion23.com\/?p=22270"},"modified":"2023-11-01T08:55:42","modified_gmt":"2023-11-01T12:55:42","slug":"latinos-y-negros-pagan-mas-por-creditos-hipotecarios-en-nueva-york","status":"publish","type":"post","link":"https:\/\/conexion23.com\/?p=22270","title":{"rendered":"Latinos y negros pagan m\u00e1s por cr\u00e9ditos hipotecarios en Nueva York."},"content":{"rendered":"\n<p>Poseer una vivienda en el estado de&nbsp;<strong>Nueva York<\/strong>&nbsp;resulta m\u00e1s costoso para los latinos y negros que para los blancos, seg\u00fan un informe de la fiscal\u00eda estatal publicado este martes.<\/p>\n\n\n\n<p>El informe&nbsp;<strong>\u00abDisparidades raciales en la compra de vivienda\u00bb,<\/strong>&nbsp;de la oficina de la fiscal general, el equivalente a ministra de Justicia, de Nueva York, Letitia James, concluye que en el estado los \u00abnegros y latinos reciben cr\u00e9ditos m\u00e1s caros que los blancos\u00bb, por lo que la propiedad se concentra en los barrios donde viven los blancos.<\/p>\n\n\n\n<p>Entre 2018 y 2021, los negros y latinos pagaron en torno a \u00ab200 millones de d\u00f3lares m\u00e1s (en total) por intereses y costes\u00bb de cr\u00e9ditos hipotecarios que los blancos, calcula el informe.<\/p>\n\n\n\n<p><a href=\"https:\/\/es.visiontimes.com\/2023\/07\/14\/sonidos-de-otras-dimensiones-un-fenomeno-que-muchos-afirman-haber-experimentado-video.html\" target=\"_blank\" rel=\"noreferrer noopener\"><\/a>En 2021, la probabilidad de que a un negro o a un asi\u00e1tico le denegaran el cr\u00e9dito era un 43% m\u00e1s alta que a un blanco, y un 33% m\u00e1s en el caso de los latinos. Y eso independientemente de sus ingresos, de su historial de cr\u00e9dito o de la cantidad solicitada, seg\u00fan el informe.<\/p>\n\n\n\n<p>\u00abDesgraciadamente, el acceso desigual al cr\u00e9dito asequible sigue siendo generalizado en todo nuestro estado, lo que refuerza el legado de la segregaci\u00f3n, llevando a una disparidad en la propiedad de vivienda, y alimenta la brecha de riqueza racial\u00bb, asegura la fiscal, una afroestadounidense, en un comunicado.<\/p>\n\n\n\n<p>El estudio resalta que los hogares blancos tienen un 25% m\u00e1s de probabilidades que los asi\u00e1ticos de ser propietarios de su vivienda y m\u00e1s del doble que los hogares negros o latinos.<\/p>\n","protected":false},"excerpt":{"rendered":"<p>Poseer una vivienda en el estado de&nbsp;Nueva York&nbsp;resulta m\u00e1s costoso para los latinos y negros que para los blancos, seg\u00fan un informe de la fiscal\u00eda estatal publicado este martes. El informe&nbsp;\u00abDisparidades raciales en la compra de vivienda\u00bb,&nbsp;de la oficina de la fiscal general, el equivalente a ministra de Justicia, de Nueva York, Letitia James, concluye [&hellip;]<\/p>\n","protected":false},"author":15,"featured_media":22271,"comment_status":"open","ping_status":"open","sticky":false,"template":"","format":"standard","meta":{"footnotes":""},"categories":[1],"tags":[],"class_list":{"0":"post-22270","1":"post","2":"type-post","3":"status-publish","4":"format-standard","5":"has-post-thumbnail","7":"category-uncategorized"},"yoast_head":"<!-- This site is optimized with the Yoast SEO plugin v27.1.1 - https:\/\/yoast.com\/product\/yoast-seo-wordpress\/ -->\n<title>Latinos y negros pagan m\u00e1s por cr\u00e9ditos hipotecarios en Nueva York. - Conexi\u00f3n 23<\/title>\n<meta name=\"robots\" content=\"index, follow, max-snippet:-1, max-image-preview:large, max-video-preview:-1\" \/>\n<link rel=\"canonical\" href=\"https:\/\/conexion23.com\/?p=22270\" \/>\n<meta property=\"og:locale\" content=\"es_ES\" \/>\n<meta property=\"og:type\" content=\"article\" \/>\n<meta property=\"og:title\" content=\"Latinos y negros pagan m\u00e1s por cr\u00e9ditos hipotecarios en Nueva York. - Conexi\u00f3n 23\" \/>\n<meta property=\"og:description\" content=\"Poseer una vivienda en el estado de&nbsp;Nueva York&nbsp;resulta m\u00e1s costoso para los latinos y negros que para los blancos, seg\u00fan un informe de la fiscal\u00eda estatal publicado este martes. El informe&nbsp;\u00abDisparidades raciales en la compra de vivienda\u00bb,&nbsp;de la oficina de la fiscal general, el equivalente a ministra de Justicia, de Nueva York, Letitia James, concluye [&hellip;]\" \/>\n<meta property=\"og:url\" content=\"https:\/\/conexion23.com\/?p=22270\" \/>\n<meta property=\"og:site_name\" content=\"Conexi\u00f3n 23\" \/>\n<meta property=\"article:publisher\" content=\"https:\/\/www.facebook.com\/conexion23com\" \/>\n<meta property=\"article:published_time\" content=\"2023-11-01T12:55:39+00:00\" \/>\n<meta property=\"article:modified_time\" content=\"2023-11-01T12:55:42+00:00\" \/>\n<meta property=\"og:image\" content=\"https:\/\/conexion23.com\/wp-content\/uploads\/2023\/11\/6430a1873b0d1.jpeg\" \/>\n\t<meta property=\"og:image:width\" content=\"800\" \/>\n\t<meta property=\"og:image:height\" content=\"559\" \/>\n\t<meta property=\"og:image:type\" content=\"image\/jpeg\" \/>\n<meta name=\"author\" content=\"Raffy Ben\u00edtez\" \/>\n<meta name=\"twitter:card\" content=\"summary_large_image\" \/>\n<meta name=\"twitter:label1\" content=\"Escrito por\" \/>\n\t<meta name=\"twitter:data1\" content=\"Raffy Ben\u00edtez\" \/>\n\t<meta name=\"twitter:label2\" content=\"Tiempo de lectura\" \/>\n\t<meta name=\"twitter:data2\" content=\"2 minutos\" \/>\n<script type=\"application\/ld+json\" class=\"yoast-schema-graph\">{\"@context\":\"https:\/\/schema.org\",\"@graph\":[{\"@type\":\"Article\",\"@id\":\"https:\/\/conexion23.com\/?p=22270#article\",\"isPartOf\":{\"@id\":\"https:\/\/conexion23.com\/?p=22270\"},\"author\":{\"name\":\"Raffy Ben\u00edtez\",\"@id\":\"https:\/\/conexion23.com\/#\/schema\/person\/03e36043331117e97a373299bbcd30a6\"},\"headline\":\"Latinos y negros pagan m\u00e1s por cr\u00e9ditos hipotecarios en Nueva York.\",\"datePublished\":\"2023-11-01T12:55:39+00:00\",\"dateModified\":\"2023-11-01T12:55:42+00:00\",\"mainEntityOfPage\":{\"@id\":\"https:\/\/conexion23.com\/?p=22270\"},\"wordCount\":282,\"commentCount\":0,\"publisher\":{\"@id\":\"https:\/\/conexion23.com\/#organization\"},\"image\":{\"@id\":\"https:\/\/conexion23.com\/?p=22270#primaryimage\"},\"thumbnailUrl\":\"https:\/\/conexion23.com\/wp-content\/uploads\/2023\/11\/6430a1873b0d1.jpeg\",\"articleSection\":[\"Uncategorized\"],\"inLanguage\":\"es\",\"potentialAction\":[{\"@type\":\"CommentAction\",\"name\":\"Comment\",\"target\":[\"https:\/\/conexion23.com\/?p=22270#respond\"]}]},{\"@type\":\"WebPage\",\"@id\":\"https:\/\/conexion23.com\/?p=22270\",\"url\":\"https:\/\/conexion23.com\/?p=22270\",\"name\":\"Latinos y negros pagan m\u00e1s por cr\u00e9ditos hipotecarios en Nueva York. - Conexi\u00f3n 23\",\"isPartOf\":{\"@id\":\"https:\/\/conexion23.com\/#website\"},\"primaryImageOfPage\":{\"@id\":\"https:\/\/conexion23.com\/?p=22270#primaryimage\"},\"image\":{\"@id\":\"https:\/\/conexion23.com\/?p=22270#primaryimage\"},\"thumbnailUrl\":\"https:\/\/conexion23.com\/wp-content\/uploads\/2023\/11\/6430a1873b0d1.jpeg\",\"datePublished\":\"2023-11-01T12:55:39+00:00\",\"dateModified\":\"2023-11-01T12:55:42+00:00\",\"breadcrumb\":{\"@id\":\"https:\/\/conexion23.com\/?p=22270#breadcrumb\"},\"inLanguage\":\"es\",\"potentialAction\":[{\"@type\":\"ReadAction\",\"target\":[\"https:\/\/conexion23.com\/?p=22270\"]}]},{\"@type\":\"ImageObject\",\"inLanguage\":\"es\",\"@id\":\"https:\/\/conexion23.com\/?p=22270#primaryimage\",\"url\":\"https:\/\/conexion23.com\/wp-content\/uploads\/2023\/11\/6430a1873b0d1.jpeg\",\"contentUrl\":\"https:\/\/conexion23.com\/wp-content\/uploads\/2023\/11\/6430a1873b0d1.jpeg\",\"width\":800,\"height\":559},{\"@type\":\"BreadcrumbList\",\"@id\":\"https:\/\/conexion23.com\/?p=22270#breadcrumb\",\"itemListElement\":[{\"@type\":\"ListItem\",\"position\":1,\"name\":\"Portada\",\"item\":\"https:\/\/conexion23.com\/\"},{\"@type\":\"ListItem\",\"position\":2,\"name\":\"Latinos y negros pagan m\u00e1s por cr\u00e9ditos hipotecarios en Nueva York.\"}]},{\"@type\":\"WebSite\",\"@id\":\"https:\/\/conexion23.com\/#website\",\"url\":\"https:\/\/conexion23.com\/\",\"name\":\"Conexi\u00f3n 23\",\"description\":\"Peri\u00f3dico 100% Petromacorisano\",\"publisher\":{\"@id\":\"https:\/\/conexion23.com\/#organization\"},\"potentialAction\":[{\"@type\":\"SearchAction\",\"target\":{\"@type\":\"EntryPoint\",\"urlTemplate\":\"https:\/\/conexion23.com\/?s={search_term_string}\"},\"query-input\":{\"@type\":\"PropertyValueSpecification\",\"valueRequired\":true,\"valueName\":\"search_term_string\"}}],\"inLanguage\":\"es\"},{\"@type\":\"Organization\",\"@id\":\"https:\/\/conexion23.com\/#organization\",\"name\":\"Conexion 23\",\"url\":\"https:\/\/conexion23.com\/\",\"logo\":{\"@type\":\"ImageObject\",\"inLanguage\":\"es\",\"@id\":\"https:\/\/conexion23.com\/#\/schema\/logo\/image\/\",\"url\":\"https:\/\/conexion23.com\/wp-content\/uploads\/2021\/11\/Diseno-sin-titulo-2.png\",\"contentUrl\":\"https:\/\/conexion23.com\/wp-content\/uploads\/2021\/11\/Diseno-sin-titulo-2.png\",\"width\":541,\"height\":90,\"caption\":\"Conexion 23\"},\"image\":{\"@id\":\"https:\/\/conexion23.com\/#\/schema\/logo\/image\/\"},\"sameAs\":[\"https:\/\/www.facebook.com\/conexion23com\",\"https:\/\/www.instagram.com\/conexion23com\/\",\"https:\/\/www.youtube.com\/channel\/UCYc7vxxFZMYLIHNsHHxPZ3Q\"]},{\"@type\":\"Person\",\"@id\":\"https:\/\/conexion23.com\/#\/schema\/person\/03e36043331117e97a373299bbcd30a6\",\"name\":\"Raffy Ben\u00edtez\",\"image\":{\"@type\":\"ImageObject\",\"inLanguage\":\"es\",\"@id\":\"https:\/\/conexion23.com\/#\/schema\/person\/image\/\",\"url\":\"https:\/\/secure.gravatar.com\/avatar\/3190a6a6c5e1b0327500f7d6c56b6242472ee6cb974cf09b401ee6b3b0798f23?s=96&d=mm&r=g\",\"contentUrl\":\"https:\/\/secure.gravatar.com\/avatar\/3190a6a6c5e1b0327500f7d6c56b6242472ee6cb974cf09b401ee6b3b0798f23?s=96&d=mm&r=g\",\"caption\":\"Raffy Ben\u00edtez\"},\"url\":\"https:\/\/conexion23.com\/?author=15\"}]}<\/script>\n<!-- \/ Yoast SEO plugin. -->","yoast_head_json":{"title":"Latinos y negros pagan m\u00e1s por cr\u00e9ditos hipotecarios en Nueva York. - Conexi\u00f3n 23","robots":{"index":"index","follow":"follow","max-snippet":"max-snippet:-1","max-image-preview":"max-image-preview:large","max-video-preview":"max-video-preview:-1"},"canonical":"https:\/\/conexion23.com\/?p=22270","og_locale":"es_ES","og_type":"article","og_title":"Latinos y negros pagan m\u00e1s por cr\u00e9ditos hipotecarios en Nueva York. - Conexi\u00f3n 23","og_description":"Poseer una vivienda en el estado de&nbsp;Nueva York&nbsp;resulta m\u00e1s costoso para los latinos y negros que para los blancos, seg\u00fan un informe de la fiscal\u00eda estatal publicado este martes. El informe&nbsp;\u00abDisparidades raciales en la compra de vivienda\u00bb,&nbsp;de la oficina de la fiscal general, el equivalente a ministra de Justicia, de Nueva York, Letitia James, concluye [&hellip;]","og_url":"https:\/\/conexion23.com\/?p=22270","og_site_name":"Conexi\u00f3n 23","article_publisher":"https:\/\/www.facebook.com\/conexion23com","article_published_time":"2023-11-01T12:55:39+00:00","article_modified_time":"2023-11-01T12:55:42+00:00","og_image":[{"width":800,"height":559,"url":"https:\/\/conexion23.com\/wp-content\/uploads\/2023\/11\/6430a1873b0d1.jpeg","type":"image\/jpeg"}],"author":"Raffy Ben\u00edtez","twitter_card":"summary_large_image","twitter_misc":{"Escrito por":"Raffy Ben\u00edtez","Tiempo de lectura":"2 minutos"},"schema":{"@context":"https:\/\/schema.org","@graph":[{"@type":"Article","@id":"https:\/\/conexion23.com\/?p=22270#article","isPartOf":{"@id":"https:\/\/conexion23.com\/?p=22270"},"author":{"name":"Raffy Ben\u00edtez","@id":"https:\/\/conexion23.com\/#\/schema\/person\/03e36043331117e97a373299bbcd30a6"},"headline":"Latinos y negros pagan m\u00e1s por cr\u00e9ditos hipotecarios en Nueva York.","datePublished":"2023-11-01T12:55:39+00:00","dateModified":"2023-11-01T12:55:42+00:00","mainEntityOfPage":{"@id":"https:\/\/conexion23.com\/?p=22270"},"wordCount":282,"commentCount":0,"publisher":{"@id":"https:\/\/conexion23.com\/#organization"},"image":{"@id":"https:\/\/conexion23.com\/?p=22270#primaryimage"},"thumbnailUrl":"https:\/\/conexion23.com\/wp-content\/uploads\/2023\/11\/6430a1873b0d1.jpeg","articleSection":["Uncategorized"],"inLanguage":"es","potentialAction":[{"@type":"CommentAction","name":"Comment","target":["https:\/\/conexion23.com\/?p=22270#respond"]}]},{"@type":"WebPage","@id":"https:\/\/conexion23.com\/?p=22270","url":"https:\/\/conexion23.com\/?p=22270","name":"Latinos y negros pagan m\u00e1s por cr\u00e9ditos hipotecarios en Nueva York. - Conexi\u00f3n 23","isPartOf":{"@id":"https:\/\/conexion23.com\/#website"},"primaryImageOfPage":{"@id":"https:\/\/conexion23.com\/?p=22270#primaryimage"},"image":{"@id":"https:\/\/conexion23.com\/?p=22270#primaryimage"},"thumbnailUrl":"https:\/\/conexion23.com\/wp-content\/uploads\/2023\/11\/6430a1873b0d1.jpeg","datePublished":"2023-11-01T12:55:39+00:00","dateModified":"2023-11-01T12:55:42+00:00","breadcrumb":{"@id":"https:\/\/conexion23.com\/?p=22270#breadcrumb"},"inLanguage":"es","potentialAction":[{"@type":"ReadAction","target":["https:\/\/conexion23.com\/?p=22270"]}]},{"@type":"ImageObject","inLanguage":"es","@id":"https:\/\/conexion23.com\/?p=22270#primaryimage","url":"https:\/\/conexion23.com\/wp-content\/uploads\/2023\/11\/6430a1873b0d1.jpeg","contentUrl":"https:\/\/conexion23.com\/wp-content\/uploads\/2023\/11\/6430a1873b0d1.jpeg","width":800,"height":559},{"@type":"BreadcrumbList","@id":"https:\/\/conexion23.com\/?p=22270#breadcrumb","itemListElement":[{"@type":"ListItem","position":1,"name":"Portada","item":"https:\/\/conexion23.com\/"},{"@type":"ListItem","position":2,"name":"Latinos y negros pagan m\u00e1s por cr\u00e9ditos hipotecarios en Nueva York."}]},{"@type":"WebSite","@id":"https:\/\/conexion23.com\/#website","url":"https:\/\/conexion23.com\/","name":"Conexi\u00f3n 23","description":"Peri\u00f3dico 100% Petromacorisano","publisher":{"@id":"https:\/\/conexion23.com\/#organization"},"potentialAction":[{"@type":"SearchAction","target":{"@type":"EntryPoint","urlTemplate":"https:\/\/conexion23.com\/?s={search_term_string}"},"query-input":{"@type":"PropertyValueSpecification","valueRequired":true,"valueName":"search_term_string"}}],"inLanguage":"es"},{"@type":"Organization","@id":"https:\/\/conexion23.com\/#organization","name":"Conexion 23","url":"https:\/\/conexion23.com\/","logo":{"@type":"ImageObject","inLanguage":"es","@id":"https:\/\/conexion23.com\/#\/schema\/logo\/image\/","url":"https:\/\/conexion23.com\/wp-content\/uploads\/2021\/11\/Diseno-sin-titulo-2.png","contentUrl":"https:\/\/conexion23.com\/wp-content\/uploads\/2021\/11\/Diseno-sin-titulo-2.png","width":541,"height":90,"caption":"Conexion 23"},"image":{"@id":"https:\/\/conexion23.com\/#\/schema\/logo\/image\/"},"sameAs":["https:\/\/www.facebook.com\/conexion23com","https:\/\/www.instagram.com\/conexion23com\/","https:\/\/www.youtube.com\/channel\/UCYc7vxxFZMYLIHNsHHxPZ3Q"]},{"@type":"Person","@id":"https:\/\/conexion23.com\/#\/schema\/person\/03e36043331117e97a373299bbcd30a6","name":"Raffy Ben\u00edtez","image":{"@type":"ImageObject","inLanguage":"es","@id":"https:\/\/conexion23.com\/#\/schema\/person\/image\/","url":"https:\/\/secure.gravatar.com\/avatar\/3190a6a6c5e1b0327500f7d6c56b6242472ee6cb974cf09b401ee6b3b0798f23?s=96&d=mm&r=g","contentUrl":"https:\/\/secure.gravatar.com\/avatar\/3190a6a6c5e1b0327500f7d6c56b6242472ee6cb974cf09b401ee6b3b0798f23?s=96&d=mm&r=g","caption":"Raffy Ben\u00edtez"},"url":"https:\/\/conexion23.com\/?author=15"}]}},"_links":{"self":[{"href":"https:\/\/conexion23.com\/index.php?rest_route=\/wp\/v2\/posts\/22270","targetHints":{"allow":["GET"]}}],"collection":[{"href":"https:\/\/conexion23.com\/index.php?rest_route=\/wp\/v2\/posts"}],"about":[{"href":"https:\/\/conexion23.com\/index.php?rest_route=\/wp\/v2\/types\/post"}],"author":[{"embeddable":true,"href":"https:\/\/conexion23.com\/index.php?rest_route=\/wp\/v2\/users\/15"}],"replies":[{"embeddable":true,"href":"https:\/\/conexion23.com\/index.php?rest_route=%2Fwp%2Fv2%2Fcomments&post=22270"}],"version-history":[{"count":1,"href":"https:\/\/conexion23.com\/index.php?rest_route=\/wp\/v2\/posts\/22270\/revisions"}],"predecessor-version":[{"id":22272,"href":"https:\/\/conexion23.com\/index.php?rest_route=\/wp\/v2\/posts\/22270\/revisions\/22272"}],"wp:featuredmedia":[{"embeddable":true,"href":"https:\/\/conexion23.com\/index.php?rest_route=\/wp\/v2\/media\/22271"}],"wp:attachment":[{"href":"https:\/\/conexion23.com\/index.php?rest_route=%2Fwp%2Fv2%2Fmedia&parent=22270"}],"wp:term":[{"taxonomy":"category","embeddable":true,"href":"https:\/\/conexion23.com\/index.php?rest_route=%2Fwp%2Fv2%2Fcategories&post=22270"},{"taxonomy":"post_tag","embeddable":true,"href":"https:\/\/conexion23.com\/index.php?rest_route=%2Fwp%2Fv2%2Ftags&post=22270"}],"curies":[{"name":"wp","href":"https:\/\/api.w.org\/{rel}","templated":true}]}}