{"id":22283,"date":"2023-11-01T18:26:42","date_gmt":"2023-11-01T22:26:42","guid":{"rendered":"https:\/\/conexion23.com\/?p=22283"},"modified":"2023-11-01T18:26:44","modified_gmt":"2023-11-01T22:26:44","slug":"experto-de-onu-sobre-derechos-humanos-en-haiti-dice-estar-alarmado-por-la-violencia-en-ese-pais","status":"publish","type":"post","link":"https:\/\/conexion23.com\/?p=22283","title":{"rendered":"Experto de ONU sobre derechos humanos en Hait\u00ed dice estar alarmado por la violencia en ese pa\u00eds."},"content":{"rendered":"\n<p>El experto de la ONU sobre la situaci\u00f3n de los derechos humanos en Hait\u00ed, William O\u2019Neill, dijo este martes sentirse \u00abalarmado\u00bb por la \u00abpreocupante situaci\u00f3n\u00bb que atraviesa la capital haitiana y que se extiende r\u00e1pidamente a otros departamentos, en particular Arbibonite y el Noroeste.<\/p>\n\n\n\n<p>\u201cAsesinatos, heridos y secuestros son el pan de cada d\u00eda para la poblaci\u00f3n. La violencia sexual contra las mujeres y las ni\u00f1as sigue siendo end\u00e9mica, y desde mi \u00faltima visita no ha habido progresos en el acceso a los servicios y a la justicia para las supervivientes\u00bb, deplor\u00f3 O\u2019Neill, que visitaba oficialmente Hait\u00ed por segunda vez.<\/p>\n\n\n\n<p>LOS NI\u00d1OS, LOS M\u00c1S VULNERABLES<\/p>\n\n\n\n<p>El experto se declar\u00f3 especialmente preocupado por el impacto de la inseguridad y la violencia en los ni\u00f1os.<\/p>\n\n\n\n<p>\u00abToda una generaci\u00f3n parece sacrificada por la violencia, y el futuro de un pa\u00eds se ve amenazado por la dram\u00e1tica situaci\u00f3n de sus j\u00f3venes\u00bb, se lament\u00f3 durante una conferencia de prensa.<\/p>\n\n\n\n<p>En ese tenor, afirm\u00f3 que muchos ni\u00f1os han sufrido -y siguen sufriendo- graves violaciones de sus derechos. Tambi\u00e9n son v\u00edctimas de la \u00abcatastr\u00f3fica situaci\u00f3n humanitaria\u00bb, con el acceso a la sanidad, el agua, los alimentos y la educaci\u00f3n gravemente obstaculizado.<\/p>\n\n\n\n<p>\u00abEsto ocurre especialmente en los barrios desfavorecidos controlados por bandas y abandonados por el Estado\u00bb, en referencia a Puerto Pr\u00edncipe.<\/p>\n\n\n\n<p>Muchos ni\u00f1os sufren de inanici\u00f3n, la forma m\u00e1s mortal de desnutrici\u00f3n, puntualiz\u00f3 el diplom\u00e1tico, al considerar que m\u00e1s de 500.000 j\u00f3venes no tienen acceso a la educaci\u00f3n y que muchos ni\u00f1os de estos barrios son reclutados por bandas, ya sea por falta de oportunidades o por miedo a las represalias.<\/p>\n\n\n\n<p>\u00abEl sistema judicial haitiano sigue siendo disfuncional e inadecuado para proteger a los ni\u00f1os en situaci\u00f3n de riesgo o juzgar a menores en conflicto con la ley. El tribunal de menores est\u00e1 paralizado\u00bb, denunci\u00f3.<\/p>\n\n\n\n<p>El funcionario de la ONU revel\u00f3 que visit\u00f3 la c\u00e1rcel de menores de Puerto Pr\u00edncipe y que hab\u00eda constatado de forma alarmante que el recinto estaba superpoblado, con una tasa de ocupaci\u00f3n superior al 350 %, y que la insalubridad y la falta de acceso al agua potable expon\u00edan a los ni\u00f1os a enfermedades<\/p>\n\n\n\n<p>El 99 % de los menores recluidos en la prisi\u00f3n no ha sido condenados, y la mayor\u00eda se encuentra en prisi\u00f3n preventiva prolongada. Llevan a\u00f1os encarcelados por robar una gallina, unos zapatos o un tel\u00e9fono, sin haber visto nunca a un juez, apostill\u00f3.<\/p>\n\n\n\n<p>VIOLACIONES REPETIDAS DE LOS DERECHOS HUMANOS<\/p>\n\n\n\n<p>El experto de la ONU dijo que tambi\u00e9n le preocupa la situaci\u00f3n de los desplazados internos, de los que hay al menos 200.000 en Hait\u00ed. \u00abMuchos viven en condiciones inhumanas, sin acceso a servicios b\u00e1sicos, sobreviviendo en campamentos improvisados\u00bb, deplor\u00f3.<\/p>\n\n\n\n<p>Seg\u00fan \u00e9l, las autoridades deben asumir sus responsabilidades no solo para prevenir las violaciones y abusos de los derechos humanos, sino tambi\u00e9n para proteger a su poblaci\u00f3n, en particular a los grupos m\u00e1s vulnerables.<\/p>\n\n\n\n<p>Consider\u00f3 que el inminente despliegue de la Misi\u00f3n Multinacional de Apoyo a la Seguridad -en condiciones estrictas de respeto y protecci\u00f3n de los derechos humanos- es necesario para aliviar el sufrimiento de la poblaci\u00f3n.<\/p>\n\n\n\n<p>\u00abSin embargo, es esencial que esta misi\u00f3n prevea y tome la medida de los retos actuales si quiere tener \u00e9xito en su objetivo a largo plazo. Muchas de estas medidas requerir\u00e1n que la poblaci\u00f3n recupere la confianza en sus instituciones\u00bb, opin\u00f3.<\/p>\n","protected":false},"excerpt":{"rendered":"<p>El experto de la ONU sobre la situaci\u00f3n de los derechos humanos en Hait\u00ed, William O\u2019Neill, dijo este martes sentirse \u00abalarmado\u00bb por la \u00abpreocupante situaci\u00f3n\u00bb que atraviesa la capital haitiana y que se extiende r\u00e1pidamente a otros departamentos, en particular Arbibonite y el Noroeste. \u201cAsesinatos, heridos y secuestros son el pan de cada d\u00eda para [&hellip;]<\/p>\n","protected":false},"author":15,"featured_media":22284,"comment_status":"open","ping_status":"open","sticky":false,"template":"","format":"standard","meta":{"footnotes":""},"categories":[1],"tags":[],"class_list":{"0":"post-22283","1":"post","2":"type-post","3":"status-publish","4":"format-standard","5":"has-post-thumbnail","7":"category-uncategorized"},"yoast_head":"<!-- This site is optimized with the Yoast SEO plugin v27.1.1 - https:\/\/yoast.com\/product\/yoast-seo-wordpress\/ -->\n<title>Experto de ONU sobre derechos humanos en Hait\u00ed dice estar alarmado por la violencia en ese pa\u00eds. - Conexi\u00f3n 23<\/title>\n<meta name=\"robots\" content=\"index, follow, max-snippet:-1, max-image-preview:large, max-video-preview:-1\" \/>\n<link rel=\"canonical\" href=\"https:\/\/conexion23.com\/?p=22283\" \/>\n<meta property=\"og:locale\" content=\"es_ES\" \/>\n<meta property=\"og:type\" content=\"article\" \/>\n<meta property=\"og:title\" content=\"Experto de ONU sobre derechos humanos en Hait\u00ed dice estar alarmado por la violencia en ese pa\u00eds. - Conexi\u00f3n 23\" \/>\n<meta property=\"og:description\" content=\"El experto de la ONU sobre la situaci\u00f3n de los derechos humanos en Hait\u00ed, William O\u2019Neill, dijo este martes sentirse \u00abalarmado\u00bb por la \u00abpreocupante situaci\u00f3n\u00bb que atraviesa la capital haitiana y que se extiende r\u00e1pidamente a otros departamentos, en particular Arbibonite y el Noroeste. \u201cAsesinatos, heridos y secuestros son el pan de cada d\u00eda para [&hellip;]\" \/>\n<meta property=\"og:url\" content=\"https:\/\/conexion23.com\/?p=22283\" \/>\n<meta property=\"og:site_name\" content=\"Conexi\u00f3n 23\" \/>\n<meta property=\"article:publisher\" content=\"https:\/\/www.facebook.com\/conexion23com\" \/>\n<meta property=\"article:published_time\" content=\"2023-11-01T22:26:42+00:00\" \/>\n<meta property=\"article:modified_time\" content=\"2023-11-01T22:26:44+00:00\" \/>\n<meta property=\"og:image\" content=\"https:\/\/conexion23.com\/wp-content\/uploads\/2023\/11\/IMG_6702-jpeg.webp\" \/>\n\t<meta property=\"og:image:width\" content=\"1140\" \/>\n\t<meta property=\"og:image:height\" content=\"760\" \/>\n\t<meta property=\"og:image:type\" content=\"image\/webp\" \/>\n<meta name=\"author\" content=\"Raffy Ben\u00edtez\" \/>\n<meta name=\"twitter:card\" content=\"summary_large_image\" \/>\n<meta name=\"twitter:label1\" content=\"Escrito por\" \/>\n\t<meta name=\"twitter:data1\" content=\"Raffy Ben\u00edtez\" \/>\n\t<meta name=\"twitter:label2\" content=\"Tiempo de lectura\" \/>\n\t<meta name=\"twitter:data2\" content=\"3 minutos\" \/>\n<script type=\"application\/ld+json\" class=\"yoast-schema-graph\">{\"@context\":\"https:\/\/schema.org\",\"@graph\":[{\"@type\":\"Article\",\"@id\":\"https:\/\/conexion23.com\/?p=22283#article\",\"isPartOf\":{\"@id\":\"https:\/\/conexion23.com\/?p=22283\"},\"author\":{\"name\":\"Raffy Ben\u00edtez\",\"@id\":\"https:\/\/conexion23.com\/#\/schema\/person\/03e36043331117e97a373299bbcd30a6\"},\"headline\":\"Experto de ONU sobre derechos humanos en Hait\u00ed dice estar alarmado por la violencia en ese pa\u00eds.\",\"datePublished\":\"2023-11-01T22:26:42+00:00\",\"dateModified\":\"2023-11-01T22:26:44+00:00\",\"mainEntityOfPage\":{\"@id\":\"https:\/\/conexion23.com\/?p=22283\"},\"wordCount\":621,\"commentCount\":0,\"publisher\":{\"@id\":\"https:\/\/conexion23.com\/#organization\"},\"image\":{\"@id\":\"https:\/\/conexion23.com\/?p=22283#primaryimage\"},\"thumbnailUrl\":\"https:\/\/conexion23.com\/wp-content\/uploads\/2023\/11\/IMG_6702-jpeg.webp\",\"articleSection\":[\"Uncategorized\"],\"inLanguage\":\"es\",\"potentialAction\":[{\"@type\":\"CommentAction\",\"name\":\"Comment\",\"target\":[\"https:\/\/conexion23.com\/?p=22283#respond\"]}]},{\"@type\":\"WebPage\",\"@id\":\"https:\/\/conexion23.com\/?p=22283\",\"url\":\"https:\/\/conexion23.com\/?p=22283\",\"name\":\"Experto de ONU sobre derechos humanos en Hait\u00ed dice estar alarmado por la violencia en ese pa\u00eds. - Conexi\u00f3n 23\",\"isPartOf\":{\"@id\":\"https:\/\/conexion23.com\/#website\"},\"primaryImageOfPage\":{\"@id\":\"https:\/\/conexion23.com\/?p=22283#primaryimage\"},\"image\":{\"@id\":\"https:\/\/conexion23.com\/?p=22283#primaryimage\"},\"thumbnailUrl\":\"https:\/\/conexion23.com\/wp-content\/uploads\/2023\/11\/IMG_6702-jpeg.webp\",\"datePublished\":\"2023-11-01T22:26:42+00:00\",\"dateModified\":\"2023-11-01T22:26:44+00:00\",\"breadcrumb\":{\"@id\":\"https:\/\/conexion23.com\/?p=22283#breadcrumb\"},\"inLanguage\":\"es\",\"potentialAction\":[{\"@type\":\"ReadAction\",\"target\":[\"https:\/\/conexion23.com\/?p=22283\"]}]},{\"@type\":\"ImageObject\",\"inLanguage\":\"es\",\"@id\":\"https:\/\/conexion23.com\/?p=22283#primaryimage\",\"url\":\"https:\/\/conexion23.com\/wp-content\/uploads\/2023\/11\/IMG_6702-jpeg.webp\",\"contentUrl\":\"https:\/\/conexion23.com\/wp-content\/uploads\/2023\/11\/IMG_6702-jpeg.webp\",\"width\":1140,\"height\":760},{\"@type\":\"BreadcrumbList\",\"@id\":\"https:\/\/conexion23.com\/?p=22283#breadcrumb\",\"itemListElement\":[{\"@type\":\"ListItem\",\"position\":1,\"name\":\"Portada\",\"item\":\"https:\/\/conexion23.com\/\"},{\"@type\":\"ListItem\",\"position\":2,\"name\":\"Experto de ONU sobre derechos humanos en Hait\u00ed dice estar alarmado por la violencia en ese pa\u00eds.\"}]},{\"@type\":\"WebSite\",\"@id\":\"https:\/\/conexion23.com\/#website\",\"url\":\"https:\/\/conexion23.com\/\",\"name\":\"Conexi\u00f3n 23\",\"description\":\"Peri\u00f3dico 100% Petromacorisano\",\"publisher\":{\"@id\":\"https:\/\/conexion23.com\/#organization\"},\"potentialAction\":[{\"@type\":\"SearchAction\",\"target\":{\"@type\":\"EntryPoint\",\"urlTemplate\":\"https:\/\/conexion23.com\/?s={search_term_string}\"},\"query-input\":{\"@type\":\"PropertyValueSpecification\",\"valueRequired\":true,\"valueName\":\"search_term_string\"}}],\"inLanguage\":\"es\"},{\"@type\":\"Organization\",\"@id\":\"https:\/\/conexion23.com\/#organization\",\"name\":\"Conexion 23\",\"url\":\"https:\/\/conexion23.com\/\",\"logo\":{\"@type\":\"ImageObject\",\"inLanguage\":\"es\",\"@id\":\"https:\/\/conexion23.com\/#\/schema\/logo\/image\/\",\"url\":\"https:\/\/conexion23.com\/wp-content\/uploads\/2021\/11\/Diseno-sin-titulo-2.png\",\"contentUrl\":\"https:\/\/conexion23.com\/wp-content\/uploads\/2021\/11\/Diseno-sin-titulo-2.png\",\"width\":541,\"height\":90,\"caption\":\"Conexion 23\"},\"image\":{\"@id\":\"https:\/\/conexion23.com\/#\/schema\/logo\/image\/\"},\"sameAs\":[\"https:\/\/www.facebook.com\/conexion23com\",\"https:\/\/www.instagram.com\/conexion23com\/\",\"https:\/\/www.youtube.com\/channel\/UCYc7vxxFZMYLIHNsHHxPZ3Q\"]},{\"@type\":\"Person\",\"@id\":\"https:\/\/conexion23.com\/#\/schema\/person\/03e36043331117e97a373299bbcd30a6\",\"name\":\"Raffy Ben\u00edtez\",\"image\":{\"@type\":\"ImageObject\",\"inLanguage\":\"es\",\"@id\":\"https:\/\/conexion23.com\/#\/schema\/person\/image\/\",\"url\":\"https:\/\/secure.gravatar.com\/avatar\/3190a6a6c5e1b0327500f7d6c56b6242472ee6cb974cf09b401ee6b3b0798f23?s=96&d=mm&r=g\",\"contentUrl\":\"https:\/\/secure.gravatar.com\/avatar\/3190a6a6c5e1b0327500f7d6c56b6242472ee6cb974cf09b401ee6b3b0798f23?s=96&d=mm&r=g\",\"caption\":\"Raffy Ben\u00edtez\"},\"url\":\"https:\/\/conexion23.com\/?author=15\"}]}<\/script>\n<!-- \/ Yoast SEO plugin. -->","yoast_head_json":{"title":"Experto de ONU sobre derechos humanos en Hait\u00ed dice estar alarmado por la violencia en ese pa\u00eds. - Conexi\u00f3n 23","robots":{"index":"index","follow":"follow","max-snippet":"max-snippet:-1","max-image-preview":"max-image-preview:large","max-video-preview":"max-video-preview:-1"},"canonical":"https:\/\/conexion23.com\/?p=22283","og_locale":"es_ES","og_type":"article","og_title":"Experto de ONU sobre derechos humanos en Hait\u00ed dice estar alarmado por la violencia en ese pa\u00eds. - Conexi\u00f3n 23","og_description":"El experto de la ONU sobre la situaci\u00f3n de los derechos humanos en Hait\u00ed, William O\u2019Neill, dijo este martes sentirse \u00abalarmado\u00bb por la \u00abpreocupante situaci\u00f3n\u00bb que atraviesa la capital haitiana y que se extiende r\u00e1pidamente a otros departamentos, en particular Arbibonite y el Noroeste. \u201cAsesinatos, heridos y secuestros son el pan de cada d\u00eda para [&hellip;]","og_url":"https:\/\/conexion23.com\/?p=22283","og_site_name":"Conexi\u00f3n 23","article_publisher":"https:\/\/www.facebook.com\/conexion23com","article_published_time":"2023-11-01T22:26:42+00:00","article_modified_time":"2023-11-01T22:26:44+00:00","og_image":[{"width":1140,"height":760,"url":"https:\/\/conexion23.com\/wp-content\/uploads\/2023\/11\/IMG_6702-jpeg.webp","type":"image\/webp"}],"author":"Raffy Ben\u00edtez","twitter_card":"summary_large_image","twitter_misc":{"Escrito por":"Raffy Ben\u00edtez","Tiempo de lectura":"3 minutos"},"schema":{"@context":"https:\/\/schema.org","@graph":[{"@type":"Article","@id":"https:\/\/conexion23.com\/?p=22283#article","isPartOf":{"@id":"https:\/\/conexion23.com\/?p=22283"},"author":{"name":"Raffy Ben\u00edtez","@id":"https:\/\/conexion23.com\/#\/schema\/person\/03e36043331117e97a373299bbcd30a6"},"headline":"Experto de ONU sobre derechos humanos en Hait\u00ed dice estar alarmado por la violencia en ese pa\u00eds.","datePublished":"2023-11-01T22:26:42+00:00","dateModified":"2023-11-01T22:26:44+00:00","mainEntityOfPage":{"@id":"https:\/\/conexion23.com\/?p=22283"},"wordCount":621,"commentCount":0,"publisher":{"@id":"https:\/\/conexion23.com\/#organization"},"image":{"@id":"https:\/\/conexion23.com\/?p=22283#primaryimage"},"thumbnailUrl":"https:\/\/conexion23.com\/wp-content\/uploads\/2023\/11\/IMG_6702-jpeg.webp","articleSection":["Uncategorized"],"inLanguage":"es","potentialAction":[{"@type":"CommentAction","name":"Comment","target":["https:\/\/conexion23.com\/?p=22283#respond"]}]},{"@type":"WebPage","@id":"https:\/\/conexion23.com\/?p=22283","url":"https:\/\/conexion23.com\/?p=22283","name":"Experto de ONU sobre derechos humanos en Hait\u00ed dice estar alarmado por la violencia en ese pa\u00eds. - Conexi\u00f3n 23","isPartOf":{"@id":"https:\/\/conexion23.com\/#website"},"primaryImageOfPage":{"@id":"https:\/\/conexion23.com\/?p=22283#primaryimage"},"image":{"@id":"https:\/\/conexion23.com\/?p=22283#primaryimage"},"thumbnailUrl":"https:\/\/conexion23.com\/wp-content\/uploads\/2023\/11\/IMG_6702-jpeg.webp","datePublished":"2023-11-01T22:26:42+00:00","dateModified":"2023-11-01T22:26:44+00:00","breadcrumb":{"@id":"https:\/\/conexion23.com\/?p=22283#breadcrumb"},"inLanguage":"es","potentialAction":[{"@type":"ReadAction","target":["https:\/\/conexion23.com\/?p=22283"]}]},{"@type":"ImageObject","inLanguage":"es","@id":"https:\/\/conexion23.com\/?p=22283#primaryimage","url":"https:\/\/conexion23.com\/wp-content\/uploads\/2023\/11\/IMG_6702-jpeg.webp","contentUrl":"https:\/\/conexion23.com\/wp-content\/uploads\/2023\/11\/IMG_6702-jpeg.webp","width":1140,"height":760},{"@type":"BreadcrumbList","@id":"https:\/\/conexion23.com\/?p=22283#breadcrumb","itemListElement":[{"@type":"ListItem","position":1,"name":"Portada","item":"https:\/\/conexion23.com\/"},{"@type":"ListItem","position":2,"name":"Experto de ONU sobre derechos humanos en Hait\u00ed dice estar alarmado por la violencia en ese pa\u00eds."}]},{"@type":"WebSite","@id":"https:\/\/conexion23.com\/#website","url":"https:\/\/conexion23.com\/","name":"Conexi\u00f3n 23","description":"Peri\u00f3dico 100% Petromacorisano","publisher":{"@id":"https:\/\/conexion23.com\/#organization"},"potentialAction":[{"@type":"SearchAction","target":{"@type":"EntryPoint","urlTemplate":"https:\/\/conexion23.com\/?s={search_term_string}"},"query-input":{"@type":"PropertyValueSpecification","valueRequired":true,"valueName":"search_term_string"}}],"inLanguage":"es"},{"@type":"Organization","@id":"https:\/\/conexion23.com\/#organization","name":"Conexion 23","url":"https:\/\/conexion23.com\/","logo":{"@type":"ImageObject","inLanguage":"es","@id":"https:\/\/conexion23.com\/#\/schema\/logo\/image\/","url":"https:\/\/conexion23.com\/wp-content\/uploads\/2021\/11\/Diseno-sin-titulo-2.png","contentUrl":"https:\/\/conexion23.com\/wp-content\/uploads\/2021\/11\/Diseno-sin-titulo-2.png","width":541,"height":90,"caption":"Conexion 23"},"image":{"@id":"https:\/\/conexion23.com\/#\/schema\/logo\/image\/"},"sameAs":["https:\/\/www.facebook.com\/conexion23com","https:\/\/www.instagram.com\/conexion23com\/","https:\/\/www.youtube.com\/channel\/UCYc7vxxFZMYLIHNsHHxPZ3Q"]},{"@type":"Person","@id":"https:\/\/conexion23.com\/#\/schema\/person\/03e36043331117e97a373299bbcd30a6","name":"Raffy Ben\u00edtez","image":{"@type":"ImageObject","inLanguage":"es","@id":"https:\/\/conexion23.com\/#\/schema\/person\/image\/","url":"https:\/\/secure.gravatar.com\/avatar\/3190a6a6c5e1b0327500f7d6c56b6242472ee6cb974cf09b401ee6b3b0798f23?s=96&d=mm&r=g","contentUrl":"https:\/\/secure.gravatar.com\/avatar\/3190a6a6c5e1b0327500f7d6c56b6242472ee6cb974cf09b401ee6b3b0798f23?s=96&d=mm&r=g","caption":"Raffy Ben\u00edtez"},"url":"https:\/\/conexion23.com\/?author=15"}]}},"_links":{"self":[{"href":"https:\/\/conexion23.com\/index.php?rest_route=\/wp\/v2\/posts\/22283","targetHints":{"allow":["GET"]}}],"collection":[{"href":"https:\/\/conexion23.com\/index.php?rest_route=\/wp\/v2\/posts"}],"about":[{"href":"https:\/\/conexion23.com\/index.php?rest_route=\/wp\/v2\/types\/post"}],"author":[{"embeddable":true,"href":"https:\/\/conexion23.com\/index.php?rest_route=\/wp\/v2\/users\/15"}],"replies":[{"embeddable":true,"href":"https:\/\/conexion23.com\/index.php?rest_route=%2Fwp%2Fv2%2Fcomments&post=22283"}],"version-history":[{"count":1,"href":"https:\/\/conexion23.com\/index.php?rest_route=\/wp\/v2\/posts\/22283\/revisions"}],"predecessor-version":[{"id":22285,"href":"https:\/\/conexion23.com\/index.php?rest_route=\/wp\/v2\/posts\/22283\/revisions\/22285"}],"wp:featuredmedia":[{"embeddable":true,"href":"https:\/\/conexion23.com\/index.php?rest_route=\/wp\/v2\/media\/22284"}],"wp:attachment":[{"href":"https:\/\/conexion23.com\/index.php?rest_route=%2Fwp%2Fv2%2Fmedia&parent=22283"}],"wp:term":[{"taxonomy":"category","embeddable":true,"href":"https:\/\/conexion23.com\/index.php?rest_route=%2Fwp%2Fv2%2Fcategories&post=22283"},{"taxonomy":"post_tag","embeddable":true,"href":"https:\/\/conexion23.com\/index.php?rest_route=%2Fwp%2Fv2%2Ftags&post=22283"}],"curies":[{"name":"wp","href":"https:\/\/api.w.org\/{rel}","templated":true}]}}