{"id":22317,"date":"2023-11-02T08:12:42","date_gmt":"2023-11-02T12:12:42","guid":{"rendered":"https:\/\/conexion23.com\/?p=22317"},"modified":"2023-11-02T08:12:45","modified_gmt":"2023-11-02T12:12:45","slug":"ayer-habia-687-pacientes-virales-ingresados-en-los-hospitales","status":"publish","type":"post","link":"https:\/\/conexion23.com\/?p=22317","title":{"rendered":"Ayer hab\u00eda 687 pacientes virales ingresados en los hospitales."},"content":{"rendered":"\n<p>Un total de 687 pacientes con s\u00edntomas de dengue se manten\u00edan hospitalizados ayer a nivel nacional fruto de la epidemia que vive Rep\u00fablica Dominicana, de los cuales 189 ingresaron en las \u00faltimas 24 horas.<\/p>\n\n\n\n<p>Ayer el pa\u00eds manten\u00eda libres 362 camas distribuidas en diferentes provincias, del total de m\u00e1s de 1,000 camas que han sido habilitadas para dar respuesta al dengue, para una disponibilidad del 34.51% de las mismas. La mayor ocupaci\u00f3n de camas se registra en provincias como el Gran Santo Domingo, que mantiene niveles de alertas en roja en ocupaci\u00f3n, dada la demanda de pacientes en los servicios de emergencias e ingresos, mientras en al menos 129 municipios del pa\u00eds registraron esta semana una reducci\u00f3n en los casos de dengue. Los detalles fueron ofrecidos ayer por el viceministro de Salud Colectiva del Ministerio de Salud P\u00fablica, doctor Eladio P\u00e9rez, al presentar el mapa de disponibilidad de camas dengue del pa\u00eds, actualizado a la tarde de ayer.<\/p>\n\n\n\n<p><strong>Menos presi\u00f3n<\/strong><\/p>\n\n\n\n<p>En los dos principales hospitales pedi\u00e1tricos del Gran Santo Domingo registran 136 pacientes hospitalizados, aunque sus directoras aseguran que en los \u00faltimos tres d\u00edas han observado una ligera reducci\u00f3n en la demanda de atenci\u00f3n.<\/p>\n\n\n\n<p>La doctora Mabel Jones, directora del hospital Infantil Robert Reid Cabral inform\u00f3 que el centro ten\u00eda 72 pacientes sospechosos de dengue hospitalizados, tres de ellos en cuidados intensivos y que en lo que va de a\u00f1o se han hospitalizado con s\u00edntomas de la enfermedad 1,228 pacientes.<\/p>\n\n\n\n<p>La doctora Dhamelisse Then dijo que el hospital Hugo Mendoza mantiene 64 pacientes febriles con sospecha de dengue ingresados.<\/p>\n","protected":false},"excerpt":{"rendered":"<p>Un total de 687 pacientes con s\u00edntomas de dengue se manten\u00edan hospitalizados ayer a nivel nacional fruto de la epidemia que vive Rep\u00fablica Dominicana, de los cuales 189 ingresaron en las \u00faltimas 24 horas. Ayer el pa\u00eds manten\u00eda libres 362 camas distribuidas en diferentes provincias, del total de m\u00e1s de 1,000 camas que han sido [&hellip;]<\/p>\n","protected":false},"author":15,"featured_media":22319,"comment_status":"open","ping_status":"open","sticky":false,"template":"","format":"standard","meta":{"footnotes":""},"categories":[1],"tags":[],"class_list":{"0":"post-22317","1":"post","2":"type-post","3":"status-publish","4":"format-standard","5":"has-post-thumbnail","7":"category-uncategorized"},"yoast_head":"<!-- This site is optimized with the Yoast SEO plugin v27.1.1 - https:\/\/yoast.com\/product\/yoast-seo-wordpress\/ -->\n<title>Ayer hab\u00eda 687 pacientes virales ingresados en los hospitales. - Conexi\u00f3n 23<\/title>\n<meta name=\"robots\" content=\"index, follow, max-snippet:-1, max-image-preview:large, max-video-preview:-1\" \/>\n<link rel=\"canonical\" href=\"https:\/\/conexion23.com\/?p=22317\" \/>\n<meta property=\"og:locale\" content=\"es_ES\" \/>\n<meta property=\"og:type\" content=\"article\" \/>\n<meta property=\"og:title\" content=\"Ayer hab\u00eda 687 pacientes virales ingresados en los hospitales. - Conexi\u00f3n 23\" \/>\n<meta property=\"og:description\" content=\"Un total de 687 pacientes con s\u00edntomas de dengue se manten\u00edan hospitalizados ayer a nivel nacional fruto de la epidemia que vive Rep\u00fablica Dominicana, de los cuales 189 ingresaron en las \u00faltimas 24 horas. Ayer el pa\u00eds manten\u00eda libres 362 camas distribuidas en diferentes provincias, del total de m\u00e1s de 1,000 camas que han sido [&hellip;]\" \/>\n<meta property=\"og:url\" content=\"https:\/\/conexion23.com\/?p=22317\" \/>\n<meta property=\"og:site_name\" content=\"Conexi\u00f3n 23\" \/>\n<meta property=\"article:publisher\" content=\"https:\/\/www.facebook.com\/conexion23com\" \/>\n<meta property=\"article:published_time\" content=\"2023-11-02T12:12:42+00:00\" \/>\n<meta property=\"article:modified_time\" content=\"2023-11-02T12:12:45+00:00\" \/>\n<meta property=\"og:image\" content=\"https:\/\/conexion23.com\/wp-content\/uploads\/2023\/11\/65371b8987ffe.jpeg\" \/>\n\t<meta property=\"og:image:width\" content=\"950\" \/>\n\t<meta property=\"og:image:height\" content=\"465\" \/>\n\t<meta property=\"og:image:type\" content=\"image\/jpeg\" \/>\n<meta name=\"author\" content=\"Raffy Ben\u00edtez\" \/>\n<meta name=\"twitter:card\" content=\"summary_large_image\" \/>\n<meta name=\"twitter:label1\" content=\"Escrito por\" \/>\n\t<meta name=\"twitter:data1\" content=\"Raffy Ben\u00edtez\" \/>\n\t<meta name=\"twitter:label2\" content=\"Tiempo de lectura\" \/>\n\t<meta name=\"twitter:data2\" content=\"2 minutos\" \/>\n<script type=\"application\/ld+json\" class=\"yoast-schema-graph\">{\"@context\":\"https:\/\/schema.org\",\"@graph\":[{\"@type\":\"Article\",\"@id\":\"https:\/\/conexion23.com\/?p=22317#article\",\"isPartOf\":{\"@id\":\"https:\/\/conexion23.com\/?p=22317\"},\"author\":{\"name\":\"Raffy Ben\u00edtez\",\"@id\":\"https:\/\/conexion23.com\/#\/schema\/person\/03e36043331117e97a373299bbcd30a6\"},\"headline\":\"Ayer hab\u00eda 687 pacientes virales ingresados en los hospitales.\",\"datePublished\":\"2023-11-02T12:12:42+00:00\",\"dateModified\":\"2023-11-02T12:12:45+00:00\",\"mainEntityOfPage\":{\"@id\":\"https:\/\/conexion23.com\/?p=22317\"},\"wordCount\":278,\"commentCount\":0,\"publisher\":{\"@id\":\"https:\/\/conexion23.com\/#organization\"},\"image\":{\"@id\":\"https:\/\/conexion23.com\/?p=22317#primaryimage\"},\"thumbnailUrl\":\"https:\/\/conexion23.com\/wp-content\/uploads\/2023\/11\/65371b8987ffe.jpeg\",\"articleSection\":[\"Uncategorized\"],\"inLanguage\":\"es\",\"potentialAction\":[{\"@type\":\"CommentAction\",\"name\":\"Comment\",\"target\":[\"https:\/\/conexion23.com\/?p=22317#respond\"]}]},{\"@type\":\"WebPage\",\"@id\":\"https:\/\/conexion23.com\/?p=22317\",\"url\":\"https:\/\/conexion23.com\/?p=22317\",\"name\":\"Ayer hab\u00eda 687 pacientes virales ingresados en los hospitales. - Conexi\u00f3n 23\",\"isPartOf\":{\"@id\":\"https:\/\/conexion23.com\/#website\"},\"primaryImageOfPage\":{\"@id\":\"https:\/\/conexion23.com\/?p=22317#primaryimage\"},\"image\":{\"@id\":\"https:\/\/conexion23.com\/?p=22317#primaryimage\"},\"thumbnailUrl\":\"https:\/\/conexion23.com\/wp-content\/uploads\/2023\/11\/65371b8987ffe.jpeg\",\"datePublished\":\"2023-11-02T12:12:42+00:00\",\"dateModified\":\"2023-11-02T12:12:45+00:00\",\"breadcrumb\":{\"@id\":\"https:\/\/conexion23.com\/?p=22317#breadcrumb\"},\"inLanguage\":\"es\",\"potentialAction\":[{\"@type\":\"ReadAction\",\"target\":[\"https:\/\/conexion23.com\/?p=22317\"]}]},{\"@type\":\"ImageObject\",\"inLanguage\":\"es\",\"@id\":\"https:\/\/conexion23.com\/?p=22317#primaryimage\",\"url\":\"https:\/\/conexion23.com\/wp-content\/uploads\/2023\/11\/65371b8987ffe.jpeg\",\"contentUrl\":\"https:\/\/conexion23.com\/wp-content\/uploads\/2023\/11\/65371b8987ffe.jpeg\",\"width\":950,\"height\":465},{\"@type\":\"BreadcrumbList\",\"@id\":\"https:\/\/conexion23.com\/?p=22317#breadcrumb\",\"itemListElement\":[{\"@type\":\"ListItem\",\"position\":1,\"name\":\"Portada\",\"item\":\"https:\/\/conexion23.com\/\"},{\"@type\":\"ListItem\",\"position\":2,\"name\":\"Ayer hab\u00eda 687 pacientes virales ingresados en los hospitales.\"}]},{\"@type\":\"WebSite\",\"@id\":\"https:\/\/conexion23.com\/#website\",\"url\":\"https:\/\/conexion23.com\/\",\"name\":\"Conexi\u00f3n 23\",\"description\":\"Peri\u00f3dico 100% Petromacorisano\",\"publisher\":{\"@id\":\"https:\/\/conexion23.com\/#organization\"},\"potentialAction\":[{\"@type\":\"SearchAction\",\"target\":{\"@type\":\"EntryPoint\",\"urlTemplate\":\"https:\/\/conexion23.com\/?s={search_term_string}\"},\"query-input\":{\"@type\":\"PropertyValueSpecification\",\"valueRequired\":true,\"valueName\":\"search_term_string\"}}],\"inLanguage\":\"es\"},{\"@type\":\"Organization\",\"@id\":\"https:\/\/conexion23.com\/#organization\",\"name\":\"Conexion 23\",\"url\":\"https:\/\/conexion23.com\/\",\"logo\":{\"@type\":\"ImageObject\",\"inLanguage\":\"es\",\"@id\":\"https:\/\/conexion23.com\/#\/schema\/logo\/image\/\",\"url\":\"https:\/\/conexion23.com\/wp-content\/uploads\/2021\/11\/Diseno-sin-titulo-2.png\",\"contentUrl\":\"https:\/\/conexion23.com\/wp-content\/uploads\/2021\/11\/Diseno-sin-titulo-2.png\",\"width\":541,\"height\":90,\"caption\":\"Conexion 23\"},\"image\":{\"@id\":\"https:\/\/conexion23.com\/#\/schema\/logo\/image\/\"},\"sameAs\":[\"https:\/\/www.facebook.com\/conexion23com\",\"https:\/\/www.instagram.com\/conexion23com\/\",\"https:\/\/www.youtube.com\/channel\/UCYc7vxxFZMYLIHNsHHxPZ3Q\"]},{\"@type\":\"Person\",\"@id\":\"https:\/\/conexion23.com\/#\/schema\/person\/03e36043331117e97a373299bbcd30a6\",\"name\":\"Raffy Ben\u00edtez\",\"image\":{\"@type\":\"ImageObject\",\"inLanguage\":\"es\",\"@id\":\"https:\/\/conexion23.com\/#\/schema\/person\/image\/\",\"url\":\"https:\/\/secure.gravatar.com\/avatar\/3190a6a6c5e1b0327500f7d6c56b6242472ee6cb974cf09b401ee6b3b0798f23?s=96&d=mm&r=g\",\"contentUrl\":\"https:\/\/secure.gravatar.com\/avatar\/3190a6a6c5e1b0327500f7d6c56b6242472ee6cb974cf09b401ee6b3b0798f23?s=96&d=mm&r=g\",\"caption\":\"Raffy Ben\u00edtez\"},\"url\":\"https:\/\/conexion23.com\/?author=15\"}]}<\/script>\n<!-- \/ Yoast SEO plugin. -->","yoast_head_json":{"title":"Ayer hab\u00eda 687 pacientes virales ingresados en los hospitales. - Conexi\u00f3n 23","robots":{"index":"index","follow":"follow","max-snippet":"max-snippet:-1","max-image-preview":"max-image-preview:large","max-video-preview":"max-video-preview:-1"},"canonical":"https:\/\/conexion23.com\/?p=22317","og_locale":"es_ES","og_type":"article","og_title":"Ayer hab\u00eda 687 pacientes virales ingresados en los hospitales. - Conexi\u00f3n 23","og_description":"Un total de 687 pacientes con s\u00edntomas de dengue se manten\u00edan hospitalizados ayer a nivel nacional fruto de la epidemia que vive Rep\u00fablica Dominicana, de los cuales 189 ingresaron en las \u00faltimas 24 horas. Ayer el pa\u00eds manten\u00eda libres 362 camas distribuidas en diferentes provincias, del total de m\u00e1s de 1,000 camas que han sido [&hellip;]","og_url":"https:\/\/conexion23.com\/?p=22317","og_site_name":"Conexi\u00f3n 23","article_publisher":"https:\/\/www.facebook.com\/conexion23com","article_published_time":"2023-11-02T12:12:42+00:00","article_modified_time":"2023-11-02T12:12:45+00:00","og_image":[{"width":950,"height":465,"url":"https:\/\/conexion23.com\/wp-content\/uploads\/2023\/11\/65371b8987ffe.jpeg","type":"image\/jpeg"}],"author":"Raffy Ben\u00edtez","twitter_card":"summary_large_image","twitter_misc":{"Escrito por":"Raffy Ben\u00edtez","Tiempo de lectura":"2 minutos"},"schema":{"@context":"https:\/\/schema.org","@graph":[{"@type":"Article","@id":"https:\/\/conexion23.com\/?p=22317#article","isPartOf":{"@id":"https:\/\/conexion23.com\/?p=22317"},"author":{"name":"Raffy Ben\u00edtez","@id":"https:\/\/conexion23.com\/#\/schema\/person\/03e36043331117e97a373299bbcd30a6"},"headline":"Ayer hab\u00eda 687 pacientes virales ingresados en los hospitales.","datePublished":"2023-11-02T12:12:42+00:00","dateModified":"2023-11-02T12:12:45+00:00","mainEntityOfPage":{"@id":"https:\/\/conexion23.com\/?p=22317"},"wordCount":278,"commentCount":0,"publisher":{"@id":"https:\/\/conexion23.com\/#organization"},"image":{"@id":"https:\/\/conexion23.com\/?p=22317#primaryimage"},"thumbnailUrl":"https:\/\/conexion23.com\/wp-content\/uploads\/2023\/11\/65371b8987ffe.jpeg","articleSection":["Uncategorized"],"inLanguage":"es","potentialAction":[{"@type":"CommentAction","name":"Comment","target":["https:\/\/conexion23.com\/?p=22317#respond"]}]},{"@type":"WebPage","@id":"https:\/\/conexion23.com\/?p=22317","url":"https:\/\/conexion23.com\/?p=22317","name":"Ayer hab\u00eda 687 pacientes virales ingresados en los hospitales. - Conexi\u00f3n 23","isPartOf":{"@id":"https:\/\/conexion23.com\/#website"},"primaryImageOfPage":{"@id":"https:\/\/conexion23.com\/?p=22317#primaryimage"},"image":{"@id":"https:\/\/conexion23.com\/?p=22317#primaryimage"},"thumbnailUrl":"https:\/\/conexion23.com\/wp-content\/uploads\/2023\/11\/65371b8987ffe.jpeg","datePublished":"2023-11-02T12:12:42+00:00","dateModified":"2023-11-02T12:12:45+00:00","breadcrumb":{"@id":"https:\/\/conexion23.com\/?p=22317#breadcrumb"},"inLanguage":"es","potentialAction":[{"@type":"ReadAction","target":["https:\/\/conexion23.com\/?p=22317"]}]},{"@type":"ImageObject","inLanguage":"es","@id":"https:\/\/conexion23.com\/?p=22317#primaryimage","url":"https:\/\/conexion23.com\/wp-content\/uploads\/2023\/11\/65371b8987ffe.jpeg","contentUrl":"https:\/\/conexion23.com\/wp-content\/uploads\/2023\/11\/65371b8987ffe.jpeg","width":950,"height":465},{"@type":"BreadcrumbList","@id":"https:\/\/conexion23.com\/?p=22317#breadcrumb","itemListElement":[{"@type":"ListItem","position":1,"name":"Portada","item":"https:\/\/conexion23.com\/"},{"@type":"ListItem","position":2,"name":"Ayer hab\u00eda 687 pacientes virales ingresados en los hospitales."}]},{"@type":"WebSite","@id":"https:\/\/conexion23.com\/#website","url":"https:\/\/conexion23.com\/","name":"Conexi\u00f3n 23","description":"Peri\u00f3dico 100% Petromacorisano","publisher":{"@id":"https:\/\/conexion23.com\/#organization"},"potentialAction":[{"@type":"SearchAction","target":{"@type":"EntryPoint","urlTemplate":"https:\/\/conexion23.com\/?s={search_term_string}"},"query-input":{"@type":"PropertyValueSpecification","valueRequired":true,"valueName":"search_term_string"}}],"inLanguage":"es"},{"@type":"Organization","@id":"https:\/\/conexion23.com\/#organization","name":"Conexion 23","url":"https:\/\/conexion23.com\/","logo":{"@type":"ImageObject","inLanguage":"es","@id":"https:\/\/conexion23.com\/#\/schema\/logo\/image\/","url":"https:\/\/conexion23.com\/wp-content\/uploads\/2021\/11\/Diseno-sin-titulo-2.png","contentUrl":"https:\/\/conexion23.com\/wp-content\/uploads\/2021\/11\/Diseno-sin-titulo-2.png","width":541,"height":90,"caption":"Conexion 23"},"image":{"@id":"https:\/\/conexion23.com\/#\/schema\/logo\/image\/"},"sameAs":["https:\/\/www.facebook.com\/conexion23com","https:\/\/www.instagram.com\/conexion23com\/","https:\/\/www.youtube.com\/channel\/UCYc7vxxFZMYLIHNsHHxPZ3Q"]},{"@type":"Person","@id":"https:\/\/conexion23.com\/#\/schema\/person\/03e36043331117e97a373299bbcd30a6","name":"Raffy Ben\u00edtez","image":{"@type":"ImageObject","inLanguage":"es","@id":"https:\/\/conexion23.com\/#\/schema\/person\/image\/","url":"https:\/\/secure.gravatar.com\/avatar\/3190a6a6c5e1b0327500f7d6c56b6242472ee6cb974cf09b401ee6b3b0798f23?s=96&d=mm&r=g","contentUrl":"https:\/\/secure.gravatar.com\/avatar\/3190a6a6c5e1b0327500f7d6c56b6242472ee6cb974cf09b401ee6b3b0798f23?s=96&d=mm&r=g","caption":"Raffy Ben\u00edtez"},"url":"https:\/\/conexion23.com\/?author=15"}]}},"_links":{"self":[{"href":"https:\/\/conexion23.com\/index.php?rest_route=\/wp\/v2\/posts\/22317","targetHints":{"allow":["GET"]}}],"collection":[{"href":"https:\/\/conexion23.com\/index.php?rest_route=\/wp\/v2\/posts"}],"about":[{"href":"https:\/\/conexion23.com\/index.php?rest_route=\/wp\/v2\/types\/post"}],"author":[{"embeddable":true,"href":"https:\/\/conexion23.com\/index.php?rest_route=\/wp\/v2\/users\/15"}],"replies":[{"embeddable":true,"href":"https:\/\/conexion23.com\/index.php?rest_route=%2Fwp%2Fv2%2Fcomments&post=22317"}],"version-history":[{"count":1,"href":"https:\/\/conexion23.com\/index.php?rest_route=\/wp\/v2\/posts\/22317\/revisions"}],"predecessor-version":[{"id":22320,"href":"https:\/\/conexion23.com\/index.php?rest_route=\/wp\/v2\/posts\/22317\/revisions\/22320"}],"wp:featuredmedia":[{"embeddable":true,"href":"https:\/\/conexion23.com\/index.php?rest_route=\/wp\/v2\/media\/22319"}],"wp:attachment":[{"href":"https:\/\/conexion23.com\/index.php?rest_route=%2Fwp%2Fv2%2Fmedia&parent=22317"}],"wp:term":[{"taxonomy":"category","embeddable":true,"href":"https:\/\/conexion23.com\/index.php?rest_route=%2Fwp%2Fv2%2Fcategories&post=22317"},{"taxonomy":"post_tag","embeddable":true,"href":"https:\/\/conexion23.com\/index.php?rest_route=%2Fwp%2Fv2%2Ftags&post=22317"}],"curies":[{"name":"wp","href":"https:\/\/api.w.org\/{rel}","templated":true}]}}