{"id":22378,"date":"2023-11-04T08:39:35","date_gmt":"2023-11-04T12:39:35","guid":{"rendered":"https:\/\/conexion23.com\/?p=22378"},"modified":"2023-11-04T08:39:37","modified_gmt":"2023-11-04T12:39:37","slug":"ex-empleada-del-cea-protesta-en-la-catedral-primada-de-america-y-es-sacada-a-la-fuerza","status":"publish","type":"post","link":"https:\/\/conexion23.com\/?p=22378","title":{"rendered":"Ex empleada del CEA protesta en la Catedral Primada de Am\u00e9rica y es sacada a la fuerza."},"content":{"rendered":"\n<p>Massiel Ortiz, una ex trabajadora del Consejo Estatal del Az\u00facar (CEA), irrumpi\u00f3 en la misa de acci\u00f3n de gracias por el 75 aniversario de la Direcci\u00f3n General de Bienes Nacionales, que se celebraba en la Catedral Primada de Am\u00e9rica, para exigir el pago de sus prestaciones laborales.<\/p>\n\n\n\n<p>Ortiz, que trabaj\u00f3 durante ocho a\u00f1os en el CEA, se dirigi\u00f3 al director de Bienes Nacionales, Rafael Burgos G\u00f3mez, quien asist\u00eda al acto religioso, y lo acus\u00f3 de celebrar sobre el dolor de los ex empleados del CEA, muchos de los cuales est\u00e1n pasando hambre, enfermos y sin dinero.<\/p>\n\n\n\n<p>La manifestante fue sacada a la fuerza de la iglesia por miembros de la seguridad de Bienes Nacionales, quienes tambi\u00e9n agredieron a algunos periodistas que cubr\u00edan el hecho.<\/p>\n\n\n\n<p>Burgos G\u00f3mez respondi\u00f3 a los reclamos de Ortiz y otros manifestantes que se encontraban fuera de la Catedral, diciendo que se trataba de simpatizantes de partidos pol\u00edticos opositores que quer\u00edan da\u00f1ar el solemne acto.<\/p>\n\n\n\n<p>El funcionario tambi\u00e9n dijo que hab\u00eda publicado la tercera lista de prestaciones entregadas y que a quienes no se les hab\u00eda pagado era porque el Tribunal no hab\u00eda autorizado el pago.<\/p>\n\n\n\n<p>La protesta de Ortiz ha generado una ola de solidaridad en las redes sociales, donde muchos usuarios han expresado su apoyo a la ex empleada del CEA y su rechazo a la actitud de Burgos G\u00f3mez y su personal de seguridad.<\/p>\n\n\n\n<p>#Hashtags: #MassielOrtiz #CEA #BienesNacionales #CatedralPrimadaDeAmerica #Protesta #PrestacionesLaborales #RafaelBurgosGomez #Justicia #Solidaridad<\/p>\n","protected":false},"excerpt":{"rendered":"<p>Massiel Ortiz, una ex trabajadora del Consejo Estatal del Az\u00facar (CEA), irrumpi\u00f3 en la misa de acci\u00f3n de gracias por el 75 aniversario de la Direcci\u00f3n General de Bienes Nacionales, que se celebraba en la Catedral Primada de Am\u00e9rica, para exigir el pago de sus prestaciones laborales. Ortiz, que trabaj\u00f3 durante ocho a\u00f1os en el [&hellip;]<\/p>\n","protected":false},"author":15,"featured_media":22379,"comment_status":"open","ping_status":"open","sticky":false,"template":"","format":"standard","meta":{"footnotes":""},"categories":[1],"tags":[],"class_list":{"0":"post-22378","1":"post","2":"type-post","3":"status-publish","4":"format-standard","5":"has-post-thumbnail","7":"category-uncategorized"},"yoast_head":"<!-- This site is optimized with the Yoast SEO plugin v27.1.1 - https:\/\/yoast.com\/product\/yoast-seo-wordpress\/ -->\n<title>Ex empleada del CEA protesta en la Catedral Primada de Am\u00e9rica y es sacada a la fuerza. - Conexi\u00f3n 23<\/title>\n<meta name=\"robots\" content=\"index, follow, max-snippet:-1, max-image-preview:large, max-video-preview:-1\" \/>\n<link rel=\"canonical\" href=\"https:\/\/conexion23.com\/?p=22378\" \/>\n<meta property=\"og:locale\" content=\"es_ES\" \/>\n<meta property=\"og:type\" content=\"article\" \/>\n<meta property=\"og:title\" content=\"Ex empleada del CEA protesta en la Catedral Primada de Am\u00e9rica y es sacada a la fuerza. - Conexi\u00f3n 23\" \/>\n<meta property=\"og:description\" content=\"Massiel Ortiz, una ex trabajadora del Consejo Estatal del Az\u00facar (CEA), irrumpi\u00f3 en la misa de acci\u00f3n de gracias por el 75 aniversario de la Direcci\u00f3n General de Bienes Nacionales, que se celebraba en la Catedral Primada de Am\u00e9rica, para exigir el pago de sus prestaciones laborales. Ortiz, que trabaj\u00f3 durante ocho a\u00f1os en el [&hellip;]\" \/>\n<meta property=\"og:url\" content=\"https:\/\/conexion23.com\/?p=22378\" \/>\n<meta property=\"og:site_name\" content=\"Conexi\u00f3n 23\" \/>\n<meta property=\"article:publisher\" content=\"https:\/\/www.facebook.com\/conexion23com\" \/>\n<meta property=\"article:published_time\" content=\"2023-11-04T12:39:35+00:00\" \/>\n<meta property=\"article:modified_time\" content=\"2023-11-04T12:39:37+00:00\" \/>\n<meta property=\"og:image\" content=\"https:\/\/conexion23.com\/wp-content\/uploads\/2023\/11\/1699038076255467-0-1.jpg\" \/>\n\t<meta property=\"og:image:width\" content=\"1080\" \/>\n\t<meta property=\"og:image:height\" content=\"887\" \/>\n\t<meta property=\"og:image:type\" content=\"image\/jpeg\" \/>\n<meta name=\"author\" content=\"Raffy Ben\u00edtez\" \/>\n<meta name=\"twitter:card\" content=\"summary_large_image\" \/>\n<meta name=\"twitter:label1\" content=\"Escrito por\" \/>\n\t<meta name=\"twitter:data1\" content=\"Raffy Ben\u00edtez\" \/>\n\t<meta name=\"twitter:label2\" content=\"Tiempo de lectura\" \/>\n\t<meta name=\"twitter:data2\" content=\"2 minutos\" \/>\n<script type=\"application\/ld+json\" class=\"yoast-schema-graph\">{\"@context\":\"https:\/\/schema.org\",\"@graph\":[{\"@type\":\"Article\",\"@id\":\"https:\/\/conexion23.com\/?p=22378#article\",\"isPartOf\":{\"@id\":\"https:\/\/conexion23.com\/?p=22378\"},\"author\":{\"name\":\"Raffy Ben\u00edtez\",\"@id\":\"https:\/\/conexion23.com\/#\/schema\/person\/03e36043331117e97a373299bbcd30a6\"},\"headline\":\"Ex empleada del CEA protesta en la Catedral Primada de Am\u00e9rica y es sacada a la fuerza.\",\"datePublished\":\"2023-11-04T12:39:35+00:00\",\"dateModified\":\"2023-11-04T12:39:37+00:00\",\"mainEntityOfPage\":{\"@id\":\"https:\/\/conexion23.com\/?p=22378\"},\"wordCount\":276,\"commentCount\":0,\"publisher\":{\"@id\":\"https:\/\/conexion23.com\/#organization\"},\"image\":{\"@id\":\"https:\/\/conexion23.com\/?p=22378#primaryimage\"},\"thumbnailUrl\":\"https:\/\/conexion23.com\/wp-content\/uploads\/2023\/11\/1699038076255467-0-1.jpg\",\"articleSection\":[\"Uncategorized\"],\"inLanguage\":\"es\",\"potentialAction\":[{\"@type\":\"CommentAction\",\"name\":\"Comment\",\"target\":[\"https:\/\/conexion23.com\/?p=22378#respond\"]}]},{\"@type\":\"WebPage\",\"@id\":\"https:\/\/conexion23.com\/?p=22378\",\"url\":\"https:\/\/conexion23.com\/?p=22378\",\"name\":\"Ex empleada del CEA protesta en la Catedral Primada de Am\u00e9rica y es sacada a la fuerza. - Conexi\u00f3n 23\",\"isPartOf\":{\"@id\":\"https:\/\/conexion23.com\/#website\"},\"primaryImageOfPage\":{\"@id\":\"https:\/\/conexion23.com\/?p=22378#primaryimage\"},\"image\":{\"@id\":\"https:\/\/conexion23.com\/?p=22378#primaryimage\"},\"thumbnailUrl\":\"https:\/\/conexion23.com\/wp-content\/uploads\/2023\/11\/1699038076255467-0-1.jpg\",\"datePublished\":\"2023-11-04T12:39:35+00:00\",\"dateModified\":\"2023-11-04T12:39:37+00:00\",\"breadcrumb\":{\"@id\":\"https:\/\/conexion23.com\/?p=22378#breadcrumb\"},\"inLanguage\":\"es\",\"potentialAction\":[{\"@type\":\"ReadAction\",\"target\":[\"https:\/\/conexion23.com\/?p=22378\"]}]},{\"@type\":\"ImageObject\",\"inLanguage\":\"es\",\"@id\":\"https:\/\/conexion23.com\/?p=22378#primaryimage\",\"url\":\"https:\/\/conexion23.com\/wp-content\/uploads\/2023\/11\/1699038076255467-0-1.jpg\",\"contentUrl\":\"https:\/\/conexion23.com\/wp-content\/uploads\/2023\/11\/1699038076255467-0-1.jpg\",\"width\":1080,\"height\":887},{\"@type\":\"BreadcrumbList\",\"@id\":\"https:\/\/conexion23.com\/?p=22378#breadcrumb\",\"itemListElement\":[{\"@type\":\"ListItem\",\"position\":1,\"name\":\"Portada\",\"item\":\"https:\/\/conexion23.com\/\"},{\"@type\":\"ListItem\",\"position\":2,\"name\":\"Ex empleada del CEA protesta en la Catedral Primada de Am\u00e9rica y es sacada a la fuerza.\"}]},{\"@type\":\"WebSite\",\"@id\":\"https:\/\/conexion23.com\/#website\",\"url\":\"https:\/\/conexion23.com\/\",\"name\":\"Conexi\u00f3n 23\",\"description\":\"Peri\u00f3dico 100% Petromacorisano\",\"publisher\":{\"@id\":\"https:\/\/conexion23.com\/#organization\"},\"potentialAction\":[{\"@type\":\"SearchAction\",\"target\":{\"@type\":\"EntryPoint\",\"urlTemplate\":\"https:\/\/conexion23.com\/?s={search_term_string}\"},\"query-input\":{\"@type\":\"PropertyValueSpecification\",\"valueRequired\":true,\"valueName\":\"search_term_string\"}}],\"inLanguage\":\"es\"},{\"@type\":\"Organization\",\"@id\":\"https:\/\/conexion23.com\/#organization\",\"name\":\"Conexion 23\",\"url\":\"https:\/\/conexion23.com\/\",\"logo\":{\"@type\":\"ImageObject\",\"inLanguage\":\"es\",\"@id\":\"https:\/\/conexion23.com\/#\/schema\/logo\/image\/\",\"url\":\"https:\/\/conexion23.com\/wp-content\/uploads\/2021\/11\/Diseno-sin-titulo-2.png\",\"contentUrl\":\"https:\/\/conexion23.com\/wp-content\/uploads\/2021\/11\/Diseno-sin-titulo-2.png\",\"width\":541,\"height\":90,\"caption\":\"Conexion 23\"},\"image\":{\"@id\":\"https:\/\/conexion23.com\/#\/schema\/logo\/image\/\"},\"sameAs\":[\"https:\/\/www.facebook.com\/conexion23com\",\"https:\/\/www.instagram.com\/conexion23com\/\",\"https:\/\/www.youtube.com\/channel\/UCYc7vxxFZMYLIHNsHHxPZ3Q\"]},{\"@type\":\"Person\",\"@id\":\"https:\/\/conexion23.com\/#\/schema\/person\/03e36043331117e97a373299bbcd30a6\",\"name\":\"Raffy Ben\u00edtez\",\"image\":{\"@type\":\"ImageObject\",\"inLanguage\":\"es\",\"@id\":\"https:\/\/conexion23.com\/#\/schema\/person\/image\/\",\"url\":\"https:\/\/secure.gravatar.com\/avatar\/3190a6a6c5e1b0327500f7d6c56b6242472ee6cb974cf09b401ee6b3b0798f23?s=96&d=mm&r=g\",\"contentUrl\":\"https:\/\/secure.gravatar.com\/avatar\/3190a6a6c5e1b0327500f7d6c56b6242472ee6cb974cf09b401ee6b3b0798f23?s=96&d=mm&r=g\",\"caption\":\"Raffy Ben\u00edtez\"},\"url\":\"https:\/\/conexion23.com\/?author=15\"}]}<\/script>\n<!-- \/ Yoast SEO plugin. -->","yoast_head_json":{"title":"Ex empleada del CEA protesta en la Catedral Primada de Am\u00e9rica y es sacada a la fuerza. - Conexi\u00f3n 23","robots":{"index":"index","follow":"follow","max-snippet":"max-snippet:-1","max-image-preview":"max-image-preview:large","max-video-preview":"max-video-preview:-1"},"canonical":"https:\/\/conexion23.com\/?p=22378","og_locale":"es_ES","og_type":"article","og_title":"Ex empleada del CEA protesta en la Catedral Primada de Am\u00e9rica y es sacada a la fuerza. - Conexi\u00f3n 23","og_description":"Massiel Ortiz, una ex trabajadora del Consejo Estatal del Az\u00facar (CEA), irrumpi\u00f3 en la misa de acci\u00f3n de gracias por el 75 aniversario de la Direcci\u00f3n General de Bienes Nacionales, que se celebraba en la Catedral Primada de Am\u00e9rica, para exigir el pago de sus prestaciones laborales. Ortiz, que trabaj\u00f3 durante ocho a\u00f1os en el [&hellip;]","og_url":"https:\/\/conexion23.com\/?p=22378","og_site_name":"Conexi\u00f3n 23","article_publisher":"https:\/\/www.facebook.com\/conexion23com","article_published_time":"2023-11-04T12:39:35+00:00","article_modified_time":"2023-11-04T12:39:37+00:00","og_image":[{"width":1080,"height":887,"url":"https:\/\/conexion23.com\/wp-content\/uploads\/2023\/11\/1699038076255467-0-1.jpg","type":"image\/jpeg"}],"author":"Raffy Ben\u00edtez","twitter_card":"summary_large_image","twitter_misc":{"Escrito por":"Raffy Ben\u00edtez","Tiempo de lectura":"2 minutos"},"schema":{"@context":"https:\/\/schema.org","@graph":[{"@type":"Article","@id":"https:\/\/conexion23.com\/?p=22378#article","isPartOf":{"@id":"https:\/\/conexion23.com\/?p=22378"},"author":{"name":"Raffy Ben\u00edtez","@id":"https:\/\/conexion23.com\/#\/schema\/person\/03e36043331117e97a373299bbcd30a6"},"headline":"Ex empleada del CEA protesta en la Catedral Primada de Am\u00e9rica y es sacada a la fuerza.","datePublished":"2023-11-04T12:39:35+00:00","dateModified":"2023-11-04T12:39:37+00:00","mainEntityOfPage":{"@id":"https:\/\/conexion23.com\/?p=22378"},"wordCount":276,"commentCount":0,"publisher":{"@id":"https:\/\/conexion23.com\/#organization"},"image":{"@id":"https:\/\/conexion23.com\/?p=22378#primaryimage"},"thumbnailUrl":"https:\/\/conexion23.com\/wp-content\/uploads\/2023\/11\/1699038076255467-0-1.jpg","articleSection":["Uncategorized"],"inLanguage":"es","potentialAction":[{"@type":"CommentAction","name":"Comment","target":["https:\/\/conexion23.com\/?p=22378#respond"]}]},{"@type":"WebPage","@id":"https:\/\/conexion23.com\/?p=22378","url":"https:\/\/conexion23.com\/?p=22378","name":"Ex empleada del CEA protesta en la Catedral Primada de Am\u00e9rica y es sacada a la fuerza. - Conexi\u00f3n 23","isPartOf":{"@id":"https:\/\/conexion23.com\/#website"},"primaryImageOfPage":{"@id":"https:\/\/conexion23.com\/?p=22378#primaryimage"},"image":{"@id":"https:\/\/conexion23.com\/?p=22378#primaryimage"},"thumbnailUrl":"https:\/\/conexion23.com\/wp-content\/uploads\/2023\/11\/1699038076255467-0-1.jpg","datePublished":"2023-11-04T12:39:35+00:00","dateModified":"2023-11-04T12:39:37+00:00","breadcrumb":{"@id":"https:\/\/conexion23.com\/?p=22378#breadcrumb"},"inLanguage":"es","potentialAction":[{"@type":"ReadAction","target":["https:\/\/conexion23.com\/?p=22378"]}]},{"@type":"ImageObject","inLanguage":"es","@id":"https:\/\/conexion23.com\/?p=22378#primaryimage","url":"https:\/\/conexion23.com\/wp-content\/uploads\/2023\/11\/1699038076255467-0-1.jpg","contentUrl":"https:\/\/conexion23.com\/wp-content\/uploads\/2023\/11\/1699038076255467-0-1.jpg","width":1080,"height":887},{"@type":"BreadcrumbList","@id":"https:\/\/conexion23.com\/?p=22378#breadcrumb","itemListElement":[{"@type":"ListItem","position":1,"name":"Portada","item":"https:\/\/conexion23.com\/"},{"@type":"ListItem","position":2,"name":"Ex empleada del CEA protesta en la Catedral Primada de Am\u00e9rica y es sacada a la fuerza."}]},{"@type":"WebSite","@id":"https:\/\/conexion23.com\/#website","url":"https:\/\/conexion23.com\/","name":"Conexi\u00f3n 23","description":"Peri\u00f3dico 100% Petromacorisano","publisher":{"@id":"https:\/\/conexion23.com\/#organization"},"potentialAction":[{"@type":"SearchAction","target":{"@type":"EntryPoint","urlTemplate":"https:\/\/conexion23.com\/?s={search_term_string}"},"query-input":{"@type":"PropertyValueSpecification","valueRequired":true,"valueName":"search_term_string"}}],"inLanguage":"es"},{"@type":"Organization","@id":"https:\/\/conexion23.com\/#organization","name":"Conexion 23","url":"https:\/\/conexion23.com\/","logo":{"@type":"ImageObject","inLanguage":"es","@id":"https:\/\/conexion23.com\/#\/schema\/logo\/image\/","url":"https:\/\/conexion23.com\/wp-content\/uploads\/2021\/11\/Diseno-sin-titulo-2.png","contentUrl":"https:\/\/conexion23.com\/wp-content\/uploads\/2021\/11\/Diseno-sin-titulo-2.png","width":541,"height":90,"caption":"Conexion 23"},"image":{"@id":"https:\/\/conexion23.com\/#\/schema\/logo\/image\/"},"sameAs":["https:\/\/www.facebook.com\/conexion23com","https:\/\/www.instagram.com\/conexion23com\/","https:\/\/www.youtube.com\/channel\/UCYc7vxxFZMYLIHNsHHxPZ3Q"]},{"@type":"Person","@id":"https:\/\/conexion23.com\/#\/schema\/person\/03e36043331117e97a373299bbcd30a6","name":"Raffy Ben\u00edtez","image":{"@type":"ImageObject","inLanguage":"es","@id":"https:\/\/conexion23.com\/#\/schema\/person\/image\/","url":"https:\/\/secure.gravatar.com\/avatar\/3190a6a6c5e1b0327500f7d6c56b6242472ee6cb974cf09b401ee6b3b0798f23?s=96&d=mm&r=g","contentUrl":"https:\/\/secure.gravatar.com\/avatar\/3190a6a6c5e1b0327500f7d6c56b6242472ee6cb974cf09b401ee6b3b0798f23?s=96&d=mm&r=g","caption":"Raffy Ben\u00edtez"},"url":"https:\/\/conexion23.com\/?author=15"}]}},"_links":{"self":[{"href":"https:\/\/conexion23.com\/index.php?rest_route=\/wp\/v2\/posts\/22378","targetHints":{"allow":["GET"]}}],"collection":[{"href":"https:\/\/conexion23.com\/index.php?rest_route=\/wp\/v2\/posts"}],"about":[{"href":"https:\/\/conexion23.com\/index.php?rest_route=\/wp\/v2\/types\/post"}],"author":[{"embeddable":true,"href":"https:\/\/conexion23.com\/index.php?rest_route=\/wp\/v2\/users\/15"}],"replies":[{"embeddable":true,"href":"https:\/\/conexion23.com\/index.php?rest_route=%2Fwp%2Fv2%2Fcomments&post=22378"}],"version-history":[{"count":1,"href":"https:\/\/conexion23.com\/index.php?rest_route=\/wp\/v2\/posts\/22378\/revisions"}],"predecessor-version":[{"id":22380,"href":"https:\/\/conexion23.com\/index.php?rest_route=\/wp\/v2\/posts\/22378\/revisions\/22380"}],"wp:featuredmedia":[{"embeddable":true,"href":"https:\/\/conexion23.com\/index.php?rest_route=\/wp\/v2\/media\/22379"}],"wp:attachment":[{"href":"https:\/\/conexion23.com\/index.php?rest_route=%2Fwp%2Fv2%2Fmedia&parent=22378"}],"wp:term":[{"taxonomy":"category","embeddable":true,"href":"https:\/\/conexion23.com\/index.php?rest_route=%2Fwp%2Fv2%2Fcategories&post=22378"},{"taxonomy":"post_tag","embeddable":true,"href":"https:\/\/conexion23.com\/index.php?rest_route=%2Fwp%2Fv2%2Ftags&post=22378"}],"curies":[{"name":"wp","href":"https:\/\/api.w.org\/{rel}","templated":true}]}}