{"id":22396,"date":"2023-11-06T07:17:16","date_gmt":"2023-11-06T11:17:16","guid":{"rendered":"https:\/\/conexion23.com\/?p=22396"},"modified":"2023-11-06T07:17:19","modified_gmt":"2023-11-06T11:17:19","slug":"renuncia-del-pld-el-diputado-lupe-nunez","status":"publish","type":"post","link":"https:\/\/conexion23.com\/?p=22396","title":{"rendered":"Renuncia del PLD el diputado Lupe N\u00fa\u00f1ez."},"content":{"rendered":"\n<p>El diputado Lupe N\u00fa\u00f1ez Rosario renunci\u00f3 del Partido de la Liberaci\u00f3n Dominicana (PLD), sum\u00e1ndose a una larga lista de importantes dirigentes que han decidido marcharse de esa organizaci\u00f3n tras hacer vida pol\u00edtica all\u00ed por largos a\u00f1os.<\/p>\n\n\n\n<p>El congresista nativo del municipio de Villa Riva, en la provincia Duarte, inform\u00f3 su decisi\u00f3n a trav\u00e9s de una comunicaci\u00f3n dirigida a Danilo Medina S\u00e1nchez y Charles Mariotti Tapia, presidente y secretario general de esa organizaci\u00f3n pol\u00edtica, respectivamente.<\/p>\n\n\n\n<p>N\u00fa\u00f1ez Rosario, quien era miembro del Comit\u00e9 Central del PLD,&nbsp; no detall\u00f3 el motivo de su dimisi\u00f3n al partido de la estrella amarilla. Tampoco se sabe cu\u00e1l ser\u00e1 su pr\u00f3ximo paso pol\u00edtico.<br><\/p>\n","protected":false},"excerpt":{"rendered":"<p>El diputado Lupe N\u00fa\u00f1ez Rosario renunci\u00f3 del Partido de la Liberaci\u00f3n Dominicana (PLD), sum\u00e1ndose a una larga lista de importantes dirigentes que han decidido marcharse de esa organizaci\u00f3n tras hacer vida pol\u00edtica all\u00ed por largos a\u00f1os. El congresista nativo del municipio de Villa Riva, en la provincia Duarte, inform\u00f3 su decisi\u00f3n a trav\u00e9s de una [&hellip;]<\/p>\n","protected":false},"author":15,"featured_media":22397,"comment_status":"open","ping_status":"open","sticky":false,"template":"","format":"standard","meta":{"footnotes":""},"categories":[1],"tags":[],"class_list":{"0":"post-22396","1":"post","2":"type-post","3":"status-publish","4":"format-standard","5":"has-post-thumbnail","7":"category-uncategorized"},"yoast_head":"<!-- This site is optimized with the Yoast SEO plugin v27.1.1 - https:\/\/yoast.com\/product\/yoast-seo-wordpress\/ -->\n<title>Renuncia del PLD el diputado Lupe N\u00fa\u00f1ez. - Conexi\u00f3n 23<\/title>\n<meta name=\"robots\" content=\"index, follow, max-snippet:-1, max-image-preview:large, max-video-preview:-1\" \/>\n<link rel=\"canonical\" href=\"https:\/\/conexion23.com\/?p=22396\" \/>\n<meta property=\"og:locale\" content=\"es_ES\" \/>\n<meta property=\"og:type\" content=\"article\" \/>\n<meta property=\"og:title\" content=\"Renuncia del PLD el diputado Lupe N\u00fa\u00f1ez. - Conexi\u00f3n 23\" \/>\n<meta property=\"og:description\" content=\"El diputado Lupe N\u00fa\u00f1ez Rosario renunci\u00f3 del Partido de la Liberaci\u00f3n Dominicana (PLD), sum\u00e1ndose a una larga lista de importantes dirigentes que han decidido marcharse de esa organizaci\u00f3n tras hacer vida pol\u00edtica all\u00ed por largos a\u00f1os. El congresista nativo del municipio de Villa Riva, en la provincia Duarte, inform\u00f3 su decisi\u00f3n a trav\u00e9s de una [&hellip;]\" \/>\n<meta property=\"og:url\" content=\"https:\/\/conexion23.com\/?p=22396\" \/>\n<meta property=\"og:site_name\" content=\"Conexi\u00f3n 23\" \/>\n<meta property=\"article:publisher\" content=\"https:\/\/www.facebook.com\/conexion23com\" \/>\n<meta property=\"article:published_time\" content=\"2023-11-06T11:17:16+00:00\" \/>\n<meta property=\"article:modified_time\" content=\"2023-11-06T11:17:19+00:00\" \/>\n<meta property=\"og:image\" content=\"https:\/\/conexion23.com\/wp-content\/uploads\/2023\/11\/25-pld-lf-lupe.webp\" \/>\n\t<meta property=\"og:image:width\" content=\"678\" \/>\n\t<meta property=\"og:image:height\" content=\"354\" \/>\n\t<meta property=\"og:image:type\" content=\"image\/webp\" \/>\n<meta name=\"author\" content=\"Raffy Ben\u00edtez\" \/>\n<meta name=\"twitter:card\" content=\"summary_large_image\" \/>\n<meta name=\"twitter:label1\" content=\"Escrito por\" \/>\n\t<meta name=\"twitter:data1\" content=\"Raffy Ben\u00edtez\" \/>\n\t<meta name=\"twitter:label2\" content=\"Tiempo de lectura\" \/>\n\t<meta name=\"twitter:data2\" content=\"1 minuto\" \/>\n<script type=\"application\/ld+json\" class=\"yoast-schema-graph\">{\"@context\":\"https:\/\/schema.org\",\"@graph\":[{\"@type\":\"Article\",\"@id\":\"https:\/\/conexion23.com\/?p=22396#article\",\"isPartOf\":{\"@id\":\"https:\/\/conexion23.com\/?p=22396\"},\"author\":{\"name\":\"Raffy Ben\u00edtez\",\"@id\":\"https:\/\/conexion23.com\/#\/schema\/person\/03e36043331117e97a373299bbcd30a6\"},\"headline\":\"Renuncia del PLD el diputado Lupe N\u00fa\u00f1ez.\",\"datePublished\":\"2023-11-06T11:17:16+00:00\",\"dateModified\":\"2023-11-06T11:17:19+00:00\",\"mainEntityOfPage\":{\"@id\":\"https:\/\/conexion23.com\/?p=22396\"},\"wordCount\":132,\"commentCount\":0,\"publisher\":{\"@id\":\"https:\/\/conexion23.com\/#organization\"},\"image\":{\"@id\":\"https:\/\/conexion23.com\/?p=22396#primaryimage\"},\"thumbnailUrl\":\"https:\/\/conexion23.com\/wp-content\/uploads\/2023\/11\/25-pld-lf-lupe.webp\",\"articleSection\":[\"Uncategorized\"],\"inLanguage\":\"es\",\"potentialAction\":[{\"@type\":\"CommentAction\",\"name\":\"Comment\",\"target\":[\"https:\/\/conexion23.com\/?p=22396#respond\"]}]},{\"@type\":\"WebPage\",\"@id\":\"https:\/\/conexion23.com\/?p=22396\",\"url\":\"https:\/\/conexion23.com\/?p=22396\",\"name\":\"Renuncia del PLD el diputado Lupe N\u00fa\u00f1ez. - Conexi\u00f3n 23\",\"isPartOf\":{\"@id\":\"https:\/\/conexion23.com\/#website\"},\"primaryImageOfPage\":{\"@id\":\"https:\/\/conexion23.com\/?p=22396#primaryimage\"},\"image\":{\"@id\":\"https:\/\/conexion23.com\/?p=22396#primaryimage\"},\"thumbnailUrl\":\"https:\/\/conexion23.com\/wp-content\/uploads\/2023\/11\/25-pld-lf-lupe.webp\",\"datePublished\":\"2023-11-06T11:17:16+00:00\",\"dateModified\":\"2023-11-06T11:17:19+00:00\",\"breadcrumb\":{\"@id\":\"https:\/\/conexion23.com\/?p=22396#breadcrumb\"},\"inLanguage\":\"es\",\"potentialAction\":[{\"@type\":\"ReadAction\",\"target\":[\"https:\/\/conexion23.com\/?p=22396\"]}]},{\"@type\":\"ImageObject\",\"inLanguage\":\"es\",\"@id\":\"https:\/\/conexion23.com\/?p=22396#primaryimage\",\"url\":\"https:\/\/conexion23.com\/wp-content\/uploads\/2023\/11\/25-pld-lf-lupe.webp\",\"contentUrl\":\"https:\/\/conexion23.com\/wp-content\/uploads\/2023\/11\/25-pld-lf-lupe.webp\",\"width\":678,\"height\":354},{\"@type\":\"BreadcrumbList\",\"@id\":\"https:\/\/conexion23.com\/?p=22396#breadcrumb\",\"itemListElement\":[{\"@type\":\"ListItem\",\"position\":1,\"name\":\"Portada\",\"item\":\"https:\/\/conexion23.com\/\"},{\"@type\":\"ListItem\",\"position\":2,\"name\":\"Renuncia del PLD el diputado Lupe N\u00fa\u00f1ez.\"}]},{\"@type\":\"WebSite\",\"@id\":\"https:\/\/conexion23.com\/#website\",\"url\":\"https:\/\/conexion23.com\/\",\"name\":\"Conexi\u00f3n 23\",\"description\":\"Peri\u00f3dico 100% Petromacorisano\",\"publisher\":{\"@id\":\"https:\/\/conexion23.com\/#organization\"},\"potentialAction\":[{\"@type\":\"SearchAction\",\"target\":{\"@type\":\"EntryPoint\",\"urlTemplate\":\"https:\/\/conexion23.com\/?s={search_term_string}\"},\"query-input\":{\"@type\":\"PropertyValueSpecification\",\"valueRequired\":true,\"valueName\":\"search_term_string\"}}],\"inLanguage\":\"es\"},{\"@type\":\"Organization\",\"@id\":\"https:\/\/conexion23.com\/#organization\",\"name\":\"Conexion 23\",\"url\":\"https:\/\/conexion23.com\/\",\"logo\":{\"@type\":\"ImageObject\",\"inLanguage\":\"es\",\"@id\":\"https:\/\/conexion23.com\/#\/schema\/logo\/image\/\",\"url\":\"https:\/\/conexion23.com\/wp-content\/uploads\/2021\/11\/Diseno-sin-titulo-2.png\",\"contentUrl\":\"https:\/\/conexion23.com\/wp-content\/uploads\/2021\/11\/Diseno-sin-titulo-2.png\",\"width\":541,\"height\":90,\"caption\":\"Conexion 23\"},\"image\":{\"@id\":\"https:\/\/conexion23.com\/#\/schema\/logo\/image\/\"},\"sameAs\":[\"https:\/\/www.facebook.com\/conexion23com\",\"https:\/\/www.instagram.com\/conexion23com\/\",\"https:\/\/www.youtube.com\/channel\/UCYc7vxxFZMYLIHNsHHxPZ3Q\"]},{\"@type\":\"Person\",\"@id\":\"https:\/\/conexion23.com\/#\/schema\/person\/03e36043331117e97a373299bbcd30a6\",\"name\":\"Raffy Ben\u00edtez\",\"image\":{\"@type\":\"ImageObject\",\"inLanguage\":\"es\",\"@id\":\"https:\/\/conexion23.com\/#\/schema\/person\/image\/\",\"url\":\"https:\/\/secure.gravatar.com\/avatar\/3190a6a6c5e1b0327500f7d6c56b6242472ee6cb974cf09b401ee6b3b0798f23?s=96&d=mm&r=g\",\"contentUrl\":\"https:\/\/secure.gravatar.com\/avatar\/3190a6a6c5e1b0327500f7d6c56b6242472ee6cb974cf09b401ee6b3b0798f23?s=96&d=mm&r=g\",\"caption\":\"Raffy Ben\u00edtez\"},\"url\":\"https:\/\/conexion23.com\/?author=15\"}]}<\/script>\n<!-- \/ Yoast SEO plugin. -->","yoast_head_json":{"title":"Renuncia del PLD el diputado Lupe N\u00fa\u00f1ez. - Conexi\u00f3n 23","robots":{"index":"index","follow":"follow","max-snippet":"max-snippet:-1","max-image-preview":"max-image-preview:large","max-video-preview":"max-video-preview:-1"},"canonical":"https:\/\/conexion23.com\/?p=22396","og_locale":"es_ES","og_type":"article","og_title":"Renuncia del PLD el diputado Lupe N\u00fa\u00f1ez. - Conexi\u00f3n 23","og_description":"El diputado Lupe N\u00fa\u00f1ez Rosario renunci\u00f3 del Partido de la Liberaci\u00f3n Dominicana (PLD), sum\u00e1ndose a una larga lista de importantes dirigentes que han decidido marcharse de esa organizaci\u00f3n tras hacer vida pol\u00edtica all\u00ed por largos a\u00f1os. El congresista nativo del municipio de Villa Riva, en la provincia Duarte, inform\u00f3 su decisi\u00f3n a trav\u00e9s de una [&hellip;]","og_url":"https:\/\/conexion23.com\/?p=22396","og_site_name":"Conexi\u00f3n 23","article_publisher":"https:\/\/www.facebook.com\/conexion23com","article_published_time":"2023-11-06T11:17:16+00:00","article_modified_time":"2023-11-06T11:17:19+00:00","og_image":[{"width":678,"height":354,"url":"https:\/\/conexion23.com\/wp-content\/uploads\/2023\/11\/25-pld-lf-lupe.webp","type":"image\/webp"}],"author":"Raffy Ben\u00edtez","twitter_card":"summary_large_image","twitter_misc":{"Escrito por":"Raffy Ben\u00edtez","Tiempo de lectura":"1 minuto"},"schema":{"@context":"https:\/\/schema.org","@graph":[{"@type":"Article","@id":"https:\/\/conexion23.com\/?p=22396#article","isPartOf":{"@id":"https:\/\/conexion23.com\/?p=22396"},"author":{"name":"Raffy Ben\u00edtez","@id":"https:\/\/conexion23.com\/#\/schema\/person\/03e36043331117e97a373299bbcd30a6"},"headline":"Renuncia del PLD el diputado Lupe N\u00fa\u00f1ez.","datePublished":"2023-11-06T11:17:16+00:00","dateModified":"2023-11-06T11:17:19+00:00","mainEntityOfPage":{"@id":"https:\/\/conexion23.com\/?p=22396"},"wordCount":132,"commentCount":0,"publisher":{"@id":"https:\/\/conexion23.com\/#organization"},"image":{"@id":"https:\/\/conexion23.com\/?p=22396#primaryimage"},"thumbnailUrl":"https:\/\/conexion23.com\/wp-content\/uploads\/2023\/11\/25-pld-lf-lupe.webp","articleSection":["Uncategorized"],"inLanguage":"es","potentialAction":[{"@type":"CommentAction","name":"Comment","target":["https:\/\/conexion23.com\/?p=22396#respond"]}]},{"@type":"WebPage","@id":"https:\/\/conexion23.com\/?p=22396","url":"https:\/\/conexion23.com\/?p=22396","name":"Renuncia del PLD el diputado Lupe N\u00fa\u00f1ez. - Conexi\u00f3n 23","isPartOf":{"@id":"https:\/\/conexion23.com\/#website"},"primaryImageOfPage":{"@id":"https:\/\/conexion23.com\/?p=22396#primaryimage"},"image":{"@id":"https:\/\/conexion23.com\/?p=22396#primaryimage"},"thumbnailUrl":"https:\/\/conexion23.com\/wp-content\/uploads\/2023\/11\/25-pld-lf-lupe.webp","datePublished":"2023-11-06T11:17:16+00:00","dateModified":"2023-11-06T11:17:19+00:00","breadcrumb":{"@id":"https:\/\/conexion23.com\/?p=22396#breadcrumb"},"inLanguage":"es","potentialAction":[{"@type":"ReadAction","target":["https:\/\/conexion23.com\/?p=22396"]}]},{"@type":"ImageObject","inLanguage":"es","@id":"https:\/\/conexion23.com\/?p=22396#primaryimage","url":"https:\/\/conexion23.com\/wp-content\/uploads\/2023\/11\/25-pld-lf-lupe.webp","contentUrl":"https:\/\/conexion23.com\/wp-content\/uploads\/2023\/11\/25-pld-lf-lupe.webp","width":678,"height":354},{"@type":"BreadcrumbList","@id":"https:\/\/conexion23.com\/?p=22396#breadcrumb","itemListElement":[{"@type":"ListItem","position":1,"name":"Portada","item":"https:\/\/conexion23.com\/"},{"@type":"ListItem","position":2,"name":"Renuncia del PLD el diputado Lupe N\u00fa\u00f1ez."}]},{"@type":"WebSite","@id":"https:\/\/conexion23.com\/#website","url":"https:\/\/conexion23.com\/","name":"Conexi\u00f3n 23","description":"Peri\u00f3dico 100% Petromacorisano","publisher":{"@id":"https:\/\/conexion23.com\/#organization"},"potentialAction":[{"@type":"SearchAction","target":{"@type":"EntryPoint","urlTemplate":"https:\/\/conexion23.com\/?s={search_term_string}"},"query-input":{"@type":"PropertyValueSpecification","valueRequired":true,"valueName":"search_term_string"}}],"inLanguage":"es"},{"@type":"Organization","@id":"https:\/\/conexion23.com\/#organization","name":"Conexion 23","url":"https:\/\/conexion23.com\/","logo":{"@type":"ImageObject","inLanguage":"es","@id":"https:\/\/conexion23.com\/#\/schema\/logo\/image\/","url":"https:\/\/conexion23.com\/wp-content\/uploads\/2021\/11\/Diseno-sin-titulo-2.png","contentUrl":"https:\/\/conexion23.com\/wp-content\/uploads\/2021\/11\/Diseno-sin-titulo-2.png","width":541,"height":90,"caption":"Conexion 23"},"image":{"@id":"https:\/\/conexion23.com\/#\/schema\/logo\/image\/"},"sameAs":["https:\/\/www.facebook.com\/conexion23com","https:\/\/www.instagram.com\/conexion23com\/","https:\/\/www.youtube.com\/channel\/UCYc7vxxFZMYLIHNsHHxPZ3Q"]},{"@type":"Person","@id":"https:\/\/conexion23.com\/#\/schema\/person\/03e36043331117e97a373299bbcd30a6","name":"Raffy Ben\u00edtez","image":{"@type":"ImageObject","inLanguage":"es","@id":"https:\/\/conexion23.com\/#\/schema\/person\/image\/","url":"https:\/\/secure.gravatar.com\/avatar\/3190a6a6c5e1b0327500f7d6c56b6242472ee6cb974cf09b401ee6b3b0798f23?s=96&d=mm&r=g","contentUrl":"https:\/\/secure.gravatar.com\/avatar\/3190a6a6c5e1b0327500f7d6c56b6242472ee6cb974cf09b401ee6b3b0798f23?s=96&d=mm&r=g","caption":"Raffy Ben\u00edtez"},"url":"https:\/\/conexion23.com\/?author=15"}]}},"_links":{"self":[{"href":"https:\/\/conexion23.com\/index.php?rest_route=\/wp\/v2\/posts\/22396","targetHints":{"allow":["GET"]}}],"collection":[{"href":"https:\/\/conexion23.com\/index.php?rest_route=\/wp\/v2\/posts"}],"about":[{"href":"https:\/\/conexion23.com\/index.php?rest_route=\/wp\/v2\/types\/post"}],"author":[{"embeddable":true,"href":"https:\/\/conexion23.com\/index.php?rest_route=\/wp\/v2\/users\/15"}],"replies":[{"embeddable":true,"href":"https:\/\/conexion23.com\/index.php?rest_route=%2Fwp%2Fv2%2Fcomments&post=22396"}],"version-history":[{"count":1,"href":"https:\/\/conexion23.com\/index.php?rest_route=\/wp\/v2\/posts\/22396\/revisions"}],"predecessor-version":[{"id":22398,"href":"https:\/\/conexion23.com\/index.php?rest_route=\/wp\/v2\/posts\/22396\/revisions\/22398"}],"wp:featuredmedia":[{"embeddable":true,"href":"https:\/\/conexion23.com\/index.php?rest_route=\/wp\/v2\/media\/22397"}],"wp:attachment":[{"href":"https:\/\/conexion23.com\/index.php?rest_route=%2Fwp%2Fv2%2Fmedia&parent=22396"}],"wp:term":[{"taxonomy":"category","embeddable":true,"href":"https:\/\/conexion23.com\/index.php?rest_route=%2Fwp%2Fv2%2Fcategories&post=22396"},{"taxonomy":"post_tag","embeddable":true,"href":"https:\/\/conexion23.com\/index.php?rest_route=%2Fwp%2Fv2%2Ftags&post=22396"}],"curies":[{"name":"wp","href":"https:\/\/api.w.org\/{rel}","templated":true}]}}