{"id":22402,"date":"2023-11-06T07:25:00","date_gmt":"2023-11-06T11:25:00","guid":{"rendered":"https:\/\/conexion23.com\/?p=22402"},"modified":"2023-11-06T07:25:03","modified_gmt":"2023-11-06T11:25:03","slug":"caravana-multitudinaria-reune-miles-en-las-calles-de-san-juan-en-respaldo-a-leonel","status":"publish","type":"post","link":"https:\/\/conexion23.com\/?p=22402","title":{"rendered":"Caravana multitudinaria re\u00fane miles en las calles de San Juan en respaldo a Leonel."},"content":{"rendered":"\n<p>Leonel Fern\u00e1ndez encabez\u00f3 este domingo una caravana multitudinaria por los barrios del municipio de San Juan de la Maguana. La gente se tir\u00f3 a la calle en una mezcla de alegr\u00eda y esperanza.<\/p>\n\n\n\n<p>Los habitantes de estos sectores respondieron emocionados al paso del l\u00edder pol\u00edtico por sus calles, saliendo con art\u00edculos verdes y aleg\u00f3ricos al partido que ha simbolizado la esperanza de la Rep\u00fablica Dominicana y a su simpat\u00eda por el l\u00edder de los dominicanos.<\/p>\n\n\n\n<p>\u00abRuge el Le\u00f3n\u00bb, \u00abEl Le\u00f3n se tir\u00f3 a la calle\u00bb, \u00abEste pueblo te necesita\u00bb y, \u00abT\u00fa eres la esperanza\u00bb, fueron algunas de las frases vociferadas por las personas que se reun\u00edan en grupos para esperar el paso de Fern\u00e1ndez, adem\u00e1s de improvisar bailes y coreograf\u00edas a bordo de calle.<\/p>\n\n\n\n<p>Las personas tambi\u00e9n manifestaron su alegr\u00eda por la visita del aspirante a la presidencia y coincidieron en que todos los municipios de la provincia San Juan han sido abandonados por el actual gobierno y que hoy atraviesan las situaciones de mayor pobreza en varias d\u00e9cadas.<\/p>\n\n\n\n<p>Durante el recorrido se pudo observar como cantidades de personas se iban uniendo, en la medida que este avanzaba, un indicador del contagio que causa el sentir fuerzapueblista que est\u00e1 uniendo los pueblos bajo el sentir de sacar este desgobierno del poder.<\/p>\n\n\n\n<p>Leonel se re\u00fane con productores y profesionales de San Juan<\/p>\n\n\n\n<p>Leonel Fern\u00e1ndez se reuni\u00f3 con productores y profesionales de San Juan, como parte de las actividades que desarrolla en esta provincia durante este domingo 5 de noviembre, previo a encabezar la gran caravana de apoyo a candidatos congresuales y municipales.<\/p>\n\n\n\n<p>En esta asamblea representantes de cada uno de los sectores le plantearon a Fern\u00e1ndez, candidato a la presidencia por la Fuerza del Pueblo, las principales necesidades que les aquejan. Luego de estas intervenciones, el l\u00edder pol\u00edtico valor\u00f3 los temas de cara a la estructuraci\u00f3n del programa de gobierno 2024-2028 y, plante\u00f3 posibles soluciones en los temas m\u00e1s prioritarios.<\/p>\n\n\n\n<p>Despu\u00e9s de las jornadas exitosas del s\u00e1bado en El\u00edas Pi\u00f1a y, el domingo en San Juan, el l\u00edder de la oposici\u00f3n pol\u00edtica dominicana realizar\u00e1 una caravana este lunes 6, iniciando en Barahona; recorrer\u00e1 Azua, Peravia, para concluir en la Avenida Constituci\u00f3n, en San Crist\u00f3bal.<\/p>\n","protected":false},"excerpt":{"rendered":"<p>Leonel Fern\u00e1ndez encabez\u00f3 este domingo una caravana multitudinaria por los barrios del municipio de San Juan de la Maguana. La gente se tir\u00f3 a la calle en una mezcla de alegr\u00eda y esperanza. Los habitantes de estos sectores respondieron emocionados al paso del l\u00edder pol\u00edtico por sus calles, saliendo con art\u00edculos verdes y aleg\u00f3ricos al [&hellip;]<\/p>\n","protected":false},"author":15,"featured_media":22403,"comment_status":"open","ping_status":"open","sticky":false,"template":"","format":"standard","meta":{"footnotes":""},"categories":[1],"tags":[],"class_list":{"0":"post-22402","1":"post","2":"type-post","3":"status-publish","4":"format-standard","5":"has-post-thumbnail","7":"category-uncategorized"},"yoast_head":"<!-- This site is optimized with the Yoast SEO plugin v27.1.1 - https:\/\/yoast.com\/product\/yoast-seo-wordpress\/ -->\n<title>Caravana multitudinaria re\u00fane miles en las calles de San Juan en respaldo a Leonel. - Conexi\u00f3n 23<\/title>\n<meta name=\"robots\" content=\"index, follow, max-snippet:-1, max-image-preview:large, max-video-preview:-1\" \/>\n<link rel=\"canonical\" href=\"https:\/\/conexion23.com\/?p=22402\" \/>\n<meta property=\"og:locale\" content=\"es_ES\" \/>\n<meta property=\"og:type\" content=\"article\" \/>\n<meta property=\"og:title\" content=\"Caravana multitudinaria re\u00fane miles en las calles de San Juan en respaldo a Leonel. - Conexi\u00f3n 23\" \/>\n<meta property=\"og:description\" content=\"Leonel Fern\u00e1ndez encabez\u00f3 este domingo una caravana multitudinaria por los barrios del municipio de San Juan de la Maguana. La gente se tir\u00f3 a la calle en una mezcla de alegr\u00eda y esperanza. Los habitantes de estos sectores respondieron emocionados al paso del l\u00edder pol\u00edtico por sus calles, saliendo con art\u00edculos verdes y aleg\u00f3ricos al [&hellip;]\" \/>\n<meta property=\"og:url\" content=\"https:\/\/conexion23.com\/?p=22402\" \/>\n<meta property=\"og:site_name\" content=\"Conexi\u00f3n 23\" \/>\n<meta property=\"article:publisher\" content=\"https:\/\/www.facebook.com\/conexion23com\" \/>\n<meta property=\"article:published_time\" content=\"2023-11-06T11:25:00+00:00\" \/>\n<meta property=\"article:modified_time\" content=\"2023-11-06T11:25:03+00:00\" \/>\n<meta property=\"og:image\" content=\"https:\/\/conexion23.com\/wp-content\/uploads\/2023\/11\/d12ac4d4-c471-4896-9383-4551950c5e24.jpg\" \/>\n\t<meta property=\"og:image:width\" content=\"1600\" \/>\n\t<meta property=\"og:image:height\" content=\"882\" \/>\n\t<meta property=\"og:image:type\" content=\"image\/jpeg\" \/>\n<meta name=\"author\" content=\"Raffy Ben\u00edtez\" \/>\n<meta name=\"twitter:card\" content=\"summary_large_image\" \/>\n<meta name=\"twitter:label1\" content=\"Escrito por\" \/>\n\t<meta name=\"twitter:data1\" content=\"Raffy Ben\u00edtez\" \/>\n\t<meta name=\"twitter:label2\" content=\"Tiempo de lectura\" \/>\n\t<meta name=\"twitter:data2\" content=\"2 minutos\" \/>\n<script type=\"application\/ld+json\" class=\"yoast-schema-graph\">{\"@context\":\"https:\/\/schema.org\",\"@graph\":[{\"@type\":\"Article\",\"@id\":\"https:\/\/conexion23.com\/?p=22402#article\",\"isPartOf\":{\"@id\":\"https:\/\/conexion23.com\/?p=22402\"},\"author\":{\"name\":\"Raffy Ben\u00edtez\",\"@id\":\"https:\/\/conexion23.com\/#\/schema\/person\/03e36043331117e97a373299bbcd30a6\"},\"headline\":\"Caravana multitudinaria re\u00fane miles en las calles de San Juan en respaldo a Leonel.\",\"datePublished\":\"2023-11-06T11:25:00+00:00\",\"dateModified\":\"2023-11-06T11:25:03+00:00\",\"mainEntityOfPage\":{\"@id\":\"https:\/\/conexion23.com\/?p=22402\"},\"wordCount\":410,\"commentCount\":0,\"publisher\":{\"@id\":\"https:\/\/conexion23.com\/#organization\"},\"image\":{\"@id\":\"https:\/\/conexion23.com\/?p=22402#primaryimage\"},\"thumbnailUrl\":\"https:\/\/conexion23.com\/wp-content\/uploads\/2023\/11\/d12ac4d4-c471-4896-9383-4551950c5e24.jpg\",\"articleSection\":[\"Uncategorized\"],\"inLanguage\":\"es\",\"potentialAction\":[{\"@type\":\"CommentAction\",\"name\":\"Comment\",\"target\":[\"https:\/\/conexion23.com\/?p=22402#respond\"]}]},{\"@type\":\"WebPage\",\"@id\":\"https:\/\/conexion23.com\/?p=22402\",\"url\":\"https:\/\/conexion23.com\/?p=22402\",\"name\":\"Caravana multitudinaria re\u00fane miles en las calles de San Juan en respaldo a Leonel. - Conexi\u00f3n 23\",\"isPartOf\":{\"@id\":\"https:\/\/conexion23.com\/#website\"},\"primaryImageOfPage\":{\"@id\":\"https:\/\/conexion23.com\/?p=22402#primaryimage\"},\"image\":{\"@id\":\"https:\/\/conexion23.com\/?p=22402#primaryimage\"},\"thumbnailUrl\":\"https:\/\/conexion23.com\/wp-content\/uploads\/2023\/11\/d12ac4d4-c471-4896-9383-4551950c5e24.jpg\",\"datePublished\":\"2023-11-06T11:25:00+00:00\",\"dateModified\":\"2023-11-06T11:25:03+00:00\",\"breadcrumb\":{\"@id\":\"https:\/\/conexion23.com\/?p=22402#breadcrumb\"},\"inLanguage\":\"es\",\"potentialAction\":[{\"@type\":\"ReadAction\",\"target\":[\"https:\/\/conexion23.com\/?p=22402\"]}]},{\"@type\":\"ImageObject\",\"inLanguage\":\"es\",\"@id\":\"https:\/\/conexion23.com\/?p=22402#primaryimage\",\"url\":\"https:\/\/conexion23.com\/wp-content\/uploads\/2023\/11\/d12ac4d4-c471-4896-9383-4551950c5e24.jpg\",\"contentUrl\":\"https:\/\/conexion23.com\/wp-content\/uploads\/2023\/11\/d12ac4d4-c471-4896-9383-4551950c5e24.jpg\",\"width\":1600,\"height\":882},{\"@type\":\"BreadcrumbList\",\"@id\":\"https:\/\/conexion23.com\/?p=22402#breadcrumb\",\"itemListElement\":[{\"@type\":\"ListItem\",\"position\":1,\"name\":\"Portada\",\"item\":\"https:\/\/conexion23.com\/\"},{\"@type\":\"ListItem\",\"position\":2,\"name\":\"Caravana multitudinaria re\u00fane miles en las calles de San Juan en respaldo a Leonel.\"}]},{\"@type\":\"WebSite\",\"@id\":\"https:\/\/conexion23.com\/#website\",\"url\":\"https:\/\/conexion23.com\/\",\"name\":\"Conexi\u00f3n 23\",\"description\":\"Peri\u00f3dico 100% Petromacorisano\",\"publisher\":{\"@id\":\"https:\/\/conexion23.com\/#organization\"},\"potentialAction\":[{\"@type\":\"SearchAction\",\"target\":{\"@type\":\"EntryPoint\",\"urlTemplate\":\"https:\/\/conexion23.com\/?s={search_term_string}\"},\"query-input\":{\"@type\":\"PropertyValueSpecification\",\"valueRequired\":true,\"valueName\":\"search_term_string\"}}],\"inLanguage\":\"es\"},{\"@type\":\"Organization\",\"@id\":\"https:\/\/conexion23.com\/#organization\",\"name\":\"Conexion 23\",\"url\":\"https:\/\/conexion23.com\/\",\"logo\":{\"@type\":\"ImageObject\",\"inLanguage\":\"es\",\"@id\":\"https:\/\/conexion23.com\/#\/schema\/logo\/image\/\",\"url\":\"https:\/\/conexion23.com\/wp-content\/uploads\/2021\/11\/Diseno-sin-titulo-2.png\",\"contentUrl\":\"https:\/\/conexion23.com\/wp-content\/uploads\/2021\/11\/Diseno-sin-titulo-2.png\",\"width\":541,\"height\":90,\"caption\":\"Conexion 23\"},\"image\":{\"@id\":\"https:\/\/conexion23.com\/#\/schema\/logo\/image\/\"},\"sameAs\":[\"https:\/\/www.facebook.com\/conexion23com\",\"https:\/\/www.instagram.com\/conexion23com\/\",\"https:\/\/www.youtube.com\/channel\/UCYc7vxxFZMYLIHNsHHxPZ3Q\"]},{\"@type\":\"Person\",\"@id\":\"https:\/\/conexion23.com\/#\/schema\/person\/03e36043331117e97a373299bbcd30a6\",\"name\":\"Raffy Ben\u00edtez\",\"image\":{\"@type\":\"ImageObject\",\"inLanguage\":\"es\",\"@id\":\"https:\/\/conexion23.com\/#\/schema\/person\/image\/\",\"url\":\"https:\/\/secure.gravatar.com\/avatar\/3190a6a6c5e1b0327500f7d6c56b6242472ee6cb974cf09b401ee6b3b0798f23?s=96&d=mm&r=g\",\"contentUrl\":\"https:\/\/secure.gravatar.com\/avatar\/3190a6a6c5e1b0327500f7d6c56b6242472ee6cb974cf09b401ee6b3b0798f23?s=96&d=mm&r=g\",\"caption\":\"Raffy Ben\u00edtez\"},\"url\":\"https:\/\/conexion23.com\/?author=15\"}]}<\/script>\n<!-- \/ Yoast SEO plugin. -->","yoast_head_json":{"title":"Caravana multitudinaria re\u00fane miles en las calles de San Juan en respaldo a Leonel. - Conexi\u00f3n 23","robots":{"index":"index","follow":"follow","max-snippet":"max-snippet:-1","max-image-preview":"max-image-preview:large","max-video-preview":"max-video-preview:-1"},"canonical":"https:\/\/conexion23.com\/?p=22402","og_locale":"es_ES","og_type":"article","og_title":"Caravana multitudinaria re\u00fane miles en las calles de San Juan en respaldo a Leonel. - Conexi\u00f3n 23","og_description":"Leonel Fern\u00e1ndez encabez\u00f3 este domingo una caravana multitudinaria por los barrios del municipio de San Juan de la Maguana. La gente se tir\u00f3 a la calle en una mezcla de alegr\u00eda y esperanza. Los habitantes de estos sectores respondieron emocionados al paso del l\u00edder pol\u00edtico por sus calles, saliendo con art\u00edculos verdes y aleg\u00f3ricos al [&hellip;]","og_url":"https:\/\/conexion23.com\/?p=22402","og_site_name":"Conexi\u00f3n 23","article_publisher":"https:\/\/www.facebook.com\/conexion23com","article_published_time":"2023-11-06T11:25:00+00:00","article_modified_time":"2023-11-06T11:25:03+00:00","og_image":[{"width":1600,"height":882,"url":"https:\/\/conexion23.com\/wp-content\/uploads\/2023\/11\/d12ac4d4-c471-4896-9383-4551950c5e24.jpg","type":"image\/jpeg"}],"author":"Raffy Ben\u00edtez","twitter_card":"summary_large_image","twitter_misc":{"Escrito por":"Raffy Ben\u00edtez","Tiempo de lectura":"2 minutos"},"schema":{"@context":"https:\/\/schema.org","@graph":[{"@type":"Article","@id":"https:\/\/conexion23.com\/?p=22402#article","isPartOf":{"@id":"https:\/\/conexion23.com\/?p=22402"},"author":{"name":"Raffy Ben\u00edtez","@id":"https:\/\/conexion23.com\/#\/schema\/person\/03e36043331117e97a373299bbcd30a6"},"headline":"Caravana multitudinaria re\u00fane miles en las calles de San Juan en respaldo a Leonel.","datePublished":"2023-11-06T11:25:00+00:00","dateModified":"2023-11-06T11:25:03+00:00","mainEntityOfPage":{"@id":"https:\/\/conexion23.com\/?p=22402"},"wordCount":410,"commentCount":0,"publisher":{"@id":"https:\/\/conexion23.com\/#organization"},"image":{"@id":"https:\/\/conexion23.com\/?p=22402#primaryimage"},"thumbnailUrl":"https:\/\/conexion23.com\/wp-content\/uploads\/2023\/11\/d12ac4d4-c471-4896-9383-4551950c5e24.jpg","articleSection":["Uncategorized"],"inLanguage":"es","potentialAction":[{"@type":"CommentAction","name":"Comment","target":["https:\/\/conexion23.com\/?p=22402#respond"]}]},{"@type":"WebPage","@id":"https:\/\/conexion23.com\/?p=22402","url":"https:\/\/conexion23.com\/?p=22402","name":"Caravana multitudinaria re\u00fane miles en las calles de San Juan en respaldo a Leonel. - Conexi\u00f3n 23","isPartOf":{"@id":"https:\/\/conexion23.com\/#website"},"primaryImageOfPage":{"@id":"https:\/\/conexion23.com\/?p=22402#primaryimage"},"image":{"@id":"https:\/\/conexion23.com\/?p=22402#primaryimage"},"thumbnailUrl":"https:\/\/conexion23.com\/wp-content\/uploads\/2023\/11\/d12ac4d4-c471-4896-9383-4551950c5e24.jpg","datePublished":"2023-11-06T11:25:00+00:00","dateModified":"2023-11-06T11:25:03+00:00","breadcrumb":{"@id":"https:\/\/conexion23.com\/?p=22402#breadcrumb"},"inLanguage":"es","potentialAction":[{"@type":"ReadAction","target":["https:\/\/conexion23.com\/?p=22402"]}]},{"@type":"ImageObject","inLanguage":"es","@id":"https:\/\/conexion23.com\/?p=22402#primaryimage","url":"https:\/\/conexion23.com\/wp-content\/uploads\/2023\/11\/d12ac4d4-c471-4896-9383-4551950c5e24.jpg","contentUrl":"https:\/\/conexion23.com\/wp-content\/uploads\/2023\/11\/d12ac4d4-c471-4896-9383-4551950c5e24.jpg","width":1600,"height":882},{"@type":"BreadcrumbList","@id":"https:\/\/conexion23.com\/?p=22402#breadcrumb","itemListElement":[{"@type":"ListItem","position":1,"name":"Portada","item":"https:\/\/conexion23.com\/"},{"@type":"ListItem","position":2,"name":"Caravana multitudinaria re\u00fane miles en las calles de San Juan en respaldo a Leonel."}]},{"@type":"WebSite","@id":"https:\/\/conexion23.com\/#website","url":"https:\/\/conexion23.com\/","name":"Conexi\u00f3n 23","description":"Peri\u00f3dico 100% Petromacorisano","publisher":{"@id":"https:\/\/conexion23.com\/#organization"},"potentialAction":[{"@type":"SearchAction","target":{"@type":"EntryPoint","urlTemplate":"https:\/\/conexion23.com\/?s={search_term_string}"},"query-input":{"@type":"PropertyValueSpecification","valueRequired":true,"valueName":"search_term_string"}}],"inLanguage":"es"},{"@type":"Organization","@id":"https:\/\/conexion23.com\/#organization","name":"Conexion 23","url":"https:\/\/conexion23.com\/","logo":{"@type":"ImageObject","inLanguage":"es","@id":"https:\/\/conexion23.com\/#\/schema\/logo\/image\/","url":"https:\/\/conexion23.com\/wp-content\/uploads\/2021\/11\/Diseno-sin-titulo-2.png","contentUrl":"https:\/\/conexion23.com\/wp-content\/uploads\/2021\/11\/Diseno-sin-titulo-2.png","width":541,"height":90,"caption":"Conexion 23"},"image":{"@id":"https:\/\/conexion23.com\/#\/schema\/logo\/image\/"},"sameAs":["https:\/\/www.facebook.com\/conexion23com","https:\/\/www.instagram.com\/conexion23com\/","https:\/\/www.youtube.com\/channel\/UCYc7vxxFZMYLIHNsHHxPZ3Q"]},{"@type":"Person","@id":"https:\/\/conexion23.com\/#\/schema\/person\/03e36043331117e97a373299bbcd30a6","name":"Raffy Ben\u00edtez","image":{"@type":"ImageObject","inLanguage":"es","@id":"https:\/\/conexion23.com\/#\/schema\/person\/image\/","url":"https:\/\/secure.gravatar.com\/avatar\/3190a6a6c5e1b0327500f7d6c56b6242472ee6cb974cf09b401ee6b3b0798f23?s=96&d=mm&r=g","contentUrl":"https:\/\/secure.gravatar.com\/avatar\/3190a6a6c5e1b0327500f7d6c56b6242472ee6cb974cf09b401ee6b3b0798f23?s=96&d=mm&r=g","caption":"Raffy Ben\u00edtez"},"url":"https:\/\/conexion23.com\/?author=15"}]}},"_links":{"self":[{"href":"https:\/\/conexion23.com\/index.php?rest_route=\/wp\/v2\/posts\/22402","targetHints":{"allow":["GET"]}}],"collection":[{"href":"https:\/\/conexion23.com\/index.php?rest_route=\/wp\/v2\/posts"}],"about":[{"href":"https:\/\/conexion23.com\/index.php?rest_route=\/wp\/v2\/types\/post"}],"author":[{"embeddable":true,"href":"https:\/\/conexion23.com\/index.php?rest_route=\/wp\/v2\/users\/15"}],"replies":[{"embeddable":true,"href":"https:\/\/conexion23.com\/index.php?rest_route=%2Fwp%2Fv2%2Fcomments&post=22402"}],"version-history":[{"count":1,"href":"https:\/\/conexion23.com\/index.php?rest_route=\/wp\/v2\/posts\/22402\/revisions"}],"predecessor-version":[{"id":22404,"href":"https:\/\/conexion23.com\/index.php?rest_route=\/wp\/v2\/posts\/22402\/revisions\/22404"}],"wp:featuredmedia":[{"embeddable":true,"href":"https:\/\/conexion23.com\/index.php?rest_route=\/wp\/v2\/media\/22403"}],"wp:attachment":[{"href":"https:\/\/conexion23.com\/index.php?rest_route=%2Fwp%2Fv2%2Fmedia&parent=22402"}],"wp:term":[{"taxonomy":"category","embeddable":true,"href":"https:\/\/conexion23.com\/index.php?rest_route=%2Fwp%2Fv2%2Fcategories&post=22402"},{"taxonomy":"post_tag","embeddable":true,"href":"https:\/\/conexion23.com\/index.php?rest_route=%2Fwp%2Fv2%2Ftags&post=22402"}],"curies":[{"name":"wp","href":"https:\/\/api.w.org\/{rel}","templated":true}]}}