{"id":22464,"date":"2023-11-07T08:07:13","date_gmt":"2023-11-07T12:07:13","guid":{"rendered":"https:\/\/conexion23.com\/?p=22464"},"modified":"2023-11-07T08:07:16","modified_gmt":"2023-11-07T12:07:16","slug":"el-dengue-sigue-cobrando-vidas-muere-otra-nina","status":"publish","type":"post","link":"https:\/\/conexion23.com\/?p=22464","title":{"rendered":"El dengue sigue cobrando vidas, muere otra ni\u00f1a."},"content":{"rendered":"\n<p>Los padres de una ni\u00f1a de seis a\u00f1os de edad fallecida por el dengue el pasado s\u00e1bado en el centro m\u00e9dico privado Quinto Centenario, en la comunidad Pont\u00f3n, provincia La Vega, entienden que hubo diligencia m\u00e9dica en el caso.<\/p>\n\n\n\n<p>Los parientes de la menor denunciaron que, en menos de 24 horas, el m\u00e9dico que estaba a su cargo le suministr\u00f3 seis sueros de manera consecutiva.<\/p>\n\n\n\n<p>Eso provoc\u00f3 \u2013argumentan los padres- que a la ni\u00f1a le creciera la barriga y al no poder orinar su salud comenz\u00f3 a complicarse, falleciendo la madrugada del s\u00e1bado.<\/p>\n\n\n\n<p>Fiebre, dolor de cabeza, v\u00f3mito y otros s\u00edntomas asociados al dengue, fueron las causas del internamiento de la ni\u00f1a Mar\u00eda Holgu\u00edn Morillo en el centro privado, adonde fue trasladada desde otro centro de salud.<\/p>\n\n\n\n<p>Leonardo Vargas, t\u00edo de la menor, dijo que cuando la llevaron al hospital no pudieron ingresarla porque no hab\u00eda camas y pese a los esfuerzos para conseguirla, los centros de p\u00fablicos y privados de La Vega, no ten\u00edan disponibilidad en las unidades de cuidados intensivos.<\/p>\n\n\n\n<p>La ni\u00f1a Mar\u00eda Holgu\u00edn Morillo cumplir\u00eda siete a\u00f1os en enero pr\u00f3ximo y era la segunda hija de los se\u00f1ores Kimberly Morillo y Jorge Holgu\u00edn, quien trabaja en la Unidad del Sistema de Emergencia 9.1.1, en la provincia de La Vega, pero en esta ocasi\u00f3n, cuando se trat\u00f3 de su hija, el mismo sistema de salud del pa\u00eds le fall\u00f3, no fue atendida tiempo.<\/p>\n","protected":false},"excerpt":{"rendered":"<p>Los padres de una ni\u00f1a de seis a\u00f1os de edad fallecida por el dengue el pasado s\u00e1bado en el centro m\u00e9dico privado Quinto Centenario, en la comunidad Pont\u00f3n, provincia La Vega, entienden que hubo diligencia m\u00e9dica en el caso. Los parientes de la menor denunciaron que, en menos de 24 horas, el m\u00e9dico que estaba [&hellip;]<\/p>\n","protected":false},"author":15,"featured_media":22465,"comment_status":"open","ping_status":"open","sticky":false,"template":"","format":"standard","meta":{"footnotes":""},"categories":[1],"tags":[],"class_list":{"0":"post-22464","1":"post","2":"type-post","3":"status-publish","4":"format-standard","5":"has-post-thumbnail","7":"category-uncategorized"},"yoast_head":"<!-- This site is optimized with the Yoast SEO plugin v27.1.1 - https:\/\/yoast.com\/product\/yoast-seo-wordpress\/ -->\n<title>El dengue sigue cobrando vidas, muere otra ni\u00f1a. - Conexi\u00f3n 23<\/title>\n<meta name=\"robots\" content=\"index, follow, max-snippet:-1, max-image-preview:large, max-video-preview:-1\" \/>\n<link rel=\"canonical\" href=\"https:\/\/conexion23.com\/?p=22464\" \/>\n<meta property=\"og:locale\" content=\"es_ES\" \/>\n<meta property=\"og:type\" content=\"article\" \/>\n<meta property=\"og:title\" content=\"El dengue sigue cobrando vidas, muere otra ni\u00f1a. - Conexi\u00f3n 23\" \/>\n<meta property=\"og:description\" content=\"Los padres de una ni\u00f1a de seis a\u00f1os de edad fallecida por el dengue el pasado s\u00e1bado en el centro m\u00e9dico privado Quinto Centenario, en la comunidad Pont\u00f3n, provincia La Vega, entienden que hubo diligencia m\u00e9dica en el caso. Los parientes de la menor denunciaron que, en menos de 24 horas, el m\u00e9dico que estaba [&hellip;]\" \/>\n<meta property=\"og:url\" content=\"https:\/\/conexion23.com\/?p=22464\" \/>\n<meta property=\"og:site_name\" content=\"Conexi\u00f3n 23\" \/>\n<meta property=\"article:publisher\" content=\"https:\/\/www.facebook.com\/conexion23com\" \/>\n<meta property=\"article:published_time\" content=\"2023-11-07T12:07:13+00:00\" \/>\n<meta property=\"article:modified_time\" content=\"2023-11-07T12:07:16+00:00\" \/>\n<meta property=\"og:image\" content=\"https:\/\/conexion23.com\/wp-content\/uploads\/2023\/11\/6549844a18740.jpeg\" \/>\n\t<meta property=\"og:image:width\" content=\"950\" \/>\n\t<meta property=\"og:image:height\" content=\"465\" \/>\n\t<meta property=\"og:image:type\" content=\"image\/jpeg\" \/>\n<meta name=\"author\" content=\"Raffy Ben\u00edtez\" \/>\n<meta name=\"twitter:card\" content=\"summary_large_image\" \/>\n<meta name=\"twitter:label1\" content=\"Escrito por\" \/>\n\t<meta name=\"twitter:data1\" content=\"Raffy Ben\u00edtez\" \/>\n\t<meta name=\"twitter:label2\" content=\"Tiempo de lectura\" \/>\n\t<meta name=\"twitter:data2\" content=\"2 minutos\" \/>\n<script type=\"application\/ld+json\" class=\"yoast-schema-graph\">{\"@context\":\"https:\/\/schema.org\",\"@graph\":[{\"@type\":\"Article\",\"@id\":\"https:\/\/conexion23.com\/?p=22464#article\",\"isPartOf\":{\"@id\":\"https:\/\/conexion23.com\/?p=22464\"},\"author\":{\"name\":\"Raffy Ben\u00edtez\",\"@id\":\"https:\/\/conexion23.com\/#\/schema\/person\/03e36043331117e97a373299bbcd30a6\"},\"headline\":\"El dengue sigue cobrando vidas, muere otra ni\u00f1a.\",\"datePublished\":\"2023-11-07T12:07:13+00:00\",\"dateModified\":\"2023-11-07T12:07:16+00:00\",\"mainEntityOfPage\":{\"@id\":\"https:\/\/conexion23.com\/?p=22464\"},\"wordCount\":270,\"commentCount\":0,\"publisher\":{\"@id\":\"https:\/\/conexion23.com\/#organization\"},\"image\":{\"@id\":\"https:\/\/conexion23.com\/?p=22464#primaryimage\"},\"thumbnailUrl\":\"https:\/\/conexion23.com\/wp-content\/uploads\/2023\/11\/6549844a18740.jpeg\",\"articleSection\":[\"Uncategorized\"],\"inLanguage\":\"es\",\"potentialAction\":[{\"@type\":\"CommentAction\",\"name\":\"Comment\",\"target\":[\"https:\/\/conexion23.com\/?p=22464#respond\"]}]},{\"@type\":\"WebPage\",\"@id\":\"https:\/\/conexion23.com\/?p=22464\",\"url\":\"https:\/\/conexion23.com\/?p=22464\",\"name\":\"El dengue sigue cobrando vidas, muere otra ni\u00f1a. - Conexi\u00f3n 23\",\"isPartOf\":{\"@id\":\"https:\/\/conexion23.com\/#website\"},\"primaryImageOfPage\":{\"@id\":\"https:\/\/conexion23.com\/?p=22464#primaryimage\"},\"image\":{\"@id\":\"https:\/\/conexion23.com\/?p=22464#primaryimage\"},\"thumbnailUrl\":\"https:\/\/conexion23.com\/wp-content\/uploads\/2023\/11\/6549844a18740.jpeg\",\"datePublished\":\"2023-11-07T12:07:13+00:00\",\"dateModified\":\"2023-11-07T12:07:16+00:00\",\"breadcrumb\":{\"@id\":\"https:\/\/conexion23.com\/?p=22464#breadcrumb\"},\"inLanguage\":\"es\",\"potentialAction\":[{\"@type\":\"ReadAction\",\"target\":[\"https:\/\/conexion23.com\/?p=22464\"]}]},{\"@type\":\"ImageObject\",\"inLanguage\":\"es\",\"@id\":\"https:\/\/conexion23.com\/?p=22464#primaryimage\",\"url\":\"https:\/\/conexion23.com\/wp-content\/uploads\/2023\/11\/6549844a18740.jpeg\",\"contentUrl\":\"https:\/\/conexion23.com\/wp-content\/uploads\/2023\/11\/6549844a18740.jpeg\",\"width\":950,\"height\":465},{\"@type\":\"BreadcrumbList\",\"@id\":\"https:\/\/conexion23.com\/?p=22464#breadcrumb\",\"itemListElement\":[{\"@type\":\"ListItem\",\"position\":1,\"name\":\"Portada\",\"item\":\"https:\/\/conexion23.com\/\"},{\"@type\":\"ListItem\",\"position\":2,\"name\":\"El dengue sigue cobrando vidas, muere otra ni\u00f1a.\"}]},{\"@type\":\"WebSite\",\"@id\":\"https:\/\/conexion23.com\/#website\",\"url\":\"https:\/\/conexion23.com\/\",\"name\":\"Conexi\u00f3n 23\",\"description\":\"Peri\u00f3dico 100% Petromacorisano\",\"publisher\":{\"@id\":\"https:\/\/conexion23.com\/#organization\"},\"potentialAction\":[{\"@type\":\"SearchAction\",\"target\":{\"@type\":\"EntryPoint\",\"urlTemplate\":\"https:\/\/conexion23.com\/?s={search_term_string}\"},\"query-input\":{\"@type\":\"PropertyValueSpecification\",\"valueRequired\":true,\"valueName\":\"search_term_string\"}}],\"inLanguage\":\"es\"},{\"@type\":\"Organization\",\"@id\":\"https:\/\/conexion23.com\/#organization\",\"name\":\"Conexion 23\",\"url\":\"https:\/\/conexion23.com\/\",\"logo\":{\"@type\":\"ImageObject\",\"inLanguage\":\"es\",\"@id\":\"https:\/\/conexion23.com\/#\/schema\/logo\/image\/\",\"url\":\"https:\/\/conexion23.com\/wp-content\/uploads\/2021\/11\/Diseno-sin-titulo-2.png\",\"contentUrl\":\"https:\/\/conexion23.com\/wp-content\/uploads\/2021\/11\/Diseno-sin-titulo-2.png\",\"width\":541,\"height\":90,\"caption\":\"Conexion 23\"},\"image\":{\"@id\":\"https:\/\/conexion23.com\/#\/schema\/logo\/image\/\"},\"sameAs\":[\"https:\/\/www.facebook.com\/conexion23com\",\"https:\/\/www.instagram.com\/conexion23com\/\",\"https:\/\/www.youtube.com\/channel\/UCYc7vxxFZMYLIHNsHHxPZ3Q\"]},{\"@type\":\"Person\",\"@id\":\"https:\/\/conexion23.com\/#\/schema\/person\/03e36043331117e97a373299bbcd30a6\",\"name\":\"Raffy Ben\u00edtez\",\"image\":{\"@type\":\"ImageObject\",\"inLanguage\":\"es\",\"@id\":\"https:\/\/conexion23.com\/#\/schema\/person\/image\/\",\"url\":\"https:\/\/secure.gravatar.com\/avatar\/3190a6a6c5e1b0327500f7d6c56b6242472ee6cb974cf09b401ee6b3b0798f23?s=96&d=mm&r=g\",\"contentUrl\":\"https:\/\/secure.gravatar.com\/avatar\/3190a6a6c5e1b0327500f7d6c56b6242472ee6cb974cf09b401ee6b3b0798f23?s=96&d=mm&r=g\",\"caption\":\"Raffy Ben\u00edtez\"},\"url\":\"https:\/\/conexion23.com\/?author=15\"}]}<\/script>\n<!-- \/ Yoast SEO plugin. -->","yoast_head_json":{"title":"El dengue sigue cobrando vidas, muere otra ni\u00f1a. - Conexi\u00f3n 23","robots":{"index":"index","follow":"follow","max-snippet":"max-snippet:-1","max-image-preview":"max-image-preview:large","max-video-preview":"max-video-preview:-1"},"canonical":"https:\/\/conexion23.com\/?p=22464","og_locale":"es_ES","og_type":"article","og_title":"El dengue sigue cobrando vidas, muere otra ni\u00f1a. - Conexi\u00f3n 23","og_description":"Los padres de una ni\u00f1a de seis a\u00f1os de edad fallecida por el dengue el pasado s\u00e1bado en el centro m\u00e9dico privado Quinto Centenario, en la comunidad Pont\u00f3n, provincia La Vega, entienden que hubo diligencia m\u00e9dica en el caso. Los parientes de la menor denunciaron que, en menos de 24 horas, el m\u00e9dico que estaba [&hellip;]","og_url":"https:\/\/conexion23.com\/?p=22464","og_site_name":"Conexi\u00f3n 23","article_publisher":"https:\/\/www.facebook.com\/conexion23com","article_published_time":"2023-11-07T12:07:13+00:00","article_modified_time":"2023-11-07T12:07:16+00:00","og_image":[{"width":950,"height":465,"url":"https:\/\/conexion23.com\/wp-content\/uploads\/2023\/11\/6549844a18740.jpeg","type":"image\/jpeg"}],"author":"Raffy Ben\u00edtez","twitter_card":"summary_large_image","twitter_misc":{"Escrito por":"Raffy Ben\u00edtez","Tiempo de lectura":"2 minutos"},"schema":{"@context":"https:\/\/schema.org","@graph":[{"@type":"Article","@id":"https:\/\/conexion23.com\/?p=22464#article","isPartOf":{"@id":"https:\/\/conexion23.com\/?p=22464"},"author":{"name":"Raffy Ben\u00edtez","@id":"https:\/\/conexion23.com\/#\/schema\/person\/03e36043331117e97a373299bbcd30a6"},"headline":"El dengue sigue cobrando vidas, muere otra ni\u00f1a.","datePublished":"2023-11-07T12:07:13+00:00","dateModified":"2023-11-07T12:07:16+00:00","mainEntityOfPage":{"@id":"https:\/\/conexion23.com\/?p=22464"},"wordCount":270,"commentCount":0,"publisher":{"@id":"https:\/\/conexion23.com\/#organization"},"image":{"@id":"https:\/\/conexion23.com\/?p=22464#primaryimage"},"thumbnailUrl":"https:\/\/conexion23.com\/wp-content\/uploads\/2023\/11\/6549844a18740.jpeg","articleSection":["Uncategorized"],"inLanguage":"es","potentialAction":[{"@type":"CommentAction","name":"Comment","target":["https:\/\/conexion23.com\/?p=22464#respond"]}]},{"@type":"WebPage","@id":"https:\/\/conexion23.com\/?p=22464","url":"https:\/\/conexion23.com\/?p=22464","name":"El dengue sigue cobrando vidas, muere otra ni\u00f1a. - Conexi\u00f3n 23","isPartOf":{"@id":"https:\/\/conexion23.com\/#website"},"primaryImageOfPage":{"@id":"https:\/\/conexion23.com\/?p=22464#primaryimage"},"image":{"@id":"https:\/\/conexion23.com\/?p=22464#primaryimage"},"thumbnailUrl":"https:\/\/conexion23.com\/wp-content\/uploads\/2023\/11\/6549844a18740.jpeg","datePublished":"2023-11-07T12:07:13+00:00","dateModified":"2023-11-07T12:07:16+00:00","breadcrumb":{"@id":"https:\/\/conexion23.com\/?p=22464#breadcrumb"},"inLanguage":"es","potentialAction":[{"@type":"ReadAction","target":["https:\/\/conexion23.com\/?p=22464"]}]},{"@type":"ImageObject","inLanguage":"es","@id":"https:\/\/conexion23.com\/?p=22464#primaryimage","url":"https:\/\/conexion23.com\/wp-content\/uploads\/2023\/11\/6549844a18740.jpeg","contentUrl":"https:\/\/conexion23.com\/wp-content\/uploads\/2023\/11\/6549844a18740.jpeg","width":950,"height":465},{"@type":"BreadcrumbList","@id":"https:\/\/conexion23.com\/?p=22464#breadcrumb","itemListElement":[{"@type":"ListItem","position":1,"name":"Portada","item":"https:\/\/conexion23.com\/"},{"@type":"ListItem","position":2,"name":"El dengue sigue cobrando vidas, muere otra ni\u00f1a."}]},{"@type":"WebSite","@id":"https:\/\/conexion23.com\/#website","url":"https:\/\/conexion23.com\/","name":"Conexi\u00f3n 23","description":"Peri\u00f3dico 100% Petromacorisano","publisher":{"@id":"https:\/\/conexion23.com\/#organization"},"potentialAction":[{"@type":"SearchAction","target":{"@type":"EntryPoint","urlTemplate":"https:\/\/conexion23.com\/?s={search_term_string}"},"query-input":{"@type":"PropertyValueSpecification","valueRequired":true,"valueName":"search_term_string"}}],"inLanguage":"es"},{"@type":"Organization","@id":"https:\/\/conexion23.com\/#organization","name":"Conexion 23","url":"https:\/\/conexion23.com\/","logo":{"@type":"ImageObject","inLanguage":"es","@id":"https:\/\/conexion23.com\/#\/schema\/logo\/image\/","url":"https:\/\/conexion23.com\/wp-content\/uploads\/2021\/11\/Diseno-sin-titulo-2.png","contentUrl":"https:\/\/conexion23.com\/wp-content\/uploads\/2021\/11\/Diseno-sin-titulo-2.png","width":541,"height":90,"caption":"Conexion 23"},"image":{"@id":"https:\/\/conexion23.com\/#\/schema\/logo\/image\/"},"sameAs":["https:\/\/www.facebook.com\/conexion23com","https:\/\/www.instagram.com\/conexion23com\/","https:\/\/www.youtube.com\/channel\/UCYc7vxxFZMYLIHNsHHxPZ3Q"]},{"@type":"Person","@id":"https:\/\/conexion23.com\/#\/schema\/person\/03e36043331117e97a373299bbcd30a6","name":"Raffy Ben\u00edtez","image":{"@type":"ImageObject","inLanguage":"es","@id":"https:\/\/conexion23.com\/#\/schema\/person\/image\/","url":"https:\/\/secure.gravatar.com\/avatar\/3190a6a6c5e1b0327500f7d6c56b6242472ee6cb974cf09b401ee6b3b0798f23?s=96&d=mm&r=g","contentUrl":"https:\/\/secure.gravatar.com\/avatar\/3190a6a6c5e1b0327500f7d6c56b6242472ee6cb974cf09b401ee6b3b0798f23?s=96&d=mm&r=g","caption":"Raffy Ben\u00edtez"},"url":"https:\/\/conexion23.com\/?author=15"}]}},"_links":{"self":[{"href":"https:\/\/conexion23.com\/index.php?rest_route=\/wp\/v2\/posts\/22464","targetHints":{"allow":["GET"]}}],"collection":[{"href":"https:\/\/conexion23.com\/index.php?rest_route=\/wp\/v2\/posts"}],"about":[{"href":"https:\/\/conexion23.com\/index.php?rest_route=\/wp\/v2\/types\/post"}],"author":[{"embeddable":true,"href":"https:\/\/conexion23.com\/index.php?rest_route=\/wp\/v2\/users\/15"}],"replies":[{"embeddable":true,"href":"https:\/\/conexion23.com\/index.php?rest_route=%2Fwp%2Fv2%2Fcomments&post=22464"}],"version-history":[{"count":1,"href":"https:\/\/conexion23.com\/index.php?rest_route=\/wp\/v2\/posts\/22464\/revisions"}],"predecessor-version":[{"id":22467,"href":"https:\/\/conexion23.com\/index.php?rest_route=\/wp\/v2\/posts\/22464\/revisions\/22467"}],"wp:featuredmedia":[{"embeddable":true,"href":"https:\/\/conexion23.com\/index.php?rest_route=\/wp\/v2\/media\/22465"}],"wp:attachment":[{"href":"https:\/\/conexion23.com\/index.php?rest_route=%2Fwp%2Fv2%2Fmedia&parent=22464"}],"wp:term":[{"taxonomy":"category","embeddable":true,"href":"https:\/\/conexion23.com\/index.php?rest_route=%2Fwp%2Fv2%2Fcategories&post=22464"},{"taxonomy":"post_tag","embeddable":true,"href":"https:\/\/conexion23.com\/index.php?rest_route=%2Fwp%2Fv2%2Ftags&post=22464"}],"curies":[{"name":"wp","href":"https:\/\/api.w.org\/{rel}","templated":true}]}}