{"id":22474,"date":"2023-11-07T08:34:35","date_gmt":"2023-11-07T12:34:35","guid":{"rendered":"https:\/\/conexion23.com\/?p=22474"},"modified":"2023-11-07T08:34:37","modified_gmt":"2023-11-07T12:34:37","slug":"el-papa-francisco-condena-el-antisemitismo","status":"publish","type":"post","link":"https:\/\/conexion23.com\/?p=22474","title":{"rendered":"El papa Francisco condena el antisemitismo."},"content":{"rendered":"\n<p>El papa Francisco se reuni\u00f3 ayer lunes con rabinos europeos y conden\u00f3 el antisemitismo, la guerra y el terrorismo en un discurso escrito que prefiri\u00f3 no leer, indicando que no se sent\u00eda bien.<\/p>\n\n\n\n<p>Durante la audiencia en el Palacio Apost\u00f3lico del Vaticano, Francisco dijo a los rabinos que se alegraba mucho de recibirles, aunque a\u00f1adi\u00f3 que no se encontraba bien y por lo tanto prefer\u00eda no leer el discurso sino entreg\u00e1rselo, para que pudieran llev\u00e1rselo con ellos.<\/p>\n\n\n\n<p>El papa \u201ctiene un poco de resfriado y un largo d\u00eda de audiencias\u201d, dijo el vocero del Vaticano Matteo Bruni. El pont\u00edfice de 86 a\u00f1os, se\u00f1al\u00f3, \u201cprefiri\u00f3 dirigirse de forma individual a los rabinos europeos, y por eso entreg\u00f3 su discurso\u201d.<\/p>\n\n\n\n<p>El papa continuar\u00eda con sus actividades previstas el resto del d\u00eda, a\u00f1adi\u00f3. Hacia el final de la tarde hab\u00eda programado un encuentro con ni\u00f1os de todo el mundo.<\/p>\n\n\n\n<p>En su discurso preparado a los rabinos, Francisco dijo que su primer pensamiento y sus oraciones iban \u201cpor encima de todo, a todo lo que ha ocurrido en las \u00faltimas semanas\u201d, una clara referencia a la guerra entre Israel y Ham\u00e1s, que comenz\u00f3 con un ataque de Ham\u00e1s del 7 de octubre en Israel, que incluy\u00f3 llevar rehenes a la Franja de Gaza.<\/p>\n\n\n\n<h3 class=\"wp-block-heading\">LA BAJEZA DEL ODIO<\/h3>\n\n\n\n<p>\u201cUna vez m\u00e1s, la violencia y la guerra se han recrudecido en esa tierra que, bendecida por el Alt\u00edsimo, parece oponer continuamente la bajeza del odio y el ruido mort\u00edfero de las armas\u201d, escribi\u00f3 Francisco en el discurso.<\/p>\n\n\n\n<p>Varios pa\u00edses europeos, como Francia, Austria e Italia, han sufrido recientemente episodios de vandalismo y lemas antisemitas, y Francisco a\u00f1adi\u00f3 que \u201ces preocupante la difusi\u00f3n de manifestaciones antisemitas, que condeno con firmeza\u201d.<\/p>\n\n\n\n<p>El papa ha sufrido varios problemas de salud en los \u00faltimos a\u00f1os, como dos cirug\u00edas abdominales y un problema cr\u00f3nico en la rodilla que le obliga a utilizar una silla de ruedas cuando recorre distancias largas. Este a\u00f1o fue hospitalizado para ser atendido por lo que el Vaticano describi\u00f3 como una bronquitis, pero el papa describi\u00f3 como un brote de neumon\u00eda.<\/p>\n\n\n\n<p>Hace apenas unos d\u00edas, cuando se le pregunt\u00f3 por su salud en la televisora estatal italiana, Francisco respondi\u00f3 con una de sus frases habituales, \u201csigo vivo, \u00bfsaben?\u201d y tambi\u00e9n coment\u00f3 que viajar\u00eda a Dub\u00e1i a principios de diciembre para la conferencia clim\u00e1tica de Naciones Unidas COP28.<\/p>\n","protected":false},"excerpt":{"rendered":"<p>El papa Francisco se reuni\u00f3 ayer lunes con rabinos europeos y conden\u00f3 el antisemitismo, la guerra y el terrorismo en un discurso escrito que prefiri\u00f3 no leer, indicando que no se sent\u00eda bien. Durante la audiencia en el Palacio Apost\u00f3lico del Vaticano, Francisco dijo a los rabinos que se alegraba mucho de recibirles, aunque a\u00f1adi\u00f3 [&hellip;]<\/p>\n","protected":false},"author":15,"featured_media":22475,"comment_status":"open","ping_status":"open","sticky":false,"template":"","format":"standard","meta":{"footnotes":""},"categories":[1],"tags":[],"class_list":{"0":"post-22474","1":"post","2":"type-post","3":"status-publish","4":"format-standard","5":"has-post-thumbnail","7":"category-uncategorized"},"yoast_head":"<!-- This site is optimized with the Yoast SEO plugin v27.1.1 - https:\/\/yoast.com\/product\/yoast-seo-wordpress\/ -->\n<title>El papa Francisco condena el antisemitismo. - Conexi\u00f3n 23<\/title>\n<meta name=\"robots\" content=\"index, follow, max-snippet:-1, max-image-preview:large, max-video-preview:-1\" \/>\n<link rel=\"canonical\" href=\"https:\/\/conexion23.com\/?p=22474\" \/>\n<meta property=\"og:locale\" content=\"es_ES\" \/>\n<meta property=\"og:type\" content=\"article\" \/>\n<meta property=\"og:title\" content=\"El papa Francisco condena el antisemitismo. - Conexi\u00f3n 23\" \/>\n<meta property=\"og:description\" content=\"El papa Francisco se reuni\u00f3 ayer lunes con rabinos europeos y conden\u00f3 el antisemitismo, la guerra y el terrorismo en un discurso escrito que prefiri\u00f3 no leer, indicando que no se sent\u00eda bien. Durante la audiencia en el Palacio Apost\u00f3lico del Vaticano, Francisco dijo a los rabinos que se alegraba mucho de recibirles, aunque a\u00f1adi\u00f3 [&hellip;]\" \/>\n<meta property=\"og:url\" content=\"https:\/\/conexion23.com\/?p=22474\" \/>\n<meta property=\"og:site_name\" content=\"Conexi\u00f3n 23\" \/>\n<meta property=\"article:publisher\" content=\"https:\/\/www.facebook.com\/conexion23com\" \/>\n<meta property=\"article:published_time\" content=\"2023-11-07T12:34:35+00:00\" \/>\n<meta property=\"article:modified_time\" content=\"2023-11-07T12:34:37+00:00\" \/>\n<meta property=\"og:image\" content=\"https:\/\/conexion23.com\/wp-content\/uploads\/2023\/11\/65499d4900198.jpeg\" \/>\n\t<meta property=\"og:image:width\" content=\"950\" \/>\n\t<meta property=\"og:image:height\" content=\"465\" \/>\n\t<meta property=\"og:image:type\" content=\"image\/jpeg\" \/>\n<meta name=\"author\" content=\"Raffy Ben\u00edtez\" \/>\n<meta name=\"twitter:card\" content=\"summary_large_image\" \/>\n<meta name=\"twitter:label1\" content=\"Escrito por\" \/>\n\t<meta name=\"twitter:data1\" content=\"Raffy Ben\u00edtez\" \/>\n\t<meta name=\"twitter:label2\" content=\"Tiempo de lectura\" \/>\n\t<meta name=\"twitter:data2\" content=\"2 minutos\" \/>\n<script type=\"application\/ld+json\" class=\"yoast-schema-graph\">{\"@context\":\"https:\/\/schema.org\",\"@graph\":[{\"@type\":\"Article\",\"@id\":\"https:\/\/conexion23.com\/?p=22474#article\",\"isPartOf\":{\"@id\":\"https:\/\/conexion23.com\/?p=22474\"},\"author\":{\"name\":\"Raffy Ben\u00edtez\",\"@id\":\"https:\/\/conexion23.com\/#\/schema\/person\/03e36043331117e97a373299bbcd30a6\"},\"headline\":\"El papa Francisco condena el antisemitismo.\",\"datePublished\":\"2023-11-07T12:34:35+00:00\",\"dateModified\":\"2023-11-07T12:34:37+00:00\",\"mainEntityOfPage\":{\"@id\":\"https:\/\/conexion23.com\/?p=22474\"},\"wordCount\":427,\"commentCount\":0,\"publisher\":{\"@id\":\"https:\/\/conexion23.com\/#organization\"},\"image\":{\"@id\":\"https:\/\/conexion23.com\/?p=22474#primaryimage\"},\"thumbnailUrl\":\"https:\/\/conexion23.com\/wp-content\/uploads\/2023\/11\/65499d4900198.jpeg\",\"articleSection\":[\"Uncategorized\"],\"inLanguage\":\"es\",\"potentialAction\":[{\"@type\":\"CommentAction\",\"name\":\"Comment\",\"target\":[\"https:\/\/conexion23.com\/?p=22474#respond\"]}]},{\"@type\":\"WebPage\",\"@id\":\"https:\/\/conexion23.com\/?p=22474\",\"url\":\"https:\/\/conexion23.com\/?p=22474\",\"name\":\"El papa Francisco condena el antisemitismo. - Conexi\u00f3n 23\",\"isPartOf\":{\"@id\":\"https:\/\/conexion23.com\/#website\"},\"primaryImageOfPage\":{\"@id\":\"https:\/\/conexion23.com\/?p=22474#primaryimage\"},\"image\":{\"@id\":\"https:\/\/conexion23.com\/?p=22474#primaryimage\"},\"thumbnailUrl\":\"https:\/\/conexion23.com\/wp-content\/uploads\/2023\/11\/65499d4900198.jpeg\",\"datePublished\":\"2023-11-07T12:34:35+00:00\",\"dateModified\":\"2023-11-07T12:34:37+00:00\",\"breadcrumb\":{\"@id\":\"https:\/\/conexion23.com\/?p=22474#breadcrumb\"},\"inLanguage\":\"es\",\"potentialAction\":[{\"@type\":\"ReadAction\",\"target\":[\"https:\/\/conexion23.com\/?p=22474\"]}]},{\"@type\":\"ImageObject\",\"inLanguage\":\"es\",\"@id\":\"https:\/\/conexion23.com\/?p=22474#primaryimage\",\"url\":\"https:\/\/conexion23.com\/wp-content\/uploads\/2023\/11\/65499d4900198.jpeg\",\"contentUrl\":\"https:\/\/conexion23.com\/wp-content\/uploads\/2023\/11\/65499d4900198.jpeg\",\"width\":950,\"height\":465},{\"@type\":\"BreadcrumbList\",\"@id\":\"https:\/\/conexion23.com\/?p=22474#breadcrumb\",\"itemListElement\":[{\"@type\":\"ListItem\",\"position\":1,\"name\":\"Portada\",\"item\":\"https:\/\/conexion23.com\/\"},{\"@type\":\"ListItem\",\"position\":2,\"name\":\"El papa Francisco condena el antisemitismo.\"}]},{\"@type\":\"WebSite\",\"@id\":\"https:\/\/conexion23.com\/#website\",\"url\":\"https:\/\/conexion23.com\/\",\"name\":\"Conexi\u00f3n 23\",\"description\":\"Peri\u00f3dico 100% Petromacorisano\",\"publisher\":{\"@id\":\"https:\/\/conexion23.com\/#organization\"},\"potentialAction\":[{\"@type\":\"SearchAction\",\"target\":{\"@type\":\"EntryPoint\",\"urlTemplate\":\"https:\/\/conexion23.com\/?s={search_term_string}\"},\"query-input\":{\"@type\":\"PropertyValueSpecification\",\"valueRequired\":true,\"valueName\":\"search_term_string\"}}],\"inLanguage\":\"es\"},{\"@type\":\"Organization\",\"@id\":\"https:\/\/conexion23.com\/#organization\",\"name\":\"Conexion 23\",\"url\":\"https:\/\/conexion23.com\/\",\"logo\":{\"@type\":\"ImageObject\",\"inLanguage\":\"es\",\"@id\":\"https:\/\/conexion23.com\/#\/schema\/logo\/image\/\",\"url\":\"https:\/\/conexion23.com\/wp-content\/uploads\/2021\/11\/Diseno-sin-titulo-2.png\",\"contentUrl\":\"https:\/\/conexion23.com\/wp-content\/uploads\/2021\/11\/Diseno-sin-titulo-2.png\",\"width\":541,\"height\":90,\"caption\":\"Conexion 23\"},\"image\":{\"@id\":\"https:\/\/conexion23.com\/#\/schema\/logo\/image\/\"},\"sameAs\":[\"https:\/\/www.facebook.com\/conexion23com\",\"https:\/\/www.instagram.com\/conexion23com\/\",\"https:\/\/www.youtube.com\/channel\/UCYc7vxxFZMYLIHNsHHxPZ3Q\"]},{\"@type\":\"Person\",\"@id\":\"https:\/\/conexion23.com\/#\/schema\/person\/03e36043331117e97a373299bbcd30a6\",\"name\":\"Raffy Ben\u00edtez\",\"image\":{\"@type\":\"ImageObject\",\"inLanguage\":\"es\",\"@id\":\"https:\/\/conexion23.com\/#\/schema\/person\/image\/\",\"url\":\"https:\/\/secure.gravatar.com\/avatar\/3190a6a6c5e1b0327500f7d6c56b6242472ee6cb974cf09b401ee6b3b0798f23?s=96&d=mm&r=g\",\"contentUrl\":\"https:\/\/secure.gravatar.com\/avatar\/3190a6a6c5e1b0327500f7d6c56b6242472ee6cb974cf09b401ee6b3b0798f23?s=96&d=mm&r=g\",\"caption\":\"Raffy Ben\u00edtez\"},\"url\":\"https:\/\/conexion23.com\/?author=15\"}]}<\/script>\n<!-- \/ Yoast SEO plugin. -->","yoast_head_json":{"title":"El papa Francisco condena el antisemitismo. - Conexi\u00f3n 23","robots":{"index":"index","follow":"follow","max-snippet":"max-snippet:-1","max-image-preview":"max-image-preview:large","max-video-preview":"max-video-preview:-1"},"canonical":"https:\/\/conexion23.com\/?p=22474","og_locale":"es_ES","og_type":"article","og_title":"El papa Francisco condena el antisemitismo. - Conexi\u00f3n 23","og_description":"El papa Francisco se reuni\u00f3 ayer lunes con rabinos europeos y conden\u00f3 el antisemitismo, la guerra y el terrorismo en un discurso escrito que prefiri\u00f3 no leer, indicando que no se sent\u00eda bien. Durante la audiencia en el Palacio Apost\u00f3lico del Vaticano, Francisco dijo a los rabinos que se alegraba mucho de recibirles, aunque a\u00f1adi\u00f3 [&hellip;]","og_url":"https:\/\/conexion23.com\/?p=22474","og_site_name":"Conexi\u00f3n 23","article_publisher":"https:\/\/www.facebook.com\/conexion23com","article_published_time":"2023-11-07T12:34:35+00:00","article_modified_time":"2023-11-07T12:34:37+00:00","og_image":[{"width":950,"height":465,"url":"https:\/\/conexion23.com\/wp-content\/uploads\/2023\/11\/65499d4900198.jpeg","type":"image\/jpeg"}],"author":"Raffy Ben\u00edtez","twitter_card":"summary_large_image","twitter_misc":{"Escrito por":"Raffy Ben\u00edtez","Tiempo de lectura":"2 minutos"},"schema":{"@context":"https:\/\/schema.org","@graph":[{"@type":"Article","@id":"https:\/\/conexion23.com\/?p=22474#article","isPartOf":{"@id":"https:\/\/conexion23.com\/?p=22474"},"author":{"name":"Raffy Ben\u00edtez","@id":"https:\/\/conexion23.com\/#\/schema\/person\/03e36043331117e97a373299bbcd30a6"},"headline":"El papa Francisco condena el antisemitismo.","datePublished":"2023-11-07T12:34:35+00:00","dateModified":"2023-11-07T12:34:37+00:00","mainEntityOfPage":{"@id":"https:\/\/conexion23.com\/?p=22474"},"wordCount":427,"commentCount":0,"publisher":{"@id":"https:\/\/conexion23.com\/#organization"},"image":{"@id":"https:\/\/conexion23.com\/?p=22474#primaryimage"},"thumbnailUrl":"https:\/\/conexion23.com\/wp-content\/uploads\/2023\/11\/65499d4900198.jpeg","articleSection":["Uncategorized"],"inLanguage":"es","potentialAction":[{"@type":"CommentAction","name":"Comment","target":["https:\/\/conexion23.com\/?p=22474#respond"]}]},{"@type":"WebPage","@id":"https:\/\/conexion23.com\/?p=22474","url":"https:\/\/conexion23.com\/?p=22474","name":"El papa Francisco condena el antisemitismo. - Conexi\u00f3n 23","isPartOf":{"@id":"https:\/\/conexion23.com\/#website"},"primaryImageOfPage":{"@id":"https:\/\/conexion23.com\/?p=22474#primaryimage"},"image":{"@id":"https:\/\/conexion23.com\/?p=22474#primaryimage"},"thumbnailUrl":"https:\/\/conexion23.com\/wp-content\/uploads\/2023\/11\/65499d4900198.jpeg","datePublished":"2023-11-07T12:34:35+00:00","dateModified":"2023-11-07T12:34:37+00:00","breadcrumb":{"@id":"https:\/\/conexion23.com\/?p=22474#breadcrumb"},"inLanguage":"es","potentialAction":[{"@type":"ReadAction","target":["https:\/\/conexion23.com\/?p=22474"]}]},{"@type":"ImageObject","inLanguage":"es","@id":"https:\/\/conexion23.com\/?p=22474#primaryimage","url":"https:\/\/conexion23.com\/wp-content\/uploads\/2023\/11\/65499d4900198.jpeg","contentUrl":"https:\/\/conexion23.com\/wp-content\/uploads\/2023\/11\/65499d4900198.jpeg","width":950,"height":465},{"@type":"BreadcrumbList","@id":"https:\/\/conexion23.com\/?p=22474#breadcrumb","itemListElement":[{"@type":"ListItem","position":1,"name":"Portada","item":"https:\/\/conexion23.com\/"},{"@type":"ListItem","position":2,"name":"El papa Francisco condena el antisemitismo."}]},{"@type":"WebSite","@id":"https:\/\/conexion23.com\/#website","url":"https:\/\/conexion23.com\/","name":"Conexi\u00f3n 23","description":"Peri\u00f3dico 100% Petromacorisano","publisher":{"@id":"https:\/\/conexion23.com\/#organization"},"potentialAction":[{"@type":"SearchAction","target":{"@type":"EntryPoint","urlTemplate":"https:\/\/conexion23.com\/?s={search_term_string}"},"query-input":{"@type":"PropertyValueSpecification","valueRequired":true,"valueName":"search_term_string"}}],"inLanguage":"es"},{"@type":"Organization","@id":"https:\/\/conexion23.com\/#organization","name":"Conexion 23","url":"https:\/\/conexion23.com\/","logo":{"@type":"ImageObject","inLanguage":"es","@id":"https:\/\/conexion23.com\/#\/schema\/logo\/image\/","url":"https:\/\/conexion23.com\/wp-content\/uploads\/2021\/11\/Diseno-sin-titulo-2.png","contentUrl":"https:\/\/conexion23.com\/wp-content\/uploads\/2021\/11\/Diseno-sin-titulo-2.png","width":541,"height":90,"caption":"Conexion 23"},"image":{"@id":"https:\/\/conexion23.com\/#\/schema\/logo\/image\/"},"sameAs":["https:\/\/www.facebook.com\/conexion23com","https:\/\/www.instagram.com\/conexion23com\/","https:\/\/www.youtube.com\/channel\/UCYc7vxxFZMYLIHNsHHxPZ3Q"]},{"@type":"Person","@id":"https:\/\/conexion23.com\/#\/schema\/person\/03e36043331117e97a373299bbcd30a6","name":"Raffy Ben\u00edtez","image":{"@type":"ImageObject","inLanguage":"es","@id":"https:\/\/conexion23.com\/#\/schema\/person\/image\/","url":"https:\/\/secure.gravatar.com\/avatar\/3190a6a6c5e1b0327500f7d6c56b6242472ee6cb974cf09b401ee6b3b0798f23?s=96&d=mm&r=g","contentUrl":"https:\/\/secure.gravatar.com\/avatar\/3190a6a6c5e1b0327500f7d6c56b6242472ee6cb974cf09b401ee6b3b0798f23?s=96&d=mm&r=g","caption":"Raffy Ben\u00edtez"},"url":"https:\/\/conexion23.com\/?author=15"}]}},"_links":{"self":[{"href":"https:\/\/conexion23.com\/index.php?rest_route=\/wp\/v2\/posts\/22474","targetHints":{"allow":["GET"]}}],"collection":[{"href":"https:\/\/conexion23.com\/index.php?rest_route=\/wp\/v2\/posts"}],"about":[{"href":"https:\/\/conexion23.com\/index.php?rest_route=\/wp\/v2\/types\/post"}],"author":[{"embeddable":true,"href":"https:\/\/conexion23.com\/index.php?rest_route=\/wp\/v2\/users\/15"}],"replies":[{"embeddable":true,"href":"https:\/\/conexion23.com\/index.php?rest_route=%2Fwp%2Fv2%2Fcomments&post=22474"}],"version-history":[{"count":1,"href":"https:\/\/conexion23.com\/index.php?rest_route=\/wp\/v2\/posts\/22474\/revisions"}],"predecessor-version":[{"id":22476,"href":"https:\/\/conexion23.com\/index.php?rest_route=\/wp\/v2\/posts\/22474\/revisions\/22476"}],"wp:featuredmedia":[{"embeddable":true,"href":"https:\/\/conexion23.com\/index.php?rest_route=\/wp\/v2\/media\/22475"}],"wp:attachment":[{"href":"https:\/\/conexion23.com\/index.php?rest_route=%2Fwp%2Fv2%2Fmedia&parent=22474"}],"wp:term":[{"taxonomy":"category","embeddable":true,"href":"https:\/\/conexion23.com\/index.php?rest_route=%2Fwp%2Fv2%2Fcategories&post=22474"},{"taxonomy":"post_tag","embeddable":true,"href":"https:\/\/conexion23.com\/index.php?rest_route=%2Fwp%2Fv2%2Ftags&post=22474"}],"curies":[{"name":"wp","href":"https:\/\/api.w.org\/{rel}","templated":true}]}}