{"id":22520,"date":"2023-11-09T07:14:34","date_gmt":"2023-11-09T11:14:34","guid":{"rendered":"https:\/\/conexion23.com\/?p=22520"},"modified":"2023-11-09T07:14:36","modified_gmt":"2023-11-09T11:14:36","slug":"encuentran-dos-cuerpos-colgados-en-un-puente-de-ecuador","status":"publish","type":"post","link":"https:\/\/conexion23.com\/?p=22520","title":{"rendered":"Encuentran dos cuerpos colgados en un puente de Ecuador"},"content":{"rendered":"\n<p>La Polic\u00eda ecuatoriana inform\u00f3 este mi\u00e9rcoles del hallazgo de dos cuerpos colgados de un puente en la provincia de Orellana, situada en la zona amaz\u00f3nica del pa\u00eds.<\/p>\n\n\n\n<p><strong>La Polic\u00eda precis\u00f3 que los cuerpos de dos hombres fallecidos estaban suspendidos por una cuerda cada uno sobre el puente de Payamino.<\/strong><\/p>\n\n\n\n<p>Los cuerpos presentaban aparentes signos de violencia, se\u00f1al\u00f3 al indicar que las Unidades Especializadas, Medicina Legal y Fiscal\u00eda realizan en el sitio las respectivas investigaciones, para determinar las causas del hecho.<\/p>\n\n\n\n<p>Por su parte, la Fiscal\u00eda orden\u00f3 el levantamiento de los cuerpos encontrados en el puente sobre el r\u00edo Payamino.<\/p>\n\n\n\n<p><strong>\u00abFueron trasladados al Centro Forense de Sucumb\u00edos para la autopsia e identificaci\u00f3n. Con los informes se abrir\u00e1 una investigaci\u00f3n previa en las pr\u00f3ximas horas\u00bb<\/strong>, precis\u00f3.<\/p>\n\n\n\n<p>Ecuador atraviesa por una creciente ola de inseguridad y violencia, atribuida principalmente a las mafias del narcotr\u00e1fico y del crimen organizado, que en los \u00faltimos a\u00f1os han ganado poder en el pa\u00eds andino, cuya costa y puertos se han convertido en un punto neur\u00e1lgicos del tr\u00e1fico mundial de coca\u00edna.<\/p>\n\n\n\n<p>Los homicidios se han disparado en los \u00faltimo cinco a\u00f1os de 5,8 a 25,62 por cada 100,000 habitantes, la cifra m\u00e1s alta desde que se tiene registro, y los expertos advierten que 2023 podr\u00eda acabar con una tasa que ronde los 40, lo que har\u00eda de Ecuador uno de los pa\u00edses m\u00e1s violentos de Latinoam\u00e9rica.<\/p>\n","protected":false},"excerpt":{"rendered":"<p>La Polic\u00eda ecuatoriana inform\u00f3 este mi\u00e9rcoles del hallazgo de dos cuerpos colgados de un puente en la provincia de Orellana, situada en la zona amaz\u00f3nica del pa\u00eds. La Polic\u00eda precis\u00f3 que los cuerpos de dos hombres fallecidos estaban suspendidos por una cuerda cada uno sobre el puente de Payamino. Los cuerpos presentaban aparentes signos de [&hellip;]<\/p>\n","protected":false},"author":15,"featured_media":22521,"comment_status":"open","ping_status":"open","sticky":false,"template":"","format":"standard","meta":{"footnotes":""},"categories":[1],"tags":[],"class_list":{"0":"post-22520","1":"post","2":"type-post","3":"status-publish","4":"format-standard","5":"has-post-thumbnail","7":"category-uncategorized"},"yoast_head":"<!-- This site is optimized with the Yoast SEO plugin v27.1.1 - https:\/\/yoast.com\/product\/yoast-seo-wordpress\/ -->\n<title>Encuentran dos cuerpos colgados en un puente de Ecuador - Conexi\u00f3n 23<\/title>\n<meta name=\"robots\" content=\"index, follow, max-snippet:-1, max-image-preview:large, max-video-preview:-1\" \/>\n<link rel=\"canonical\" href=\"https:\/\/conexion23.com\/?p=22520\" \/>\n<meta property=\"og:locale\" content=\"es_ES\" \/>\n<meta property=\"og:type\" content=\"article\" \/>\n<meta property=\"og:title\" content=\"Encuentran dos cuerpos colgados en un puente de Ecuador - Conexi\u00f3n 23\" \/>\n<meta property=\"og:description\" content=\"La Polic\u00eda ecuatoriana inform\u00f3 este mi\u00e9rcoles del hallazgo de dos cuerpos colgados de un puente en la provincia de Orellana, situada en la zona amaz\u00f3nica del pa\u00eds. La Polic\u00eda precis\u00f3 que los cuerpos de dos hombres fallecidos estaban suspendidos por una cuerda cada uno sobre el puente de Payamino. Los cuerpos presentaban aparentes signos de [&hellip;]\" \/>\n<meta property=\"og:url\" content=\"https:\/\/conexion23.com\/?p=22520\" \/>\n<meta property=\"og:site_name\" content=\"Conexi\u00f3n 23\" \/>\n<meta property=\"article:publisher\" content=\"https:\/\/www.facebook.com\/conexion23com\" \/>\n<meta property=\"article:published_time\" content=\"2023-11-09T11:14:34+00:00\" \/>\n<meta property=\"article:modified_time\" content=\"2023-11-09T11:14:36+00:00\" \/>\n<meta property=\"og:image\" content=\"https:\/\/conexion23.com\/wp-content\/uploads\/2023\/11\/puente-payamino-750x465-1.webp\" \/>\n\t<meta property=\"og:image:width\" content=\"750\" \/>\n\t<meta property=\"og:image:height\" content=\"465\" \/>\n\t<meta property=\"og:image:type\" content=\"image\/webp\" \/>\n<meta name=\"author\" content=\"Raffy Ben\u00edtez\" \/>\n<meta name=\"twitter:card\" content=\"summary_large_image\" \/>\n<meta name=\"twitter:label1\" content=\"Escrito por\" \/>\n\t<meta name=\"twitter:data1\" content=\"Raffy Ben\u00edtez\" \/>\n\t<meta name=\"twitter:label2\" content=\"Tiempo de lectura\" \/>\n\t<meta name=\"twitter:data2\" content=\"2 minutos\" \/>\n<script type=\"application\/ld+json\" class=\"yoast-schema-graph\">{\"@context\":\"https:\/\/schema.org\",\"@graph\":[{\"@type\":\"Article\",\"@id\":\"https:\/\/conexion23.com\/?p=22520#article\",\"isPartOf\":{\"@id\":\"https:\/\/conexion23.com\/?p=22520\"},\"author\":{\"name\":\"Raffy Ben\u00edtez\",\"@id\":\"https:\/\/conexion23.com\/#\/schema\/person\/03e36043331117e97a373299bbcd30a6\"},\"headline\":\"Encuentran dos cuerpos colgados en un puente de Ecuador\",\"datePublished\":\"2023-11-09T11:14:34+00:00\",\"dateModified\":\"2023-11-09T11:14:36+00:00\",\"mainEntityOfPage\":{\"@id\":\"https:\/\/conexion23.com\/?p=22520\"},\"wordCount\":258,\"commentCount\":0,\"publisher\":{\"@id\":\"https:\/\/conexion23.com\/#organization\"},\"image\":{\"@id\":\"https:\/\/conexion23.com\/?p=22520#primaryimage\"},\"thumbnailUrl\":\"https:\/\/conexion23.com\/wp-content\/uploads\/2023\/11\/puente-payamino-750x465-1.webp\",\"articleSection\":[\"Uncategorized\"],\"inLanguage\":\"es\",\"potentialAction\":[{\"@type\":\"CommentAction\",\"name\":\"Comment\",\"target\":[\"https:\/\/conexion23.com\/?p=22520#respond\"]}]},{\"@type\":\"WebPage\",\"@id\":\"https:\/\/conexion23.com\/?p=22520\",\"url\":\"https:\/\/conexion23.com\/?p=22520\",\"name\":\"Encuentran dos cuerpos colgados en un puente de Ecuador - Conexi\u00f3n 23\",\"isPartOf\":{\"@id\":\"https:\/\/conexion23.com\/#website\"},\"primaryImageOfPage\":{\"@id\":\"https:\/\/conexion23.com\/?p=22520#primaryimage\"},\"image\":{\"@id\":\"https:\/\/conexion23.com\/?p=22520#primaryimage\"},\"thumbnailUrl\":\"https:\/\/conexion23.com\/wp-content\/uploads\/2023\/11\/puente-payamino-750x465-1.webp\",\"datePublished\":\"2023-11-09T11:14:34+00:00\",\"dateModified\":\"2023-11-09T11:14:36+00:00\",\"breadcrumb\":{\"@id\":\"https:\/\/conexion23.com\/?p=22520#breadcrumb\"},\"inLanguage\":\"es\",\"potentialAction\":[{\"@type\":\"ReadAction\",\"target\":[\"https:\/\/conexion23.com\/?p=22520\"]}]},{\"@type\":\"ImageObject\",\"inLanguage\":\"es\",\"@id\":\"https:\/\/conexion23.com\/?p=22520#primaryimage\",\"url\":\"https:\/\/conexion23.com\/wp-content\/uploads\/2023\/11\/puente-payamino-750x465-1.webp\",\"contentUrl\":\"https:\/\/conexion23.com\/wp-content\/uploads\/2023\/11\/puente-payamino-750x465-1.webp\",\"width\":750,\"height\":465},{\"@type\":\"BreadcrumbList\",\"@id\":\"https:\/\/conexion23.com\/?p=22520#breadcrumb\",\"itemListElement\":[{\"@type\":\"ListItem\",\"position\":1,\"name\":\"Portada\",\"item\":\"https:\/\/conexion23.com\/\"},{\"@type\":\"ListItem\",\"position\":2,\"name\":\"Encuentran dos cuerpos colgados en un puente de Ecuador\"}]},{\"@type\":\"WebSite\",\"@id\":\"https:\/\/conexion23.com\/#website\",\"url\":\"https:\/\/conexion23.com\/\",\"name\":\"Conexi\u00f3n 23\",\"description\":\"Peri\u00f3dico 100% Petromacorisano\",\"publisher\":{\"@id\":\"https:\/\/conexion23.com\/#organization\"},\"potentialAction\":[{\"@type\":\"SearchAction\",\"target\":{\"@type\":\"EntryPoint\",\"urlTemplate\":\"https:\/\/conexion23.com\/?s={search_term_string}\"},\"query-input\":{\"@type\":\"PropertyValueSpecification\",\"valueRequired\":true,\"valueName\":\"search_term_string\"}}],\"inLanguage\":\"es\"},{\"@type\":\"Organization\",\"@id\":\"https:\/\/conexion23.com\/#organization\",\"name\":\"Conexion 23\",\"url\":\"https:\/\/conexion23.com\/\",\"logo\":{\"@type\":\"ImageObject\",\"inLanguage\":\"es\",\"@id\":\"https:\/\/conexion23.com\/#\/schema\/logo\/image\/\",\"url\":\"https:\/\/conexion23.com\/wp-content\/uploads\/2021\/11\/Diseno-sin-titulo-2.png\",\"contentUrl\":\"https:\/\/conexion23.com\/wp-content\/uploads\/2021\/11\/Diseno-sin-titulo-2.png\",\"width\":541,\"height\":90,\"caption\":\"Conexion 23\"},\"image\":{\"@id\":\"https:\/\/conexion23.com\/#\/schema\/logo\/image\/\"},\"sameAs\":[\"https:\/\/www.facebook.com\/conexion23com\",\"https:\/\/www.instagram.com\/conexion23com\/\",\"https:\/\/www.youtube.com\/channel\/UCYc7vxxFZMYLIHNsHHxPZ3Q\"]},{\"@type\":\"Person\",\"@id\":\"https:\/\/conexion23.com\/#\/schema\/person\/03e36043331117e97a373299bbcd30a6\",\"name\":\"Raffy Ben\u00edtez\",\"image\":{\"@type\":\"ImageObject\",\"inLanguage\":\"es\",\"@id\":\"https:\/\/conexion23.com\/#\/schema\/person\/image\/\",\"url\":\"https:\/\/secure.gravatar.com\/avatar\/3190a6a6c5e1b0327500f7d6c56b6242472ee6cb974cf09b401ee6b3b0798f23?s=96&d=mm&r=g\",\"contentUrl\":\"https:\/\/secure.gravatar.com\/avatar\/3190a6a6c5e1b0327500f7d6c56b6242472ee6cb974cf09b401ee6b3b0798f23?s=96&d=mm&r=g\",\"caption\":\"Raffy Ben\u00edtez\"},\"url\":\"https:\/\/conexion23.com\/?author=15\"}]}<\/script>\n<!-- \/ Yoast SEO plugin. -->","yoast_head_json":{"title":"Encuentran dos cuerpos colgados en un puente de Ecuador - Conexi\u00f3n 23","robots":{"index":"index","follow":"follow","max-snippet":"max-snippet:-1","max-image-preview":"max-image-preview:large","max-video-preview":"max-video-preview:-1"},"canonical":"https:\/\/conexion23.com\/?p=22520","og_locale":"es_ES","og_type":"article","og_title":"Encuentran dos cuerpos colgados en un puente de Ecuador - Conexi\u00f3n 23","og_description":"La Polic\u00eda ecuatoriana inform\u00f3 este mi\u00e9rcoles del hallazgo de dos cuerpos colgados de un puente en la provincia de Orellana, situada en la zona amaz\u00f3nica del pa\u00eds. La Polic\u00eda precis\u00f3 que los cuerpos de dos hombres fallecidos estaban suspendidos por una cuerda cada uno sobre el puente de Payamino. Los cuerpos presentaban aparentes signos de [&hellip;]","og_url":"https:\/\/conexion23.com\/?p=22520","og_site_name":"Conexi\u00f3n 23","article_publisher":"https:\/\/www.facebook.com\/conexion23com","article_published_time":"2023-11-09T11:14:34+00:00","article_modified_time":"2023-11-09T11:14:36+00:00","og_image":[{"width":750,"height":465,"url":"https:\/\/conexion23.com\/wp-content\/uploads\/2023\/11\/puente-payamino-750x465-1.webp","type":"image\/webp"}],"author":"Raffy Ben\u00edtez","twitter_card":"summary_large_image","twitter_misc":{"Escrito por":"Raffy Ben\u00edtez","Tiempo de lectura":"2 minutos"},"schema":{"@context":"https:\/\/schema.org","@graph":[{"@type":"Article","@id":"https:\/\/conexion23.com\/?p=22520#article","isPartOf":{"@id":"https:\/\/conexion23.com\/?p=22520"},"author":{"name":"Raffy Ben\u00edtez","@id":"https:\/\/conexion23.com\/#\/schema\/person\/03e36043331117e97a373299bbcd30a6"},"headline":"Encuentran dos cuerpos colgados en un puente de Ecuador","datePublished":"2023-11-09T11:14:34+00:00","dateModified":"2023-11-09T11:14:36+00:00","mainEntityOfPage":{"@id":"https:\/\/conexion23.com\/?p=22520"},"wordCount":258,"commentCount":0,"publisher":{"@id":"https:\/\/conexion23.com\/#organization"},"image":{"@id":"https:\/\/conexion23.com\/?p=22520#primaryimage"},"thumbnailUrl":"https:\/\/conexion23.com\/wp-content\/uploads\/2023\/11\/puente-payamino-750x465-1.webp","articleSection":["Uncategorized"],"inLanguage":"es","potentialAction":[{"@type":"CommentAction","name":"Comment","target":["https:\/\/conexion23.com\/?p=22520#respond"]}]},{"@type":"WebPage","@id":"https:\/\/conexion23.com\/?p=22520","url":"https:\/\/conexion23.com\/?p=22520","name":"Encuentran dos cuerpos colgados en un puente de Ecuador - Conexi\u00f3n 23","isPartOf":{"@id":"https:\/\/conexion23.com\/#website"},"primaryImageOfPage":{"@id":"https:\/\/conexion23.com\/?p=22520#primaryimage"},"image":{"@id":"https:\/\/conexion23.com\/?p=22520#primaryimage"},"thumbnailUrl":"https:\/\/conexion23.com\/wp-content\/uploads\/2023\/11\/puente-payamino-750x465-1.webp","datePublished":"2023-11-09T11:14:34+00:00","dateModified":"2023-11-09T11:14:36+00:00","breadcrumb":{"@id":"https:\/\/conexion23.com\/?p=22520#breadcrumb"},"inLanguage":"es","potentialAction":[{"@type":"ReadAction","target":["https:\/\/conexion23.com\/?p=22520"]}]},{"@type":"ImageObject","inLanguage":"es","@id":"https:\/\/conexion23.com\/?p=22520#primaryimage","url":"https:\/\/conexion23.com\/wp-content\/uploads\/2023\/11\/puente-payamino-750x465-1.webp","contentUrl":"https:\/\/conexion23.com\/wp-content\/uploads\/2023\/11\/puente-payamino-750x465-1.webp","width":750,"height":465},{"@type":"BreadcrumbList","@id":"https:\/\/conexion23.com\/?p=22520#breadcrumb","itemListElement":[{"@type":"ListItem","position":1,"name":"Portada","item":"https:\/\/conexion23.com\/"},{"@type":"ListItem","position":2,"name":"Encuentran dos cuerpos colgados en un puente de Ecuador"}]},{"@type":"WebSite","@id":"https:\/\/conexion23.com\/#website","url":"https:\/\/conexion23.com\/","name":"Conexi\u00f3n 23","description":"Peri\u00f3dico 100% Petromacorisano","publisher":{"@id":"https:\/\/conexion23.com\/#organization"},"potentialAction":[{"@type":"SearchAction","target":{"@type":"EntryPoint","urlTemplate":"https:\/\/conexion23.com\/?s={search_term_string}"},"query-input":{"@type":"PropertyValueSpecification","valueRequired":true,"valueName":"search_term_string"}}],"inLanguage":"es"},{"@type":"Organization","@id":"https:\/\/conexion23.com\/#organization","name":"Conexion 23","url":"https:\/\/conexion23.com\/","logo":{"@type":"ImageObject","inLanguage":"es","@id":"https:\/\/conexion23.com\/#\/schema\/logo\/image\/","url":"https:\/\/conexion23.com\/wp-content\/uploads\/2021\/11\/Diseno-sin-titulo-2.png","contentUrl":"https:\/\/conexion23.com\/wp-content\/uploads\/2021\/11\/Diseno-sin-titulo-2.png","width":541,"height":90,"caption":"Conexion 23"},"image":{"@id":"https:\/\/conexion23.com\/#\/schema\/logo\/image\/"},"sameAs":["https:\/\/www.facebook.com\/conexion23com","https:\/\/www.instagram.com\/conexion23com\/","https:\/\/www.youtube.com\/channel\/UCYc7vxxFZMYLIHNsHHxPZ3Q"]},{"@type":"Person","@id":"https:\/\/conexion23.com\/#\/schema\/person\/03e36043331117e97a373299bbcd30a6","name":"Raffy Ben\u00edtez","image":{"@type":"ImageObject","inLanguage":"es","@id":"https:\/\/conexion23.com\/#\/schema\/person\/image\/","url":"https:\/\/secure.gravatar.com\/avatar\/3190a6a6c5e1b0327500f7d6c56b6242472ee6cb974cf09b401ee6b3b0798f23?s=96&d=mm&r=g","contentUrl":"https:\/\/secure.gravatar.com\/avatar\/3190a6a6c5e1b0327500f7d6c56b6242472ee6cb974cf09b401ee6b3b0798f23?s=96&d=mm&r=g","caption":"Raffy Ben\u00edtez"},"url":"https:\/\/conexion23.com\/?author=15"}]}},"_links":{"self":[{"href":"https:\/\/conexion23.com\/index.php?rest_route=\/wp\/v2\/posts\/22520","targetHints":{"allow":["GET"]}}],"collection":[{"href":"https:\/\/conexion23.com\/index.php?rest_route=\/wp\/v2\/posts"}],"about":[{"href":"https:\/\/conexion23.com\/index.php?rest_route=\/wp\/v2\/types\/post"}],"author":[{"embeddable":true,"href":"https:\/\/conexion23.com\/index.php?rest_route=\/wp\/v2\/users\/15"}],"replies":[{"embeddable":true,"href":"https:\/\/conexion23.com\/index.php?rest_route=%2Fwp%2Fv2%2Fcomments&post=22520"}],"version-history":[{"count":1,"href":"https:\/\/conexion23.com\/index.php?rest_route=\/wp\/v2\/posts\/22520\/revisions"}],"predecessor-version":[{"id":22522,"href":"https:\/\/conexion23.com\/index.php?rest_route=\/wp\/v2\/posts\/22520\/revisions\/22522"}],"wp:featuredmedia":[{"embeddable":true,"href":"https:\/\/conexion23.com\/index.php?rest_route=\/wp\/v2\/media\/22521"}],"wp:attachment":[{"href":"https:\/\/conexion23.com\/index.php?rest_route=%2Fwp%2Fv2%2Fmedia&parent=22520"}],"wp:term":[{"taxonomy":"category","embeddable":true,"href":"https:\/\/conexion23.com\/index.php?rest_route=%2Fwp%2Fv2%2Fcategories&post=22520"},{"taxonomy":"post_tag","embeddable":true,"href":"https:\/\/conexion23.com\/index.php?rest_route=%2Fwp%2Fv2%2Ftags&post=22520"}],"curies":[{"name":"wp","href":"https:\/\/api.w.org\/{rel}","templated":true}]}}