{"id":22557,"date":"2023-11-10T08:29:11","date_gmt":"2023-11-10T12:29:11","guid":{"rendered":"https:\/\/conexion23.com\/?p=22557"},"modified":"2023-11-10T08:29:14","modified_gmt":"2023-11-10T12:29:14","slug":"el-senado-reconoce-a-fernando-tatis-padre-por-iniciativa-del-senador-franklin-pena","status":"publish","type":"post","link":"https:\/\/conexion23.com\/?p=22557","title":{"rendered":"EL SENADO RECONOCE A FERNANDO TATIS PADRE POR INICIATIVA DEL SENADOR FRANKLIN PE\u00d1A."},"content":{"rendered":"\n<p>El Sal\u00f3n Polivalente del Congreso Nacional fue el escenario en la ma\u00f1ana de este jueves del reconocimiento del que fue objeto el ex grandes ligas Fernando Tatis padre por iniciativa del senador de San Pedro de Macor\u00eds Dr. Franklin Pe\u00f1a.<\/p>\n\n\n\n<p>El reconocimiento fue encabezado por el presidente del Senado Ricardo de Los Santos, de quien resalt\u00f3 la motivaci\u00f3n del senador proponente Franklin Pe\u00f1a en decir que este reconocimiento al ex beisbolista y actual dirigente de Las Estrellas Orientales, Fernando Tatis, que por su trayectoria en la Liga de B\u00e9isbol Profesional de la Rep\u00fablica Dominicana y su paso por las Grandes Ligas (MLB) el cual tiene un r\u00e9cord implantado del que se puede decir es casi imposible de igualar.<\/p>\n\n\n\n<p>El pergamino se otorg\u00f3 tras el Pleno Senatorial aprobar a unanimidad la resoluci\u00f3n que reconoce a Fernando Tatis, presentada por el senador Franklin Pe\u00f1a, representante de la provincia San Pedro de Macor\u00eds.<\/p>\n\n\n\n<p>HABLA EL SENADOR FRANKLIN PE\u00d1A.<br>Esta iniciativa es para m\u00ed un gran privilegio el haber sometido el reconocimiento a una persona que por sus m\u00e9ritos merece este galard\u00f3n, queremos expresar nuestro reconocimiento al ex pelotero Fernando Tatis, oriundo de nuestro San Pedro de Macor\u00eds por su impresionante trayectoria en el b\u00e9isbol de grandes ligas.<\/p>\n\n\n\n<p>Fernando Tatis no solo se destac\u00f3 por su gran talento en el terreno de juego, sino tambi\u00e9n por su sencillez, humildad y su dedicaci\u00f3n de ayudar a los j\u00f3venes de nuestro pueblo y del pa\u00eds, y forj\u00f3 a fuego y martillo a su v\u00e1stago Fernando Tatis Yunior a quien form\u00f3 a su imagen y semejanza y quien acaba de ganar el premio Guante de Oro como jardinero de los Padres de San Diego.<\/p>\n\n\n\n<p>Es una verdadera haza\u00f1a la que logr\u00f3 Fernando Tatis, aquel 23 de abril de 1999, al ser el \u00fanico jugador que conecta dos cuadrangulares con las bases llenas en la misma entrada y contra el mismo lanzador, es simplemente asombroso, pero su carrera no se limit\u00f3 a ese momento de gloria, sino que continu\u00f3 brillando como jugador y posteriormente pas\u00f3 a ser manager del equipo de Las Estrellas Orientales en el torneo invernal dominicano , llev\u00e1ndonos a la victoria despu\u00e9s de 50 a\u00f1os de espera momento de gran felicidad y emoci\u00f3n para todos nosotros los estrellitas.<\/p>\n\n\n\n<p>\u00a1Felicidades Fernando Tatis!<\/p>\n","protected":false},"excerpt":{"rendered":"<p>El Sal\u00f3n Polivalente del Congreso Nacional fue el escenario en la ma\u00f1ana de este jueves del reconocimiento del que fue objeto el ex grandes ligas Fernando Tatis padre por iniciativa del senador de San Pedro de Macor\u00eds Dr. Franklin Pe\u00f1a. El reconocimiento fue encabezado por el presidente del Senado Ricardo de Los Santos, de quien [&hellip;]<\/p>\n","protected":false},"author":15,"featured_media":22558,"comment_status":"open","ping_status":"open","sticky":false,"template":"","format":"standard","meta":{"footnotes":""},"categories":[35],"tags":[],"class_list":{"0":"post-22557","1":"post","2":"type-post","3":"status-publish","4":"format-standard","5":"has-post-thumbnail","7":"category-spm"},"yoast_head":"<!-- This site is optimized with the Yoast SEO plugin v27.1.1 - https:\/\/yoast.com\/product\/yoast-seo-wordpress\/ -->\n<title>EL SENADO RECONOCE A FERNANDO TATIS PADRE POR INICIATIVA DEL SENADOR FRANKLIN PE\u00d1A. - Conexi\u00f3n 23<\/title>\n<meta name=\"robots\" content=\"index, follow, max-snippet:-1, max-image-preview:large, max-video-preview:-1\" \/>\n<link rel=\"canonical\" href=\"https:\/\/conexion23.com\/?p=22557\" \/>\n<meta property=\"og:locale\" content=\"es_ES\" \/>\n<meta property=\"og:type\" content=\"article\" \/>\n<meta property=\"og:title\" content=\"EL SENADO RECONOCE A FERNANDO TATIS PADRE POR INICIATIVA DEL SENADOR FRANKLIN PE\u00d1A. - Conexi\u00f3n 23\" \/>\n<meta property=\"og:description\" content=\"El Sal\u00f3n Polivalente del Congreso Nacional fue el escenario en la ma\u00f1ana de este jueves del reconocimiento del que fue objeto el ex grandes ligas Fernando Tatis padre por iniciativa del senador de San Pedro de Macor\u00eds Dr. Franklin Pe\u00f1a. El reconocimiento fue encabezado por el presidente del Senado Ricardo de Los Santos, de quien [&hellip;]\" \/>\n<meta property=\"og:url\" content=\"https:\/\/conexion23.com\/?p=22557\" \/>\n<meta property=\"og:site_name\" content=\"Conexi\u00f3n 23\" \/>\n<meta property=\"article:publisher\" content=\"https:\/\/www.facebook.com\/conexion23com\" \/>\n<meta property=\"article:published_time\" content=\"2023-11-10T12:29:11+00:00\" \/>\n<meta property=\"article:modified_time\" content=\"2023-11-10T12:29:14+00:00\" \/>\n<meta property=\"og:image\" content=\"https:\/\/conexion23.com\/wp-content\/uploads\/2023\/11\/2b43f02c-cf4d-45aa-a34c-9c140df669e1.jpg\" \/>\n\t<meta property=\"og:image:width\" content=\"1080\" \/>\n\t<meta property=\"og:image:height\" content=\"1063\" \/>\n\t<meta property=\"og:image:type\" content=\"image\/jpeg\" \/>\n<meta name=\"author\" content=\"Raffy Ben\u00edtez\" \/>\n<meta name=\"twitter:card\" content=\"summary_large_image\" \/>\n<meta name=\"twitter:label1\" content=\"Escrito por\" \/>\n\t<meta name=\"twitter:data1\" content=\"Raffy Ben\u00edtez\" \/>\n\t<meta name=\"twitter:label2\" content=\"Tiempo de lectura\" \/>\n\t<meta name=\"twitter:data2\" content=\"2 minutos\" \/>\n<script type=\"application\/ld+json\" class=\"yoast-schema-graph\">{\"@context\":\"https:\/\/schema.org\",\"@graph\":[{\"@type\":\"Article\",\"@id\":\"https:\/\/conexion23.com\/?p=22557#article\",\"isPartOf\":{\"@id\":\"https:\/\/conexion23.com\/?p=22557\"},\"author\":{\"name\":\"Raffy Ben\u00edtez\",\"@id\":\"https:\/\/conexion23.com\/#\/schema\/person\/03e36043331117e97a373299bbcd30a6\"},\"headline\":\"EL SENADO RECONOCE A FERNANDO TATIS PADRE POR INICIATIVA DEL SENADOR FRANKLIN PE\u00d1A.\",\"datePublished\":\"2023-11-10T12:29:11+00:00\",\"dateModified\":\"2023-11-10T12:29:14+00:00\",\"mainEntityOfPage\":{\"@id\":\"https:\/\/conexion23.com\/?p=22557\"},\"wordCount\":413,\"commentCount\":0,\"publisher\":{\"@id\":\"https:\/\/conexion23.com\/#organization\"},\"image\":{\"@id\":\"https:\/\/conexion23.com\/?p=22557#primaryimage\"},\"thumbnailUrl\":\"https:\/\/conexion23.com\/wp-content\/uploads\/2023\/11\/2b43f02c-cf4d-45aa-a34c-9c140df669e1.jpg\",\"articleSection\":[\"SPM\"],\"inLanguage\":\"es\",\"potentialAction\":[{\"@type\":\"CommentAction\",\"name\":\"Comment\",\"target\":[\"https:\/\/conexion23.com\/?p=22557#respond\"]}]},{\"@type\":\"WebPage\",\"@id\":\"https:\/\/conexion23.com\/?p=22557\",\"url\":\"https:\/\/conexion23.com\/?p=22557\",\"name\":\"EL SENADO RECONOCE A FERNANDO TATIS PADRE POR INICIATIVA DEL SENADOR FRANKLIN PE\u00d1A. - Conexi\u00f3n 23\",\"isPartOf\":{\"@id\":\"https:\/\/conexion23.com\/#website\"},\"primaryImageOfPage\":{\"@id\":\"https:\/\/conexion23.com\/?p=22557#primaryimage\"},\"image\":{\"@id\":\"https:\/\/conexion23.com\/?p=22557#primaryimage\"},\"thumbnailUrl\":\"https:\/\/conexion23.com\/wp-content\/uploads\/2023\/11\/2b43f02c-cf4d-45aa-a34c-9c140df669e1.jpg\",\"datePublished\":\"2023-11-10T12:29:11+00:00\",\"dateModified\":\"2023-11-10T12:29:14+00:00\",\"breadcrumb\":{\"@id\":\"https:\/\/conexion23.com\/?p=22557#breadcrumb\"},\"inLanguage\":\"es\",\"potentialAction\":[{\"@type\":\"ReadAction\",\"target\":[\"https:\/\/conexion23.com\/?p=22557\"]}]},{\"@type\":\"ImageObject\",\"inLanguage\":\"es\",\"@id\":\"https:\/\/conexion23.com\/?p=22557#primaryimage\",\"url\":\"https:\/\/conexion23.com\/wp-content\/uploads\/2023\/11\/2b43f02c-cf4d-45aa-a34c-9c140df669e1.jpg\",\"contentUrl\":\"https:\/\/conexion23.com\/wp-content\/uploads\/2023\/11\/2b43f02c-cf4d-45aa-a34c-9c140df669e1.jpg\",\"width\":1080,\"height\":1063},{\"@type\":\"BreadcrumbList\",\"@id\":\"https:\/\/conexion23.com\/?p=22557#breadcrumb\",\"itemListElement\":[{\"@type\":\"ListItem\",\"position\":1,\"name\":\"Portada\",\"item\":\"https:\/\/conexion23.com\/\"},{\"@type\":\"ListItem\",\"position\":2,\"name\":\"EL SENADO RECONOCE A FERNANDO TATIS PADRE POR INICIATIVA DEL SENADOR FRANKLIN PE\u00d1A.\"}]},{\"@type\":\"WebSite\",\"@id\":\"https:\/\/conexion23.com\/#website\",\"url\":\"https:\/\/conexion23.com\/\",\"name\":\"Conexi\u00f3n 23\",\"description\":\"Peri\u00f3dico 100% Petromacorisano\",\"publisher\":{\"@id\":\"https:\/\/conexion23.com\/#organization\"},\"potentialAction\":[{\"@type\":\"SearchAction\",\"target\":{\"@type\":\"EntryPoint\",\"urlTemplate\":\"https:\/\/conexion23.com\/?s={search_term_string}\"},\"query-input\":{\"@type\":\"PropertyValueSpecification\",\"valueRequired\":true,\"valueName\":\"search_term_string\"}}],\"inLanguage\":\"es\"},{\"@type\":\"Organization\",\"@id\":\"https:\/\/conexion23.com\/#organization\",\"name\":\"Conexion 23\",\"url\":\"https:\/\/conexion23.com\/\",\"logo\":{\"@type\":\"ImageObject\",\"inLanguage\":\"es\",\"@id\":\"https:\/\/conexion23.com\/#\/schema\/logo\/image\/\",\"url\":\"https:\/\/conexion23.com\/wp-content\/uploads\/2021\/11\/Diseno-sin-titulo-2.png\",\"contentUrl\":\"https:\/\/conexion23.com\/wp-content\/uploads\/2021\/11\/Diseno-sin-titulo-2.png\",\"width\":541,\"height\":90,\"caption\":\"Conexion 23\"},\"image\":{\"@id\":\"https:\/\/conexion23.com\/#\/schema\/logo\/image\/\"},\"sameAs\":[\"https:\/\/www.facebook.com\/conexion23com\",\"https:\/\/www.instagram.com\/conexion23com\/\",\"https:\/\/www.youtube.com\/channel\/UCYc7vxxFZMYLIHNsHHxPZ3Q\"]},{\"@type\":\"Person\",\"@id\":\"https:\/\/conexion23.com\/#\/schema\/person\/03e36043331117e97a373299bbcd30a6\",\"name\":\"Raffy Ben\u00edtez\",\"image\":{\"@type\":\"ImageObject\",\"inLanguage\":\"es\",\"@id\":\"https:\/\/conexion23.com\/#\/schema\/person\/image\/\",\"url\":\"https:\/\/secure.gravatar.com\/avatar\/3190a6a6c5e1b0327500f7d6c56b6242472ee6cb974cf09b401ee6b3b0798f23?s=96&d=mm&r=g\",\"contentUrl\":\"https:\/\/secure.gravatar.com\/avatar\/3190a6a6c5e1b0327500f7d6c56b6242472ee6cb974cf09b401ee6b3b0798f23?s=96&d=mm&r=g\",\"caption\":\"Raffy Ben\u00edtez\"},\"url\":\"https:\/\/conexion23.com\/?author=15\"}]}<\/script>\n<!-- \/ Yoast SEO plugin. -->","yoast_head_json":{"title":"EL SENADO RECONOCE A FERNANDO TATIS PADRE POR INICIATIVA DEL SENADOR FRANKLIN PE\u00d1A. - Conexi\u00f3n 23","robots":{"index":"index","follow":"follow","max-snippet":"max-snippet:-1","max-image-preview":"max-image-preview:large","max-video-preview":"max-video-preview:-1"},"canonical":"https:\/\/conexion23.com\/?p=22557","og_locale":"es_ES","og_type":"article","og_title":"EL SENADO RECONOCE A FERNANDO TATIS PADRE POR INICIATIVA DEL SENADOR FRANKLIN PE\u00d1A. - Conexi\u00f3n 23","og_description":"El Sal\u00f3n Polivalente del Congreso Nacional fue el escenario en la ma\u00f1ana de este jueves del reconocimiento del que fue objeto el ex grandes ligas Fernando Tatis padre por iniciativa del senador de San Pedro de Macor\u00eds Dr. Franklin Pe\u00f1a. El reconocimiento fue encabezado por el presidente del Senado Ricardo de Los Santos, de quien [&hellip;]","og_url":"https:\/\/conexion23.com\/?p=22557","og_site_name":"Conexi\u00f3n 23","article_publisher":"https:\/\/www.facebook.com\/conexion23com","article_published_time":"2023-11-10T12:29:11+00:00","article_modified_time":"2023-11-10T12:29:14+00:00","og_image":[{"width":1080,"height":1063,"url":"https:\/\/conexion23.com\/wp-content\/uploads\/2023\/11\/2b43f02c-cf4d-45aa-a34c-9c140df669e1.jpg","type":"image\/jpeg"}],"author":"Raffy Ben\u00edtez","twitter_card":"summary_large_image","twitter_misc":{"Escrito por":"Raffy Ben\u00edtez","Tiempo de lectura":"2 minutos"},"schema":{"@context":"https:\/\/schema.org","@graph":[{"@type":"Article","@id":"https:\/\/conexion23.com\/?p=22557#article","isPartOf":{"@id":"https:\/\/conexion23.com\/?p=22557"},"author":{"name":"Raffy Ben\u00edtez","@id":"https:\/\/conexion23.com\/#\/schema\/person\/03e36043331117e97a373299bbcd30a6"},"headline":"EL SENADO RECONOCE A FERNANDO TATIS PADRE POR INICIATIVA DEL SENADOR FRANKLIN PE\u00d1A.","datePublished":"2023-11-10T12:29:11+00:00","dateModified":"2023-11-10T12:29:14+00:00","mainEntityOfPage":{"@id":"https:\/\/conexion23.com\/?p=22557"},"wordCount":413,"commentCount":0,"publisher":{"@id":"https:\/\/conexion23.com\/#organization"},"image":{"@id":"https:\/\/conexion23.com\/?p=22557#primaryimage"},"thumbnailUrl":"https:\/\/conexion23.com\/wp-content\/uploads\/2023\/11\/2b43f02c-cf4d-45aa-a34c-9c140df669e1.jpg","articleSection":["SPM"],"inLanguage":"es","potentialAction":[{"@type":"CommentAction","name":"Comment","target":["https:\/\/conexion23.com\/?p=22557#respond"]}]},{"@type":"WebPage","@id":"https:\/\/conexion23.com\/?p=22557","url":"https:\/\/conexion23.com\/?p=22557","name":"EL SENADO RECONOCE A FERNANDO TATIS PADRE POR INICIATIVA DEL SENADOR FRANKLIN PE\u00d1A. - Conexi\u00f3n 23","isPartOf":{"@id":"https:\/\/conexion23.com\/#website"},"primaryImageOfPage":{"@id":"https:\/\/conexion23.com\/?p=22557#primaryimage"},"image":{"@id":"https:\/\/conexion23.com\/?p=22557#primaryimage"},"thumbnailUrl":"https:\/\/conexion23.com\/wp-content\/uploads\/2023\/11\/2b43f02c-cf4d-45aa-a34c-9c140df669e1.jpg","datePublished":"2023-11-10T12:29:11+00:00","dateModified":"2023-11-10T12:29:14+00:00","breadcrumb":{"@id":"https:\/\/conexion23.com\/?p=22557#breadcrumb"},"inLanguage":"es","potentialAction":[{"@type":"ReadAction","target":["https:\/\/conexion23.com\/?p=22557"]}]},{"@type":"ImageObject","inLanguage":"es","@id":"https:\/\/conexion23.com\/?p=22557#primaryimage","url":"https:\/\/conexion23.com\/wp-content\/uploads\/2023\/11\/2b43f02c-cf4d-45aa-a34c-9c140df669e1.jpg","contentUrl":"https:\/\/conexion23.com\/wp-content\/uploads\/2023\/11\/2b43f02c-cf4d-45aa-a34c-9c140df669e1.jpg","width":1080,"height":1063},{"@type":"BreadcrumbList","@id":"https:\/\/conexion23.com\/?p=22557#breadcrumb","itemListElement":[{"@type":"ListItem","position":1,"name":"Portada","item":"https:\/\/conexion23.com\/"},{"@type":"ListItem","position":2,"name":"EL SENADO RECONOCE A FERNANDO TATIS PADRE POR INICIATIVA DEL SENADOR FRANKLIN PE\u00d1A."}]},{"@type":"WebSite","@id":"https:\/\/conexion23.com\/#website","url":"https:\/\/conexion23.com\/","name":"Conexi\u00f3n 23","description":"Peri\u00f3dico 100% Petromacorisano","publisher":{"@id":"https:\/\/conexion23.com\/#organization"},"potentialAction":[{"@type":"SearchAction","target":{"@type":"EntryPoint","urlTemplate":"https:\/\/conexion23.com\/?s={search_term_string}"},"query-input":{"@type":"PropertyValueSpecification","valueRequired":true,"valueName":"search_term_string"}}],"inLanguage":"es"},{"@type":"Organization","@id":"https:\/\/conexion23.com\/#organization","name":"Conexion 23","url":"https:\/\/conexion23.com\/","logo":{"@type":"ImageObject","inLanguage":"es","@id":"https:\/\/conexion23.com\/#\/schema\/logo\/image\/","url":"https:\/\/conexion23.com\/wp-content\/uploads\/2021\/11\/Diseno-sin-titulo-2.png","contentUrl":"https:\/\/conexion23.com\/wp-content\/uploads\/2021\/11\/Diseno-sin-titulo-2.png","width":541,"height":90,"caption":"Conexion 23"},"image":{"@id":"https:\/\/conexion23.com\/#\/schema\/logo\/image\/"},"sameAs":["https:\/\/www.facebook.com\/conexion23com","https:\/\/www.instagram.com\/conexion23com\/","https:\/\/www.youtube.com\/channel\/UCYc7vxxFZMYLIHNsHHxPZ3Q"]},{"@type":"Person","@id":"https:\/\/conexion23.com\/#\/schema\/person\/03e36043331117e97a373299bbcd30a6","name":"Raffy Ben\u00edtez","image":{"@type":"ImageObject","inLanguage":"es","@id":"https:\/\/conexion23.com\/#\/schema\/person\/image\/","url":"https:\/\/secure.gravatar.com\/avatar\/3190a6a6c5e1b0327500f7d6c56b6242472ee6cb974cf09b401ee6b3b0798f23?s=96&d=mm&r=g","contentUrl":"https:\/\/secure.gravatar.com\/avatar\/3190a6a6c5e1b0327500f7d6c56b6242472ee6cb974cf09b401ee6b3b0798f23?s=96&d=mm&r=g","caption":"Raffy Ben\u00edtez"},"url":"https:\/\/conexion23.com\/?author=15"}]}},"_links":{"self":[{"href":"https:\/\/conexion23.com\/index.php?rest_route=\/wp\/v2\/posts\/22557","targetHints":{"allow":["GET"]}}],"collection":[{"href":"https:\/\/conexion23.com\/index.php?rest_route=\/wp\/v2\/posts"}],"about":[{"href":"https:\/\/conexion23.com\/index.php?rest_route=\/wp\/v2\/types\/post"}],"author":[{"embeddable":true,"href":"https:\/\/conexion23.com\/index.php?rest_route=\/wp\/v2\/users\/15"}],"replies":[{"embeddable":true,"href":"https:\/\/conexion23.com\/index.php?rest_route=%2Fwp%2Fv2%2Fcomments&post=22557"}],"version-history":[{"count":1,"href":"https:\/\/conexion23.com\/index.php?rest_route=\/wp\/v2\/posts\/22557\/revisions"}],"predecessor-version":[{"id":22559,"href":"https:\/\/conexion23.com\/index.php?rest_route=\/wp\/v2\/posts\/22557\/revisions\/22559"}],"wp:featuredmedia":[{"embeddable":true,"href":"https:\/\/conexion23.com\/index.php?rest_route=\/wp\/v2\/media\/22558"}],"wp:attachment":[{"href":"https:\/\/conexion23.com\/index.php?rest_route=%2Fwp%2Fv2%2Fmedia&parent=22557"}],"wp:term":[{"taxonomy":"category","embeddable":true,"href":"https:\/\/conexion23.com\/index.php?rest_route=%2Fwp%2Fv2%2Fcategories&post=22557"},{"taxonomy":"post_tag","embeddable":true,"href":"https:\/\/conexion23.com\/index.php?rest_route=%2Fwp%2Fv2%2Ftags&post=22557"}],"curies":[{"name":"wp","href":"https:\/\/api.w.org\/{rel}","templated":true}]}}