{"id":22585,"date":"2023-11-11T08:20:00","date_gmt":"2023-11-11T12:20:00","guid":{"rendered":"https:\/\/conexion23.com\/?p=22585"},"modified":"2023-11-11T08:20:07","modified_gmt":"2023-11-11T12:20:07","slug":"un-vehiculo-se-subio-en-el-muro-divisorio-de-la-avenida-francisco-a-caamano-en-spm","status":"publish","type":"post","link":"https:\/\/conexion23.com\/?p=22585","title":{"rendered":"Un veh\u00edculo se subi\u00f3 en el muro divisorio de la avenida Francisco A, Caama\u00f1o en SPM."},"content":{"rendered":"\n<p>Un ins\u00f3lito accidente de tr\u00e1nsito se registr\u00f3 la noche de este viernes en la avenida Alberto Caama\u00f1o De\u00f1\u00f3, tambi\u00e9n conocida como la antigua circunvalaci\u00f3n de San Pedro de Macor\u00eds, frente al restaurante McDonald &#8216;s. Un veh\u00edculo marca Sonata N20 de color gris se sali\u00f3 de la v\u00eda y se encaram\u00f3 en el muro contexor que separa los carriles de la misma ruta.<\/p>\n\n\n\n<p>Seg\u00fan testigos presenciales, el conductor del veh\u00edculo perdi\u00f3 el control del mismo por causas desconocidas y se desvi\u00f3 hacia el lado contrario, quedando arriba del muro. Hasta el momento se desconoce el estado de salud del conductor y si hab\u00eda otros ocupantes en el veh\u00edculo.<\/p>\n\n\n\n<p>La avenida Alberto Caama\u00f1o De\u00f1\u00f3 es una de las m\u00e1s transitadas y peligrosas del pa\u00eds, y ha sido escenario de numerosos accidentes fatales en los \u00faltimos a\u00f1os. Se recomienda a los conductores que circulen por esta v\u00eda con precauci\u00f3n y respeten las se\u00f1ales de tr\u00e1nsito.<\/p>\n","protected":false},"excerpt":{"rendered":"<p>Un ins\u00f3lito accidente de tr\u00e1nsito se registr\u00f3 la noche de este viernes en la avenida Alberto Caama\u00f1o De\u00f1\u00f3, tambi\u00e9n conocida como la antigua circunvalaci\u00f3n de San Pedro de Macor\u00eds, frente al restaurante McDonald &#8216;s. Un veh\u00edculo marca Sonata N20 de color gris se sali\u00f3 de la v\u00eda y se encaram\u00f3 en el muro contexor que [&hellip;]<\/p>\n","protected":false},"author":15,"featured_media":22586,"comment_status":"open","ping_status":"open","sticky":false,"template":"","format":"standard","meta":{"footnotes":""},"categories":[35],"tags":[],"class_list":{"0":"post-22585","1":"post","2":"type-post","3":"status-publish","4":"format-standard","5":"has-post-thumbnail","7":"category-spm"},"yoast_head":"<!-- This site is optimized with the Yoast SEO plugin v27.1.1 - https:\/\/yoast.com\/product\/yoast-seo-wordpress\/ -->\n<title>Un veh\u00edculo se subi\u00f3 en el muro divisorio de la avenida Francisco A, Caama\u00f1o en SPM. - Conexi\u00f3n 23<\/title>\n<meta name=\"robots\" content=\"index, follow, max-snippet:-1, max-image-preview:large, max-video-preview:-1\" \/>\n<link rel=\"canonical\" href=\"http:\/\/conexion23.com\/?p=22585\" \/>\n<meta property=\"og:locale\" content=\"es_ES\" \/>\n<meta property=\"og:type\" content=\"article\" \/>\n<meta property=\"og:title\" content=\"Un veh\u00edculo se subi\u00f3 en el muro divisorio de la avenida Francisco A, Caama\u00f1o en SPM. - Conexi\u00f3n 23\" \/>\n<meta property=\"og:description\" content=\"Un ins\u00f3lito accidente de tr\u00e1nsito se registr\u00f3 la noche de este viernes en la avenida Alberto Caama\u00f1o De\u00f1\u00f3, tambi\u00e9n conocida como la antigua circunvalaci\u00f3n de San Pedro de Macor\u00eds, frente al restaurante McDonald &#8216;s. Un veh\u00edculo marca Sonata N20 de color gris se sali\u00f3 de la v\u00eda y se encaram\u00f3 en el muro contexor que [&hellip;]\" \/>\n<meta property=\"og:url\" content=\"http:\/\/conexion23.com\/?p=22585\" \/>\n<meta property=\"og:site_name\" content=\"Conexi\u00f3n 23\" \/>\n<meta property=\"article:publisher\" content=\"https:\/\/www.facebook.com\/conexion23com\" \/>\n<meta property=\"article:published_time\" content=\"2023-11-11T12:20:00+00:00\" \/>\n<meta property=\"article:modified_time\" content=\"2023-11-11T12:20:07+00:00\" \/>\n<meta property=\"og:image\" content=\"http:\/\/conexion23.com\/wp-content\/uploads\/2023\/11\/download-9.jpg\" \/>\n\t<meta property=\"og:image:width\" content=\"259\" \/>\n\t<meta property=\"og:image:height\" content=\"194\" \/>\n\t<meta property=\"og:image:type\" content=\"image\/jpeg\" \/>\n<meta name=\"author\" content=\"Raffy Ben\u00edtez\" \/>\n<meta name=\"twitter:card\" content=\"summary_large_image\" \/>\n<meta name=\"twitter:label1\" content=\"Escrito por\" \/>\n\t<meta name=\"twitter:data1\" content=\"Raffy Ben\u00edtez\" \/>\n\t<meta name=\"twitter:label2\" content=\"Tiempo de lectura\" \/>\n\t<meta name=\"twitter:data2\" content=\"1 minuto\" \/>\n<script type=\"application\/ld+json\" class=\"yoast-schema-graph\">{\"@context\":\"https:\/\/schema.org\",\"@graph\":[{\"@type\":\"Article\",\"@id\":\"http:\/\/conexion23.com\/?p=22585#article\",\"isPartOf\":{\"@id\":\"http:\/\/conexion23.com\/?p=22585\"},\"author\":{\"name\":\"Raffy Ben\u00edtez\",\"@id\":\"https:\/\/conexion23.com\/#\/schema\/person\/03e36043331117e97a373299bbcd30a6\"},\"headline\":\"Un veh\u00edculo se subi\u00f3 en el muro divisorio de la avenida Francisco A, Caama\u00f1o en SPM.\",\"datePublished\":\"2023-11-11T12:20:00+00:00\",\"dateModified\":\"2023-11-11T12:20:07+00:00\",\"mainEntityOfPage\":{\"@id\":\"http:\/\/conexion23.com\/?p=22585\"},\"wordCount\":190,\"commentCount\":0,\"publisher\":{\"@id\":\"https:\/\/conexion23.com\/#organization\"},\"image\":{\"@id\":\"http:\/\/conexion23.com\/?p=22585#primaryimage\"},\"thumbnailUrl\":\"https:\/\/conexion23.com\/wp-content\/uploads\/2023\/11\/download-9.jpg\",\"articleSection\":[\"SPM\"],\"inLanguage\":\"es\",\"potentialAction\":[{\"@type\":\"CommentAction\",\"name\":\"Comment\",\"target\":[\"http:\/\/conexion23.com\/?p=22585#respond\"]}]},{\"@type\":\"WebPage\",\"@id\":\"http:\/\/conexion23.com\/?p=22585\",\"url\":\"http:\/\/conexion23.com\/?p=22585\",\"name\":\"Un veh\u00edculo se subi\u00f3 en el muro divisorio de la avenida Francisco A, Caama\u00f1o en SPM. - Conexi\u00f3n 23\",\"isPartOf\":{\"@id\":\"https:\/\/conexion23.com\/#website\"},\"primaryImageOfPage\":{\"@id\":\"http:\/\/conexion23.com\/?p=22585#primaryimage\"},\"image\":{\"@id\":\"http:\/\/conexion23.com\/?p=22585#primaryimage\"},\"thumbnailUrl\":\"https:\/\/conexion23.com\/wp-content\/uploads\/2023\/11\/download-9.jpg\",\"datePublished\":\"2023-11-11T12:20:00+00:00\",\"dateModified\":\"2023-11-11T12:20:07+00:00\",\"breadcrumb\":{\"@id\":\"http:\/\/conexion23.com\/?p=22585#breadcrumb\"},\"inLanguage\":\"es\",\"potentialAction\":[{\"@type\":\"ReadAction\",\"target\":[\"http:\/\/conexion23.com\/?p=22585\"]}]},{\"@type\":\"ImageObject\",\"inLanguage\":\"es\",\"@id\":\"http:\/\/conexion23.com\/?p=22585#primaryimage\",\"url\":\"https:\/\/conexion23.com\/wp-content\/uploads\/2023\/11\/download-9.jpg\",\"contentUrl\":\"https:\/\/conexion23.com\/wp-content\/uploads\/2023\/11\/download-9.jpg\",\"width\":259,\"height\":194},{\"@type\":\"BreadcrumbList\",\"@id\":\"http:\/\/conexion23.com\/?p=22585#breadcrumb\",\"itemListElement\":[{\"@type\":\"ListItem\",\"position\":1,\"name\":\"Portada\",\"item\":\"https:\/\/conexion23.com\/\"},{\"@type\":\"ListItem\",\"position\":2,\"name\":\"Un veh\u00edculo se subi\u00f3 en el muro divisorio de la avenida Francisco A, Caama\u00f1o en SPM.\"}]},{\"@type\":\"WebSite\",\"@id\":\"https:\/\/conexion23.com\/#website\",\"url\":\"https:\/\/conexion23.com\/\",\"name\":\"Conexi\u00f3n 23\",\"description\":\"Peri\u00f3dico 100% Petromacorisano\",\"publisher\":{\"@id\":\"https:\/\/conexion23.com\/#organization\"},\"potentialAction\":[{\"@type\":\"SearchAction\",\"target\":{\"@type\":\"EntryPoint\",\"urlTemplate\":\"https:\/\/conexion23.com\/?s={search_term_string}\"},\"query-input\":{\"@type\":\"PropertyValueSpecification\",\"valueRequired\":true,\"valueName\":\"search_term_string\"}}],\"inLanguage\":\"es\"},{\"@type\":\"Organization\",\"@id\":\"https:\/\/conexion23.com\/#organization\",\"name\":\"Conexion 23\",\"url\":\"https:\/\/conexion23.com\/\",\"logo\":{\"@type\":\"ImageObject\",\"inLanguage\":\"es\",\"@id\":\"https:\/\/conexion23.com\/#\/schema\/logo\/image\/\",\"url\":\"https:\/\/conexion23.com\/wp-content\/uploads\/2021\/11\/Diseno-sin-titulo-2.png\",\"contentUrl\":\"https:\/\/conexion23.com\/wp-content\/uploads\/2021\/11\/Diseno-sin-titulo-2.png\",\"width\":541,\"height\":90,\"caption\":\"Conexion 23\"},\"image\":{\"@id\":\"https:\/\/conexion23.com\/#\/schema\/logo\/image\/\"},\"sameAs\":[\"https:\/\/www.facebook.com\/conexion23com\",\"https:\/\/www.instagram.com\/conexion23com\/\",\"https:\/\/www.youtube.com\/channel\/UCYc7vxxFZMYLIHNsHHxPZ3Q\"]},{\"@type\":\"Person\",\"@id\":\"https:\/\/conexion23.com\/#\/schema\/person\/03e36043331117e97a373299bbcd30a6\",\"name\":\"Raffy Ben\u00edtez\",\"image\":{\"@type\":\"ImageObject\",\"inLanguage\":\"es\",\"@id\":\"https:\/\/conexion23.com\/#\/schema\/person\/image\/\",\"url\":\"https:\/\/secure.gravatar.com\/avatar\/3190a6a6c5e1b0327500f7d6c56b6242472ee6cb974cf09b401ee6b3b0798f23?s=96&d=mm&r=g\",\"contentUrl\":\"https:\/\/secure.gravatar.com\/avatar\/3190a6a6c5e1b0327500f7d6c56b6242472ee6cb974cf09b401ee6b3b0798f23?s=96&d=mm&r=g\",\"caption\":\"Raffy Ben\u00edtez\"},\"url\":\"https:\/\/conexion23.com\/?author=15\"}]}<\/script>\n<!-- \/ Yoast SEO plugin. -->","yoast_head_json":{"title":"Un veh\u00edculo se subi\u00f3 en el muro divisorio de la avenida Francisco A, Caama\u00f1o en SPM. - Conexi\u00f3n 23","robots":{"index":"index","follow":"follow","max-snippet":"max-snippet:-1","max-image-preview":"max-image-preview:large","max-video-preview":"max-video-preview:-1"},"canonical":"http:\/\/conexion23.com\/?p=22585","og_locale":"es_ES","og_type":"article","og_title":"Un veh\u00edculo se subi\u00f3 en el muro divisorio de la avenida Francisco A, Caama\u00f1o en SPM. - Conexi\u00f3n 23","og_description":"Un ins\u00f3lito accidente de tr\u00e1nsito se registr\u00f3 la noche de este viernes en la avenida Alberto Caama\u00f1o De\u00f1\u00f3, tambi\u00e9n conocida como la antigua circunvalaci\u00f3n de San Pedro de Macor\u00eds, frente al restaurante McDonald &#8216;s. Un veh\u00edculo marca Sonata N20 de color gris se sali\u00f3 de la v\u00eda y se encaram\u00f3 en el muro contexor que [&hellip;]","og_url":"http:\/\/conexion23.com\/?p=22585","og_site_name":"Conexi\u00f3n 23","article_publisher":"https:\/\/www.facebook.com\/conexion23com","article_published_time":"2023-11-11T12:20:00+00:00","article_modified_time":"2023-11-11T12:20:07+00:00","og_image":[{"width":259,"height":194,"url":"http:\/\/conexion23.com\/wp-content\/uploads\/2023\/11\/download-9.jpg","type":"image\/jpeg"}],"author":"Raffy Ben\u00edtez","twitter_card":"summary_large_image","twitter_misc":{"Escrito por":"Raffy Ben\u00edtez","Tiempo de lectura":"1 minuto"},"schema":{"@context":"https:\/\/schema.org","@graph":[{"@type":"Article","@id":"http:\/\/conexion23.com\/?p=22585#article","isPartOf":{"@id":"http:\/\/conexion23.com\/?p=22585"},"author":{"name":"Raffy Ben\u00edtez","@id":"https:\/\/conexion23.com\/#\/schema\/person\/03e36043331117e97a373299bbcd30a6"},"headline":"Un veh\u00edculo se subi\u00f3 en el muro divisorio de la avenida Francisco A, Caama\u00f1o en SPM.","datePublished":"2023-11-11T12:20:00+00:00","dateModified":"2023-11-11T12:20:07+00:00","mainEntityOfPage":{"@id":"http:\/\/conexion23.com\/?p=22585"},"wordCount":190,"commentCount":0,"publisher":{"@id":"https:\/\/conexion23.com\/#organization"},"image":{"@id":"http:\/\/conexion23.com\/?p=22585#primaryimage"},"thumbnailUrl":"https:\/\/conexion23.com\/wp-content\/uploads\/2023\/11\/download-9.jpg","articleSection":["SPM"],"inLanguage":"es","potentialAction":[{"@type":"CommentAction","name":"Comment","target":["http:\/\/conexion23.com\/?p=22585#respond"]}]},{"@type":"WebPage","@id":"http:\/\/conexion23.com\/?p=22585","url":"http:\/\/conexion23.com\/?p=22585","name":"Un veh\u00edculo se subi\u00f3 en el muro divisorio de la avenida Francisco A, Caama\u00f1o en SPM. - Conexi\u00f3n 23","isPartOf":{"@id":"https:\/\/conexion23.com\/#website"},"primaryImageOfPage":{"@id":"http:\/\/conexion23.com\/?p=22585#primaryimage"},"image":{"@id":"http:\/\/conexion23.com\/?p=22585#primaryimage"},"thumbnailUrl":"https:\/\/conexion23.com\/wp-content\/uploads\/2023\/11\/download-9.jpg","datePublished":"2023-11-11T12:20:00+00:00","dateModified":"2023-11-11T12:20:07+00:00","breadcrumb":{"@id":"http:\/\/conexion23.com\/?p=22585#breadcrumb"},"inLanguage":"es","potentialAction":[{"@type":"ReadAction","target":["http:\/\/conexion23.com\/?p=22585"]}]},{"@type":"ImageObject","inLanguage":"es","@id":"http:\/\/conexion23.com\/?p=22585#primaryimage","url":"https:\/\/conexion23.com\/wp-content\/uploads\/2023\/11\/download-9.jpg","contentUrl":"https:\/\/conexion23.com\/wp-content\/uploads\/2023\/11\/download-9.jpg","width":259,"height":194},{"@type":"BreadcrumbList","@id":"http:\/\/conexion23.com\/?p=22585#breadcrumb","itemListElement":[{"@type":"ListItem","position":1,"name":"Portada","item":"https:\/\/conexion23.com\/"},{"@type":"ListItem","position":2,"name":"Un veh\u00edculo se subi\u00f3 en el muro divisorio de la avenida Francisco A, Caama\u00f1o en SPM."}]},{"@type":"WebSite","@id":"https:\/\/conexion23.com\/#website","url":"https:\/\/conexion23.com\/","name":"Conexi\u00f3n 23","description":"Peri\u00f3dico 100% Petromacorisano","publisher":{"@id":"https:\/\/conexion23.com\/#organization"},"potentialAction":[{"@type":"SearchAction","target":{"@type":"EntryPoint","urlTemplate":"https:\/\/conexion23.com\/?s={search_term_string}"},"query-input":{"@type":"PropertyValueSpecification","valueRequired":true,"valueName":"search_term_string"}}],"inLanguage":"es"},{"@type":"Organization","@id":"https:\/\/conexion23.com\/#organization","name":"Conexion 23","url":"https:\/\/conexion23.com\/","logo":{"@type":"ImageObject","inLanguage":"es","@id":"https:\/\/conexion23.com\/#\/schema\/logo\/image\/","url":"https:\/\/conexion23.com\/wp-content\/uploads\/2021\/11\/Diseno-sin-titulo-2.png","contentUrl":"https:\/\/conexion23.com\/wp-content\/uploads\/2021\/11\/Diseno-sin-titulo-2.png","width":541,"height":90,"caption":"Conexion 23"},"image":{"@id":"https:\/\/conexion23.com\/#\/schema\/logo\/image\/"},"sameAs":["https:\/\/www.facebook.com\/conexion23com","https:\/\/www.instagram.com\/conexion23com\/","https:\/\/www.youtube.com\/channel\/UCYc7vxxFZMYLIHNsHHxPZ3Q"]},{"@type":"Person","@id":"https:\/\/conexion23.com\/#\/schema\/person\/03e36043331117e97a373299bbcd30a6","name":"Raffy Ben\u00edtez","image":{"@type":"ImageObject","inLanguage":"es","@id":"https:\/\/conexion23.com\/#\/schema\/person\/image\/","url":"https:\/\/secure.gravatar.com\/avatar\/3190a6a6c5e1b0327500f7d6c56b6242472ee6cb974cf09b401ee6b3b0798f23?s=96&d=mm&r=g","contentUrl":"https:\/\/secure.gravatar.com\/avatar\/3190a6a6c5e1b0327500f7d6c56b6242472ee6cb974cf09b401ee6b3b0798f23?s=96&d=mm&r=g","caption":"Raffy Ben\u00edtez"},"url":"https:\/\/conexion23.com\/?author=15"}]}},"_links":{"self":[{"href":"https:\/\/conexion23.com\/index.php?rest_route=\/wp\/v2\/posts\/22585","targetHints":{"allow":["GET"]}}],"collection":[{"href":"https:\/\/conexion23.com\/index.php?rest_route=\/wp\/v2\/posts"}],"about":[{"href":"https:\/\/conexion23.com\/index.php?rest_route=\/wp\/v2\/types\/post"}],"author":[{"embeddable":true,"href":"https:\/\/conexion23.com\/index.php?rest_route=\/wp\/v2\/users\/15"}],"replies":[{"embeddable":true,"href":"https:\/\/conexion23.com\/index.php?rest_route=%2Fwp%2Fv2%2Fcomments&post=22585"}],"version-history":[{"count":1,"href":"https:\/\/conexion23.com\/index.php?rest_route=\/wp\/v2\/posts\/22585\/revisions"}],"predecessor-version":[{"id":22587,"href":"https:\/\/conexion23.com\/index.php?rest_route=\/wp\/v2\/posts\/22585\/revisions\/22587"}],"wp:featuredmedia":[{"embeddable":true,"href":"https:\/\/conexion23.com\/index.php?rest_route=\/wp\/v2\/media\/22586"}],"wp:attachment":[{"href":"https:\/\/conexion23.com\/index.php?rest_route=%2Fwp%2Fv2%2Fmedia&parent=22585"}],"wp:term":[{"taxonomy":"category","embeddable":true,"href":"https:\/\/conexion23.com\/index.php?rest_route=%2Fwp%2Fv2%2Fcategories&post=22585"},{"taxonomy":"post_tag","embeddable":true,"href":"https:\/\/conexion23.com\/index.php?rest_route=%2Fwp%2Fv2%2Ftags&post=22585"}],"curies":[{"name":"wp","href":"https:\/\/api.w.org\/{rel}","templated":true}]}}