{"id":22597,"date":"2023-11-11T08:37:49","date_gmt":"2023-11-11T12:37:49","guid":{"rendered":"https:\/\/conexion23.com\/?p=22597"},"modified":"2023-11-11T08:37:52","modified_gmt":"2023-11-11T12:37:52","slug":"ahora-si-habra-alianza-para-lo-municipal-y-lo-senatorial-en-san-pedro-de-macoris","status":"publish","type":"post","link":"https:\/\/conexion23.com\/?p=22597","title":{"rendered":"Ahora si, habr\u00e1 alianza para lo municipal y lo senatorial en San Pedro de Macor\u00eds."},"content":{"rendered":"\n<p>El coordinador y vocero de la Mesa del Di\u00e1logo de la Alianza Opositora Rescate RD, el presidente del Partido Revolucionario Dominicano (PRD), ingeniero Miguel Vargas Maldonado, inform\u00f3 este viernes sobre los avances alcanzados hasta ahora por las organizaciones pol\u00edticas agrupadas en dicha coalici\u00f3n, en su proceso de di\u00e1logo y concertaci\u00f3n, de cara a las elecciones de febrero y mayo del 2024.<\/p>\n\n\n\n<p>En tal sentido, revel\u00f3 que la Alianza Opositora Rescate RD alcanza, hasta el momento, en el nivel municipal, acuerdos para aspirar a 145 alcald\u00edas y 215 direcciones de juntas de distritos municipales, en un total de 360 territorios municipales, cubriendo el 91% de la geograf\u00eda nacional, equivalente al 88% del electorado.<\/p>\n\n\n\n<p>Explic\u00f3 que esto incluye las grandes plazas comiciales, como: San Juan de la Maguana, San Francisco de Macor\u00eds, Hig\u00fcey, Moca, San Pedro de Macor\u00eds, Santo Domingo Oeste, Santo Domingo Norte, Santiago de los Caballeros, el Distrito Nacional, entre otras.<br>Detall\u00f3 tambi\u00e9n que, en el nivel senatorial, el PLD, PRD y la FP \u201chemos acordado, hasta el d\u00eda de hoy, concurrir aliados en las siguientes provincias: La Romana (PRD-PLD), Peravia (PRD-FP)\u201d.<\/p>\n\n\n\n<p>\u201cY, de manera tripartita (PLD, PRD Y FP), en El\u00edas Pi\u00f1a, Hato Mayor, Bahoruco, Valverde, El Seibo, Hermanas Mirabal, Santiago Rodr\u00edguez, Espaillat, Barahona, La Altagracia, San Pedro de Macor\u00eds, Puerto Plata, San Juan, Santo Domingo y el Distrito Nacional, para un total de 17 senadur\u00edas hasta hoy\u201d, a\u00f1adi\u00f3.<\/p>\n","protected":false},"excerpt":{"rendered":"<p>El coordinador y vocero de la Mesa del Di\u00e1logo de la Alianza Opositora Rescate RD, el presidente del Partido Revolucionario Dominicano (PRD), ingeniero Miguel Vargas Maldonado, inform\u00f3 este viernes sobre los avances alcanzados hasta ahora por las organizaciones pol\u00edticas agrupadas en dicha coalici\u00f3n, en su proceso de di\u00e1logo y concertaci\u00f3n, de cara a las elecciones [&hellip;]<\/p>\n","protected":false},"author":15,"featured_media":22598,"comment_status":"open","ping_status":"open","sticky":false,"template":"","format":"standard","meta":{"footnotes":""},"categories":[35],"tags":[],"class_list":{"0":"post-22597","1":"post","2":"type-post","3":"status-publish","4":"format-standard","5":"has-post-thumbnail","7":"category-spm"},"yoast_head":"<!-- This site is optimized with the Yoast SEO plugin v27.1.1 - https:\/\/yoast.com\/product\/yoast-seo-wordpress\/ -->\n<title>Ahora si, habr\u00e1 alianza para lo municipal y lo senatorial en San Pedro de Macor\u00eds. - Conexi\u00f3n 23<\/title>\n<meta name=\"robots\" content=\"index, follow, max-snippet:-1, max-image-preview:large, max-video-preview:-1\" \/>\n<link rel=\"canonical\" href=\"http:\/\/conexion23.com\/?p=22597\" \/>\n<meta property=\"og:locale\" content=\"es_ES\" \/>\n<meta property=\"og:type\" content=\"article\" \/>\n<meta property=\"og:title\" content=\"Ahora si, habr\u00e1 alianza para lo municipal y lo senatorial en San Pedro de Macor\u00eds. - Conexi\u00f3n 23\" \/>\n<meta property=\"og:description\" content=\"El coordinador y vocero de la Mesa del Di\u00e1logo de la Alianza Opositora Rescate RD, el presidente del Partido Revolucionario Dominicano (PRD), ingeniero Miguel Vargas Maldonado, inform\u00f3 este viernes sobre los avances alcanzados hasta ahora por las organizaciones pol\u00edticas agrupadas en dicha coalici\u00f3n, en su proceso de di\u00e1logo y concertaci\u00f3n, de cara a las elecciones [&hellip;]\" \/>\n<meta property=\"og:url\" content=\"http:\/\/conexion23.com\/?p=22597\" \/>\n<meta property=\"og:site_name\" content=\"Conexi\u00f3n 23\" \/>\n<meta property=\"article:publisher\" content=\"https:\/\/www.facebook.com\/conexion23com\" \/>\n<meta property=\"article:published_time\" content=\"2023-11-11T12:37:49+00:00\" \/>\n<meta property=\"article:modified_time\" content=\"2023-11-11T12:37:52+00:00\" \/>\n<meta property=\"og:image\" content=\"http:\/\/conexion23.com\/wp-content\/uploads\/2023\/11\/a8bf5f03-fe77-45c3-8f19-0010a6aa50c7.jpg\" \/>\n\t<meta property=\"og:image:width\" content=\"972\" \/>\n\t<meta property=\"og:image:height\" content=\"558\" \/>\n\t<meta property=\"og:image:type\" content=\"image\/jpeg\" \/>\n<meta name=\"author\" content=\"Raffy Ben\u00edtez\" \/>\n<meta name=\"twitter:card\" content=\"summary_large_image\" \/>\n<meta name=\"twitter:label1\" content=\"Escrito por\" \/>\n\t<meta name=\"twitter:data1\" content=\"Raffy Ben\u00edtez\" \/>\n\t<meta name=\"twitter:label2\" content=\"Tiempo de lectura\" \/>\n\t<meta name=\"twitter:data2\" content=\"2 minutos\" \/>\n<script type=\"application\/ld+json\" class=\"yoast-schema-graph\">{\"@context\":\"https:\/\/schema.org\",\"@graph\":[{\"@type\":\"Article\",\"@id\":\"http:\/\/conexion23.com\/?p=22597#article\",\"isPartOf\":{\"@id\":\"http:\/\/conexion23.com\/?p=22597\"},\"author\":{\"name\":\"Raffy Ben\u00edtez\",\"@id\":\"https:\/\/conexion23.com\/#\/schema\/person\/03e36043331117e97a373299bbcd30a6\"},\"headline\":\"Ahora si, habr\u00e1 alianza para lo municipal y lo senatorial en San Pedro de Macor\u00eds.\",\"datePublished\":\"2023-11-11T12:37:49+00:00\",\"dateModified\":\"2023-11-11T12:37:52+00:00\",\"mainEntityOfPage\":{\"@id\":\"http:\/\/conexion23.com\/?p=22597\"},\"wordCount\":257,\"commentCount\":0,\"publisher\":{\"@id\":\"https:\/\/conexion23.com\/#organization\"},\"image\":{\"@id\":\"http:\/\/conexion23.com\/?p=22597#primaryimage\"},\"thumbnailUrl\":\"https:\/\/conexion23.com\/wp-content\/uploads\/2023\/11\/a8bf5f03-fe77-45c3-8f19-0010a6aa50c7.jpg\",\"articleSection\":[\"SPM\"],\"inLanguage\":\"es\",\"potentialAction\":[{\"@type\":\"CommentAction\",\"name\":\"Comment\",\"target\":[\"http:\/\/conexion23.com\/?p=22597#respond\"]}]},{\"@type\":\"WebPage\",\"@id\":\"http:\/\/conexion23.com\/?p=22597\",\"url\":\"http:\/\/conexion23.com\/?p=22597\",\"name\":\"Ahora si, habr\u00e1 alianza para lo municipal y lo senatorial en San Pedro de Macor\u00eds. - Conexi\u00f3n 23\",\"isPartOf\":{\"@id\":\"https:\/\/conexion23.com\/#website\"},\"primaryImageOfPage\":{\"@id\":\"http:\/\/conexion23.com\/?p=22597#primaryimage\"},\"image\":{\"@id\":\"http:\/\/conexion23.com\/?p=22597#primaryimage\"},\"thumbnailUrl\":\"https:\/\/conexion23.com\/wp-content\/uploads\/2023\/11\/a8bf5f03-fe77-45c3-8f19-0010a6aa50c7.jpg\",\"datePublished\":\"2023-11-11T12:37:49+00:00\",\"dateModified\":\"2023-11-11T12:37:52+00:00\",\"breadcrumb\":{\"@id\":\"http:\/\/conexion23.com\/?p=22597#breadcrumb\"},\"inLanguage\":\"es\",\"potentialAction\":[{\"@type\":\"ReadAction\",\"target\":[\"http:\/\/conexion23.com\/?p=22597\"]}]},{\"@type\":\"ImageObject\",\"inLanguage\":\"es\",\"@id\":\"http:\/\/conexion23.com\/?p=22597#primaryimage\",\"url\":\"https:\/\/conexion23.com\/wp-content\/uploads\/2023\/11\/a8bf5f03-fe77-45c3-8f19-0010a6aa50c7.jpg\",\"contentUrl\":\"https:\/\/conexion23.com\/wp-content\/uploads\/2023\/11\/a8bf5f03-fe77-45c3-8f19-0010a6aa50c7.jpg\",\"width\":972,\"height\":558},{\"@type\":\"BreadcrumbList\",\"@id\":\"http:\/\/conexion23.com\/?p=22597#breadcrumb\",\"itemListElement\":[{\"@type\":\"ListItem\",\"position\":1,\"name\":\"Portada\",\"item\":\"https:\/\/conexion23.com\/\"},{\"@type\":\"ListItem\",\"position\":2,\"name\":\"Ahora si, habr\u00e1 alianza para lo municipal y lo senatorial en San Pedro de Macor\u00eds.\"}]},{\"@type\":\"WebSite\",\"@id\":\"https:\/\/conexion23.com\/#website\",\"url\":\"https:\/\/conexion23.com\/\",\"name\":\"Conexi\u00f3n 23\",\"description\":\"Peri\u00f3dico 100% Petromacorisano\",\"publisher\":{\"@id\":\"https:\/\/conexion23.com\/#organization\"},\"potentialAction\":[{\"@type\":\"SearchAction\",\"target\":{\"@type\":\"EntryPoint\",\"urlTemplate\":\"https:\/\/conexion23.com\/?s={search_term_string}\"},\"query-input\":{\"@type\":\"PropertyValueSpecification\",\"valueRequired\":true,\"valueName\":\"search_term_string\"}}],\"inLanguage\":\"es\"},{\"@type\":\"Organization\",\"@id\":\"https:\/\/conexion23.com\/#organization\",\"name\":\"Conexion 23\",\"url\":\"https:\/\/conexion23.com\/\",\"logo\":{\"@type\":\"ImageObject\",\"inLanguage\":\"es\",\"@id\":\"https:\/\/conexion23.com\/#\/schema\/logo\/image\/\",\"url\":\"https:\/\/conexion23.com\/wp-content\/uploads\/2021\/11\/Diseno-sin-titulo-2.png\",\"contentUrl\":\"https:\/\/conexion23.com\/wp-content\/uploads\/2021\/11\/Diseno-sin-titulo-2.png\",\"width\":541,\"height\":90,\"caption\":\"Conexion 23\"},\"image\":{\"@id\":\"https:\/\/conexion23.com\/#\/schema\/logo\/image\/\"},\"sameAs\":[\"https:\/\/www.facebook.com\/conexion23com\",\"https:\/\/www.instagram.com\/conexion23com\/\",\"https:\/\/www.youtube.com\/channel\/UCYc7vxxFZMYLIHNsHHxPZ3Q\"]},{\"@type\":\"Person\",\"@id\":\"https:\/\/conexion23.com\/#\/schema\/person\/03e36043331117e97a373299bbcd30a6\",\"name\":\"Raffy Ben\u00edtez\",\"image\":{\"@type\":\"ImageObject\",\"inLanguage\":\"es\",\"@id\":\"https:\/\/conexion23.com\/#\/schema\/person\/image\/\",\"url\":\"https:\/\/secure.gravatar.com\/avatar\/3190a6a6c5e1b0327500f7d6c56b6242472ee6cb974cf09b401ee6b3b0798f23?s=96&d=mm&r=g\",\"contentUrl\":\"https:\/\/secure.gravatar.com\/avatar\/3190a6a6c5e1b0327500f7d6c56b6242472ee6cb974cf09b401ee6b3b0798f23?s=96&d=mm&r=g\",\"caption\":\"Raffy Ben\u00edtez\"},\"url\":\"https:\/\/conexion23.com\/?author=15\"}]}<\/script>\n<!-- \/ Yoast SEO plugin. -->","yoast_head_json":{"title":"Ahora si, habr\u00e1 alianza para lo municipal y lo senatorial en San Pedro de Macor\u00eds. - Conexi\u00f3n 23","robots":{"index":"index","follow":"follow","max-snippet":"max-snippet:-1","max-image-preview":"max-image-preview:large","max-video-preview":"max-video-preview:-1"},"canonical":"http:\/\/conexion23.com\/?p=22597","og_locale":"es_ES","og_type":"article","og_title":"Ahora si, habr\u00e1 alianza para lo municipal y lo senatorial en San Pedro de Macor\u00eds. - Conexi\u00f3n 23","og_description":"El coordinador y vocero de la Mesa del Di\u00e1logo de la Alianza Opositora Rescate RD, el presidente del Partido Revolucionario Dominicano (PRD), ingeniero Miguel Vargas Maldonado, inform\u00f3 este viernes sobre los avances alcanzados hasta ahora por las organizaciones pol\u00edticas agrupadas en dicha coalici\u00f3n, en su proceso de di\u00e1logo y concertaci\u00f3n, de cara a las elecciones [&hellip;]","og_url":"http:\/\/conexion23.com\/?p=22597","og_site_name":"Conexi\u00f3n 23","article_publisher":"https:\/\/www.facebook.com\/conexion23com","article_published_time":"2023-11-11T12:37:49+00:00","article_modified_time":"2023-11-11T12:37:52+00:00","og_image":[{"width":972,"height":558,"url":"http:\/\/conexion23.com\/wp-content\/uploads\/2023\/11\/a8bf5f03-fe77-45c3-8f19-0010a6aa50c7.jpg","type":"image\/jpeg"}],"author":"Raffy Ben\u00edtez","twitter_card":"summary_large_image","twitter_misc":{"Escrito por":"Raffy Ben\u00edtez","Tiempo de lectura":"2 minutos"},"schema":{"@context":"https:\/\/schema.org","@graph":[{"@type":"Article","@id":"http:\/\/conexion23.com\/?p=22597#article","isPartOf":{"@id":"http:\/\/conexion23.com\/?p=22597"},"author":{"name":"Raffy Ben\u00edtez","@id":"https:\/\/conexion23.com\/#\/schema\/person\/03e36043331117e97a373299bbcd30a6"},"headline":"Ahora si, habr\u00e1 alianza para lo municipal y lo senatorial en San Pedro de Macor\u00eds.","datePublished":"2023-11-11T12:37:49+00:00","dateModified":"2023-11-11T12:37:52+00:00","mainEntityOfPage":{"@id":"http:\/\/conexion23.com\/?p=22597"},"wordCount":257,"commentCount":0,"publisher":{"@id":"https:\/\/conexion23.com\/#organization"},"image":{"@id":"http:\/\/conexion23.com\/?p=22597#primaryimage"},"thumbnailUrl":"https:\/\/conexion23.com\/wp-content\/uploads\/2023\/11\/a8bf5f03-fe77-45c3-8f19-0010a6aa50c7.jpg","articleSection":["SPM"],"inLanguage":"es","potentialAction":[{"@type":"CommentAction","name":"Comment","target":["http:\/\/conexion23.com\/?p=22597#respond"]}]},{"@type":"WebPage","@id":"http:\/\/conexion23.com\/?p=22597","url":"http:\/\/conexion23.com\/?p=22597","name":"Ahora si, habr\u00e1 alianza para lo municipal y lo senatorial en San Pedro de Macor\u00eds. - Conexi\u00f3n 23","isPartOf":{"@id":"https:\/\/conexion23.com\/#website"},"primaryImageOfPage":{"@id":"http:\/\/conexion23.com\/?p=22597#primaryimage"},"image":{"@id":"http:\/\/conexion23.com\/?p=22597#primaryimage"},"thumbnailUrl":"https:\/\/conexion23.com\/wp-content\/uploads\/2023\/11\/a8bf5f03-fe77-45c3-8f19-0010a6aa50c7.jpg","datePublished":"2023-11-11T12:37:49+00:00","dateModified":"2023-11-11T12:37:52+00:00","breadcrumb":{"@id":"http:\/\/conexion23.com\/?p=22597#breadcrumb"},"inLanguage":"es","potentialAction":[{"@type":"ReadAction","target":["http:\/\/conexion23.com\/?p=22597"]}]},{"@type":"ImageObject","inLanguage":"es","@id":"http:\/\/conexion23.com\/?p=22597#primaryimage","url":"https:\/\/conexion23.com\/wp-content\/uploads\/2023\/11\/a8bf5f03-fe77-45c3-8f19-0010a6aa50c7.jpg","contentUrl":"https:\/\/conexion23.com\/wp-content\/uploads\/2023\/11\/a8bf5f03-fe77-45c3-8f19-0010a6aa50c7.jpg","width":972,"height":558},{"@type":"BreadcrumbList","@id":"http:\/\/conexion23.com\/?p=22597#breadcrumb","itemListElement":[{"@type":"ListItem","position":1,"name":"Portada","item":"https:\/\/conexion23.com\/"},{"@type":"ListItem","position":2,"name":"Ahora si, habr\u00e1 alianza para lo municipal y lo senatorial en San Pedro de Macor\u00eds."}]},{"@type":"WebSite","@id":"https:\/\/conexion23.com\/#website","url":"https:\/\/conexion23.com\/","name":"Conexi\u00f3n 23","description":"Peri\u00f3dico 100% Petromacorisano","publisher":{"@id":"https:\/\/conexion23.com\/#organization"},"potentialAction":[{"@type":"SearchAction","target":{"@type":"EntryPoint","urlTemplate":"https:\/\/conexion23.com\/?s={search_term_string}"},"query-input":{"@type":"PropertyValueSpecification","valueRequired":true,"valueName":"search_term_string"}}],"inLanguage":"es"},{"@type":"Organization","@id":"https:\/\/conexion23.com\/#organization","name":"Conexion 23","url":"https:\/\/conexion23.com\/","logo":{"@type":"ImageObject","inLanguage":"es","@id":"https:\/\/conexion23.com\/#\/schema\/logo\/image\/","url":"https:\/\/conexion23.com\/wp-content\/uploads\/2021\/11\/Diseno-sin-titulo-2.png","contentUrl":"https:\/\/conexion23.com\/wp-content\/uploads\/2021\/11\/Diseno-sin-titulo-2.png","width":541,"height":90,"caption":"Conexion 23"},"image":{"@id":"https:\/\/conexion23.com\/#\/schema\/logo\/image\/"},"sameAs":["https:\/\/www.facebook.com\/conexion23com","https:\/\/www.instagram.com\/conexion23com\/","https:\/\/www.youtube.com\/channel\/UCYc7vxxFZMYLIHNsHHxPZ3Q"]},{"@type":"Person","@id":"https:\/\/conexion23.com\/#\/schema\/person\/03e36043331117e97a373299bbcd30a6","name":"Raffy Ben\u00edtez","image":{"@type":"ImageObject","inLanguage":"es","@id":"https:\/\/conexion23.com\/#\/schema\/person\/image\/","url":"https:\/\/secure.gravatar.com\/avatar\/3190a6a6c5e1b0327500f7d6c56b6242472ee6cb974cf09b401ee6b3b0798f23?s=96&d=mm&r=g","contentUrl":"https:\/\/secure.gravatar.com\/avatar\/3190a6a6c5e1b0327500f7d6c56b6242472ee6cb974cf09b401ee6b3b0798f23?s=96&d=mm&r=g","caption":"Raffy Ben\u00edtez"},"url":"https:\/\/conexion23.com\/?author=15"}]}},"_links":{"self":[{"href":"https:\/\/conexion23.com\/index.php?rest_route=\/wp\/v2\/posts\/22597","targetHints":{"allow":["GET"]}}],"collection":[{"href":"https:\/\/conexion23.com\/index.php?rest_route=\/wp\/v2\/posts"}],"about":[{"href":"https:\/\/conexion23.com\/index.php?rest_route=\/wp\/v2\/types\/post"}],"author":[{"embeddable":true,"href":"https:\/\/conexion23.com\/index.php?rest_route=\/wp\/v2\/users\/15"}],"replies":[{"embeddable":true,"href":"https:\/\/conexion23.com\/index.php?rest_route=%2Fwp%2Fv2%2Fcomments&post=22597"}],"version-history":[{"count":1,"href":"https:\/\/conexion23.com\/index.php?rest_route=\/wp\/v2\/posts\/22597\/revisions"}],"predecessor-version":[{"id":22599,"href":"https:\/\/conexion23.com\/index.php?rest_route=\/wp\/v2\/posts\/22597\/revisions\/22599"}],"wp:featuredmedia":[{"embeddable":true,"href":"https:\/\/conexion23.com\/index.php?rest_route=\/wp\/v2\/media\/22598"}],"wp:attachment":[{"href":"https:\/\/conexion23.com\/index.php?rest_route=%2Fwp%2Fv2%2Fmedia&parent=22597"}],"wp:term":[{"taxonomy":"category","embeddable":true,"href":"https:\/\/conexion23.com\/index.php?rest_route=%2Fwp%2Fv2%2Fcategories&post=22597"},{"taxonomy":"post_tag","embeddable":true,"href":"https:\/\/conexion23.com\/index.php?rest_route=%2Fwp%2Fv2%2Ftags&post=22597"}],"curies":[{"name":"wp","href":"https:\/\/api.w.org\/{rel}","templated":true}]}}