{"id":22703,"date":"2023-11-15T08:32:44","date_gmt":"2023-11-15T12:32:44","guid":{"rendered":"https:\/\/conexion23.com\/?p=22703"},"modified":"2023-11-15T08:35:10","modified_gmt":"2023-11-15T12:35:10","slug":"la-alianza-rescate-rd-sella-la-victoria-en-spm-de-candidatos-unificados","status":"publish","type":"post","link":"https:\/\/conexion23.com\/?p=22703","title":{"rendered":"ALIANZA OPOSITORA RESCATE RD SELLA LA VICTORIA EN SPM CON CANDIDATOS UNIFICADOS."},"content":{"rendered":"\n<p>La Direcci\u00f3n Pol\u00edtica, Provincial y Municipal del partido La Fuerza del Pueblo realiz\u00f3 en la ma\u00f1ana de este martes una importante Rueda de Prensa en las instalaciones de Remo Restaurant.<\/p>\n\n\n\n<p>En la misma se dio a conocer todo lo concerniente sobre la visita a San Pedro de Macor\u00eds del Presidente y m\u00e1ximo l\u00edder de La Fuerza del Pueblo Dr. Leonel Fernandez Reyna.<\/p>\n\n\n\n<p>Se dijo que el s\u00e1bado 18 a partir de las tres de la tarde se estar\u00e1 dando inicio a esa importante actividad en la Prolongaci\u00f3n Rolando Mart\u00edez, pr\u00f3ximo al parque de los mudos en donde vendr\u00e1 Leonel Fernandez a levantarle la mano al Senador que Sigue, Dr. Franklin Pe\u00f1a, a los Vocales, Directores, Regidores, Alcaldes y Diputados.<\/p>\n\n\n\n<p>En el nivel senatorial est\u00e1 el candidato de la victoria Dr. Franklin Pe\u00f1a, en lo congresual Alcibiades Tavarez, Loraine Crispin, Melvin Matos, Juancho Martinez de la (FP), y de la alianza con el Partido Juntos Podemos Modesto Sosa y Jobanny Navarro.<\/p>\n\n\n\n<p>En la misma se dio a conocer que la joven G\u00e9nesis Paulino ser\u00e1 la acompa\u00f1ante de Sergio Cede\u00f1o como vicealcaldesa.<\/p>\n\n\n\n<p>Estuvieron presentes Arturo Javalera, candidato a la Alcald\u00eda por el municipio Consuelo, Belkis Pe\u00f1a candidata a la Alcald\u00eda de Ramon Santana, y la candidata a la Alcald\u00eda por el municipio Guayacanes Roxanna Solano (La Do\u00f1a).<\/p>\n\n\n\n<p>Los regidores del municipio cabecera: Odalis Ramos, Milciades Ubiera, Gustavo Monta\u00f1o, Geanilda Mateo, Mabel Ortiz, S\u00f3crates Diaz, Santiago Mercedes, Juan Perdomo, Andy Ramirez, Andrea Lorenzo, Henrique Miliani, Jenfri Nu\u00f1ez, Santo Jimenez y Yaritza Berroa.<\/p>\n\n\n\n<p>De los municipios: Providencia Paredes, Harle Nu\u00f1ez, Luis Mesa, Francisco Denis, Luisa Ramirez, Juan Cabrera, Isabel Encarnacion, Junior, Richard Castillo y Walki Cuevas.<\/p>\n\n\n\n<p>Se resalta la presencia de los presidentes provincial y municipal, Mariano Morla y Raul Custodio, Angie Brooks titular de la Secretar\u00eda de la Mujer, Felipe el Jey Payano titular de la Secretar\u00eda de Deportes, Keyla Medina, Sandra Reyes, Dra. Vicenta Santana, Olando de Leon, Amauri Berra, Rosendo Encarnaci\u00f3n, Dr. Porfirio Pe\u00f1a, Melo, Carlos Lopez y Pablo Gil, entre otros.<\/p>\n\n\n\n<p>Finalmente los altos dirigentes de la Fuerza del Pueblo expresaron que con la Visita del L\u00edder Leonel Fernandez quedar\u00e1 definido el panorama pol\u00edtico en la Sultana del Este para el certamen 2024-2028.<\/p>\n","protected":false},"excerpt":{"rendered":"<p>La Direcci\u00f3n Pol\u00edtica, Provincial y Municipal del partido La Fuerza del Pueblo realiz\u00f3 en la ma\u00f1ana de este martes una importante Rueda de Prensa en las instalaciones de Remo Restaurant. En la misma se dio a conocer todo lo concerniente sobre la visita a San Pedro de Macor\u00eds del Presidente y m\u00e1ximo l\u00edder de La [&hellip;]<\/p>\n","protected":false},"author":15,"featured_media":22704,"comment_status":"open","ping_status":"open","sticky":false,"template":"","format":"standard","meta":{"footnotes":""},"categories":[35],"tags":[],"class_list":{"0":"post-22703","1":"post","2":"type-post","3":"status-publish","4":"format-standard","5":"has-post-thumbnail","7":"category-spm"},"yoast_head":"<!-- This site is optimized with the Yoast SEO plugin v27.1.1 - https:\/\/yoast.com\/product\/yoast-seo-wordpress\/ -->\n<title>ALIANZA OPOSITORA RESCATE RD SELLA LA VICTORIA EN SPM CON CANDIDATOS UNIFICADOS. - Conexi\u00f3n 23<\/title>\n<meta name=\"robots\" content=\"index, follow, max-snippet:-1, max-image-preview:large, max-video-preview:-1\" \/>\n<link rel=\"canonical\" href=\"https:\/\/conexion23.com\/?p=22703\" \/>\n<meta property=\"og:locale\" content=\"es_ES\" \/>\n<meta property=\"og:type\" content=\"article\" \/>\n<meta property=\"og:title\" content=\"ALIANZA OPOSITORA RESCATE RD SELLA LA VICTORIA EN SPM CON CANDIDATOS UNIFICADOS. - Conexi\u00f3n 23\" \/>\n<meta property=\"og:description\" content=\"La Direcci\u00f3n Pol\u00edtica, Provincial y Municipal del partido La Fuerza del Pueblo realiz\u00f3 en la ma\u00f1ana de este martes una importante Rueda de Prensa en las instalaciones de Remo Restaurant. En la misma se dio a conocer todo lo concerniente sobre la visita a San Pedro de Macor\u00eds del Presidente y m\u00e1ximo l\u00edder de La [&hellip;]\" \/>\n<meta property=\"og:url\" content=\"https:\/\/conexion23.com\/?p=22703\" \/>\n<meta property=\"og:site_name\" content=\"Conexi\u00f3n 23\" \/>\n<meta property=\"article:publisher\" content=\"https:\/\/www.facebook.com\/conexion23com\" \/>\n<meta property=\"article:published_time\" content=\"2023-11-15T12:32:44+00:00\" \/>\n<meta property=\"article:modified_time\" content=\"2023-11-15T12:35:10+00:00\" \/>\n<meta property=\"og:image\" content=\"https:\/\/conexion23.com\/wp-content\/uploads\/2023\/11\/0e905951-842b-414e-8d7f-1ab7346407a2.jpg\" \/>\n\t<meta property=\"og:image:width\" content=\"1280\" \/>\n\t<meta property=\"og:image:height\" content=\"860\" \/>\n\t<meta property=\"og:image:type\" content=\"image\/jpeg\" \/>\n<meta name=\"author\" content=\"Raffy Ben\u00edtez\" \/>\n<meta name=\"twitter:card\" content=\"summary_large_image\" \/>\n<meta name=\"twitter:label1\" content=\"Escrito por\" \/>\n\t<meta name=\"twitter:data1\" content=\"Raffy Ben\u00edtez\" \/>\n\t<meta name=\"twitter:label2\" content=\"Tiempo de lectura\" \/>\n\t<meta name=\"twitter:data2\" content=\"2 minutos\" \/>\n<script type=\"application\/ld+json\" class=\"yoast-schema-graph\">{\"@context\":\"https:\/\/schema.org\",\"@graph\":[{\"@type\":\"Article\",\"@id\":\"https:\/\/conexion23.com\/?p=22703#article\",\"isPartOf\":{\"@id\":\"https:\/\/conexion23.com\/?p=22703\"},\"author\":{\"name\":\"Raffy Ben\u00edtez\",\"@id\":\"https:\/\/conexion23.com\/#\/schema\/person\/03e36043331117e97a373299bbcd30a6\"},\"headline\":\"ALIANZA OPOSITORA RESCATE RD SELLA LA VICTORIA EN SPM CON CANDIDATOS UNIFICADOS.\",\"datePublished\":\"2023-11-15T12:32:44+00:00\",\"dateModified\":\"2023-11-15T12:35:10+00:00\",\"mainEntityOfPage\":{\"@id\":\"https:\/\/conexion23.com\/?p=22703\"},\"wordCount\":404,\"commentCount\":0,\"publisher\":{\"@id\":\"https:\/\/conexion23.com\/#organization\"},\"image\":{\"@id\":\"https:\/\/conexion23.com\/?p=22703#primaryimage\"},\"thumbnailUrl\":\"https:\/\/conexion23.com\/wp-content\/uploads\/2023\/11\/0e905951-842b-414e-8d7f-1ab7346407a2.jpg\",\"articleSection\":[\"SPM\"],\"inLanguage\":\"es\",\"potentialAction\":[{\"@type\":\"CommentAction\",\"name\":\"Comment\",\"target\":[\"https:\/\/conexion23.com\/?p=22703#respond\"]}]},{\"@type\":\"WebPage\",\"@id\":\"https:\/\/conexion23.com\/?p=22703\",\"url\":\"https:\/\/conexion23.com\/?p=22703\",\"name\":\"ALIANZA OPOSITORA RESCATE RD SELLA LA VICTORIA EN SPM CON CANDIDATOS UNIFICADOS. - Conexi\u00f3n 23\",\"isPartOf\":{\"@id\":\"https:\/\/conexion23.com\/#website\"},\"primaryImageOfPage\":{\"@id\":\"https:\/\/conexion23.com\/?p=22703#primaryimage\"},\"image\":{\"@id\":\"https:\/\/conexion23.com\/?p=22703#primaryimage\"},\"thumbnailUrl\":\"https:\/\/conexion23.com\/wp-content\/uploads\/2023\/11\/0e905951-842b-414e-8d7f-1ab7346407a2.jpg\",\"datePublished\":\"2023-11-15T12:32:44+00:00\",\"dateModified\":\"2023-11-15T12:35:10+00:00\",\"breadcrumb\":{\"@id\":\"https:\/\/conexion23.com\/?p=22703#breadcrumb\"},\"inLanguage\":\"es\",\"potentialAction\":[{\"@type\":\"ReadAction\",\"target\":[\"https:\/\/conexion23.com\/?p=22703\"]}]},{\"@type\":\"ImageObject\",\"inLanguage\":\"es\",\"@id\":\"https:\/\/conexion23.com\/?p=22703#primaryimage\",\"url\":\"https:\/\/conexion23.com\/wp-content\/uploads\/2023\/11\/0e905951-842b-414e-8d7f-1ab7346407a2.jpg\",\"contentUrl\":\"https:\/\/conexion23.com\/wp-content\/uploads\/2023\/11\/0e905951-842b-414e-8d7f-1ab7346407a2.jpg\",\"width\":1280,\"height\":860},{\"@type\":\"BreadcrumbList\",\"@id\":\"https:\/\/conexion23.com\/?p=22703#breadcrumb\",\"itemListElement\":[{\"@type\":\"ListItem\",\"position\":1,\"name\":\"Portada\",\"item\":\"https:\/\/conexion23.com\/\"},{\"@type\":\"ListItem\",\"position\":2,\"name\":\"ALIANZA OPOSITORA RESCATE RD SELLA LA VICTORIA EN SPM CON CANDIDATOS UNIFICADOS.\"}]},{\"@type\":\"WebSite\",\"@id\":\"https:\/\/conexion23.com\/#website\",\"url\":\"https:\/\/conexion23.com\/\",\"name\":\"Conexi\u00f3n 23\",\"description\":\"Peri\u00f3dico 100% Petromacorisano\",\"publisher\":{\"@id\":\"https:\/\/conexion23.com\/#organization\"},\"potentialAction\":[{\"@type\":\"SearchAction\",\"target\":{\"@type\":\"EntryPoint\",\"urlTemplate\":\"https:\/\/conexion23.com\/?s={search_term_string}\"},\"query-input\":{\"@type\":\"PropertyValueSpecification\",\"valueRequired\":true,\"valueName\":\"search_term_string\"}}],\"inLanguage\":\"es\"},{\"@type\":\"Organization\",\"@id\":\"https:\/\/conexion23.com\/#organization\",\"name\":\"Conexion 23\",\"url\":\"https:\/\/conexion23.com\/\",\"logo\":{\"@type\":\"ImageObject\",\"inLanguage\":\"es\",\"@id\":\"https:\/\/conexion23.com\/#\/schema\/logo\/image\/\",\"url\":\"https:\/\/conexion23.com\/wp-content\/uploads\/2021\/11\/Diseno-sin-titulo-2.png\",\"contentUrl\":\"https:\/\/conexion23.com\/wp-content\/uploads\/2021\/11\/Diseno-sin-titulo-2.png\",\"width\":541,\"height\":90,\"caption\":\"Conexion 23\"},\"image\":{\"@id\":\"https:\/\/conexion23.com\/#\/schema\/logo\/image\/\"},\"sameAs\":[\"https:\/\/www.facebook.com\/conexion23com\",\"https:\/\/www.instagram.com\/conexion23com\/\",\"https:\/\/www.youtube.com\/channel\/UCYc7vxxFZMYLIHNsHHxPZ3Q\"]},{\"@type\":\"Person\",\"@id\":\"https:\/\/conexion23.com\/#\/schema\/person\/03e36043331117e97a373299bbcd30a6\",\"name\":\"Raffy Ben\u00edtez\",\"image\":{\"@type\":\"ImageObject\",\"inLanguage\":\"es\",\"@id\":\"https:\/\/conexion23.com\/#\/schema\/person\/image\/\",\"url\":\"https:\/\/secure.gravatar.com\/avatar\/3190a6a6c5e1b0327500f7d6c56b6242472ee6cb974cf09b401ee6b3b0798f23?s=96&d=mm&r=g\",\"contentUrl\":\"https:\/\/secure.gravatar.com\/avatar\/3190a6a6c5e1b0327500f7d6c56b6242472ee6cb974cf09b401ee6b3b0798f23?s=96&d=mm&r=g\",\"caption\":\"Raffy Ben\u00edtez\"},\"url\":\"https:\/\/conexion23.com\/?author=15\"}]}<\/script>\n<!-- \/ Yoast SEO plugin. -->","yoast_head_json":{"title":"ALIANZA OPOSITORA RESCATE RD SELLA LA VICTORIA EN SPM CON CANDIDATOS UNIFICADOS. - Conexi\u00f3n 23","robots":{"index":"index","follow":"follow","max-snippet":"max-snippet:-1","max-image-preview":"max-image-preview:large","max-video-preview":"max-video-preview:-1"},"canonical":"https:\/\/conexion23.com\/?p=22703","og_locale":"es_ES","og_type":"article","og_title":"ALIANZA OPOSITORA RESCATE RD SELLA LA VICTORIA EN SPM CON CANDIDATOS UNIFICADOS. - Conexi\u00f3n 23","og_description":"La Direcci\u00f3n Pol\u00edtica, Provincial y Municipal del partido La Fuerza del Pueblo realiz\u00f3 en la ma\u00f1ana de este martes una importante Rueda de Prensa en las instalaciones de Remo Restaurant. En la misma se dio a conocer todo lo concerniente sobre la visita a San Pedro de Macor\u00eds del Presidente y m\u00e1ximo l\u00edder de La [&hellip;]","og_url":"https:\/\/conexion23.com\/?p=22703","og_site_name":"Conexi\u00f3n 23","article_publisher":"https:\/\/www.facebook.com\/conexion23com","article_published_time":"2023-11-15T12:32:44+00:00","article_modified_time":"2023-11-15T12:35:10+00:00","og_image":[{"width":1280,"height":860,"url":"https:\/\/conexion23.com\/wp-content\/uploads\/2023\/11\/0e905951-842b-414e-8d7f-1ab7346407a2.jpg","type":"image\/jpeg"}],"author":"Raffy Ben\u00edtez","twitter_card":"summary_large_image","twitter_misc":{"Escrito por":"Raffy Ben\u00edtez","Tiempo de lectura":"2 minutos"},"schema":{"@context":"https:\/\/schema.org","@graph":[{"@type":"Article","@id":"https:\/\/conexion23.com\/?p=22703#article","isPartOf":{"@id":"https:\/\/conexion23.com\/?p=22703"},"author":{"name":"Raffy Ben\u00edtez","@id":"https:\/\/conexion23.com\/#\/schema\/person\/03e36043331117e97a373299bbcd30a6"},"headline":"ALIANZA OPOSITORA RESCATE RD SELLA LA VICTORIA EN SPM CON CANDIDATOS UNIFICADOS.","datePublished":"2023-11-15T12:32:44+00:00","dateModified":"2023-11-15T12:35:10+00:00","mainEntityOfPage":{"@id":"https:\/\/conexion23.com\/?p=22703"},"wordCount":404,"commentCount":0,"publisher":{"@id":"https:\/\/conexion23.com\/#organization"},"image":{"@id":"https:\/\/conexion23.com\/?p=22703#primaryimage"},"thumbnailUrl":"https:\/\/conexion23.com\/wp-content\/uploads\/2023\/11\/0e905951-842b-414e-8d7f-1ab7346407a2.jpg","articleSection":["SPM"],"inLanguage":"es","potentialAction":[{"@type":"CommentAction","name":"Comment","target":["https:\/\/conexion23.com\/?p=22703#respond"]}]},{"@type":"WebPage","@id":"https:\/\/conexion23.com\/?p=22703","url":"https:\/\/conexion23.com\/?p=22703","name":"ALIANZA OPOSITORA RESCATE RD SELLA LA VICTORIA EN SPM CON CANDIDATOS UNIFICADOS. - Conexi\u00f3n 23","isPartOf":{"@id":"https:\/\/conexion23.com\/#website"},"primaryImageOfPage":{"@id":"https:\/\/conexion23.com\/?p=22703#primaryimage"},"image":{"@id":"https:\/\/conexion23.com\/?p=22703#primaryimage"},"thumbnailUrl":"https:\/\/conexion23.com\/wp-content\/uploads\/2023\/11\/0e905951-842b-414e-8d7f-1ab7346407a2.jpg","datePublished":"2023-11-15T12:32:44+00:00","dateModified":"2023-11-15T12:35:10+00:00","breadcrumb":{"@id":"https:\/\/conexion23.com\/?p=22703#breadcrumb"},"inLanguage":"es","potentialAction":[{"@type":"ReadAction","target":["https:\/\/conexion23.com\/?p=22703"]}]},{"@type":"ImageObject","inLanguage":"es","@id":"https:\/\/conexion23.com\/?p=22703#primaryimage","url":"https:\/\/conexion23.com\/wp-content\/uploads\/2023\/11\/0e905951-842b-414e-8d7f-1ab7346407a2.jpg","contentUrl":"https:\/\/conexion23.com\/wp-content\/uploads\/2023\/11\/0e905951-842b-414e-8d7f-1ab7346407a2.jpg","width":1280,"height":860},{"@type":"BreadcrumbList","@id":"https:\/\/conexion23.com\/?p=22703#breadcrumb","itemListElement":[{"@type":"ListItem","position":1,"name":"Portada","item":"https:\/\/conexion23.com\/"},{"@type":"ListItem","position":2,"name":"ALIANZA OPOSITORA RESCATE RD SELLA LA VICTORIA EN SPM CON CANDIDATOS UNIFICADOS."}]},{"@type":"WebSite","@id":"https:\/\/conexion23.com\/#website","url":"https:\/\/conexion23.com\/","name":"Conexi\u00f3n 23","description":"Peri\u00f3dico 100% Petromacorisano","publisher":{"@id":"https:\/\/conexion23.com\/#organization"},"potentialAction":[{"@type":"SearchAction","target":{"@type":"EntryPoint","urlTemplate":"https:\/\/conexion23.com\/?s={search_term_string}"},"query-input":{"@type":"PropertyValueSpecification","valueRequired":true,"valueName":"search_term_string"}}],"inLanguage":"es"},{"@type":"Organization","@id":"https:\/\/conexion23.com\/#organization","name":"Conexion 23","url":"https:\/\/conexion23.com\/","logo":{"@type":"ImageObject","inLanguage":"es","@id":"https:\/\/conexion23.com\/#\/schema\/logo\/image\/","url":"https:\/\/conexion23.com\/wp-content\/uploads\/2021\/11\/Diseno-sin-titulo-2.png","contentUrl":"https:\/\/conexion23.com\/wp-content\/uploads\/2021\/11\/Diseno-sin-titulo-2.png","width":541,"height":90,"caption":"Conexion 23"},"image":{"@id":"https:\/\/conexion23.com\/#\/schema\/logo\/image\/"},"sameAs":["https:\/\/www.facebook.com\/conexion23com","https:\/\/www.instagram.com\/conexion23com\/","https:\/\/www.youtube.com\/channel\/UCYc7vxxFZMYLIHNsHHxPZ3Q"]},{"@type":"Person","@id":"https:\/\/conexion23.com\/#\/schema\/person\/03e36043331117e97a373299bbcd30a6","name":"Raffy Ben\u00edtez","image":{"@type":"ImageObject","inLanguage":"es","@id":"https:\/\/conexion23.com\/#\/schema\/person\/image\/","url":"https:\/\/secure.gravatar.com\/avatar\/3190a6a6c5e1b0327500f7d6c56b6242472ee6cb974cf09b401ee6b3b0798f23?s=96&d=mm&r=g","contentUrl":"https:\/\/secure.gravatar.com\/avatar\/3190a6a6c5e1b0327500f7d6c56b6242472ee6cb974cf09b401ee6b3b0798f23?s=96&d=mm&r=g","caption":"Raffy Ben\u00edtez"},"url":"https:\/\/conexion23.com\/?author=15"}]}},"_links":{"self":[{"href":"https:\/\/conexion23.com\/index.php?rest_route=\/wp\/v2\/posts\/22703","targetHints":{"allow":["GET"]}}],"collection":[{"href":"https:\/\/conexion23.com\/index.php?rest_route=\/wp\/v2\/posts"}],"about":[{"href":"https:\/\/conexion23.com\/index.php?rest_route=\/wp\/v2\/types\/post"}],"author":[{"embeddable":true,"href":"https:\/\/conexion23.com\/index.php?rest_route=\/wp\/v2\/users\/15"}],"replies":[{"embeddable":true,"href":"https:\/\/conexion23.com\/index.php?rest_route=%2Fwp%2Fv2%2Fcomments&post=22703"}],"version-history":[{"count":2,"href":"https:\/\/conexion23.com\/index.php?rest_route=\/wp\/v2\/posts\/22703\/revisions"}],"predecessor-version":[{"id":22706,"href":"https:\/\/conexion23.com\/index.php?rest_route=\/wp\/v2\/posts\/22703\/revisions\/22706"}],"wp:featuredmedia":[{"embeddable":true,"href":"https:\/\/conexion23.com\/index.php?rest_route=\/wp\/v2\/media\/22704"}],"wp:attachment":[{"href":"https:\/\/conexion23.com\/index.php?rest_route=%2Fwp%2Fv2%2Fmedia&parent=22703"}],"wp:term":[{"taxonomy":"category","embeddable":true,"href":"https:\/\/conexion23.com\/index.php?rest_route=%2Fwp%2Fv2%2Fcategories&post=22703"},{"taxonomy":"post_tag","embeddable":true,"href":"https:\/\/conexion23.com\/index.php?rest_route=%2Fwp%2Fv2%2Ftags&post=22703"}],"curies":[{"name":"wp","href":"https:\/\/api.w.org\/{rel}","templated":true}]}}