{"id":22728,"date":"2023-11-16T08:39:22","date_gmt":"2023-11-16T12:39:22","guid":{"rendered":"https:\/\/conexion23.com\/?p=22728"},"modified":"2023-11-16T08:39:25","modified_gmt":"2023-11-16T12:39:25","slug":"leonel-llama-a-abinader-a-dejar-de-senalar-tanto-el-pasado-y-resolver-problemas-del-presente","status":"publish","type":"post","link":"https:\/\/conexion23.com\/?p=22728","title":{"rendered":"Leonel llama a Abinader a dejar de se\u00f1alar tanto el pasado y resolver problemas del presente."},"content":{"rendered":"\n<p>A trav\u00e9s de un video publicado en sus redes sociales, el expresidente dominicano, Leonel Fern\u00e1ndez, declar\u00f3, sin mencionarlo por su nombre, que el presidente Luis Abinader debe dejar de se\u00f1alar tanto el pasado y hacerse cargo de los problemas del presente.<\/p>\n\n\n\n<p>Fern\u00e1ndez, l\u00edder de la oposici\u00f3n pol\u00edtica de Rep\u00fablica Dominicana, sostuvo que \u201clos apagones (en su pa\u00eds) son cada vez peores. No cesan. Nos invaden en cualquier momento, a toda hora\u201d.<\/p>\n\n\n\n<p>\u201cEl gobierno debe dejar de se\u00f1alar tanto el pasado y hacerse cargo de los problemas del presente\u201d, dijo el l\u00edder pol\u00edtico, quien se encuentra en Europa, desarrollando una larga agenda, que incluye actividades pol\u00edticas, encuentros con acad\u00e9micos y con expresidentes.<\/p>\n\n\n\n<p>El tambi\u00e9n l\u00edder del partido Fuerza del Pueblo y candidato a la Presidencia por esa y otras organizaciones aliadas, dijo que el pueblo necesita que se resuelvan los apagones, el alto costo de la canasta b\u00e1sica y la inseguridad ciudadana.<\/p>\n\n\n\n<p>Para ello, Fern\u00e1ndez sostuvo que \u201cno es dinero lo que falta, es sensibilidad y liderazgo pol\u00edtico\u201d.<\/p>\n\n\n\n<p>Contra el actual presidente dominicano, Luis Abinader, llueven las cr\u00edticas de diversos sectores de la sociedad por su falta de gerencia, y de acuerdo con encuestas, m\u00e1s del 47% de los dominicanos asegura que no sabe gobernar, ya que en m\u00faltiples ocasiones ha tomado decisiones que posteriormente se ha visto obligado a retirar.<\/p>\n\n\n\n<p>Incluso, el presidente Abinader es responsabilizado, dentro y fuera de Rep\u00fablica Dominicana, de empeorar la crisis dominico-haitiana, al disponer el cierre violento de las fronteras con Hait\u00ed, advirtiendo en varias oportunidades que no ser\u00edan reabiertas hasta que los haitianos suspendieran la construcci\u00f3n de un canal en el r\u00edo Masacre.<\/p>\n\n\n\n<p>Empero, Abinader reabri\u00f3 las fronteras con Hait\u00ed y los haitianos contin\u00faan construyendo su canal.<\/p>\n\n\n\n<p>En su video, el l\u00edder pol\u00edtico le hizo saber al presidente Abinader que el pa\u00eds se construye con acciones concretas.<\/p>\n\n\n\n<p>\u201cNo tengan duda de que con nosotros en el gobierno habr\u00e1 directrices claras y el mejor equipo para que el pa\u00eds viva una nueva ola de progreso y de prosperidad\u201d, finaliza Fern\u00e1ndez expresando en su video, que se ha hecho viral en las redes.<\/p>\n","protected":false},"excerpt":{"rendered":"<p>A trav\u00e9s de un video publicado en sus redes sociales, el expresidente dominicano, Leonel Fern\u00e1ndez, declar\u00f3, sin mencionarlo por su nombre, que el presidente Luis Abinader debe dejar de se\u00f1alar tanto el pasado y hacerse cargo de los problemas del presente. Fern\u00e1ndez, l\u00edder de la oposici\u00f3n pol\u00edtica de Rep\u00fablica Dominicana, sostuvo que \u201clos apagones (en [&hellip;]<\/p>\n","protected":false},"author":15,"featured_media":22729,"comment_status":"open","ping_status":"open","sticky":false,"template":"","format":"standard","meta":{"footnotes":""},"categories":[1],"tags":[],"class_list":{"0":"post-22728","1":"post","2":"type-post","3":"status-publish","4":"format-standard","5":"has-post-thumbnail","7":"category-uncategorized"},"yoast_head":"<!-- This site is optimized with the Yoast SEO plugin v27.1.1 - https:\/\/yoast.com\/product\/yoast-seo-wordpress\/ -->\n<title>Leonel llama a Abinader a dejar de se\u00f1alar tanto el pasado y resolver problemas del presente. - Conexi\u00f3n 23<\/title>\n<meta name=\"robots\" content=\"index, follow, max-snippet:-1, max-image-preview:large, max-video-preview:-1\" \/>\n<link rel=\"canonical\" href=\"https:\/\/conexion23.com\/?p=22728\" \/>\n<meta property=\"og:locale\" content=\"es_ES\" \/>\n<meta property=\"og:type\" content=\"article\" \/>\n<meta property=\"og:title\" content=\"Leonel llama a Abinader a dejar de se\u00f1alar tanto el pasado y resolver problemas del presente. - Conexi\u00f3n 23\" \/>\n<meta property=\"og:description\" content=\"A trav\u00e9s de un video publicado en sus redes sociales, el expresidente dominicano, Leonel Fern\u00e1ndez, declar\u00f3, sin mencionarlo por su nombre, que el presidente Luis Abinader debe dejar de se\u00f1alar tanto el pasado y hacerse cargo de los problemas del presente. Fern\u00e1ndez, l\u00edder de la oposici\u00f3n pol\u00edtica de Rep\u00fablica Dominicana, sostuvo que \u201clos apagones (en [&hellip;]\" \/>\n<meta property=\"og:url\" content=\"https:\/\/conexion23.com\/?p=22728\" \/>\n<meta property=\"og:site_name\" content=\"Conexi\u00f3n 23\" \/>\n<meta property=\"article:publisher\" content=\"https:\/\/www.facebook.com\/conexion23com\" \/>\n<meta property=\"article:published_time\" content=\"2023-11-16T12:39:22+00:00\" \/>\n<meta property=\"article:modified_time\" content=\"2023-11-16T12:39:25+00:00\" \/>\n<meta property=\"og:image\" content=\"https:\/\/conexion23.com\/wp-content\/uploads\/2023\/11\/9d60fca2-ad64-4a1d-9ce5-0534240fac0f.jpg\" \/>\n\t<meta property=\"og:image:width\" content=\"1600\" \/>\n\t<meta property=\"og:image:height\" content=\"1062\" \/>\n\t<meta property=\"og:image:type\" content=\"image\/jpeg\" \/>\n<meta name=\"author\" content=\"Raffy Ben\u00edtez\" \/>\n<meta name=\"twitter:card\" content=\"summary_large_image\" \/>\n<meta name=\"twitter:label1\" content=\"Escrito por\" \/>\n\t<meta name=\"twitter:data1\" content=\"Raffy Ben\u00edtez\" \/>\n\t<meta name=\"twitter:label2\" content=\"Tiempo de lectura\" \/>\n\t<meta name=\"twitter:data2\" content=\"2 minutos\" \/>\n<script type=\"application\/ld+json\" class=\"yoast-schema-graph\">{\"@context\":\"https:\/\/schema.org\",\"@graph\":[{\"@type\":\"Article\",\"@id\":\"https:\/\/conexion23.com\/?p=22728#article\",\"isPartOf\":{\"@id\":\"https:\/\/conexion23.com\/?p=22728\"},\"author\":{\"name\":\"Raffy Ben\u00edtez\",\"@id\":\"https:\/\/conexion23.com\/#\/schema\/person\/03e36043331117e97a373299bbcd30a6\"},\"headline\":\"Leonel llama a Abinader a dejar de se\u00f1alar tanto el pasado y resolver problemas del presente.\",\"datePublished\":\"2023-11-16T12:39:22+00:00\",\"dateModified\":\"2023-11-16T12:39:25+00:00\",\"mainEntityOfPage\":{\"@id\":\"https:\/\/conexion23.com\/?p=22728\"},\"wordCount\":395,\"commentCount\":0,\"publisher\":{\"@id\":\"https:\/\/conexion23.com\/#organization\"},\"image\":{\"@id\":\"https:\/\/conexion23.com\/?p=22728#primaryimage\"},\"thumbnailUrl\":\"https:\/\/conexion23.com\/wp-content\/uploads\/2023\/11\/9d60fca2-ad64-4a1d-9ce5-0534240fac0f.jpg\",\"articleSection\":[\"Uncategorized\"],\"inLanguage\":\"es\",\"potentialAction\":[{\"@type\":\"CommentAction\",\"name\":\"Comment\",\"target\":[\"https:\/\/conexion23.com\/?p=22728#respond\"]}]},{\"@type\":\"WebPage\",\"@id\":\"https:\/\/conexion23.com\/?p=22728\",\"url\":\"https:\/\/conexion23.com\/?p=22728\",\"name\":\"Leonel llama a Abinader a dejar de se\u00f1alar tanto el pasado y resolver problemas del presente. - Conexi\u00f3n 23\",\"isPartOf\":{\"@id\":\"https:\/\/conexion23.com\/#website\"},\"primaryImageOfPage\":{\"@id\":\"https:\/\/conexion23.com\/?p=22728#primaryimage\"},\"image\":{\"@id\":\"https:\/\/conexion23.com\/?p=22728#primaryimage\"},\"thumbnailUrl\":\"https:\/\/conexion23.com\/wp-content\/uploads\/2023\/11\/9d60fca2-ad64-4a1d-9ce5-0534240fac0f.jpg\",\"datePublished\":\"2023-11-16T12:39:22+00:00\",\"dateModified\":\"2023-11-16T12:39:25+00:00\",\"breadcrumb\":{\"@id\":\"https:\/\/conexion23.com\/?p=22728#breadcrumb\"},\"inLanguage\":\"es\",\"potentialAction\":[{\"@type\":\"ReadAction\",\"target\":[\"https:\/\/conexion23.com\/?p=22728\"]}]},{\"@type\":\"ImageObject\",\"inLanguage\":\"es\",\"@id\":\"https:\/\/conexion23.com\/?p=22728#primaryimage\",\"url\":\"https:\/\/conexion23.com\/wp-content\/uploads\/2023\/11\/9d60fca2-ad64-4a1d-9ce5-0534240fac0f.jpg\",\"contentUrl\":\"https:\/\/conexion23.com\/wp-content\/uploads\/2023\/11\/9d60fca2-ad64-4a1d-9ce5-0534240fac0f.jpg\",\"width\":1600,\"height\":1062},{\"@type\":\"BreadcrumbList\",\"@id\":\"https:\/\/conexion23.com\/?p=22728#breadcrumb\",\"itemListElement\":[{\"@type\":\"ListItem\",\"position\":1,\"name\":\"Portada\",\"item\":\"https:\/\/conexion23.com\/\"},{\"@type\":\"ListItem\",\"position\":2,\"name\":\"Leonel llama a Abinader a dejar de se\u00f1alar tanto el pasado y resolver problemas del presente.\"}]},{\"@type\":\"WebSite\",\"@id\":\"https:\/\/conexion23.com\/#website\",\"url\":\"https:\/\/conexion23.com\/\",\"name\":\"Conexi\u00f3n 23\",\"description\":\"Peri\u00f3dico 100% Petromacorisano\",\"publisher\":{\"@id\":\"https:\/\/conexion23.com\/#organization\"},\"potentialAction\":[{\"@type\":\"SearchAction\",\"target\":{\"@type\":\"EntryPoint\",\"urlTemplate\":\"https:\/\/conexion23.com\/?s={search_term_string}\"},\"query-input\":{\"@type\":\"PropertyValueSpecification\",\"valueRequired\":true,\"valueName\":\"search_term_string\"}}],\"inLanguage\":\"es\"},{\"@type\":\"Organization\",\"@id\":\"https:\/\/conexion23.com\/#organization\",\"name\":\"Conexion 23\",\"url\":\"https:\/\/conexion23.com\/\",\"logo\":{\"@type\":\"ImageObject\",\"inLanguage\":\"es\",\"@id\":\"https:\/\/conexion23.com\/#\/schema\/logo\/image\/\",\"url\":\"https:\/\/conexion23.com\/wp-content\/uploads\/2021\/11\/Diseno-sin-titulo-2.png\",\"contentUrl\":\"https:\/\/conexion23.com\/wp-content\/uploads\/2021\/11\/Diseno-sin-titulo-2.png\",\"width\":541,\"height\":90,\"caption\":\"Conexion 23\"},\"image\":{\"@id\":\"https:\/\/conexion23.com\/#\/schema\/logo\/image\/\"},\"sameAs\":[\"https:\/\/www.facebook.com\/conexion23com\",\"https:\/\/www.instagram.com\/conexion23com\/\",\"https:\/\/www.youtube.com\/channel\/UCYc7vxxFZMYLIHNsHHxPZ3Q\"]},{\"@type\":\"Person\",\"@id\":\"https:\/\/conexion23.com\/#\/schema\/person\/03e36043331117e97a373299bbcd30a6\",\"name\":\"Raffy Ben\u00edtez\",\"image\":{\"@type\":\"ImageObject\",\"inLanguage\":\"es\",\"@id\":\"https:\/\/conexion23.com\/#\/schema\/person\/image\/\",\"url\":\"https:\/\/secure.gravatar.com\/avatar\/3190a6a6c5e1b0327500f7d6c56b6242472ee6cb974cf09b401ee6b3b0798f23?s=96&d=mm&r=g\",\"contentUrl\":\"https:\/\/secure.gravatar.com\/avatar\/3190a6a6c5e1b0327500f7d6c56b6242472ee6cb974cf09b401ee6b3b0798f23?s=96&d=mm&r=g\",\"caption\":\"Raffy Ben\u00edtez\"},\"url\":\"https:\/\/conexion23.com\/?author=15\"}]}<\/script>\n<!-- \/ Yoast SEO plugin. -->","yoast_head_json":{"title":"Leonel llama a Abinader a dejar de se\u00f1alar tanto el pasado y resolver problemas del presente. - Conexi\u00f3n 23","robots":{"index":"index","follow":"follow","max-snippet":"max-snippet:-1","max-image-preview":"max-image-preview:large","max-video-preview":"max-video-preview:-1"},"canonical":"https:\/\/conexion23.com\/?p=22728","og_locale":"es_ES","og_type":"article","og_title":"Leonel llama a Abinader a dejar de se\u00f1alar tanto el pasado y resolver problemas del presente. - Conexi\u00f3n 23","og_description":"A trav\u00e9s de un video publicado en sus redes sociales, el expresidente dominicano, Leonel Fern\u00e1ndez, declar\u00f3, sin mencionarlo por su nombre, que el presidente Luis Abinader debe dejar de se\u00f1alar tanto el pasado y hacerse cargo de los problemas del presente. Fern\u00e1ndez, l\u00edder de la oposici\u00f3n pol\u00edtica de Rep\u00fablica Dominicana, sostuvo que \u201clos apagones (en [&hellip;]","og_url":"https:\/\/conexion23.com\/?p=22728","og_site_name":"Conexi\u00f3n 23","article_publisher":"https:\/\/www.facebook.com\/conexion23com","article_published_time":"2023-11-16T12:39:22+00:00","article_modified_time":"2023-11-16T12:39:25+00:00","og_image":[{"width":1600,"height":1062,"url":"https:\/\/conexion23.com\/wp-content\/uploads\/2023\/11\/9d60fca2-ad64-4a1d-9ce5-0534240fac0f.jpg","type":"image\/jpeg"}],"author":"Raffy Ben\u00edtez","twitter_card":"summary_large_image","twitter_misc":{"Escrito por":"Raffy Ben\u00edtez","Tiempo de lectura":"2 minutos"},"schema":{"@context":"https:\/\/schema.org","@graph":[{"@type":"Article","@id":"https:\/\/conexion23.com\/?p=22728#article","isPartOf":{"@id":"https:\/\/conexion23.com\/?p=22728"},"author":{"name":"Raffy Ben\u00edtez","@id":"https:\/\/conexion23.com\/#\/schema\/person\/03e36043331117e97a373299bbcd30a6"},"headline":"Leonel llama a Abinader a dejar de se\u00f1alar tanto el pasado y resolver problemas del presente.","datePublished":"2023-11-16T12:39:22+00:00","dateModified":"2023-11-16T12:39:25+00:00","mainEntityOfPage":{"@id":"https:\/\/conexion23.com\/?p=22728"},"wordCount":395,"commentCount":0,"publisher":{"@id":"https:\/\/conexion23.com\/#organization"},"image":{"@id":"https:\/\/conexion23.com\/?p=22728#primaryimage"},"thumbnailUrl":"https:\/\/conexion23.com\/wp-content\/uploads\/2023\/11\/9d60fca2-ad64-4a1d-9ce5-0534240fac0f.jpg","articleSection":["Uncategorized"],"inLanguage":"es","potentialAction":[{"@type":"CommentAction","name":"Comment","target":["https:\/\/conexion23.com\/?p=22728#respond"]}]},{"@type":"WebPage","@id":"https:\/\/conexion23.com\/?p=22728","url":"https:\/\/conexion23.com\/?p=22728","name":"Leonel llama a Abinader a dejar de se\u00f1alar tanto el pasado y resolver problemas del presente. - Conexi\u00f3n 23","isPartOf":{"@id":"https:\/\/conexion23.com\/#website"},"primaryImageOfPage":{"@id":"https:\/\/conexion23.com\/?p=22728#primaryimage"},"image":{"@id":"https:\/\/conexion23.com\/?p=22728#primaryimage"},"thumbnailUrl":"https:\/\/conexion23.com\/wp-content\/uploads\/2023\/11\/9d60fca2-ad64-4a1d-9ce5-0534240fac0f.jpg","datePublished":"2023-11-16T12:39:22+00:00","dateModified":"2023-11-16T12:39:25+00:00","breadcrumb":{"@id":"https:\/\/conexion23.com\/?p=22728#breadcrumb"},"inLanguage":"es","potentialAction":[{"@type":"ReadAction","target":["https:\/\/conexion23.com\/?p=22728"]}]},{"@type":"ImageObject","inLanguage":"es","@id":"https:\/\/conexion23.com\/?p=22728#primaryimage","url":"https:\/\/conexion23.com\/wp-content\/uploads\/2023\/11\/9d60fca2-ad64-4a1d-9ce5-0534240fac0f.jpg","contentUrl":"https:\/\/conexion23.com\/wp-content\/uploads\/2023\/11\/9d60fca2-ad64-4a1d-9ce5-0534240fac0f.jpg","width":1600,"height":1062},{"@type":"BreadcrumbList","@id":"https:\/\/conexion23.com\/?p=22728#breadcrumb","itemListElement":[{"@type":"ListItem","position":1,"name":"Portada","item":"https:\/\/conexion23.com\/"},{"@type":"ListItem","position":2,"name":"Leonel llama a Abinader a dejar de se\u00f1alar tanto el pasado y resolver problemas del presente."}]},{"@type":"WebSite","@id":"https:\/\/conexion23.com\/#website","url":"https:\/\/conexion23.com\/","name":"Conexi\u00f3n 23","description":"Peri\u00f3dico 100% Petromacorisano","publisher":{"@id":"https:\/\/conexion23.com\/#organization"},"potentialAction":[{"@type":"SearchAction","target":{"@type":"EntryPoint","urlTemplate":"https:\/\/conexion23.com\/?s={search_term_string}"},"query-input":{"@type":"PropertyValueSpecification","valueRequired":true,"valueName":"search_term_string"}}],"inLanguage":"es"},{"@type":"Organization","@id":"https:\/\/conexion23.com\/#organization","name":"Conexion 23","url":"https:\/\/conexion23.com\/","logo":{"@type":"ImageObject","inLanguage":"es","@id":"https:\/\/conexion23.com\/#\/schema\/logo\/image\/","url":"https:\/\/conexion23.com\/wp-content\/uploads\/2021\/11\/Diseno-sin-titulo-2.png","contentUrl":"https:\/\/conexion23.com\/wp-content\/uploads\/2021\/11\/Diseno-sin-titulo-2.png","width":541,"height":90,"caption":"Conexion 23"},"image":{"@id":"https:\/\/conexion23.com\/#\/schema\/logo\/image\/"},"sameAs":["https:\/\/www.facebook.com\/conexion23com","https:\/\/www.instagram.com\/conexion23com\/","https:\/\/www.youtube.com\/channel\/UCYc7vxxFZMYLIHNsHHxPZ3Q"]},{"@type":"Person","@id":"https:\/\/conexion23.com\/#\/schema\/person\/03e36043331117e97a373299bbcd30a6","name":"Raffy Ben\u00edtez","image":{"@type":"ImageObject","inLanguage":"es","@id":"https:\/\/conexion23.com\/#\/schema\/person\/image\/","url":"https:\/\/secure.gravatar.com\/avatar\/3190a6a6c5e1b0327500f7d6c56b6242472ee6cb974cf09b401ee6b3b0798f23?s=96&d=mm&r=g","contentUrl":"https:\/\/secure.gravatar.com\/avatar\/3190a6a6c5e1b0327500f7d6c56b6242472ee6cb974cf09b401ee6b3b0798f23?s=96&d=mm&r=g","caption":"Raffy Ben\u00edtez"},"url":"https:\/\/conexion23.com\/?author=15"}]}},"_links":{"self":[{"href":"https:\/\/conexion23.com\/index.php?rest_route=\/wp\/v2\/posts\/22728","targetHints":{"allow":["GET"]}}],"collection":[{"href":"https:\/\/conexion23.com\/index.php?rest_route=\/wp\/v2\/posts"}],"about":[{"href":"https:\/\/conexion23.com\/index.php?rest_route=\/wp\/v2\/types\/post"}],"author":[{"embeddable":true,"href":"https:\/\/conexion23.com\/index.php?rest_route=\/wp\/v2\/users\/15"}],"replies":[{"embeddable":true,"href":"https:\/\/conexion23.com\/index.php?rest_route=%2Fwp%2Fv2%2Fcomments&post=22728"}],"version-history":[{"count":1,"href":"https:\/\/conexion23.com\/index.php?rest_route=\/wp\/v2\/posts\/22728\/revisions"}],"predecessor-version":[{"id":22730,"href":"https:\/\/conexion23.com\/index.php?rest_route=\/wp\/v2\/posts\/22728\/revisions\/22730"}],"wp:featuredmedia":[{"embeddable":true,"href":"https:\/\/conexion23.com\/index.php?rest_route=\/wp\/v2\/media\/22729"}],"wp:attachment":[{"href":"https:\/\/conexion23.com\/index.php?rest_route=%2Fwp%2Fv2%2Fmedia&parent=22728"}],"wp:term":[{"taxonomy":"category","embeddable":true,"href":"https:\/\/conexion23.com\/index.php?rest_route=%2Fwp%2Fv2%2Fcategories&post=22728"},{"taxonomy":"post_tag","embeddable":true,"href":"https:\/\/conexion23.com\/index.php?rest_route=%2Fwp%2Fv2%2Ftags&post=22728"}],"curies":[{"name":"wp","href":"https:\/\/api.w.org\/{rel}","templated":true}]}}