{"id":22731,"date":"2023-11-16T08:43:40","date_gmt":"2023-11-16T12:43:40","guid":{"rendered":"https:\/\/conexion23.com\/?p=22731"},"modified":"2023-11-16T08:43:43","modified_gmt":"2023-11-16T12:43:43","slug":"abinader-vendra-este-domingo-a-dar-el-primer-picaso-para-el-acondicionamiento-del-muelle-de-spm-por-solicitud-del-senador-franklin-pena","status":"publish","type":"post","link":"https:\/\/conexion23.com\/?p=22731","title":{"rendered":"ABINADER VENDR\u00c1 ESTE DOMINGO A DAR EL PRIMER PICASO PARA EL ACONDICIONAMIENTO DEL MUELLE DE SPM, POR SOLICITUD DEL SENADOR FRANKLIN PE\u00d1A."},"content":{"rendered":"\n<p>El presidente de la rep\u00fablica Luis Abinader estar\u00e1 este domingo 19 en La Sultana del Este para dar el primer picazo del acondicionamiento del Muelle de San Pedro de Macor\u00eds por solicitud del senador Franklin Pe\u00f1a.<\/p>\n\n\n\n<p>Esta resoluci\u00f3n fue tomada en consideraci\u00f3n, en fecha 23 de septiembre del 2020, en el Senado de la Rep\u00fablica, presentada por el senador Franklin Ysaias Pe\u00f1a Villalona.<\/p>\n\n\n\n<p>En la misma Franklin Pe\u00f1a le ped\u00eda al presidente de la Rep\u00fablica, ordenar la realizaci\u00f3n de los estudios correspondientes a los fines de remodelar el muelle del puerto de San Pedro de Macor\u00eds, obra de vital importancia para el desarrollo de la provincia y de la Regi\u00f3n Este, que propiciar\u00e1 el desarrollo de la econom\u00eda y la empleoman\u00eda.<\/p>\n\n\n\n<p>Franklin Pe\u00f1a explica que el muelle de San Pedro de Macor\u00eds es una infraestructura cuya construcci\u00f3n data de m\u00e1s de cien a\u00f1os, en constante operaci\u00f3n y vigencia, el cual, por su falta de atenci\u00f3n y mantenimiento, se encuentra en un acelerado y avanzado proceso de deterioro.<\/p>\n","protected":false},"excerpt":{"rendered":"<p>El presidente de la rep\u00fablica Luis Abinader estar\u00e1 este domingo 19 en La Sultana del Este para dar el primer picazo del acondicionamiento del Muelle de San Pedro de Macor\u00eds por solicitud del senador Franklin Pe\u00f1a. Esta resoluci\u00f3n fue tomada en consideraci\u00f3n, en fecha 23 de septiembre del 2020, en el Senado de la Rep\u00fablica, [&hellip;]<\/p>\n","protected":false},"author":15,"featured_media":22732,"comment_status":"open","ping_status":"open","sticky":false,"template":"","format":"standard","meta":{"footnotes":""},"categories":[35],"tags":[],"class_list":{"0":"post-22731","1":"post","2":"type-post","3":"status-publish","4":"format-standard","5":"has-post-thumbnail","7":"category-spm"},"yoast_head":"<!-- This site is optimized with the Yoast SEO plugin v27.1.1 - https:\/\/yoast.com\/product\/yoast-seo-wordpress\/ -->\n<title>ABINADER VENDR\u00c1 ESTE DOMINGO A DAR EL PRIMER PICASO PARA EL ACONDICIONAMIENTO DEL MUELLE DE SPM, POR SOLICITUD DEL SENADOR FRANKLIN PE\u00d1A. - Conexi\u00f3n 23<\/title>\n<meta name=\"robots\" content=\"index, follow, max-snippet:-1, max-image-preview:large, max-video-preview:-1\" \/>\n<link rel=\"canonical\" href=\"https:\/\/conexion23.com\/?p=22731\" \/>\n<meta property=\"og:locale\" content=\"es_ES\" \/>\n<meta property=\"og:type\" content=\"article\" \/>\n<meta property=\"og:title\" content=\"ABINADER VENDR\u00c1 ESTE DOMINGO A DAR EL PRIMER PICASO PARA EL ACONDICIONAMIENTO DEL MUELLE DE SPM, POR SOLICITUD DEL SENADOR FRANKLIN PE\u00d1A. - Conexi\u00f3n 23\" \/>\n<meta property=\"og:description\" content=\"El presidente de la rep\u00fablica Luis Abinader estar\u00e1 este domingo 19 en La Sultana del Este para dar el primer picazo del acondicionamiento del Muelle de San Pedro de Macor\u00eds por solicitud del senador Franklin Pe\u00f1a. Esta resoluci\u00f3n fue tomada en consideraci\u00f3n, en fecha 23 de septiembre del 2020, en el Senado de la Rep\u00fablica, [&hellip;]\" \/>\n<meta property=\"og:url\" content=\"https:\/\/conexion23.com\/?p=22731\" \/>\n<meta property=\"og:site_name\" content=\"Conexi\u00f3n 23\" \/>\n<meta property=\"article:publisher\" content=\"https:\/\/www.facebook.com\/conexion23com\" \/>\n<meta property=\"article:published_time\" content=\"2023-11-16T12:43:40+00:00\" \/>\n<meta property=\"article:modified_time\" content=\"2023-11-16T12:43:43+00:00\" \/>\n<meta property=\"og:image\" content=\"https:\/\/conexion23.com\/wp-content\/uploads\/2023\/11\/c3025bc7-b9d6-4d4c-891b-f6aad4bb71ea.jpg\" \/>\n\t<meta property=\"og:image:width\" content=\"1080\" \/>\n\t<meta property=\"og:image:height\" content=\"1080\" \/>\n\t<meta property=\"og:image:type\" content=\"image\/jpeg\" \/>\n<meta name=\"author\" content=\"Raffy Ben\u00edtez\" \/>\n<meta name=\"twitter:card\" content=\"summary_large_image\" \/>\n<meta name=\"twitter:label1\" content=\"Escrito por\" \/>\n\t<meta name=\"twitter:data1\" content=\"Raffy Ben\u00edtez\" \/>\n\t<meta name=\"twitter:label2\" content=\"Tiempo de lectura\" \/>\n\t<meta name=\"twitter:data2\" content=\"1 minuto\" \/>\n<script type=\"application\/ld+json\" class=\"yoast-schema-graph\">{\"@context\":\"https:\/\/schema.org\",\"@graph\":[{\"@type\":\"Article\",\"@id\":\"https:\/\/conexion23.com\/?p=22731#article\",\"isPartOf\":{\"@id\":\"https:\/\/conexion23.com\/?p=22731\"},\"author\":{\"name\":\"Raffy Ben\u00edtez\",\"@id\":\"https:\/\/conexion23.com\/#\/schema\/person\/03e36043331117e97a373299bbcd30a6\"},\"headline\":\"ABINADER VENDR\u00c1 ESTE DOMINGO A DAR EL PRIMER PICASO PARA EL ACONDICIONAMIENTO DEL MUELLE DE SPM, POR SOLICITUD DEL SENADOR FRANKLIN PE\u00d1A.\",\"datePublished\":\"2023-11-16T12:43:40+00:00\",\"dateModified\":\"2023-11-16T12:43:43+00:00\",\"mainEntityOfPage\":{\"@id\":\"https:\/\/conexion23.com\/?p=22731\"},\"wordCount\":209,\"commentCount\":0,\"publisher\":{\"@id\":\"https:\/\/conexion23.com\/#organization\"},\"image\":{\"@id\":\"https:\/\/conexion23.com\/?p=22731#primaryimage\"},\"thumbnailUrl\":\"https:\/\/conexion23.com\/wp-content\/uploads\/2023\/11\/c3025bc7-b9d6-4d4c-891b-f6aad4bb71ea.jpg\",\"articleSection\":[\"SPM\"],\"inLanguage\":\"es\",\"potentialAction\":[{\"@type\":\"CommentAction\",\"name\":\"Comment\",\"target\":[\"https:\/\/conexion23.com\/?p=22731#respond\"]}]},{\"@type\":\"WebPage\",\"@id\":\"https:\/\/conexion23.com\/?p=22731\",\"url\":\"https:\/\/conexion23.com\/?p=22731\",\"name\":\"ABINADER VENDR\u00c1 ESTE DOMINGO A DAR EL PRIMER PICASO PARA EL ACONDICIONAMIENTO DEL MUELLE DE SPM, POR SOLICITUD DEL SENADOR FRANKLIN PE\u00d1A. - Conexi\u00f3n 23\",\"isPartOf\":{\"@id\":\"https:\/\/conexion23.com\/#website\"},\"primaryImageOfPage\":{\"@id\":\"https:\/\/conexion23.com\/?p=22731#primaryimage\"},\"image\":{\"@id\":\"https:\/\/conexion23.com\/?p=22731#primaryimage\"},\"thumbnailUrl\":\"https:\/\/conexion23.com\/wp-content\/uploads\/2023\/11\/c3025bc7-b9d6-4d4c-891b-f6aad4bb71ea.jpg\",\"datePublished\":\"2023-11-16T12:43:40+00:00\",\"dateModified\":\"2023-11-16T12:43:43+00:00\",\"breadcrumb\":{\"@id\":\"https:\/\/conexion23.com\/?p=22731#breadcrumb\"},\"inLanguage\":\"es\",\"potentialAction\":[{\"@type\":\"ReadAction\",\"target\":[\"https:\/\/conexion23.com\/?p=22731\"]}]},{\"@type\":\"ImageObject\",\"inLanguage\":\"es\",\"@id\":\"https:\/\/conexion23.com\/?p=22731#primaryimage\",\"url\":\"https:\/\/conexion23.com\/wp-content\/uploads\/2023\/11\/c3025bc7-b9d6-4d4c-891b-f6aad4bb71ea.jpg\",\"contentUrl\":\"https:\/\/conexion23.com\/wp-content\/uploads\/2023\/11\/c3025bc7-b9d6-4d4c-891b-f6aad4bb71ea.jpg\",\"width\":1080,\"height\":1080},{\"@type\":\"BreadcrumbList\",\"@id\":\"https:\/\/conexion23.com\/?p=22731#breadcrumb\",\"itemListElement\":[{\"@type\":\"ListItem\",\"position\":1,\"name\":\"Portada\",\"item\":\"https:\/\/conexion23.com\/\"},{\"@type\":\"ListItem\",\"position\":2,\"name\":\"ABINADER VENDR\u00c1 ESTE DOMINGO A DAR EL PRIMER PICASO PARA EL ACONDICIONAMIENTO DEL MUELLE DE SPM, POR SOLICITUD DEL SENADOR FRANKLIN PE\u00d1A.\"}]},{\"@type\":\"WebSite\",\"@id\":\"https:\/\/conexion23.com\/#website\",\"url\":\"https:\/\/conexion23.com\/\",\"name\":\"Conexi\u00f3n 23\",\"description\":\"Peri\u00f3dico 100% Petromacorisano\",\"publisher\":{\"@id\":\"https:\/\/conexion23.com\/#organization\"},\"potentialAction\":[{\"@type\":\"SearchAction\",\"target\":{\"@type\":\"EntryPoint\",\"urlTemplate\":\"https:\/\/conexion23.com\/?s={search_term_string}\"},\"query-input\":{\"@type\":\"PropertyValueSpecification\",\"valueRequired\":true,\"valueName\":\"search_term_string\"}}],\"inLanguage\":\"es\"},{\"@type\":\"Organization\",\"@id\":\"https:\/\/conexion23.com\/#organization\",\"name\":\"Conexion 23\",\"url\":\"https:\/\/conexion23.com\/\",\"logo\":{\"@type\":\"ImageObject\",\"inLanguage\":\"es\",\"@id\":\"https:\/\/conexion23.com\/#\/schema\/logo\/image\/\",\"url\":\"https:\/\/conexion23.com\/wp-content\/uploads\/2021\/11\/Diseno-sin-titulo-2.png\",\"contentUrl\":\"https:\/\/conexion23.com\/wp-content\/uploads\/2021\/11\/Diseno-sin-titulo-2.png\",\"width\":541,\"height\":90,\"caption\":\"Conexion 23\"},\"image\":{\"@id\":\"https:\/\/conexion23.com\/#\/schema\/logo\/image\/\"},\"sameAs\":[\"https:\/\/www.facebook.com\/conexion23com\",\"https:\/\/www.instagram.com\/conexion23com\/\",\"https:\/\/www.youtube.com\/channel\/UCYc7vxxFZMYLIHNsHHxPZ3Q\"]},{\"@type\":\"Person\",\"@id\":\"https:\/\/conexion23.com\/#\/schema\/person\/03e36043331117e97a373299bbcd30a6\",\"name\":\"Raffy Ben\u00edtez\",\"image\":{\"@type\":\"ImageObject\",\"inLanguage\":\"es\",\"@id\":\"https:\/\/conexion23.com\/#\/schema\/person\/image\/\",\"url\":\"https:\/\/secure.gravatar.com\/avatar\/3190a6a6c5e1b0327500f7d6c56b6242472ee6cb974cf09b401ee6b3b0798f23?s=96&d=mm&r=g\",\"contentUrl\":\"https:\/\/secure.gravatar.com\/avatar\/3190a6a6c5e1b0327500f7d6c56b6242472ee6cb974cf09b401ee6b3b0798f23?s=96&d=mm&r=g\",\"caption\":\"Raffy Ben\u00edtez\"},\"url\":\"https:\/\/conexion23.com\/?author=15\"}]}<\/script>\n<!-- \/ Yoast SEO plugin. -->","yoast_head_json":{"title":"ABINADER VENDR\u00c1 ESTE DOMINGO A DAR EL PRIMER PICASO PARA EL ACONDICIONAMIENTO DEL MUELLE DE SPM, POR SOLICITUD DEL SENADOR FRANKLIN PE\u00d1A. - Conexi\u00f3n 23","robots":{"index":"index","follow":"follow","max-snippet":"max-snippet:-1","max-image-preview":"max-image-preview:large","max-video-preview":"max-video-preview:-1"},"canonical":"https:\/\/conexion23.com\/?p=22731","og_locale":"es_ES","og_type":"article","og_title":"ABINADER VENDR\u00c1 ESTE DOMINGO A DAR EL PRIMER PICASO PARA EL ACONDICIONAMIENTO DEL MUELLE DE SPM, POR SOLICITUD DEL SENADOR FRANKLIN PE\u00d1A. - Conexi\u00f3n 23","og_description":"El presidente de la rep\u00fablica Luis Abinader estar\u00e1 este domingo 19 en La Sultana del Este para dar el primer picazo del acondicionamiento del Muelle de San Pedro de Macor\u00eds por solicitud del senador Franklin Pe\u00f1a. Esta resoluci\u00f3n fue tomada en consideraci\u00f3n, en fecha 23 de septiembre del 2020, en el Senado de la Rep\u00fablica, [&hellip;]","og_url":"https:\/\/conexion23.com\/?p=22731","og_site_name":"Conexi\u00f3n 23","article_publisher":"https:\/\/www.facebook.com\/conexion23com","article_published_time":"2023-11-16T12:43:40+00:00","article_modified_time":"2023-11-16T12:43:43+00:00","og_image":[{"width":1080,"height":1080,"url":"https:\/\/conexion23.com\/wp-content\/uploads\/2023\/11\/c3025bc7-b9d6-4d4c-891b-f6aad4bb71ea.jpg","type":"image\/jpeg"}],"author":"Raffy Ben\u00edtez","twitter_card":"summary_large_image","twitter_misc":{"Escrito por":"Raffy Ben\u00edtez","Tiempo de lectura":"1 minuto"},"schema":{"@context":"https:\/\/schema.org","@graph":[{"@type":"Article","@id":"https:\/\/conexion23.com\/?p=22731#article","isPartOf":{"@id":"https:\/\/conexion23.com\/?p=22731"},"author":{"name":"Raffy Ben\u00edtez","@id":"https:\/\/conexion23.com\/#\/schema\/person\/03e36043331117e97a373299bbcd30a6"},"headline":"ABINADER VENDR\u00c1 ESTE DOMINGO A DAR EL PRIMER PICASO PARA EL ACONDICIONAMIENTO DEL MUELLE DE SPM, POR SOLICITUD DEL SENADOR FRANKLIN PE\u00d1A.","datePublished":"2023-11-16T12:43:40+00:00","dateModified":"2023-11-16T12:43:43+00:00","mainEntityOfPage":{"@id":"https:\/\/conexion23.com\/?p=22731"},"wordCount":209,"commentCount":0,"publisher":{"@id":"https:\/\/conexion23.com\/#organization"},"image":{"@id":"https:\/\/conexion23.com\/?p=22731#primaryimage"},"thumbnailUrl":"https:\/\/conexion23.com\/wp-content\/uploads\/2023\/11\/c3025bc7-b9d6-4d4c-891b-f6aad4bb71ea.jpg","articleSection":["SPM"],"inLanguage":"es","potentialAction":[{"@type":"CommentAction","name":"Comment","target":["https:\/\/conexion23.com\/?p=22731#respond"]}]},{"@type":"WebPage","@id":"https:\/\/conexion23.com\/?p=22731","url":"https:\/\/conexion23.com\/?p=22731","name":"ABINADER VENDR\u00c1 ESTE DOMINGO A DAR EL PRIMER PICASO PARA EL ACONDICIONAMIENTO DEL MUELLE DE SPM, POR SOLICITUD DEL SENADOR FRANKLIN PE\u00d1A. - Conexi\u00f3n 23","isPartOf":{"@id":"https:\/\/conexion23.com\/#website"},"primaryImageOfPage":{"@id":"https:\/\/conexion23.com\/?p=22731#primaryimage"},"image":{"@id":"https:\/\/conexion23.com\/?p=22731#primaryimage"},"thumbnailUrl":"https:\/\/conexion23.com\/wp-content\/uploads\/2023\/11\/c3025bc7-b9d6-4d4c-891b-f6aad4bb71ea.jpg","datePublished":"2023-11-16T12:43:40+00:00","dateModified":"2023-11-16T12:43:43+00:00","breadcrumb":{"@id":"https:\/\/conexion23.com\/?p=22731#breadcrumb"},"inLanguage":"es","potentialAction":[{"@type":"ReadAction","target":["https:\/\/conexion23.com\/?p=22731"]}]},{"@type":"ImageObject","inLanguage":"es","@id":"https:\/\/conexion23.com\/?p=22731#primaryimage","url":"https:\/\/conexion23.com\/wp-content\/uploads\/2023\/11\/c3025bc7-b9d6-4d4c-891b-f6aad4bb71ea.jpg","contentUrl":"https:\/\/conexion23.com\/wp-content\/uploads\/2023\/11\/c3025bc7-b9d6-4d4c-891b-f6aad4bb71ea.jpg","width":1080,"height":1080},{"@type":"BreadcrumbList","@id":"https:\/\/conexion23.com\/?p=22731#breadcrumb","itemListElement":[{"@type":"ListItem","position":1,"name":"Portada","item":"https:\/\/conexion23.com\/"},{"@type":"ListItem","position":2,"name":"ABINADER VENDR\u00c1 ESTE DOMINGO A DAR EL PRIMER PICASO PARA EL ACONDICIONAMIENTO DEL MUELLE DE SPM, POR SOLICITUD DEL SENADOR FRANKLIN PE\u00d1A."}]},{"@type":"WebSite","@id":"https:\/\/conexion23.com\/#website","url":"https:\/\/conexion23.com\/","name":"Conexi\u00f3n 23","description":"Peri\u00f3dico 100% Petromacorisano","publisher":{"@id":"https:\/\/conexion23.com\/#organization"},"potentialAction":[{"@type":"SearchAction","target":{"@type":"EntryPoint","urlTemplate":"https:\/\/conexion23.com\/?s={search_term_string}"},"query-input":{"@type":"PropertyValueSpecification","valueRequired":true,"valueName":"search_term_string"}}],"inLanguage":"es"},{"@type":"Organization","@id":"https:\/\/conexion23.com\/#organization","name":"Conexion 23","url":"https:\/\/conexion23.com\/","logo":{"@type":"ImageObject","inLanguage":"es","@id":"https:\/\/conexion23.com\/#\/schema\/logo\/image\/","url":"https:\/\/conexion23.com\/wp-content\/uploads\/2021\/11\/Diseno-sin-titulo-2.png","contentUrl":"https:\/\/conexion23.com\/wp-content\/uploads\/2021\/11\/Diseno-sin-titulo-2.png","width":541,"height":90,"caption":"Conexion 23"},"image":{"@id":"https:\/\/conexion23.com\/#\/schema\/logo\/image\/"},"sameAs":["https:\/\/www.facebook.com\/conexion23com","https:\/\/www.instagram.com\/conexion23com\/","https:\/\/www.youtube.com\/channel\/UCYc7vxxFZMYLIHNsHHxPZ3Q"]},{"@type":"Person","@id":"https:\/\/conexion23.com\/#\/schema\/person\/03e36043331117e97a373299bbcd30a6","name":"Raffy Ben\u00edtez","image":{"@type":"ImageObject","inLanguage":"es","@id":"https:\/\/conexion23.com\/#\/schema\/person\/image\/","url":"https:\/\/secure.gravatar.com\/avatar\/3190a6a6c5e1b0327500f7d6c56b6242472ee6cb974cf09b401ee6b3b0798f23?s=96&d=mm&r=g","contentUrl":"https:\/\/secure.gravatar.com\/avatar\/3190a6a6c5e1b0327500f7d6c56b6242472ee6cb974cf09b401ee6b3b0798f23?s=96&d=mm&r=g","caption":"Raffy Ben\u00edtez"},"url":"https:\/\/conexion23.com\/?author=15"}]}},"_links":{"self":[{"href":"https:\/\/conexion23.com\/index.php?rest_route=\/wp\/v2\/posts\/22731","targetHints":{"allow":["GET"]}}],"collection":[{"href":"https:\/\/conexion23.com\/index.php?rest_route=\/wp\/v2\/posts"}],"about":[{"href":"https:\/\/conexion23.com\/index.php?rest_route=\/wp\/v2\/types\/post"}],"author":[{"embeddable":true,"href":"https:\/\/conexion23.com\/index.php?rest_route=\/wp\/v2\/users\/15"}],"replies":[{"embeddable":true,"href":"https:\/\/conexion23.com\/index.php?rest_route=%2Fwp%2Fv2%2Fcomments&post=22731"}],"version-history":[{"count":1,"href":"https:\/\/conexion23.com\/index.php?rest_route=\/wp\/v2\/posts\/22731\/revisions"}],"predecessor-version":[{"id":22733,"href":"https:\/\/conexion23.com\/index.php?rest_route=\/wp\/v2\/posts\/22731\/revisions\/22733"}],"wp:featuredmedia":[{"embeddable":true,"href":"https:\/\/conexion23.com\/index.php?rest_route=\/wp\/v2\/media\/22732"}],"wp:attachment":[{"href":"https:\/\/conexion23.com\/index.php?rest_route=%2Fwp%2Fv2%2Fmedia&parent=22731"}],"wp:term":[{"taxonomy":"category","embeddable":true,"href":"https:\/\/conexion23.com\/index.php?rest_route=%2Fwp%2Fv2%2Fcategories&post=22731"},{"taxonomy":"post_tag","embeddable":true,"href":"https:\/\/conexion23.com\/index.php?rest_route=%2Fwp%2Fv2%2Ftags&post=22731"}],"curies":[{"name":"wp","href":"https:\/\/api.w.org\/{rel}","templated":true}]}}