{"id":22774,"date":"2023-11-17T18:47:48","date_gmt":"2023-11-17T22:47:48","guid":{"rendered":"https:\/\/conexion23.com\/?p=22774"},"modified":"2023-11-17T18:47:50","modified_gmt":"2023-11-17T22:47:50","slug":"villa-espana-se-rebela-y-paraliza-el-transito-por-el-asfaltado-de-sus-calles","status":"publish","type":"post","link":"https:\/\/conexion23.com\/?p=22774","title":{"rendered":"Villa Espa\u00f1a se rebela y paraliza el tr\u00e1nsito por el asfaltado de sus calles."},"content":{"rendered":"\n<p>Los residentes del sector Villa Espa\u00f1a, ubicado en la carretera Mella a la altura del 3 y medio en la entrada de San Pedro de Macor\u00eds, realizaron una protesta pac\u00edfica este viernes para exigir el asfaltado de sus calles, que se encuentran en p\u00e9simas condiciones.<\/p>\n\n\n\n<p>Los manifestantes acusaron al director de obras p\u00fablicas del INE Ascensi\u00f3n de incumplir su promesa de pavimentar el sector, que lleva a\u00f1os esperando una soluci\u00f3n.<\/p>\n\n\n\n<p>Los habitantes de Villa Espa\u00f1a advirtieron que si no reciben una respuesta satisfactoria, seguir\u00e1n protestando de otras formas m\u00e1s contundentes. \u201cEsto solamente es un calentamiento\u201d, expresaron ante las c\u00e1maras de este medio informativo.<\/p>\n","protected":false},"excerpt":{"rendered":"<p>Los residentes del sector Villa Espa\u00f1a, ubicado en la carretera Mella a la altura del 3 y medio en la entrada de San Pedro de Macor\u00eds, realizaron una protesta pac\u00edfica este viernes para exigir el asfaltado de sus calles, que se encuentran en p\u00e9simas condiciones. Los manifestantes acusaron al director de obras p\u00fablicas del INE [&hellip;]<\/p>\n","protected":false},"author":15,"featured_media":22775,"comment_status":"open","ping_status":"open","sticky":false,"template":"","format":"standard","meta":{"footnotes":""},"categories":[35],"tags":[],"class_list":{"0":"post-22774","1":"post","2":"type-post","3":"status-publish","4":"format-standard","5":"has-post-thumbnail","7":"category-spm"},"yoast_head":"<!-- This site is optimized with the Yoast SEO plugin v27.1.1 - https:\/\/yoast.com\/product\/yoast-seo-wordpress\/ -->\n<title>Villa Espa\u00f1a se rebela y paraliza el tr\u00e1nsito por el asfaltado de sus calles. - Conexi\u00f3n 23<\/title>\n<meta name=\"robots\" content=\"index, follow, max-snippet:-1, max-image-preview:large, max-video-preview:-1\" \/>\n<link rel=\"canonical\" href=\"https:\/\/conexion23.com\/?p=22774\" \/>\n<meta property=\"og:locale\" content=\"es_ES\" \/>\n<meta property=\"og:type\" content=\"article\" \/>\n<meta property=\"og:title\" content=\"Villa Espa\u00f1a se rebela y paraliza el tr\u00e1nsito por el asfaltado de sus calles. - Conexi\u00f3n 23\" \/>\n<meta property=\"og:description\" content=\"Los residentes del sector Villa Espa\u00f1a, ubicado en la carretera Mella a la altura del 3 y medio en la entrada de San Pedro de Macor\u00eds, realizaron una protesta pac\u00edfica este viernes para exigir el asfaltado de sus calles, que se encuentran en p\u00e9simas condiciones. Los manifestantes acusaron al director de obras p\u00fablicas del INE [&hellip;]\" \/>\n<meta property=\"og:url\" content=\"https:\/\/conexion23.com\/?p=22774\" \/>\n<meta property=\"og:site_name\" content=\"Conexi\u00f3n 23\" \/>\n<meta property=\"article:publisher\" content=\"https:\/\/www.facebook.com\/conexion23com\" \/>\n<meta property=\"article:published_time\" content=\"2023-11-17T22:47:48+00:00\" \/>\n<meta property=\"article:modified_time\" content=\"2023-11-17T22:47:50+00:00\" \/>\n<meta property=\"og:image\" content=\"https:\/\/conexion23.com\/wp-content\/uploads\/2023\/11\/download-14.jpg\" \/>\n\t<meta property=\"og:image:width\" content=\"290\" \/>\n\t<meta property=\"og:image:height\" content=\"174\" \/>\n\t<meta property=\"og:image:type\" content=\"image\/jpeg\" \/>\n<meta name=\"author\" content=\"Raffy Ben\u00edtez\" \/>\n<meta name=\"twitter:card\" content=\"summary_large_image\" \/>\n<meta name=\"twitter:label1\" content=\"Escrito por\" \/>\n\t<meta name=\"twitter:data1\" content=\"Raffy Ben\u00edtez\" \/>\n\t<meta name=\"twitter:label2\" content=\"Tiempo de lectura\" \/>\n\t<meta name=\"twitter:data2\" content=\"1 minuto\" \/>\n<script type=\"application\/ld+json\" class=\"yoast-schema-graph\">{\"@context\":\"https:\/\/schema.org\",\"@graph\":[{\"@type\":\"Article\",\"@id\":\"https:\/\/conexion23.com\/?p=22774#article\",\"isPartOf\":{\"@id\":\"https:\/\/conexion23.com\/?p=22774\"},\"author\":{\"name\":\"Raffy Ben\u00edtez\",\"@id\":\"https:\/\/conexion23.com\/#\/schema\/person\/03e36043331117e97a373299bbcd30a6\"},\"headline\":\"Villa Espa\u00f1a se rebela y paraliza el tr\u00e1nsito por el asfaltado de sus calles.\",\"datePublished\":\"2023-11-17T22:47:48+00:00\",\"dateModified\":\"2023-11-17T22:47:50+00:00\",\"mainEntityOfPage\":{\"@id\":\"https:\/\/conexion23.com\/?p=22774\"},\"wordCount\":130,\"commentCount\":0,\"publisher\":{\"@id\":\"https:\/\/conexion23.com\/#organization\"},\"image\":{\"@id\":\"https:\/\/conexion23.com\/?p=22774#primaryimage\"},\"thumbnailUrl\":\"https:\/\/conexion23.com\/wp-content\/uploads\/2023\/11\/download-14.jpg\",\"articleSection\":[\"SPM\"],\"inLanguage\":\"es\",\"potentialAction\":[{\"@type\":\"CommentAction\",\"name\":\"Comment\",\"target\":[\"https:\/\/conexion23.com\/?p=22774#respond\"]}]},{\"@type\":\"WebPage\",\"@id\":\"https:\/\/conexion23.com\/?p=22774\",\"url\":\"https:\/\/conexion23.com\/?p=22774\",\"name\":\"Villa Espa\u00f1a se rebela y paraliza el tr\u00e1nsito por el asfaltado de sus calles. - Conexi\u00f3n 23\",\"isPartOf\":{\"@id\":\"https:\/\/conexion23.com\/#website\"},\"primaryImageOfPage\":{\"@id\":\"https:\/\/conexion23.com\/?p=22774#primaryimage\"},\"image\":{\"@id\":\"https:\/\/conexion23.com\/?p=22774#primaryimage\"},\"thumbnailUrl\":\"https:\/\/conexion23.com\/wp-content\/uploads\/2023\/11\/download-14.jpg\",\"datePublished\":\"2023-11-17T22:47:48+00:00\",\"dateModified\":\"2023-11-17T22:47:50+00:00\",\"breadcrumb\":{\"@id\":\"https:\/\/conexion23.com\/?p=22774#breadcrumb\"},\"inLanguage\":\"es\",\"potentialAction\":[{\"@type\":\"ReadAction\",\"target\":[\"https:\/\/conexion23.com\/?p=22774\"]}]},{\"@type\":\"ImageObject\",\"inLanguage\":\"es\",\"@id\":\"https:\/\/conexion23.com\/?p=22774#primaryimage\",\"url\":\"https:\/\/conexion23.com\/wp-content\/uploads\/2023\/11\/download-14.jpg\",\"contentUrl\":\"https:\/\/conexion23.com\/wp-content\/uploads\/2023\/11\/download-14.jpg\",\"width\":290,\"height\":174},{\"@type\":\"BreadcrumbList\",\"@id\":\"https:\/\/conexion23.com\/?p=22774#breadcrumb\",\"itemListElement\":[{\"@type\":\"ListItem\",\"position\":1,\"name\":\"Portada\",\"item\":\"https:\/\/conexion23.com\/\"},{\"@type\":\"ListItem\",\"position\":2,\"name\":\"Villa Espa\u00f1a se rebela y paraliza el tr\u00e1nsito por el asfaltado de sus calles.\"}]},{\"@type\":\"WebSite\",\"@id\":\"https:\/\/conexion23.com\/#website\",\"url\":\"https:\/\/conexion23.com\/\",\"name\":\"Conexi\u00f3n 23\",\"description\":\"Peri\u00f3dico 100% Petromacorisano\",\"publisher\":{\"@id\":\"https:\/\/conexion23.com\/#organization\"},\"potentialAction\":[{\"@type\":\"SearchAction\",\"target\":{\"@type\":\"EntryPoint\",\"urlTemplate\":\"https:\/\/conexion23.com\/?s={search_term_string}\"},\"query-input\":{\"@type\":\"PropertyValueSpecification\",\"valueRequired\":true,\"valueName\":\"search_term_string\"}}],\"inLanguage\":\"es\"},{\"@type\":\"Organization\",\"@id\":\"https:\/\/conexion23.com\/#organization\",\"name\":\"Conexion 23\",\"url\":\"https:\/\/conexion23.com\/\",\"logo\":{\"@type\":\"ImageObject\",\"inLanguage\":\"es\",\"@id\":\"https:\/\/conexion23.com\/#\/schema\/logo\/image\/\",\"url\":\"https:\/\/conexion23.com\/wp-content\/uploads\/2021\/11\/Diseno-sin-titulo-2.png\",\"contentUrl\":\"https:\/\/conexion23.com\/wp-content\/uploads\/2021\/11\/Diseno-sin-titulo-2.png\",\"width\":541,\"height\":90,\"caption\":\"Conexion 23\"},\"image\":{\"@id\":\"https:\/\/conexion23.com\/#\/schema\/logo\/image\/\"},\"sameAs\":[\"https:\/\/www.facebook.com\/conexion23com\",\"https:\/\/www.instagram.com\/conexion23com\/\",\"https:\/\/www.youtube.com\/channel\/UCYc7vxxFZMYLIHNsHHxPZ3Q\"]},{\"@type\":\"Person\",\"@id\":\"https:\/\/conexion23.com\/#\/schema\/person\/03e36043331117e97a373299bbcd30a6\",\"name\":\"Raffy Ben\u00edtez\",\"image\":{\"@type\":\"ImageObject\",\"inLanguage\":\"es\",\"@id\":\"https:\/\/conexion23.com\/#\/schema\/person\/image\/\",\"url\":\"https:\/\/secure.gravatar.com\/avatar\/3190a6a6c5e1b0327500f7d6c56b6242472ee6cb974cf09b401ee6b3b0798f23?s=96&d=mm&r=g\",\"contentUrl\":\"https:\/\/secure.gravatar.com\/avatar\/3190a6a6c5e1b0327500f7d6c56b6242472ee6cb974cf09b401ee6b3b0798f23?s=96&d=mm&r=g\",\"caption\":\"Raffy Ben\u00edtez\"},\"url\":\"https:\/\/conexion23.com\/?author=15\"}]}<\/script>\n<!-- \/ Yoast SEO plugin. -->","yoast_head_json":{"title":"Villa Espa\u00f1a se rebela y paraliza el tr\u00e1nsito por el asfaltado de sus calles. - Conexi\u00f3n 23","robots":{"index":"index","follow":"follow","max-snippet":"max-snippet:-1","max-image-preview":"max-image-preview:large","max-video-preview":"max-video-preview:-1"},"canonical":"https:\/\/conexion23.com\/?p=22774","og_locale":"es_ES","og_type":"article","og_title":"Villa Espa\u00f1a se rebela y paraliza el tr\u00e1nsito por el asfaltado de sus calles. - Conexi\u00f3n 23","og_description":"Los residentes del sector Villa Espa\u00f1a, ubicado en la carretera Mella a la altura del 3 y medio en la entrada de San Pedro de Macor\u00eds, realizaron una protesta pac\u00edfica este viernes para exigir el asfaltado de sus calles, que se encuentran en p\u00e9simas condiciones. Los manifestantes acusaron al director de obras p\u00fablicas del INE [&hellip;]","og_url":"https:\/\/conexion23.com\/?p=22774","og_site_name":"Conexi\u00f3n 23","article_publisher":"https:\/\/www.facebook.com\/conexion23com","article_published_time":"2023-11-17T22:47:48+00:00","article_modified_time":"2023-11-17T22:47:50+00:00","og_image":[{"width":290,"height":174,"url":"https:\/\/conexion23.com\/wp-content\/uploads\/2023\/11\/download-14.jpg","type":"image\/jpeg"}],"author":"Raffy Ben\u00edtez","twitter_card":"summary_large_image","twitter_misc":{"Escrito por":"Raffy Ben\u00edtez","Tiempo de lectura":"1 minuto"},"schema":{"@context":"https:\/\/schema.org","@graph":[{"@type":"Article","@id":"https:\/\/conexion23.com\/?p=22774#article","isPartOf":{"@id":"https:\/\/conexion23.com\/?p=22774"},"author":{"name":"Raffy Ben\u00edtez","@id":"https:\/\/conexion23.com\/#\/schema\/person\/03e36043331117e97a373299bbcd30a6"},"headline":"Villa Espa\u00f1a se rebela y paraliza el tr\u00e1nsito por el asfaltado de sus calles.","datePublished":"2023-11-17T22:47:48+00:00","dateModified":"2023-11-17T22:47:50+00:00","mainEntityOfPage":{"@id":"https:\/\/conexion23.com\/?p=22774"},"wordCount":130,"commentCount":0,"publisher":{"@id":"https:\/\/conexion23.com\/#organization"},"image":{"@id":"https:\/\/conexion23.com\/?p=22774#primaryimage"},"thumbnailUrl":"https:\/\/conexion23.com\/wp-content\/uploads\/2023\/11\/download-14.jpg","articleSection":["SPM"],"inLanguage":"es","potentialAction":[{"@type":"CommentAction","name":"Comment","target":["https:\/\/conexion23.com\/?p=22774#respond"]}]},{"@type":"WebPage","@id":"https:\/\/conexion23.com\/?p=22774","url":"https:\/\/conexion23.com\/?p=22774","name":"Villa Espa\u00f1a se rebela y paraliza el tr\u00e1nsito por el asfaltado de sus calles. - Conexi\u00f3n 23","isPartOf":{"@id":"https:\/\/conexion23.com\/#website"},"primaryImageOfPage":{"@id":"https:\/\/conexion23.com\/?p=22774#primaryimage"},"image":{"@id":"https:\/\/conexion23.com\/?p=22774#primaryimage"},"thumbnailUrl":"https:\/\/conexion23.com\/wp-content\/uploads\/2023\/11\/download-14.jpg","datePublished":"2023-11-17T22:47:48+00:00","dateModified":"2023-11-17T22:47:50+00:00","breadcrumb":{"@id":"https:\/\/conexion23.com\/?p=22774#breadcrumb"},"inLanguage":"es","potentialAction":[{"@type":"ReadAction","target":["https:\/\/conexion23.com\/?p=22774"]}]},{"@type":"ImageObject","inLanguage":"es","@id":"https:\/\/conexion23.com\/?p=22774#primaryimage","url":"https:\/\/conexion23.com\/wp-content\/uploads\/2023\/11\/download-14.jpg","contentUrl":"https:\/\/conexion23.com\/wp-content\/uploads\/2023\/11\/download-14.jpg","width":290,"height":174},{"@type":"BreadcrumbList","@id":"https:\/\/conexion23.com\/?p=22774#breadcrumb","itemListElement":[{"@type":"ListItem","position":1,"name":"Portada","item":"https:\/\/conexion23.com\/"},{"@type":"ListItem","position":2,"name":"Villa Espa\u00f1a se rebela y paraliza el tr\u00e1nsito por el asfaltado de sus calles."}]},{"@type":"WebSite","@id":"https:\/\/conexion23.com\/#website","url":"https:\/\/conexion23.com\/","name":"Conexi\u00f3n 23","description":"Peri\u00f3dico 100% Petromacorisano","publisher":{"@id":"https:\/\/conexion23.com\/#organization"},"potentialAction":[{"@type":"SearchAction","target":{"@type":"EntryPoint","urlTemplate":"https:\/\/conexion23.com\/?s={search_term_string}"},"query-input":{"@type":"PropertyValueSpecification","valueRequired":true,"valueName":"search_term_string"}}],"inLanguage":"es"},{"@type":"Organization","@id":"https:\/\/conexion23.com\/#organization","name":"Conexion 23","url":"https:\/\/conexion23.com\/","logo":{"@type":"ImageObject","inLanguage":"es","@id":"https:\/\/conexion23.com\/#\/schema\/logo\/image\/","url":"https:\/\/conexion23.com\/wp-content\/uploads\/2021\/11\/Diseno-sin-titulo-2.png","contentUrl":"https:\/\/conexion23.com\/wp-content\/uploads\/2021\/11\/Diseno-sin-titulo-2.png","width":541,"height":90,"caption":"Conexion 23"},"image":{"@id":"https:\/\/conexion23.com\/#\/schema\/logo\/image\/"},"sameAs":["https:\/\/www.facebook.com\/conexion23com","https:\/\/www.instagram.com\/conexion23com\/","https:\/\/www.youtube.com\/channel\/UCYc7vxxFZMYLIHNsHHxPZ3Q"]},{"@type":"Person","@id":"https:\/\/conexion23.com\/#\/schema\/person\/03e36043331117e97a373299bbcd30a6","name":"Raffy Ben\u00edtez","image":{"@type":"ImageObject","inLanguage":"es","@id":"https:\/\/conexion23.com\/#\/schema\/person\/image\/","url":"https:\/\/secure.gravatar.com\/avatar\/3190a6a6c5e1b0327500f7d6c56b6242472ee6cb974cf09b401ee6b3b0798f23?s=96&d=mm&r=g","contentUrl":"https:\/\/secure.gravatar.com\/avatar\/3190a6a6c5e1b0327500f7d6c56b6242472ee6cb974cf09b401ee6b3b0798f23?s=96&d=mm&r=g","caption":"Raffy Ben\u00edtez"},"url":"https:\/\/conexion23.com\/?author=15"}]}},"_links":{"self":[{"href":"https:\/\/conexion23.com\/index.php?rest_route=\/wp\/v2\/posts\/22774","targetHints":{"allow":["GET"]}}],"collection":[{"href":"https:\/\/conexion23.com\/index.php?rest_route=\/wp\/v2\/posts"}],"about":[{"href":"https:\/\/conexion23.com\/index.php?rest_route=\/wp\/v2\/types\/post"}],"author":[{"embeddable":true,"href":"https:\/\/conexion23.com\/index.php?rest_route=\/wp\/v2\/users\/15"}],"replies":[{"embeddable":true,"href":"https:\/\/conexion23.com\/index.php?rest_route=%2Fwp%2Fv2%2Fcomments&post=22774"}],"version-history":[{"count":1,"href":"https:\/\/conexion23.com\/index.php?rest_route=\/wp\/v2\/posts\/22774\/revisions"}],"predecessor-version":[{"id":22776,"href":"https:\/\/conexion23.com\/index.php?rest_route=\/wp\/v2\/posts\/22774\/revisions\/22776"}],"wp:featuredmedia":[{"embeddable":true,"href":"https:\/\/conexion23.com\/index.php?rest_route=\/wp\/v2\/media\/22775"}],"wp:attachment":[{"href":"https:\/\/conexion23.com\/index.php?rest_route=%2Fwp%2Fv2%2Fmedia&parent=22774"}],"wp:term":[{"taxonomy":"category","embeddable":true,"href":"https:\/\/conexion23.com\/index.php?rest_route=%2Fwp%2Fv2%2Fcategories&post=22774"},{"taxonomy":"post_tag","embeddable":true,"href":"https:\/\/conexion23.com\/index.php?rest_route=%2Fwp%2Fv2%2Ftags&post=22774"}],"curies":[{"name":"wp","href":"https:\/\/api.w.org\/{rel}","templated":true}]}}