{"id":22822,"date":"2023-11-23T08:29:41","date_gmt":"2023-11-23T12:29:41","guid":{"rendered":"https:\/\/conexion23.com\/?p=22822"},"modified":"2023-11-23T08:29:43","modified_gmt":"2023-11-23T12:29:43","slug":"sueltan-un-preso-por-error-en-fiscalia-de-santiago-luego-dicen-que-se-escapo","status":"publish","type":"post","link":"https:\/\/conexion23.com\/?p=22822","title":{"rendered":"Sueltan un preso por error en fiscal\u00eda de Santiago luego dicen que se escapo."},"content":{"rendered":"\n<p>Jos\u00e9 Luis Tav\u00e1rez Santana, se le iba al conocer la medida coerci\u00f3n, en el turno de la tarde de ayer y lo pusieron en libertad, luego alegan las autoridades, que se fug\u00f3 de la carcelita del palacio de justicia de Santiago, el imputado regres\u00f3 a entregarse y apresaron a ch\u00f3fer del veh\u00edculo. Originando un dilema donde los familiares niegan que se fugar y condenando el apresamiento del conductor, seg\u00fan Maria Catalina Fern\u00e1ndez, no era necesario maltrato y acusaci\u00f3n falsa<\/p>\n","protected":false},"excerpt":{"rendered":"<p>Jos\u00e9 Luis Tav\u00e1rez Santana, se le iba al conocer la medida coerci\u00f3n, en el turno de la tarde de ayer y lo pusieron en libertad, luego alegan las autoridades, que se fug\u00f3 de la carcelita del palacio de justicia de Santiago, el imputado regres\u00f3 a entregarse y apresaron a ch\u00f3fer del veh\u00edculo. Originando un dilema [&hellip;]<\/p>\n","protected":false},"author":15,"featured_media":22828,"comment_status":"open","ping_status":"open","sticky":false,"template":"","format":"standard","meta":{"footnotes":""},"categories":[1],"tags":[],"class_list":{"0":"post-22822","1":"post","2":"type-post","3":"status-publish","4":"format-standard","5":"has-post-thumbnail","7":"category-uncategorized"},"yoast_head":"<!-- This site is optimized with the Yoast SEO plugin v27.1.1 - https:\/\/yoast.com\/product\/yoast-seo-wordpress\/ -->\n<title>Sueltan un preso por error en fiscal\u00eda de Santiago luego dicen que se escapo. - Conexi\u00f3n 23<\/title>\n<meta name=\"robots\" content=\"index, follow, max-snippet:-1, max-image-preview:large, max-video-preview:-1\" \/>\n<link rel=\"canonical\" href=\"https:\/\/conexion23.com\/?p=22822\" \/>\n<meta property=\"og:locale\" content=\"es_ES\" \/>\n<meta property=\"og:type\" content=\"article\" \/>\n<meta property=\"og:title\" content=\"Sueltan un preso por error en fiscal\u00eda de Santiago luego dicen que se escapo. - Conexi\u00f3n 23\" \/>\n<meta property=\"og:description\" content=\"Jos\u00e9 Luis Tav\u00e1rez Santana, se le iba al conocer la medida coerci\u00f3n, en el turno de la tarde de ayer y lo pusieron en libertad, luego alegan las autoridades, que se fug\u00f3 de la carcelita del palacio de justicia de Santiago, el imputado regres\u00f3 a entregarse y apresaron a ch\u00f3fer del veh\u00edculo. Originando un dilema [&hellip;]\" \/>\n<meta property=\"og:url\" content=\"https:\/\/conexion23.com\/?p=22822\" \/>\n<meta property=\"og:site_name\" content=\"Conexi\u00f3n 23\" \/>\n<meta property=\"article:publisher\" content=\"https:\/\/www.facebook.com\/conexion23com\" \/>\n<meta property=\"article:published_time\" content=\"2023-11-23T12:29:41+00:00\" \/>\n<meta property=\"article:modified_time\" content=\"2023-11-23T12:29:43+00:00\" \/>\n<meta property=\"og:image\" content=\"https:\/\/conexion23.com\/wp-content\/uploads\/2023\/11\/download-15.jpg\" \/>\n\t<meta property=\"og:image:width\" content=\"272\" \/>\n\t<meta property=\"og:image:height\" content=\"185\" \/>\n\t<meta property=\"og:image:type\" content=\"image\/jpeg\" \/>\n<meta name=\"author\" content=\"Raffy Ben\u00edtez\" \/>\n<meta name=\"twitter:card\" content=\"summary_large_image\" \/>\n<meta name=\"twitter:label1\" content=\"Escrito por\" \/>\n\t<meta name=\"twitter:data1\" content=\"Raffy Ben\u00edtez\" \/>\n\t<meta name=\"twitter:label2\" content=\"Tiempo de lectura\" \/>\n\t<meta name=\"twitter:data2\" content=\"1 minuto\" \/>\n<script type=\"application\/ld+json\" class=\"yoast-schema-graph\">{\"@context\":\"https:\/\/schema.org\",\"@graph\":[{\"@type\":\"Article\",\"@id\":\"https:\/\/conexion23.com\/?p=22822#article\",\"isPartOf\":{\"@id\":\"https:\/\/conexion23.com\/?p=22822\"},\"author\":{\"name\":\"Raffy Ben\u00edtez\",\"@id\":\"https:\/\/conexion23.com\/#\/schema\/person\/03e36043331117e97a373299bbcd30a6\"},\"headline\":\"Sueltan un preso por error en fiscal\u00eda de Santiago luego dicen que se escapo.\",\"datePublished\":\"2023-11-23T12:29:41+00:00\",\"dateModified\":\"2023-11-23T12:29:43+00:00\",\"mainEntityOfPage\":{\"@id\":\"https:\/\/conexion23.com\/?p=22822\"},\"wordCount\":101,\"commentCount\":0,\"publisher\":{\"@id\":\"https:\/\/conexion23.com\/#organization\"},\"image\":{\"@id\":\"https:\/\/conexion23.com\/?p=22822#primaryimage\"},\"thumbnailUrl\":\"https:\/\/conexion23.com\/wp-content\/uploads\/2023\/11\/download-15.jpg\",\"articleSection\":[\"Uncategorized\"],\"inLanguage\":\"es\",\"potentialAction\":[{\"@type\":\"CommentAction\",\"name\":\"Comment\",\"target\":[\"https:\/\/conexion23.com\/?p=22822#respond\"]}]},{\"@type\":\"WebPage\",\"@id\":\"https:\/\/conexion23.com\/?p=22822\",\"url\":\"https:\/\/conexion23.com\/?p=22822\",\"name\":\"Sueltan un preso por error en fiscal\u00eda de Santiago luego dicen que se escapo. - Conexi\u00f3n 23\",\"isPartOf\":{\"@id\":\"https:\/\/conexion23.com\/#website\"},\"primaryImageOfPage\":{\"@id\":\"https:\/\/conexion23.com\/?p=22822#primaryimage\"},\"image\":{\"@id\":\"https:\/\/conexion23.com\/?p=22822#primaryimage\"},\"thumbnailUrl\":\"https:\/\/conexion23.com\/wp-content\/uploads\/2023\/11\/download-15.jpg\",\"datePublished\":\"2023-11-23T12:29:41+00:00\",\"dateModified\":\"2023-11-23T12:29:43+00:00\",\"breadcrumb\":{\"@id\":\"https:\/\/conexion23.com\/?p=22822#breadcrumb\"},\"inLanguage\":\"es\",\"potentialAction\":[{\"@type\":\"ReadAction\",\"target\":[\"https:\/\/conexion23.com\/?p=22822\"]}]},{\"@type\":\"ImageObject\",\"inLanguage\":\"es\",\"@id\":\"https:\/\/conexion23.com\/?p=22822#primaryimage\",\"url\":\"https:\/\/conexion23.com\/wp-content\/uploads\/2023\/11\/download-15.jpg\",\"contentUrl\":\"https:\/\/conexion23.com\/wp-content\/uploads\/2023\/11\/download-15.jpg\",\"width\":272,\"height\":185},{\"@type\":\"BreadcrumbList\",\"@id\":\"https:\/\/conexion23.com\/?p=22822#breadcrumb\",\"itemListElement\":[{\"@type\":\"ListItem\",\"position\":1,\"name\":\"Portada\",\"item\":\"https:\/\/conexion23.com\/\"},{\"@type\":\"ListItem\",\"position\":2,\"name\":\"Sueltan un preso por error en fiscal\u00eda de Santiago luego dicen que se escapo.\"}]},{\"@type\":\"WebSite\",\"@id\":\"https:\/\/conexion23.com\/#website\",\"url\":\"https:\/\/conexion23.com\/\",\"name\":\"Conexi\u00f3n 23\",\"description\":\"Peri\u00f3dico 100% Petromacorisano\",\"publisher\":{\"@id\":\"https:\/\/conexion23.com\/#organization\"},\"potentialAction\":[{\"@type\":\"SearchAction\",\"target\":{\"@type\":\"EntryPoint\",\"urlTemplate\":\"https:\/\/conexion23.com\/?s={search_term_string}\"},\"query-input\":{\"@type\":\"PropertyValueSpecification\",\"valueRequired\":true,\"valueName\":\"search_term_string\"}}],\"inLanguage\":\"es\"},{\"@type\":\"Organization\",\"@id\":\"https:\/\/conexion23.com\/#organization\",\"name\":\"Conexion 23\",\"url\":\"https:\/\/conexion23.com\/\",\"logo\":{\"@type\":\"ImageObject\",\"inLanguage\":\"es\",\"@id\":\"https:\/\/conexion23.com\/#\/schema\/logo\/image\/\",\"url\":\"https:\/\/conexion23.com\/wp-content\/uploads\/2021\/11\/Diseno-sin-titulo-2.png\",\"contentUrl\":\"https:\/\/conexion23.com\/wp-content\/uploads\/2021\/11\/Diseno-sin-titulo-2.png\",\"width\":541,\"height\":90,\"caption\":\"Conexion 23\"},\"image\":{\"@id\":\"https:\/\/conexion23.com\/#\/schema\/logo\/image\/\"},\"sameAs\":[\"https:\/\/www.facebook.com\/conexion23com\",\"https:\/\/www.instagram.com\/conexion23com\/\",\"https:\/\/www.youtube.com\/channel\/UCYc7vxxFZMYLIHNsHHxPZ3Q\"]},{\"@type\":\"Person\",\"@id\":\"https:\/\/conexion23.com\/#\/schema\/person\/03e36043331117e97a373299bbcd30a6\",\"name\":\"Raffy Ben\u00edtez\",\"image\":{\"@type\":\"ImageObject\",\"inLanguage\":\"es\",\"@id\":\"https:\/\/conexion23.com\/#\/schema\/person\/image\/\",\"url\":\"https:\/\/secure.gravatar.com\/avatar\/3190a6a6c5e1b0327500f7d6c56b6242472ee6cb974cf09b401ee6b3b0798f23?s=96&d=mm&r=g\",\"contentUrl\":\"https:\/\/secure.gravatar.com\/avatar\/3190a6a6c5e1b0327500f7d6c56b6242472ee6cb974cf09b401ee6b3b0798f23?s=96&d=mm&r=g\",\"caption\":\"Raffy Ben\u00edtez\"},\"url\":\"https:\/\/conexion23.com\/?author=15\"}]}<\/script>\n<!-- \/ Yoast SEO plugin. -->","yoast_head_json":{"title":"Sueltan un preso por error en fiscal\u00eda de Santiago luego dicen que se escapo. - Conexi\u00f3n 23","robots":{"index":"index","follow":"follow","max-snippet":"max-snippet:-1","max-image-preview":"max-image-preview:large","max-video-preview":"max-video-preview:-1"},"canonical":"https:\/\/conexion23.com\/?p=22822","og_locale":"es_ES","og_type":"article","og_title":"Sueltan un preso por error en fiscal\u00eda de Santiago luego dicen que se escapo. - Conexi\u00f3n 23","og_description":"Jos\u00e9 Luis Tav\u00e1rez Santana, se le iba al conocer la medida coerci\u00f3n, en el turno de la tarde de ayer y lo pusieron en libertad, luego alegan las autoridades, que se fug\u00f3 de la carcelita del palacio de justicia de Santiago, el imputado regres\u00f3 a entregarse y apresaron a ch\u00f3fer del veh\u00edculo. Originando un dilema [&hellip;]","og_url":"https:\/\/conexion23.com\/?p=22822","og_site_name":"Conexi\u00f3n 23","article_publisher":"https:\/\/www.facebook.com\/conexion23com","article_published_time":"2023-11-23T12:29:41+00:00","article_modified_time":"2023-11-23T12:29:43+00:00","og_image":[{"width":272,"height":185,"url":"https:\/\/conexion23.com\/wp-content\/uploads\/2023\/11\/download-15.jpg","type":"image\/jpeg"}],"author":"Raffy Ben\u00edtez","twitter_card":"summary_large_image","twitter_misc":{"Escrito por":"Raffy Ben\u00edtez","Tiempo de lectura":"1 minuto"},"schema":{"@context":"https:\/\/schema.org","@graph":[{"@type":"Article","@id":"https:\/\/conexion23.com\/?p=22822#article","isPartOf":{"@id":"https:\/\/conexion23.com\/?p=22822"},"author":{"name":"Raffy Ben\u00edtez","@id":"https:\/\/conexion23.com\/#\/schema\/person\/03e36043331117e97a373299bbcd30a6"},"headline":"Sueltan un preso por error en fiscal\u00eda de Santiago luego dicen que se escapo.","datePublished":"2023-11-23T12:29:41+00:00","dateModified":"2023-11-23T12:29:43+00:00","mainEntityOfPage":{"@id":"https:\/\/conexion23.com\/?p=22822"},"wordCount":101,"commentCount":0,"publisher":{"@id":"https:\/\/conexion23.com\/#organization"},"image":{"@id":"https:\/\/conexion23.com\/?p=22822#primaryimage"},"thumbnailUrl":"https:\/\/conexion23.com\/wp-content\/uploads\/2023\/11\/download-15.jpg","articleSection":["Uncategorized"],"inLanguage":"es","potentialAction":[{"@type":"CommentAction","name":"Comment","target":["https:\/\/conexion23.com\/?p=22822#respond"]}]},{"@type":"WebPage","@id":"https:\/\/conexion23.com\/?p=22822","url":"https:\/\/conexion23.com\/?p=22822","name":"Sueltan un preso por error en fiscal\u00eda de Santiago luego dicen que se escapo. - Conexi\u00f3n 23","isPartOf":{"@id":"https:\/\/conexion23.com\/#website"},"primaryImageOfPage":{"@id":"https:\/\/conexion23.com\/?p=22822#primaryimage"},"image":{"@id":"https:\/\/conexion23.com\/?p=22822#primaryimage"},"thumbnailUrl":"https:\/\/conexion23.com\/wp-content\/uploads\/2023\/11\/download-15.jpg","datePublished":"2023-11-23T12:29:41+00:00","dateModified":"2023-11-23T12:29:43+00:00","breadcrumb":{"@id":"https:\/\/conexion23.com\/?p=22822#breadcrumb"},"inLanguage":"es","potentialAction":[{"@type":"ReadAction","target":["https:\/\/conexion23.com\/?p=22822"]}]},{"@type":"ImageObject","inLanguage":"es","@id":"https:\/\/conexion23.com\/?p=22822#primaryimage","url":"https:\/\/conexion23.com\/wp-content\/uploads\/2023\/11\/download-15.jpg","contentUrl":"https:\/\/conexion23.com\/wp-content\/uploads\/2023\/11\/download-15.jpg","width":272,"height":185},{"@type":"BreadcrumbList","@id":"https:\/\/conexion23.com\/?p=22822#breadcrumb","itemListElement":[{"@type":"ListItem","position":1,"name":"Portada","item":"https:\/\/conexion23.com\/"},{"@type":"ListItem","position":2,"name":"Sueltan un preso por error en fiscal\u00eda de Santiago luego dicen que se escapo."}]},{"@type":"WebSite","@id":"https:\/\/conexion23.com\/#website","url":"https:\/\/conexion23.com\/","name":"Conexi\u00f3n 23","description":"Peri\u00f3dico 100% Petromacorisano","publisher":{"@id":"https:\/\/conexion23.com\/#organization"},"potentialAction":[{"@type":"SearchAction","target":{"@type":"EntryPoint","urlTemplate":"https:\/\/conexion23.com\/?s={search_term_string}"},"query-input":{"@type":"PropertyValueSpecification","valueRequired":true,"valueName":"search_term_string"}}],"inLanguage":"es"},{"@type":"Organization","@id":"https:\/\/conexion23.com\/#organization","name":"Conexion 23","url":"https:\/\/conexion23.com\/","logo":{"@type":"ImageObject","inLanguage":"es","@id":"https:\/\/conexion23.com\/#\/schema\/logo\/image\/","url":"https:\/\/conexion23.com\/wp-content\/uploads\/2021\/11\/Diseno-sin-titulo-2.png","contentUrl":"https:\/\/conexion23.com\/wp-content\/uploads\/2021\/11\/Diseno-sin-titulo-2.png","width":541,"height":90,"caption":"Conexion 23"},"image":{"@id":"https:\/\/conexion23.com\/#\/schema\/logo\/image\/"},"sameAs":["https:\/\/www.facebook.com\/conexion23com","https:\/\/www.instagram.com\/conexion23com\/","https:\/\/www.youtube.com\/channel\/UCYc7vxxFZMYLIHNsHHxPZ3Q"]},{"@type":"Person","@id":"https:\/\/conexion23.com\/#\/schema\/person\/03e36043331117e97a373299bbcd30a6","name":"Raffy Ben\u00edtez","image":{"@type":"ImageObject","inLanguage":"es","@id":"https:\/\/conexion23.com\/#\/schema\/person\/image\/","url":"https:\/\/secure.gravatar.com\/avatar\/3190a6a6c5e1b0327500f7d6c56b6242472ee6cb974cf09b401ee6b3b0798f23?s=96&d=mm&r=g","contentUrl":"https:\/\/secure.gravatar.com\/avatar\/3190a6a6c5e1b0327500f7d6c56b6242472ee6cb974cf09b401ee6b3b0798f23?s=96&d=mm&r=g","caption":"Raffy Ben\u00edtez"},"url":"https:\/\/conexion23.com\/?author=15"}]}},"_links":{"self":[{"href":"https:\/\/conexion23.com\/index.php?rest_route=\/wp\/v2\/posts\/22822","targetHints":{"allow":["GET"]}}],"collection":[{"href":"https:\/\/conexion23.com\/index.php?rest_route=\/wp\/v2\/posts"}],"about":[{"href":"https:\/\/conexion23.com\/index.php?rest_route=\/wp\/v2\/types\/post"}],"author":[{"embeddable":true,"href":"https:\/\/conexion23.com\/index.php?rest_route=\/wp\/v2\/users\/15"}],"replies":[{"embeddable":true,"href":"https:\/\/conexion23.com\/index.php?rest_route=%2Fwp%2Fv2%2Fcomments&post=22822"}],"version-history":[{"count":1,"href":"https:\/\/conexion23.com\/index.php?rest_route=\/wp\/v2\/posts\/22822\/revisions"}],"predecessor-version":[{"id":22829,"href":"https:\/\/conexion23.com\/index.php?rest_route=\/wp\/v2\/posts\/22822\/revisions\/22829"}],"wp:featuredmedia":[{"embeddable":true,"href":"https:\/\/conexion23.com\/index.php?rest_route=\/wp\/v2\/media\/22828"}],"wp:attachment":[{"href":"https:\/\/conexion23.com\/index.php?rest_route=%2Fwp%2Fv2%2Fmedia&parent=22822"}],"wp:term":[{"taxonomy":"category","embeddable":true,"href":"https:\/\/conexion23.com\/index.php?rest_route=%2Fwp%2Fv2%2Fcategories&post=22822"},{"taxonomy":"post_tag","embeddable":true,"href":"https:\/\/conexion23.com\/index.php?rest_route=%2Fwp%2Fv2%2Ftags&post=22822"}],"curies":[{"name":"wp","href":"https:\/\/api.w.org\/{rel}","templated":true}]}}