{"id":22831,"date":"2023-11-23T08:34:16","date_gmt":"2023-11-23T12:34:16","guid":{"rendered":"https:\/\/conexion23.com\/?p=22831"},"modified":"2023-11-23T08:34:18","modified_gmt":"2023-11-23T12:34:18","slug":"hombre-asesinado-a-punaladas-por-una-deuda-de-un-vehiculo-en-plaza-bavaro","status":"publish","type":"post","link":"https:\/\/conexion23.com\/?p=22831","title":{"rendered":"Hombre asesinado a pu\u00f1aladas por una deuda de un veh\u00edculo en Plaza B\u00e1varo."},"content":{"rendered":"\n<p>Un hombre de 38 a\u00f1os muri\u00f3 anoche tras ser apu\u00f1alado varias veces por otro de 48 a\u00f1os en una discusi\u00f3n por una deuda relacionada con la venta de un veh\u00edculo en la Plaza B\u00e1varo, en Ver\u00f3n-Punta Cana.<\/p>\n\n\n\n<p>La v\u00edctima fue identificada como Alexander Santana Mel\u00e9ndez, quien recibi\u00f3 heridas cortantes que le provocaron un shock hemorr\u00e1gico, seg\u00fan el informe policial.<\/p>\n\n\n\n<p>El presunto homicida es Blas N\u00fa\u00f1ez Rosario, quien fue detenido por la Polic\u00eda Nacional tras intentar huir del lugar de los hechos. N\u00fa\u00f1ez tiene un registro policial previo, aunque no se especific\u00f3 el motivo.<\/p>\n\n\n\n<p>La disputa entre los dos hombres se origin\u00f3 por una deuda de un veh\u00edculo que N\u00fa\u00f1ez le hab\u00eda vendido a Santana, seg\u00fan las investigaciones preliminares. Ambos se dedicaban al negocio de rentar veh\u00edculos.<\/p>\n\n\n\n<p>La Plaza B\u00e1varo es un centro comercial ubicado en el distrito tur\u00edstico de Ver\u00f3n-Punta Cana, que alberga varios negocios, restaurantes y bancos.<\/p>\n","protected":false},"excerpt":{"rendered":"<p>Un hombre de 38 a\u00f1os muri\u00f3 anoche tras ser apu\u00f1alado varias veces por otro de 48 a\u00f1os en una discusi\u00f3n por una deuda relacionada con la venta de un veh\u00edculo en la Plaza B\u00e1varo, en Ver\u00f3n-Punta Cana. La v\u00edctima fue identificada como Alexander Santana Mel\u00e9ndez, quien recibi\u00f3 heridas cortantes que le provocaron un shock hemorr\u00e1gico, [&hellip;]<\/p>\n","protected":false},"author":15,"featured_media":22834,"comment_status":"open","ping_status":"open","sticky":false,"template":"","format":"standard","meta":{"footnotes":""},"categories":[1],"tags":[],"class_list":{"0":"post-22831","1":"post","2":"type-post","3":"status-publish","4":"format-standard","5":"has-post-thumbnail","7":"category-uncategorized"},"yoast_head":"<!-- This site is optimized with the Yoast SEO plugin v27.1.1 - https:\/\/yoast.com\/product\/yoast-seo-wordpress\/ -->\n<title>Hombre asesinado a pu\u00f1aladas por una deuda de un veh\u00edculo en Plaza B\u00e1varo. - Conexi\u00f3n 23<\/title>\n<meta name=\"robots\" content=\"index, follow, max-snippet:-1, max-image-preview:large, max-video-preview:-1\" \/>\n<link rel=\"canonical\" href=\"https:\/\/conexion23.com\/?p=22831\" \/>\n<meta property=\"og:locale\" content=\"es_ES\" \/>\n<meta property=\"og:type\" content=\"article\" \/>\n<meta property=\"og:title\" content=\"Hombre asesinado a pu\u00f1aladas por una deuda de un veh\u00edculo en Plaza B\u00e1varo. - Conexi\u00f3n 23\" \/>\n<meta property=\"og:description\" content=\"Un hombre de 38 a\u00f1os muri\u00f3 anoche tras ser apu\u00f1alado varias veces por otro de 48 a\u00f1os en una discusi\u00f3n por una deuda relacionada con la venta de un veh\u00edculo en la Plaza B\u00e1varo, en Ver\u00f3n-Punta Cana. La v\u00edctima fue identificada como Alexander Santana Mel\u00e9ndez, quien recibi\u00f3 heridas cortantes que le provocaron un shock hemorr\u00e1gico, [&hellip;]\" \/>\n<meta property=\"og:url\" content=\"https:\/\/conexion23.com\/?p=22831\" \/>\n<meta property=\"og:site_name\" content=\"Conexi\u00f3n 23\" \/>\n<meta property=\"article:publisher\" content=\"https:\/\/www.facebook.com\/conexion23com\" \/>\n<meta property=\"article:published_time\" content=\"2023-11-23T12:34:16+00:00\" \/>\n<meta property=\"article:modified_time\" content=\"2023-11-23T12:34:18+00:00\" \/>\n<meta property=\"og:image\" content=\"https:\/\/conexion23.com\/wp-content\/uploads\/2023\/11\/1700688023403212-0.jpg\" \/>\n\t<meta property=\"og:image:width\" content=\"814\" \/>\n\t<meta property=\"og:image:height\" content=\"629\" \/>\n\t<meta property=\"og:image:type\" content=\"image\/jpeg\" \/>\n<meta name=\"author\" content=\"Raffy Ben\u00edtez\" \/>\n<meta name=\"twitter:card\" content=\"summary_large_image\" \/>\n<meta name=\"twitter:label1\" content=\"Escrito por\" \/>\n\t<meta name=\"twitter:data1\" content=\"Raffy Ben\u00edtez\" \/>\n\t<meta name=\"twitter:label2\" content=\"Tiempo de lectura\" \/>\n\t<meta name=\"twitter:data2\" content=\"1 minuto\" \/>\n<script type=\"application\/ld+json\" class=\"yoast-schema-graph\">{\"@context\":\"https:\/\/schema.org\",\"@graph\":[{\"@type\":\"Article\",\"@id\":\"https:\/\/conexion23.com\/?p=22831#article\",\"isPartOf\":{\"@id\":\"https:\/\/conexion23.com\/?p=22831\"},\"author\":{\"name\":\"Raffy Ben\u00edtez\",\"@id\":\"https:\/\/conexion23.com\/#\/schema\/person\/03e36043331117e97a373299bbcd30a6\"},\"headline\":\"Hombre asesinado a pu\u00f1aladas por una deuda de un veh\u00edculo en Plaza B\u00e1varo.\",\"datePublished\":\"2023-11-23T12:34:16+00:00\",\"dateModified\":\"2023-11-23T12:34:18+00:00\",\"mainEntityOfPage\":{\"@id\":\"https:\/\/conexion23.com\/?p=22831\"},\"wordCount\":184,\"commentCount\":0,\"publisher\":{\"@id\":\"https:\/\/conexion23.com\/#organization\"},\"image\":{\"@id\":\"https:\/\/conexion23.com\/?p=22831#primaryimage\"},\"thumbnailUrl\":\"https:\/\/conexion23.com\/wp-content\/uploads\/2023\/11\/1700688023403212-0.jpg\",\"articleSection\":[\"Uncategorized\"],\"inLanguage\":\"es\",\"potentialAction\":[{\"@type\":\"CommentAction\",\"name\":\"Comment\",\"target\":[\"https:\/\/conexion23.com\/?p=22831#respond\"]}]},{\"@type\":\"WebPage\",\"@id\":\"https:\/\/conexion23.com\/?p=22831\",\"url\":\"https:\/\/conexion23.com\/?p=22831\",\"name\":\"Hombre asesinado a pu\u00f1aladas por una deuda de un veh\u00edculo en Plaza B\u00e1varo. - Conexi\u00f3n 23\",\"isPartOf\":{\"@id\":\"https:\/\/conexion23.com\/#website\"},\"primaryImageOfPage\":{\"@id\":\"https:\/\/conexion23.com\/?p=22831#primaryimage\"},\"image\":{\"@id\":\"https:\/\/conexion23.com\/?p=22831#primaryimage\"},\"thumbnailUrl\":\"https:\/\/conexion23.com\/wp-content\/uploads\/2023\/11\/1700688023403212-0.jpg\",\"datePublished\":\"2023-11-23T12:34:16+00:00\",\"dateModified\":\"2023-11-23T12:34:18+00:00\",\"breadcrumb\":{\"@id\":\"https:\/\/conexion23.com\/?p=22831#breadcrumb\"},\"inLanguage\":\"es\",\"potentialAction\":[{\"@type\":\"ReadAction\",\"target\":[\"https:\/\/conexion23.com\/?p=22831\"]}]},{\"@type\":\"ImageObject\",\"inLanguage\":\"es\",\"@id\":\"https:\/\/conexion23.com\/?p=22831#primaryimage\",\"url\":\"https:\/\/conexion23.com\/wp-content\/uploads\/2023\/11\/1700688023403212-0.jpg\",\"contentUrl\":\"https:\/\/conexion23.com\/wp-content\/uploads\/2023\/11\/1700688023403212-0.jpg\",\"width\":814,\"height\":629},{\"@type\":\"BreadcrumbList\",\"@id\":\"https:\/\/conexion23.com\/?p=22831#breadcrumb\",\"itemListElement\":[{\"@type\":\"ListItem\",\"position\":1,\"name\":\"Portada\",\"item\":\"https:\/\/conexion23.com\/\"},{\"@type\":\"ListItem\",\"position\":2,\"name\":\"Hombre asesinado a pu\u00f1aladas por una deuda de un veh\u00edculo en Plaza B\u00e1varo.\"}]},{\"@type\":\"WebSite\",\"@id\":\"https:\/\/conexion23.com\/#website\",\"url\":\"https:\/\/conexion23.com\/\",\"name\":\"Conexi\u00f3n 23\",\"description\":\"Peri\u00f3dico 100% Petromacorisano\",\"publisher\":{\"@id\":\"https:\/\/conexion23.com\/#organization\"},\"potentialAction\":[{\"@type\":\"SearchAction\",\"target\":{\"@type\":\"EntryPoint\",\"urlTemplate\":\"https:\/\/conexion23.com\/?s={search_term_string}\"},\"query-input\":{\"@type\":\"PropertyValueSpecification\",\"valueRequired\":true,\"valueName\":\"search_term_string\"}}],\"inLanguage\":\"es\"},{\"@type\":\"Organization\",\"@id\":\"https:\/\/conexion23.com\/#organization\",\"name\":\"Conexion 23\",\"url\":\"https:\/\/conexion23.com\/\",\"logo\":{\"@type\":\"ImageObject\",\"inLanguage\":\"es\",\"@id\":\"https:\/\/conexion23.com\/#\/schema\/logo\/image\/\",\"url\":\"https:\/\/conexion23.com\/wp-content\/uploads\/2021\/11\/Diseno-sin-titulo-2.png\",\"contentUrl\":\"https:\/\/conexion23.com\/wp-content\/uploads\/2021\/11\/Diseno-sin-titulo-2.png\",\"width\":541,\"height\":90,\"caption\":\"Conexion 23\"},\"image\":{\"@id\":\"https:\/\/conexion23.com\/#\/schema\/logo\/image\/\"},\"sameAs\":[\"https:\/\/www.facebook.com\/conexion23com\",\"https:\/\/www.instagram.com\/conexion23com\/\",\"https:\/\/www.youtube.com\/channel\/UCYc7vxxFZMYLIHNsHHxPZ3Q\"]},{\"@type\":\"Person\",\"@id\":\"https:\/\/conexion23.com\/#\/schema\/person\/03e36043331117e97a373299bbcd30a6\",\"name\":\"Raffy Ben\u00edtez\",\"image\":{\"@type\":\"ImageObject\",\"inLanguage\":\"es\",\"@id\":\"https:\/\/conexion23.com\/#\/schema\/person\/image\/\",\"url\":\"https:\/\/secure.gravatar.com\/avatar\/3190a6a6c5e1b0327500f7d6c56b6242472ee6cb974cf09b401ee6b3b0798f23?s=96&d=mm&r=g\",\"contentUrl\":\"https:\/\/secure.gravatar.com\/avatar\/3190a6a6c5e1b0327500f7d6c56b6242472ee6cb974cf09b401ee6b3b0798f23?s=96&d=mm&r=g\",\"caption\":\"Raffy Ben\u00edtez\"},\"url\":\"https:\/\/conexion23.com\/?author=15\"}]}<\/script>\n<!-- \/ Yoast SEO plugin. -->","yoast_head_json":{"title":"Hombre asesinado a pu\u00f1aladas por una deuda de un veh\u00edculo en Plaza B\u00e1varo. - Conexi\u00f3n 23","robots":{"index":"index","follow":"follow","max-snippet":"max-snippet:-1","max-image-preview":"max-image-preview:large","max-video-preview":"max-video-preview:-1"},"canonical":"https:\/\/conexion23.com\/?p=22831","og_locale":"es_ES","og_type":"article","og_title":"Hombre asesinado a pu\u00f1aladas por una deuda de un veh\u00edculo en Plaza B\u00e1varo. - Conexi\u00f3n 23","og_description":"Un hombre de 38 a\u00f1os muri\u00f3 anoche tras ser apu\u00f1alado varias veces por otro de 48 a\u00f1os en una discusi\u00f3n por una deuda relacionada con la venta de un veh\u00edculo en la Plaza B\u00e1varo, en Ver\u00f3n-Punta Cana. La v\u00edctima fue identificada como Alexander Santana Mel\u00e9ndez, quien recibi\u00f3 heridas cortantes que le provocaron un shock hemorr\u00e1gico, [&hellip;]","og_url":"https:\/\/conexion23.com\/?p=22831","og_site_name":"Conexi\u00f3n 23","article_publisher":"https:\/\/www.facebook.com\/conexion23com","article_published_time":"2023-11-23T12:34:16+00:00","article_modified_time":"2023-11-23T12:34:18+00:00","og_image":[{"width":814,"height":629,"url":"https:\/\/conexion23.com\/wp-content\/uploads\/2023\/11\/1700688023403212-0.jpg","type":"image\/jpeg"}],"author":"Raffy Ben\u00edtez","twitter_card":"summary_large_image","twitter_misc":{"Escrito por":"Raffy Ben\u00edtez","Tiempo de lectura":"1 minuto"},"schema":{"@context":"https:\/\/schema.org","@graph":[{"@type":"Article","@id":"https:\/\/conexion23.com\/?p=22831#article","isPartOf":{"@id":"https:\/\/conexion23.com\/?p=22831"},"author":{"name":"Raffy Ben\u00edtez","@id":"https:\/\/conexion23.com\/#\/schema\/person\/03e36043331117e97a373299bbcd30a6"},"headline":"Hombre asesinado a pu\u00f1aladas por una deuda de un veh\u00edculo en Plaza B\u00e1varo.","datePublished":"2023-11-23T12:34:16+00:00","dateModified":"2023-11-23T12:34:18+00:00","mainEntityOfPage":{"@id":"https:\/\/conexion23.com\/?p=22831"},"wordCount":184,"commentCount":0,"publisher":{"@id":"https:\/\/conexion23.com\/#organization"},"image":{"@id":"https:\/\/conexion23.com\/?p=22831#primaryimage"},"thumbnailUrl":"https:\/\/conexion23.com\/wp-content\/uploads\/2023\/11\/1700688023403212-0.jpg","articleSection":["Uncategorized"],"inLanguage":"es","potentialAction":[{"@type":"CommentAction","name":"Comment","target":["https:\/\/conexion23.com\/?p=22831#respond"]}]},{"@type":"WebPage","@id":"https:\/\/conexion23.com\/?p=22831","url":"https:\/\/conexion23.com\/?p=22831","name":"Hombre asesinado a pu\u00f1aladas por una deuda de un veh\u00edculo en Plaza B\u00e1varo. - Conexi\u00f3n 23","isPartOf":{"@id":"https:\/\/conexion23.com\/#website"},"primaryImageOfPage":{"@id":"https:\/\/conexion23.com\/?p=22831#primaryimage"},"image":{"@id":"https:\/\/conexion23.com\/?p=22831#primaryimage"},"thumbnailUrl":"https:\/\/conexion23.com\/wp-content\/uploads\/2023\/11\/1700688023403212-0.jpg","datePublished":"2023-11-23T12:34:16+00:00","dateModified":"2023-11-23T12:34:18+00:00","breadcrumb":{"@id":"https:\/\/conexion23.com\/?p=22831#breadcrumb"},"inLanguage":"es","potentialAction":[{"@type":"ReadAction","target":["https:\/\/conexion23.com\/?p=22831"]}]},{"@type":"ImageObject","inLanguage":"es","@id":"https:\/\/conexion23.com\/?p=22831#primaryimage","url":"https:\/\/conexion23.com\/wp-content\/uploads\/2023\/11\/1700688023403212-0.jpg","contentUrl":"https:\/\/conexion23.com\/wp-content\/uploads\/2023\/11\/1700688023403212-0.jpg","width":814,"height":629},{"@type":"BreadcrumbList","@id":"https:\/\/conexion23.com\/?p=22831#breadcrumb","itemListElement":[{"@type":"ListItem","position":1,"name":"Portada","item":"https:\/\/conexion23.com\/"},{"@type":"ListItem","position":2,"name":"Hombre asesinado a pu\u00f1aladas por una deuda de un veh\u00edculo en Plaza B\u00e1varo."}]},{"@type":"WebSite","@id":"https:\/\/conexion23.com\/#website","url":"https:\/\/conexion23.com\/","name":"Conexi\u00f3n 23","description":"Peri\u00f3dico 100% Petromacorisano","publisher":{"@id":"https:\/\/conexion23.com\/#organization"},"potentialAction":[{"@type":"SearchAction","target":{"@type":"EntryPoint","urlTemplate":"https:\/\/conexion23.com\/?s={search_term_string}"},"query-input":{"@type":"PropertyValueSpecification","valueRequired":true,"valueName":"search_term_string"}}],"inLanguage":"es"},{"@type":"Organization","@id":"https:\/\/conexion23.com\/#organization","name":"Conexion 23","url":"https:\/\/conexion23.com\/","logo":{"@type":"ImageObject","inLanguage":"es","@id":"https:\/\/conexion23.com\/#\/schema\/logo\/image\/","url":"https:\/\/conexion23.com\/wp-content\/uploads\/2021\/11\/Diseno-sin-titulo-2.png","contentUrl":"https:\/\/conexion23.com\/wp-content\/uploads\/2021\/11\/Diseno-sin-titulo-2.png","width":541,"height":90,"caption":"Conexion 23"},"image":{"@id":"https:\/\/conexion23.com\/#\/schema\/logo\/image\/"},"sameAs":["https:\/\/www.facebook.com\/conexion23com","https:\/\/www.instagram.com\/conexion23com\/","https:\/\/www.youtube.com\/channel\/UCYc7vxxFZMYLIHNsHHxPZ3Q"]},{"@type":"Person","@id":"https:\/\/conexion23.com\/#\/schema\/person\/03e36043331117e97a373299bbcd30a6","name":"Raffy Ben\u00edtez","image":{"@type":"ImageObject","inLanguage":"es","@id":"https:\/\/conexion23.com\/#\/schema\/person\/image\/","url":"https:\/\/secure.gravatar.com\/avatar\/3190a6a6c5e1b0327500f7d6c56b6242472ee6cb974cf09b401ee6b3b0798f23?s=96&d=mm&r=g","contentUrl":"https:\/\/secure.gravatar.com\/avatar\/3190a6a6c5e1b0327500f7d6c56b6242472ee6cb974cf09b401ee6b3b0798f23?s=96&d=mm&r=g","caption":"Raffy Ben\u00edtez"},"url":"https:\/\/conexion23.com\/?author=15"}]}},"_links":{"self":[{"href":"https:\/\/conexion23.com\/index.php?rest_route=\/wp\/v2\/posts\/22831","targetHints":{"allow":["GET"]}}],"collection":[{"href":"https:\/\/conexion23.com\/index.php?rest_route=\/wp\/v2\/posts"}],"about":[{"href":"https:\/\/conexion23.com\/index.php?rest_route=\/wp\/v2\/types\/post"}],"author":[{"embeddable":true,"href":"https:\/\/conexion23.com\/index.php?rest_route=\/wp\/v2\/users\/15"}],"replies":[{"embeddable":true,"href":"https:\/\/conexion23.com\/index.php?rest_route=%2Fwp%2Fv2%2Fcomments&post=22831"}],"version-history":[{"count":1,"href":"https:\/\/conexion23.com\/index.php?rest_route=\/wp\/v2\/posts\/22831\/revisions"}],"predecessor-version":[{"id":22835,"href":"https:\/\/conexion23.com\/index.php?rest_route=\/wp\/v2\/posts\/22831\/revisions\/22835"}],"wp:featuredmedia":[{"embeddable":true,"href":"https:\/\/conexion23.com\/index.php?rest_route=\/wp\/v2\/media\/22834"}],"wp:attachment":[{"href":"https:\/\/conexion23.com\/index.php?rest_route=%2Fwp%2Fv2%2Fmedia&parent=22831"}],"wp:term":[{"taxonomy":"category","embeddable":true,"href":"https:\/\/conexion23.com\/index.php?rest_route=%2Fwp%2Fv2%2Fcategories&post=22831"},{"taxonomy":"post_tag","embeddable":true,"href":"https:\/\/conexion23.com\/index.php?rest_route=%2Fwp%2Fv2%2Ftags&post=22831"}],"curies":[{"name":"wp","href":"https:\/\/api.w.org\/{rel}","templated":true}]}}