{"id":22836,"date":"2023-11-23T08:40:46","date_gmt":"2023-11-23T12:40:46","guid":{"rendered":"https:\/\/conexion23.com\/?p=22836"},"modified":"2023-11-23T08:40:48","modified_gmt":"2023-11-23T12:40:48","slug":"extraditan-a-estados-unidos-a-un-miembro-de-una-banda-armada-haitiana","status":"publish","type":"post","link":"https:\/\/conexion23.com\/?p=22836","title":{"rendered":"Extraditan a Estados Unidos a un miembro de una banda armada haitiana."},"content":{"rendered":"\n<p><strong>La Polic\u00eda Nacional de Hait\u00ed i<\/strong>nform\u00f3 que&nbsp;<strong>Jhon Peter Fleronvil,<\/strong>&nbsp;miembro del grupo armado conocido como&nbsp;<strong>\u201cKokorat San Ras\u201d<\/strong>, fue extraditado a Estados Unidos acusado del secuestro de no menos de 4 ciudadanos de ese pa\u00eds el a\u00f1o pasado.<\/p>\n\n\n\n<p>El organismo dijo en su p\u00e1gina de Facebook que Fleronvil fue enviado a Estados Unidos el lunes, \u201ctras una decisi\u00f3n judicial de la Direcci\u00f3n Central de la Policial Judicial (DCPJ)\u201d.<\/p>\n\n\n\n<p>\u201cHa sido citado para comparecer ante un juez del Distrito de Columbia acusado del secuestro de cuatro ciudadanos estadounidenses en el departamento de Artibonite en julio de 2022\u201d, abund\u00f3 la polic\u00eda haitiana.<\/p>\n\n\n\n<p>Miembro activo de la banda \u201cKokorat San Ras\u201d en la regi\u00f3n de Artibonite, al noroeste de la capital, Jhon Peter Fleronvil fue detenido el 11 de septiembre de 2022 en Fort-Libert\u00e9 (norte) c<strong>uando intentaba huir del pa\u00eds a trav\u00e9s de la frontera con la Rep\u00fablica Dominicana.<\/strong><\/p>\n\n\n\n<p>Seg\u00fan un informe de expertos de las Naciones Unidas publicado en octubre pasado, el exsenador de la Rep\u00fablica Youri Latortue estar\u00eda financiando al grupo armado \u201cKokorat San Ras\u201d, que toma como reh\u00e9n a la regi\u00f3n de Artibonite violando, matando y secuestrando a personas.<\/p>\n\n\n\n<p><strong>El Parlamento de Kenia aprob\u00f3 el jueves<\/strong>pasado el despliegue de mil agentes de su Polic\u00eda en Hait\u00ed como parte de una misi\u00f3n multinacional de las Naciones Unidas, pese a la pol\u00e9mica que ha generado esta iniciativa y el bloqueo temporal que orden\u00f3 en octubre un tribunal keniano.<\/p>\n\n\n\n<p>Kenia se ha ofrecido a liderar una misi\u00f3n multinacional en Hait\u00ed, aprobada el pasado 2 de octubre por el Consejo de Seguridad de la ONU, que el propio Gobierno haitiano pidi\u00f3 hace un a\u00f1o y que siempre cont\u00f3 con el respaldo del secretario general de la ONU, Ant\u00f3nio Guterres.<\/p>\n\n\n\n<p>Hait\u00ed est\u00e1 inmerso en una profunda crisis marcada por la violencia extrema, con grupos armados que controlan la capital, Puerto Pr\u00edncipe, y otras partes de su territorio, y son responsables de centenares de asesinatos, violaciones, secuestros y otros cr\u00edmenes.@sabanetaprimero. 829-856-9362 El Whatsapp que te mantiene informado, agr\u00e9galo para que te lleguen las noticias al instante o simplemente para hacer noticia un hecho que ocurra en tu sector.<\/p>\n","protected":false},"excerpt":{"rendered":"<p>La Polic\u00eda Nacional de Hait\u00ed inform\u00f3 que&nbsp;Jhon Peter Fleronvil,&nbsp;miembro del grupo armado conocido como&nbsp;\u201cKokorat San Ras\u201d, fue extraditado a Estados Unidos acusado del secuestro de no menos de 4 ciudadanos de ese pa\u00eds el a\u00f1o pasado. El organismo dijo en su p\u00e1gina de Facebook que Fleronvil fue enviado a Estados Unidos el lunes, \u201ctras una [&hellip;]<\/p>\n","protected":false},"author":15,"featured_media":22837,"comment_status":"open","ping_status":"open","sticky":false,"template":"","format":"standard","meta":{"footnotes":""},"categories":[1],"tags":[],"class_list":{"0":"post-22836","1":"post","2":"type-post","3":"status-publish","4":"format-standard","5":"has-post-thumbnail","7":"category-uncategorized"},"yoast_head":"<!-- This site is optimized with the Yoast SEO plugin v27.1.1 - https:\/\/yoast.com\/product\/yoast-seo-wordpress\/ -->\n<title>Extraditan a Estados Unidos a un miembro de una banda armada haitiana. - Conexi\u00f3n 23<\/title>\n<meta name=\"robots\" content=\"index, follow, max-snippet:-1, max-image-preview:large, max-video-preview:-1\" \/>\n<link rel=\"canonical\" href=\"https:\/\/conexion23.com\/?p=22836\" \/>\n<meta property=\"og:locale\" content=\"es_ES\" \/>\n<meta property=\"og:type\" content=\"article\" \/>\n<meta property=\"og:title\" content=\"Extraditan a Estados Unidos a un miembro de una banda armada haitiana. - Conexi\u00f3n 23\" \/>\n<meta property=\"og:description\" content=\"La Polic\u00eda Nacional de Hait\u00ed inform\u00f3 que&nbsp;Jhon Peter Fleronvil,&nbsp;miembro del grupo armado conocido como&nbsp;\u201cKokorat San Ras\u201d, fue extraditado a Estados Unidos acusado del secuestro de no menos de 4 ciudadanos de ese pa\u00eds el a\u00f1o pasado. El organismo dijo en su p\u00e1gina de Facebook que Fleronvil fue enviado a Estados Unidos el lunes, \u201ctras una [&hellip;]\" \/>\n<meta property=\"og:url\" content=\"https:\/\/conexion23.com\/?p=22836\" \/>\n<meta property=\"og:site_name\" content=\"Conexi\u00f3n 23\" \/>\n<meta property=\"article:publisher\" content=\"https:\/\/www.facebook.com\/conexion23com\" \/>\n<meta property=\"article:published_time\" content=\"2023-11-23T12:40:46+00:00\" \/>\n<meta property=\"article:modified_time\" content=\"2023-11-23T12:40:48+00:00\" \/>\n<meta property=\"og:image\" content=\"https:\/\/conexion23.com\/wp-content\/uploads\/2023\/11\/img_4001-1-1.webp\" \/>\n\t<meta property=\"og:image:width\" content=\"470\" \/>\n\t<meta property=\"og:image:height\" content=\"303\" \/>\n\t<meta property=\"og:image:type\" content=\"image\/webp\" \/>\n<meta name=\"author\" content=\"Raffy Ben\u00edtez\" \/>\n<meta name=\"twitter:card\" content=\"summary_large_image\" \/>\n<meta name=\"twitter:label1\" content=\"Escrito por\" \/>\n\t<meta name=\"twitter:data1\" content=\"Raffy Ben\u00edtez\" \/>\n\t<meta name=\"twitter:label2\" content=\"Tiempo de lectura\" \/>\n\t<meta name=\"twitter:data2\" content=\"2 minutos\" \/>\n<script type=\"application\/ld+json\" class=\"yoast-schema-graph\">{\"@context\":\"https:\/\/schema.org\",\"@graph\":[{\"@type\":\"Article\",\"@id\":\"https:\/\/conexion23.com\/?p=22836#article\",\"isPartOf\":{\"@id\":\"https:\/\/conexion23.com\/?p=22836\"},\"author\":{\"name\":\"Raffy Ben\u00edtez\",\"@id\":\"https:\/\/conexion23.com\/#\/schema\/person\/03e36043331117e97a373299bbcd30a6\"},\"headline\":\"Extraditan a Estados Unidos a un miembro de una banda armada haitiana.\",\"datePublished\":\"2023-11-23T12:40:46+00:00\",\"dateModified\":\"2023-11-23T12:40:48+00:00\",\"mainEntityOfPage\":{\"@id\":\"https:\/\/conexion23.com\/?p=22836\"},\"wordCount\":390,\"commentCount\":0,\"publisher\":{\"@id\":\"https:\/\/conexion23.com\/#organization\"},\"image\":{\"@id\":\"https:\/\/conexion23.com\/?p=22836#primaryimage\"},\"thumbnailUrl\":\"https:\/\/conexion23.com\/wp-content\/uploads\/2023\/11\/img_4001-1-1.webp\",\"articleSection\":[\"Uncategorized\"],\"inLanguage\":\"es\",\"potentialAction\":[{\"@type\":\"CommentAction\",\"name\":\"Comment\",\"target\":[\"https:\/\/conexion23.com\/?p=22836#respond\"]}]},{\"@type\":\"WebPage\",\"@id\":\"https:\/\/conexion23.com\/?p=22836\",\"url\":\"https:\/\/conexion23.com\/?p=22836\",\"name\":\"Extraditan a Estados Unidos a un miembro de una banda armada haitiana. - Conexi\u00f3n 23\",\"isPartOf\":{\"@id\":\"https:\/\/conexion23.com\/#website\"},\"primaryImageOfPage\":{\"@id\":\"https:\/\/conexion23.com\/?p=22836#primaryimage\"},\"image\":{\"@id\":\"https:\/\/conexion23.com\/?p=22836#primaryimage\"},\"thumbnailUrl\":\"https:\/\/conexion23.com\/wp-content\/uploads\/2023\/11\/img_4001-1-1.webp\",\"datePublished\":\"2023-11-23T12:40:46+00:00\",\"dateModified\":\"2023-11-23T12:40:48+00:00\",\"breadcrumb\":{\"@id\":\"https:\/\/conexion23.com\/?p=22836#breadcrumb\"},\"inLanguage\":\"es\",\"potentialAction\":[{\"@type\":\"ReadAction\",\"target\":[\"https:\/\/conexion23.com\/?p=22836\"]}]},{\"@type\":\"ImageObject\",\"inLanguage\":\"es\",\"@id\":\"https:\/\/conexion23.com\/?p=22836#primaryimage\",\"url\":\"https:\/\/conexion23.com\/wp-content\/uploads\/2023\/11\/img_4001-1-1.webp\",\"contentUrl\":\"https:\/\/conexion23.com\/wp-content\/uploads\/2023\/11\/img_4001-1-1.webp\",\"width\":470,\"height\":303},{\"@type\":\"BreadcrumbList\",\"@id\":\"https:\/\/conexion23.com\/?p=22836#breadcrumb\",\"itemListElement\":[{\"@type\":\"ListItem\",\"position\":1,\"name\":\"Portada\",\"item\":\"https:\/\/conexion23.com\/\"},{\"@type\":\"ListItem\",\"position\":2,\"name\":\"Extraditan a Estados Unidos a un miembro de una banda armada haitiana.\"}]},{\"@type\":\"WebSite\",\"@id\":\"https:\/\/conexion23.com\/#website\",\"url\":\"https:\/\/conexion23.com\/\",\"name\":\"Conexi\u00f3n 23\",\"description\":\"Peri\u00f3dico 100% Petromacorisano\",\"publisher\":{\"@id\":\"https:\/\/conexion23.com\/#organization\"},\"potentialAction\":[{\"@type\":\"SearchAction\",\"target\":{\"@type\":\"EntryPoint\",\"urlTemplate\":\"https:\/\/conexion23.com\/?s={search_term_string}\"},\"query-input\":{\"@type\":\"PropertyValueSpecification\",\"valueRequired\":true,\"valueName\":\"search_term_string\"}}],\"inLanguage\":\"es\"},{\"@type\":\"Organization\",\"@id\":\"https:\/\/conexion23.com\/#organization\",\"name\":\"Conexion 23\",\"url\":\"https:\/\/conexion23.com\/\",\"logo\":{\"@type\":\"ImageObject\",\"inLanguage\":\"es\",\"@id\":\"https:\/\/conexion23.com\/#\/schema\/logo\/image\/\",\"url\":\"https:\/\/conexion23.com\/wp-content\/uploads\/2021\/11\/Diseno-sin-titulo-2.png\",\"contentUrl\":\"https:\/\/conexion23.com\/wp-content\/uploads\/2021\/11\/Diseno-sin-titulo-2.png\",\"width\":541,\"height\":90,\"caption\":\"Conexion 23\"},\"image\":{\"@id\":\"https:\/\/conexion23.com\/#\/schema\/logo\/image\/\"},\"sameAs\":[\"https:\/\/www.facebook.com\/conexion23com\",\"https:\/\/www.instagram.com\/conexion23com\/\",\"https:\/\/www.youtube.com\/channel\/UCYc7vxxFZMYLIHNsHHxPZ3Q\"]},{\"@type\":\"Person\",\"@id\":\"https:\/\/conexion23.com\/#\/schema\/person\/03e36043331117e97a373299bbcd30a6\",\"name\":\"Raffy Ben\u00edtez\",\"image\":{\"@type\":\"ImageObject\",\"inLanguage\":\"es\",\"@id\":\"https:\/\/conexion23.com\/#\/schema\/person\/image\/\",\"url\":\"https:\/\/secure.gravatar.com\/avatar\/3190a6a6c5e1b0327500f7d6c56b6242472ee6cb974cf09b401ee6b3b0798f23?s=96&d=mm&r=g\",\"contentUrl\":\"https:\/\/secure.gravatar.com\/avatar\/3190a6a6c5e1b0327500f7d6c56b6242472ee6cb974cf09b401ee6b3b0798f23?s=96&d=mm&r=g\",\"caption\":\"Raffy Ben\u00edtez\"},\"url\":\"https:\/\/conexion23.com\/?author=15\"}]}<\/script>\n<!-- \/ Yoast SEO plugin. -->","yoast_head_json":{"title":"Extraditan a Estados Unidos a un miembro de una banda armada haitiana. - Conexi\u00f3n 23","robots":{"index":"index","follow":"follow","max-snippet":"max-snippet:-1","max-image-preview":"max-image-preview:large","max-video-preview":"max-video-preview:-1"},"canonical":"https:\/\/conexion23.com\/?p=22836","og_locale":"es_ES","og_type":"article","og_title":"Extraditan a Estados Unidos a un miembro de una banda armada haitiana. - Conexi\u00f3n 23","og_description":"La Polic\u00eda Nacional de Hait\u00ed inform\u00f3 que&nbsp;Jhon Peter Fleronvil,&nbsp;miembro del grupo armado conocido como&nbsp;\u201cKokorat San Ras\u201d, fue extraditado a Estados Unidos acusado del secuestro de no menos de 4 ciudadanos de ese pa\u00eds el a\u00f1o pasado. El organismo dijo en su p\u00e1gina de Facebook que Fleronvil fue enviado a Estados Unidos el lunes, \u201ctras una [&hellip;]","og_url":"https:\/\/conexion23.com\/?p=22836","og_site_name":"Conexi\u00f3n 23","article_publisher":"https:\/\/www.facebook.com\/conexion23com","article_published_time":"2023-11-23T12:40:46+00:00","article_modified_time":"2023-11-23T12:40:48+00:00","og_image":[{"width":470,"height":303,"url":"https:\/\/conexion23.com\/wp-content\/uploads\/2023\/11\/img_4001-1-1.webp","type":"image\/webp"}],"author":"Raffy Ben\u00edtez","twitter_card":"summary_large_image","twitter_misc":{"Escrito por":"Raffy Ben\u00edtez","Tiempo de lectura":"2 minutos"},"schema":{"@context":"https:\/\/schema.org","@graph":[{"@type":"Article","@id":"https:\/\/conexion23.com\/?p=22836#article","isPartOf":{"@id":"https:\/\/conexion23.com\/?p=22836"},"author":{"name":"Raffy Ben\u00edtez","@id":"https:\/\/conexion23.com\/#\/schema\/person\/03e36043331117e97a373299bbcd30a6"},"headline":"Extraditan a Estados Unidos a un miembro de una banda armada haitiana.","datePublished":"2023-11-23T12:40:46+00:00","dateModified":"2023-11-23T12:40:48+00:00","mainEntityOfPage":{"@id":"https:\/\/conexion23.com\/?p=22836"},"wordCount":390,"commentCount":0,"publisher":{"@id":"https:\/\/conexion23.com\/#organization"},"image":{"@id":"https:\/\/conexion23.com\/?p=22836#primaryimage"},"thumbnailUrl":"https:\/\/conexion23.com\/wp-content\/uploads\/2023\/11\/img_4001-1-1.webp","articleSection":["Uncategorized"],"inLanguage":"es","potentialAction":[{"@type":"CommentAction","name":"Comment","target":["https:\/\/conexion23.com\/?p=22836#respond"]}]},{"@type":"WebPage","@id":"https:\/\/conexion23.com\/?p=22836","url":"https:\/\/conexion23.com\/?p=22836","name":"Extraditan a Estados Unidos a un miembro de una banda armada haitiana. - Conexi\u00f3n 23","isPartOf":{"@id":"https:\/\/conexion23.com\/#website"},"primaryImageOfPage":{"@id":"https:\/\/conexion23.com\/?p=22836#primaryimage"},"image":{"@id":"https:\/\/conexion23.com\/?p=22836#primaryimage"},"thumbnailUrl":"https:\/\/conexion23.com\/wp-content\/uploads\/2023\/11\/img_4001-1-1.webp","datePublished":"2023-11-23T12:40:46+00:00","dateModified":"2023-11-23T12:40:48+00:00","breadcrumb":{"@id":"https:\/\/conexion23.com\/?p=22836#breadcrumb"},"inLanguage":"es","potentialAction":[{"@type":"ReadAction","target":["https:\/\/conexion23.com\/?p=22836"]}]},{"@type":"ImageObject","inLanguage":"es","@id":"https:\/\/conexion23.com\/?p=22836#primaryimage","url":"https:\/\/conexion23.com\/wp-content\/uploads\/2023\/11\/img_4001-1-1.webp","contentUrl":"https:\/\/conexion23.com\/wp-content\/uploads\/2023\/11\/img_4001-1-1.webp","width":470,"height":303},{"@type":"BreadcrumbList","@id":"https:\/\/conexion23.com\/?p=22836#breadcrumb","itemListElement":[{"@type":"ListItem","position":1,"name":"Portada","item":"https:\/\/conexion23.com\/"},{"@type":"ListItem","position":2,"name":"Extraditan a Estados Unidos a un miembro de una banda armada haitiana."}]},{"@type":"WebSite","@id":"https:\/\/conexion23.com\/#website","url":"https:\/\/conexion23.com\/","name":"Conexi\u00f3n 23","description":"Peri\u00f3dico 100% Petromacorisano","publisher":{"@id":"https:\/\/conexion23.com\/#organization"},"potentialAction":[{"@type":"SearchAction","target":{"@type":"EntryPoint","urlTemplate":"https:\/\/conexion23.com\/?s={search_term_string}"},"query-input":{"@type":"PropertyValueSpecification","valueRequired":true,"valueName":"search_term_string"}}],"inLanguage":"es"},{"@type":"Organization","@id":"https:\/\/conexion23.com\/#organization","name":"Conexion 23","url":"https:\/\/conexion23.com\/","logo":{"@type":"ImageObject","inLanguage":"es","@id":"https:\/\/conexion23.com\/#\/schema\/logo\/image\/","url":"https:\/\/conexion23.com\/wp-content\/uploads\/2021\/11\/Diseno-sin-titulo-2.png","contentUrl":"https:\/\/conexion23.com\/wp-content\/uploads\/2021\/11\/Diseno-sin-titulo-2.png","width":541,"height":90,"caption":"Conexion 23"},"image":{"@id":"https:\/\/conexion23.com\/#\/schema\/logo\/image\/"},"sameAs":["https:\/\/www.facebook.com\/conexion23com","https:\/\/www.instagram.com\/conexion23com\/","https:\/\/www.youtube.com\/channel\/UCYc7vxxFZMYLIHNsHHxPZ3Q"]},{"@type":"Person","@id":"https:\/\/conexion23.com\/#\/schema\/person\/03e36043331117e97a373299bbcd30a6","name":"Raffy Ben\u00edtez","image":{"@type":"ImageObject","inLanguage":"es","@id":"https:\/\/conexion23.com\/#\/schema\/person\/image\/","url":"https:\/\/secure.gravatar.com\/avatar\/3190a6a6c5e1b0327500f7d6c56b6242472ee6cb974cf09b401ee6b3b0798f23?s=96&d=mm&r=g","contentUrl":"https:\/\/secure.gravatar.com\/avatar\/3190a6a6c5e1b0327500f7d6c56b6242472ee6cb974cf09b401ee6b3b0798f23?s=96&d=mm&r=g","caption":"Raffy Ben\u00edtez"},"url":"https:\/\/conexion23.com\/?author=15"}]}},"_links":{"self":[{"href":"https:\/\/conexion23.com\/index.php?rest_route=\/wp\/v2\/posts\/22836","targetHints":{"allow":["GET"]}}],"collection":[{"href":"https:\/\/conexion23.com\/index.php?rest_route=\/wp\/v2\/posts"}],"about":[{"href":"https:\/\/conexion23.com\/index.php?rest_route=\/wp\/v2\/types\/post"}],"author":[{"embeddable":true,"href":"https:\/\/conexion23.com\/index.php?rest_route=\/wp\/v2\/users\/15"}],"replies":[{"embeddable":true,"href":"https:\/\/conexion23.com\/index.php?rest_route=%2Fwp%2Fv2%2Fcomments&post=22836"}],"version-history":[{"count":1,"href":"https:\/\/conexion23.com\/index.php?rest_route=\/wp\/v2\/posts\/22836\/revisions"}],"predecessor-version":[{"id":22838,"href":"https:\/\/conexion23.com\/index.php?rest_route=\/wp\/v2\/posts\/22836\/revisions\/22838"}],"wp:featuredmedia":[{"embeddable":true,"href":"https:\/\/conexion23.com\/index.php?rest_route=\/wp\/v2\/media\/22837"}],"wp:attachment":[{"href":"https:\/\/conexion23.com\/index.php?rest_route=%2Fwp%2Fv2%2Fmedia&parent=22836"}],"wp:term":[{"taxonomy":"category","embeddable":true,"href":"https:\/\/conexion23.com\/index.php?rest_route=%2Fwp%2Fv2%2Fcategories&post=22836"},{"taxonomy":"post_tag","embeddable":true,"href":"https:\/\/conexion23.com\/index.php?rest_route=%2Fwp%2Fv2%2Ftags&post=22836"}],"curies":[{"name":"wp","href":"https:\/\/api.w.org\/{rel}","templated":true}]}}