{"id":22839,"date":"2023-11-23T08:44:39","date_gmt":"2023-11-23T12:44:39","guid":{"rendered":"https:\/\/conexion23.com\/?p=22839"},"modified":"2023-11-23T08:44:41","modified_gmt":"2023-11-23T12:44:41","slug":"matan-a-machetazos-a-un-interno-en-carcel-modelo-de-spm","status":"publish","type":"post","link":"https:\/\/conexion23.com\/?p=22839","title":{"rendered":"Matan a machetazos a un interno en c\u00e1rcel modelo de SPM."},"content":{"rendered":"\n<p>Un interno que guardaba prisi\u00f3n en el Centro de Correcci\u00f3n y Rehabilitaci\u00f3n&nbsp; CCR-11 en San Pedro de Macor\u00eds, muri\u00f3&nbsp; tras ser atacado a machetazos por otro reo la noche de este lunes.<\/p>\n\n\n\n<p>La v\u00edctima fue identificada como Santo Rosario Marrero de 47 a\u00f1os, residente en Villa Altagracia. Se estableci\u00f3 que la v\u00edctima mortal llevaba 13 a\u00f1os recluido en dicho centro penitenciario.<\/p>\n\n\n\n<p>Fue herido por otros reclusos de varios machetazos en distintas partes de su cuerpo, de d\u00f3nde fue trasladado al Hospital Regional Doctor Antonio Musa.<\/p>\n\n\n\n<p>El parte m\u00e9dico establece que falleci\u00f3 a causa de las heridas causadas con una arma blanca tipo machete, que le provocaron un trauma cr\u00e1neo encef\u00e1lico severo, debido a dos heridas recibidas en la cabeza.<\/p>\n\n\n\n<p>Manuel A. Vega@sabanetaprimero. 829-856-9362 El Whatsapp que te mantiene informado, agr\u00e9galo para que te lleguen las noticias al instante o simplemente para hacer noticia un hecho que ocurra en tu sector.<\/p>\n","protected":false},"excerpt":{"rendered":"<p>Un interno que guardaba prisi\u00f3n en el Centro de Correcci\u00f3n y Rehabilitaci\u00f3n&nbsp; CCR-11 en San Pedro de Macor\u00eds, muri\u00f3&nbsp; tras ser atacado a machetazos por otro reo la noche de este lunes. La v\u00edctima fue identificada como Santo Rosario Marrero de 47 a\u00f1os, residente en Villa Altagracia. Se estableci\u00f3 que la v\u00edctima mortal llevaba 13 [&hellip;]<\/p>\n","protected":false},"author":15,"featured_media":22840,"comment_status":"open","ping_status":"open","sticky":false,"template":"","format":"standard","meta":{"footnotes":""},"categories":[35],"tags":[],"class_list":{"0":"post-22839","1":"post","2":"type-post","3":"status-publish","4":"format-standard","5":"has-post-thumbnail","7":"category-spm"},"yoast_head":"<!-- This site is optimized with the Yoast SEO plugin v27.1.1 - https:\/\/yoast.com\/product\/yoast-seo-wordpress\/ -->\n<title>Matan a machetazos a un interno en c\u00e1rcel modelo de SPM. - Conexi\u00f3n 23<\/title>\n<meta name=\"robots\" content=\"index, follow, max-snippet:-1, max-image-preview:large, max-video-preview:-1\" \/>\n<link rel=\"canonical\" href=\"https:\/\/conexion23.com\/?p=22839\" \/>\n<meta property=\"og:locale\" content=\"es_ES\" \/>\n<meta property=\"og:type\" content=\"article\" \/>\n<meta property=\"og:title\" content=\"Matan a machetazos a un interno en c\u00e1rcel modelo de SPM. - Conexi\u00f3n 23\" \/>\n<meta property=\"og:description\" content=\"Un interno que guardaba prisi\u00f3n en el Centro de Correcci\u00f3n y Rehabilitaci\u00f3n&nbsp; CCR-11 en San Pedro de Macor\u00eds, muri\u00f3&nbsp; tras ser atacado a machetazos por otro reo la noche de este lunes. La v\u00edctima fue identificada como Santo Rosario Marrero de 47 a\u00f1os, residente en Villa Altagracia. Se estableci\u00f3 que la v\u00edctima mortal llevaba 13 [&hellip;]\" \/>\n<meta property=\"og:url\" content=\"https:\/\/conexion23.com\/?p=22839\" \/>\n<meta property=\"og:site_name\" content=\"Conexi\u00f3n 23\" \/>\n<meta property=\"article:publisher\" content=\"https:\/\/www.facebook.com\/conexion23com\" \/>\n<meta property=\"article:published_time\" content=\"2023-11-23T12:44:39+00:00\" \/>\n<meta property=\"article:modified_time\" content=\"2023-11-23T12:44:41+00:00\" \/>\n<meta property=\"og:image\" content=\"https:\/\/conexion23.com\/wp-content\/uploads\/2023\/11\/img_3997-1-780x470-1.webp\" \/>\n\t<meta property=\"og:image:width\" content=\"780\" \/>\n\t<meta property=\"og:image:height\" content=\"470\" \/>\n\t<meta property=\"og:image:type\" content=\"image\/webp\" \/>\n<meta name=\"author\" content=\"Raffy Ben\u00edtez\" \/>\n<meta name=\"twitter:card\" content=\"summary_large_image\" \/>\n<meta name=\"twitter:label1\" content=\"Escrito por\" \/>\n\t<meta name=\"twitter:data1\" content=\"Raffy Ben\u00edtez\" \/>\n\t<meta name=\"twitter:label2\" content=\"Tiempo de lectura\" \/>\n\t<meta name=\"twitter:data2\" content=\"1 minuto\" \/>\n<script type=\"application\/ld+json\" class=\"yoast-schema-graph\">{\"@context\":\"https:\/\/schema.org\",\"@graph\":[{\"@type\":\"Article\",\"@id\":\"https:\/\/conexion23.com\/?p=22839#article\",\"isPartOf\":{\"@id\":\"https:\/\/conexion23.com\/?p=22839\"},\"author\":{\"name\":\"Raffy Ben\u00edtez\",\"@id\":\"https:\/\/conexion23.com\/#\/schema\/person\/03e36043331117e97a373299bbcd30a6\"},\"headline\":\"Matan a machetazos a un interno en c\u00e1rcel modelo de SPM.\",\"datePublished\":\"2023-11-23T12:44:39+00:00\",\"dateModified\":\"2023-11-23T12:44:41+00:00\",\"mainEntityOfPage\":{\"@id\":\"https:\/\/conexion23.com\/?p=22839\"},\"wordCount\":177,\"commentCount\":0,\"publisher\":{\"@id\":\"https:\/\/conexion23.com\/#organization\"},\"image\":{\"@id\":\"https:\/\/conexion23.com\/?p=22839#primaryimage\"},\"thumbnailUrl\":\"https:\/\/conexion23.com\/wp-content\/uploads\/2023\/11\/img_3997-1-780x470-1.webp\",\"articleSection\":[\"SPM\"],\"inLanguage\":\"es\",\"potentialAction\":[{\"@type\":\"CommentAction\",\"name\":\"Comment\",\"target\":[\"https:\/\/conexion23.com\/?p=22839#respond\"]}]},{\"@type\":\"WebPage\",\"@id\":\"https:\/\/conexion23.com\/?p=22839\",\"url\":\"https:\/\/conexion23.com\/?p=22839\",\"name\":\"Matan a machetazos a un interno en c\u00e1rcel modelo de SPM. - Conexi\u00f3n 23\",\"isPartOf\":{\"@id\":\"https:\/\/conexion23.com\/#website\"},\"primaryImageOfPage\":{\"@id\":\"https:\/\/conexion23.com\/?p=22839#primaryimage\"},\"image\":{\"@id\":\"https:\/\/conexion23.com\/?p=22839#primaryimage\"},\"thumbnailUrl\":\"https:\/\/conexion23.com\/wp-content\/uploads\/2023\/11\/img_3997-1-780x470-1.webp\",\"datePublished\":\"2023-11-23T12:44:39+00:00\",\"dateModified\":\"2023-11-23T12:44:41+00:00\",\"breadcrumb\":{\"@id\":\"https:\/\/conexion23.com\/?p=22839#breadcrumb\"},\"inLanguage\":\"es\",\"potentialAction\":[{\"@type\":\"ReadAction\",\"target\":[\"https:\/\/conexion23.com\/?p=22839\"]}]},{\"@type\":\"ImageObject\",\"inLanguage\":\"es\",\"@id\":\"https:\/\/conexion23.com\/?p=22839#primaryimage\",\"url\":\"https:\/\/conexion23.com\/wp-content\/uploads\/2023\/11\/img_3997-1-780x470-1.webp\",\"contentUrl\":\"https:\/\/conexion23.com\/wp-content\/uploads\/2023\/11\/img_3997-1-780x470-1.webp\",\"width\":780,\"height\":470},{\"@type\":\"BreadcrumbList\",\"@id\":\"https:\/\/conexion23.com\/?p=22839#breadcrumb\",\"itemListElement\":[{\"@type\":\"ListItem\",\"position\":1,\"name\":\"Portada\",\"item\":\"https:\/\/conexion23.com\/\"},{\"@type\":\"ListItem\",\"position\":2,\"name\":\"Matan a machetazos a un interno en c\u00e1rcel modelo de SPM.\"}]},{\"@type\":\"WebSite\",\"@id\":\"https:\/\/conexion23.com\/#website\",\"url\":\"https:\/\/conexion23.com\/\",\"name\":\"Conexi\u00f3n 23\",\"description\":\"Peri\u00f3dico 100% Petromacorisano\",\"publisher\":{\"@id\":\"https:\/\/conexion23.com\/#organization\"},\"potentialAction\":[{\"@type\":\"SearchAction\",\"target\":{\"@type\":\"EntryPoint\",\"urlTemplate\":\"https:\/\/conexion23.com\/?s={search_term_string}\"},\"query-input\":{\"@type\":\"PropertyValueSpecification\",\"valueRequired\":true,\"valueName\":\"search_term_string\"}}],\"inLanguage\":\"es\"},{\"@type\":\"Organization\",\"@id\":\"https:\/\/conexion23.com\/#organization\",\"name\":\"Conexion 23\",\"url\":\"https:\/\/conexion23.com\/\",\"logo\":{\"@type\":\"ImageObject\",\"inLanguage\":\"es\",\"@id\":\"https:\/\/conexion23.com\/#\/schema\/logo\/image\/\",\"url\":\"https:\/\/conexion23.com\/wp-content\/uploads\/2021\/11\/Diseno-sin-titulo-2.png\",\"contentUrl\":\"https:\/\/conexion23.com\/wp-content\/uploads\/2021\/11\/Diseno-sin-titulo-2.png\",\"width\":541,\"height\":90,\"caption\":\"Conexion 23\"},\"image\":{\"@id\":\"https:\/\/conexion23.com\/#\/schema\/logo\/image\/\"},\"sameAs\":[\"https:\/\/www.facebook.com\/conexion23com\",\"https:\/\/www.instagram.com\/conexion23com\/\",\"https:\/\/www.youtube.com\/channel\/UCYc7vxxFZMYLIHNsHHxPZ3Q\"]},{\"@type\":\"Person\",\"@id\":\"https:\/\/conexion23.com\/#\/schema\/person\/03e36043331117e97a373299bbcd30a6\",\"name\":\"Raffy Ben\u00edtez\",\"image\":{\"@type\":\"ImageObject\",\"inLanguage\":\"es\",\"@id\":\"https:\/\/conexion23.com\/#\/schema\/person\/image\/\",\"url\":\"https:\/\/secure.gravatar.com\/avatar\/3190a6a6c5e1b0327500f7d6c56b6242472ee6cb974cf09b401ee6b3b0798f23?s=96&d=mm&r=g\",\"contentUrl\":\"https:\/\/secure.gravatar.com\/avatar\/3190a6a6c5e1b0327500f7d6c56b6242472ee6cb974cf09b401ee6b3b0798f23?s=96&d=mm&r=g\",\"caption\":\"Raffy Ben\u00edtez\"},\"url\":\"https:\/\/conexion23.com\/?author=15\"}]}<\/script>\n<!-- \/ Yoast SEO plugin. -->","yoast_head_json":{"title":"Matan a machetazos a un interno en c\u00e1rcel modelo de SPM. - Conexi\u00f3n 23","robots":{"index":"index","follow":"follow","max-snippet":"max-snippet:-1","max-image-preview":"max-image-preview:large","max-video-preview":"max-video-preview:-1"},"canonical":"https:\/\/conexion23.com\/?p=22839","og_locale":"es_ES","og_type":"article","og_title":"Matan a machetazos a un interno en c\u00e1rcel modelo de SPM. - Conexi\u00f3n 23","og_description":"Un interno que guardaba prisi\u00f3n en el Centro de Correcci\u00f3n y Rehabilitaci\u00f3n&nbsp; CCR-11 en San Pedro de Macor\u00eds, muri\u00f3&nbsp; tras ser atacado a machetazos por otro reo la noche de este lunes. La v\u00edctima fue identificada como Santo Rosario Marrero de 47 a\u00f1os, residente en Villa Altagracia. Se estableci\u00f3 que la v\u00edctima mortal llevaba 13 [&hellip;]","og_url":"https:\/\/conexion23.com\/?p=22839","og_site_name":"Conexi\u00f3n 23","article_publisher":"https:\/\/www.facebook.com\/conexion23com","article_published_time":"2023-11-23T12:44:39+00:00","article_modified_time":"2023-11-23T12:44:41+00:00","og_image":[{"width":780,"height":470,"url":"https:\/\/conexion23.com\/wp-content\/uploads\/2023\/11\/img_3997-1-780x470-1.webp","type":"image\/webp"}],"author":"Raffy Ben\u00edtez","twitter_card":"summary_large_image","twitter_misc":{"Escrito por":"Raffy Ben\u00edtez","Tiempo de lectura":"1 minuto"},"schema":{"@context":"https:\/\/schema.org","@graph":[{"@type":"Article","@id":"https:\/\/conexion23.com\/?p=22839#article","isPartOf":{"@id":"https:\/\/conexion23.com\/?p=22839"},"author":{"name":"Raffy Ben\u00edtez","@id":"https:\/\/conexion23.com\/#\/schema\/person\/03e36043331117e97a373299bbcd30a6"},"headline":"Matan a machetazos a un interno en c\u00e1rcel modelo de SPM.","datePublished":"2023-11-23T12:44:39+00:00","dateModified":"2023-11-23T12:44:41+00:00","mainEntityOfPage":{"@id":"https:\/\/conexion23.com\/?p=22839"},"wordCount":177,"commentCount":0,"publisher":{"@id":"https:\/\/conexion23.com\/#organization"},"image":{"@id":"https:\/\/conexion23.com\/?p=22839#primaryimage"},"thumbnailUrl":"https:\/\/conexion23.com\/wp-content\/uploads\/2023\/11\/img_3997-1-780x470-1.webp","articleSection":["SPM"],"inLanguage":"es","potentialAction":[{"@type":"CommentAction","name":"Comment","target":["https:\/\/conexion23.com\/?p=22839#respond"]}]},{"@type":"WebPage","@id":"https:\/\/conexion23.com\/?p=22839","url":"https:\/\/conexion23.com\/?p=22839","name":"Matan a machetazos a un interno en c\u00e1rcel modelo de SPM. - Conexi\u00f3n 23","isPartOf":{"@id":"https:\/\/conexion23.com\/#website"},"primaryImageOfPage":{"@id":"https:\/\/conexion23.com\/?p=22839#primaryimage"},"image":{"@id":"https:\/\/conexion23.com\/?p=22839#primaryimage"},"thumbnailUrl":"https:\/\/conexion23.com\/wp-content\/uploads\/2023\/11\/img_3997-1-780x470-1.webp","datePublished":"2023-11-23T12:44:39+00:00","dateModified":"2023-11-23T12:44:41+00:00","breadcrumb":{"@id":"https:\/\/conexion23.com\/?p=22839#breadcrumb"},"inLanguage":"es","potentialAction":[{"@type":"ReadAction","target":["https:\/\/conexion23.com\/?p=22839"]}]},{"@type":"ImageObject","inLanguage":"es","@id":"https:\/\/conexion23.com\/?p=22839#primaryimage","url":"https:\/\/conexion23.com\/wp-content\/uploads\/2023\/11\/img_3997-1-780x470-1.webp","contentUrl":"https:\/\/conexion23.com\/wp-content\/uploads\/2023\/11\/img_3997-1-780x470-1.webp","width":780,"height":470},{"@type":"BreadcrumbList","@id":"https:\/\/conexion23.com\/?p=22839#breadcrumb","itemListElement":[{"@type":"ListItem","position":1,"name":"Portada","item":"https:\/\/conexion23.com\/"},{"@type":"ListItem","position":2,"name":"Matan a machetazos a un interno en c\u00e1rcel modelo de SPM."}]},{"@type":"WebSite","@id":"https:\/\/conexion23.com\/#website","url":"https:\/\/conexion23.com\/","name":"Conexi\u00f3n 23","description":"Peri\u00f3dico 100% Petromacorisano","publisher":{"@id":"https:\/\/conexion23.com\/#organization"},"potentialAction":[{"@type":"SearchAction","target":{"@type":"EntryPoint","urlTemplate":"https:\/\/conexion23.com\/?s={search_term_string}"},"query-input":{"@type":"PropertyValueSpecification","valueRequired":true,"valueName":"search_term_string"}}],"inLanguage":"es"},{"@type":"Organization","@id":"https:\/\/conexion23.com\/#organization","name":"Conexion 23","url":"https:\/\/conexion23.com\/","logo":{"@type":"ImageObject","inLanguage":"es","@id":"https:\/\/conexion23.com\/#\/schema\/logo\/image\/","url":"https:\/\/conexion23.com\/wp-content\/uploads\/2021\/11\/Diseno-sin-titulo-2.png","contentUrl":"https:\/\/conexion23.com\/wp-content\/uploads\/2021\/11\/Diseno-sin-titulo-2.png","width":541,"height":90,"caption":"Conexion 23"},"image":{"@id":"https:\/\/conexion23.com\/#\/schema\/logo\/image\/"},"sameAs":["https:\/\/www.facebook.com\/conexion23com","https:\/\/www.instagram.com\/conexion23com\/","https:\/\/www.youtube.com\/channel\/UCYc7vxxFZMYLIHNsHHxPZ3Q"]},{"@type":"Person","@id":"https:\/\/conexion23.com\/#\/schema\/person\/03e36043331117e97a373299bbcd30a6","name":"Raffy Ben\u00edtez","image":{"@type":"ImageObject","inLanguage":"es","@id":"https:\/\/conexion23.com\/#\/schema\/person\/image\/","url":"https:\/\/secure.gravatar.com\/avatar\/3190a6a6c5e1b0327500f7d6c56b6242472ee6cb974cf09b401ee6b3b0798f23?s=96&d=mm&r=g","contentUrl":"https:\/\/secure.gravatar.com\/avatar\/3190a6a6c5e1b0327500f7d6c56b6242472ee6cb974cf09b401ee6b3b0798f23?s=96&d=mm&r=g","caption":"Raffy Ben\u00edtez"},"url":"https:\/\/conexion23.com\/?author=15"}]}},"_links":{"self":[{"href":"https:\/\/conexion23.com\/index.php?rest_route=\/wp\/v2\/posts\/22839","targetHints":{"allow":["GET"]}}],"collection":[{"href":"https:\/\/conexion23.com\/index.php?rest_route=\/wp\/v2\/posts"}],"about":[{"href":"https:\/\/conexion23.com\/index.php?rest_route=\/wp\/v2\/types\/post"}],"author":[{"embeddable":true,"href":"https:\/\/conexion23.com\/index.php?rest_route=\/wp\/v2\/users\/15"}],"replies":[{"embeddable":true,"href":"https:\/\/conexion23.com\/index.php?rest_route=%2Fwp%2Fv2%2Fcomments&post=22839"}],"version-history":[{"count":1,"href":"https:\/\/conexion23.com\/index.php?rest_route=\/wp\/v2\/posts\/22839\/revisions"}],"predecessor-version":[{"id":22841,"href":"https:\/\/conexion23.com\/index.php?rest_route=\/wp\/v2\/posts\/22839\/revisions\/22841"}],"wp:featuredmedia":[{"embeddable":true,"href":"https:\/\/conexion23.com\/index.php?rest_route=\/wp\/v2\/media\/22840"}],"wp:attachment":[{"href":"https:\/\/conexion23.com\/index.php?rest_route=%2Fwp%2Fv2%2Fmedia&parent=22839"}],"wp:term":[{"taxonomy":"category","embeddable":true,"href":"https:\/\/conexion23.com\/index.php?rest_route=%2Fwp%2Fv2%2Fcategories&post=22839"},{"taxonomy":"post_tag","embeddable":true,"href":"https:\/\/conexion23.com\/index.php?rest_route=%2Fwp%2Fv2%2Ftags&post=22839"}],"curies":[{"name":"wp","href":"https:\/\/api.w.org\/{rel}","templated":true}]}}