{"id":22890,"date":"2023-11-25T08:18:14","date_gmt":"2023-11-25T12:18:14","guid":{"rendered":"https:\/\/conexion23.com\/?p=22890"},"modified":"2023-11-25T08:18:16","modified_gmt":"2023-11-25T12:18:16","slug":"profesor-higueyano-y-su-sobrino-acusados-de-matar-a-estudiante-tendran-que-enfrentar-a-la-justicia-en-juicio-de-fondo","status":"publish","type":"post","link":"https:\/\/conexion23.com\/?p=22890","title":{"rendered":"Profesor Higueyano y su sobrino acusados de matar a estudiante tendran que enfrentar a la justicia en juicio de fondo."},"content":{"rendered":"\n<p><strong>El Juzgado Penal del Distrito Judicial de La Altagracia<\/strong>&nbsp;envi\u00f3 a juicio de fondo al profesor&nbsp;<strong>John Kelly Mart\u00ednez<\/strong>&nbsp;y a su sobrino&nbsp;<strong>Rubiel Morillo Mart\u00ednez<\/strong>, por la muerte de la adolescente de 16 a\u00f1os&nbsp;<strong>Esmeralda Richiez Mart\u00ednez.<\/strong><\/p>\n\n\n\n<p>La jueza\u00a0<strong>Alexandra Reyes Custodio\u00a0<\/strong>determin\u00f3 que hab\u00eda suficientes elementos probatorios para el env\u00edo a juicio de fondo en contra del educador y su sobrino-<\/p>\n\n\n\n<p>El abogado de la parte acusadora,<strong>\u00a0Silvestre Antonio Rodr\u00edguez<\/strong>, explic\u00f3 que el caso fue enviado a juicio de fondo con todos los elementos de pruebas necesarios.<\/p>\n\n\n\n<figure class=\"wp-block-image\"><a href=\"https:\/\/blogger.googleusercontent.com\/img\/a\/AVvXsEjDUqTHKsXkHnJafI2BvObr04HoyrS1XtER4XkR25bPDbwAsUXt20Gt71ktvOn5vPn2LO9TQBDca8-8n_PDShrQDhEarWX85wg_8EsLZJAmKwTREIvX5FWVPd1X_zCU-R-E3b8Hn4Iuj2TQB9RrFBUPUMf7YvHxnnTqouUDKVME9PqJxeW9_AOEzDOzrxE\"><img decoding=\"async\" src=\"https:\/\/blogger.googleusercontent.com\/img\/a\/AVvXsEjDUqTHKsXkHnJafI2BvObr04HoyrS1XtER4XkR25bPDbwAsUXt20Gt71ktvOn5vPn2LO9TQBDca8-8n_PDShrQDhEarWX85wg_8EsLZJAmKwTREIvX5FWVPd1X_zCU-R-E3b8Hn4Iuj2TQB9RrFBUPUMf7YvHxnnTqouUDKVME9PqJxeW9_AOEzDOzrxE=w640-h314\" alt=\"\"\/><\/a><\/figure>\n\n\n\n<p>&nbsp;En el caso hay alrededor de 30 a 40 elementos probatorios, dentro de los cuales est\u00e1n; los testimoniales, las periciales, pruebas de laboratorio a los fluidos, entre otras.<\/p>\n\n\n\n<p>John Kelly Mart\u00ednez quien lleva 8 meses recluido en la\u00a0<strong>C\u00e1rcel de Anamuya CCR-14 Hig\u00fcey<\/strong>, donde permanece aislado de los dem\u00e1s internos, es se\u00f1alado por el Ministerio P\u00fablico de ser responsable de la muerte de la estudiante\u00a0<strong>Esmeralda Richiez.<\/strong><\/p>\n\n\n\n<p>&nbsp; &nbsp; Cabe detallar que el 24 del pasado mes de mayo, el Juzgado de la&nbsp;<strong>Instrucci\u00f3n del Distrito Judicial de La Altagracia<\/strong>&nbsp;ratific\u00f3 la medida de un a\u00f1o de prisi\u00f3n preventiva, como medida de coerci\u00f3n, contra Mart\u00ednez, misma que fue dictada el 20 de febrero.<\/p>\n\n\n\n<p>&nbsp; &nbsp; &nbsp; La fiscal\u00eda de esta demarcaci\u00f3n present\u00f3 el 12 de junio la acusaci\u00f3n y la solicitud de la apertura del juicio al Juzgado de la Instrucci\u00f3n de La Altagracia, contra John Kelly Mart\u00ednez y su sobrino Rubiel Morillo Mart\u00ednez.<\/p>\n","protected":false},"excerpt":{"rendered":"<p>El Juzgado Penal del Distrito Judicial de La Altagracia&nbsp;envi\u00f3 a juicio de fondo al profesor&nbsp;John Kelly Mart\u00ednez&nbsp;y a su sobrino&nbsp;Rubiel Morillo Mart\u00ednez, por la muerte de la adolescente de 16 a\u00f1os&nbsp;Esmeralda Richiez Mart\u00ednez. La jueza\u00a0Alexandra Reyes Custodio\u00a0determin\u00f3 que hab\u00eda suficientes elementos probatorios para el env\u00edo a juicio de fondo en contra del educador y su [&hellip;]<\/p>\n","protected":false},"author":15,"featured_media":22891,"comment_status":"open","ping_status":"open","sticky":false,"template":"","format":"standard","meta":{"footnotes":""},"categories":[2474],"tags":[],"class_list":{"0":"post-22890","1":"post","2":"type-post","3":"status-publish","4":"format-standard","5":"has-post-thumbnail","7":"category-la-altagracia"},"yoast_head":"<!-- This site is optimized with the Yoast SEO plugin v27.1.1 - https:\/\/yoast.com\/product\/yoast-seo-wordpress\/ -->\n<title>Profesor Higueyano y su sobrino acusados de matar a estudiante tendran que enfrentar a la justicia en juicio de fondo. - Conexi\u00f3n 23<\/title>\n<meta name=\"robots\" content=\"index, follow, max-snippet:-1, max-image-preview:large, max-video-preview:-1\" \/>\n<link rel=\"canonical\" href=\"https:\/\/conexion23.com\/?p=22890\" \/>\n<meta property=\"og:locale\" content=\"es_ES\" \/>\n<meta property=\"og:type\" content=\"article\" \/>\n<meta property=\"og:title\" content=\"Profesor Higueyano y su sobrino acusados de matar a estudiante tendran que enfrentar a la justicia en juicio de fondo. - Conexi\u00f3n 23\" \/>\n<meta property=\"og:description\" content=\"El Juzgado Penal del Distrito Judicial de La Altagracia&nbsp;envi\u00f3 a juicio de fondo al profesor&nbsp;John Kelly Mart\u00ednez&nbsp;y a su sobrino&nbsp;Rubiel Morillo Mart\u00ednez, por la muerte de la adolescente de 16 a\u00f1os&nbsp;Esmeralda Richiez Mart\u00ednez. La jueza\u00a0Alexandra Reyes Custodio\u00a0determin\u00f3 que hab\u00eda suficientes elementos probatorios para el env\u00edo a juicio de fondo en contra del educador y su [&hellip;]\" \/>\n<meta property=\"og:url\" content=\"https:\/\/conexion23.com\/?p=22890\" \/>\n<meta property=\"og:site_name\" content=\"Conexi\u00f3n 23\" \/>\n<meta property=\"article:publisher\" content=\"https:\/\/www.facebook.com\/conexion23com\" \/>\n<meta property=\"article:published_time\" content=\"2023-11-25T12:18:14+00:00\" \/>\n<meta property=\"article:modified_time\" content=\"2023-11-25T12:18:16+00:00\" \/>\n<meta property=\"og:image\" content=\"https:\/\/conexion23.com\/wp-content\/uploads\/2023\/11\/Imagen-de-WhatsApp-2023-11-24-a-las-19.29.30_c17b0154.jpg\" \/>\n\t<meta property=\"og:image:width\" content=\"634\" \/>\n\t<meta property=\"og:image:height\" content=\"391\" \/>\n\t<meta property=\"og:image:type\" content=\"image\/jpeg\" \/>\n<meta name=\"author\" content=\"Raffy Ben\u00edtez\" \/>\n<meta name=\"twitter:card\" content=\"summary_large_image\" \/>\n<meta name=\"twitter:label1\" content=\"Escrito por\" \/>\n\t<meta name=\"twitter:data1\" content=\"Raffy Ben\u00edtez\" \/>\n\t<meta name=\"twitter:label2\" content=\"Tiempo de lectura\" \/>\n\t<meta name=\"twitter:data2\" content=\"2 minutos\" \/>\n<script type=\"application\/ld+json\" class=\"yoast-schema-graph\">{\"@context\":\"https:\/\/schema.org\",\"@graph\":[{\"@type\":\"Article\",\"@id\":\"https:\/\/conexion23.com\/?p=22890#article\",\"isPartOf\":{\"@id\":\"https:\/\/conexion23.com\/?p=22890\"},\"author\":{\"name\":\"Raffy Ben\u00edtez\",\"@id\":\"https:\/\/conexion23.com\/#\/schema\/person\/03e36043331117e97a373299bbcd30a6\"},\"headline\":\"Profesor Higueyano y su sobrino acusados de matar a estudiante tendran que enfrentar a la justicia en juicio de fondo.\",\"datePublished\":\"2023-11-25T12:18:14+00:00\",\"dateModified\":\"2023-11-25T12:18:16+00:00\",\"mainEntityOfPage\":{\"@id\":\"https:\/\/conexion23.com\/?p=22890\"},\"wordCount\":289,\"commentCount\":0,\"publisher\":{\"@id\":\"https:\/\/conexion23.com\/#organization\"},\"image\":{\"@id\":\"https:\/\/conexion23.com\/?p=22890#primaryimage\"},\"thumbnailUrl\":\"https:\/\/conexion23.com\/wp-content\/uploads\/2023\/11\/Imagen-de-WhatsApp-2023-11-24-a-las-19.29.30_c17b0154.jpg\",\"articleSection\":[\"La Altagracia\"],\"inLanguage\":\"es\",\"potentialAction\":[{\"@type\":\"CommentAction\",\"name\":\"Comment\",\"target\":[\"https:\/\/conexion23.com\/?p=22890#respond\"]}]},{\"@type\":\"WebPage\",\"@id\":\"https:\/\/conexion23.com\/?p=22890\",\"url\":\"https:\/\/conexion23.com\/?p=22890\",\"name\":\"Profesor Higueyano y su sobrino acusados de matar a estudiante tendran que enfrentar a la justicia en juicio de fondo. - Conexi\u00f3n 23\",\"isPartOf\":{\"@id\":\"https:\/\/conexion23.com\/#website\"},\"primaryImageOfPage\":{\"@id\":\"https:\/\/conexion23.com\/?p=22890#primaryimage\"},\"image\":{\"@id\":\"https:\/\/conexion23.com\/?p=22890#primaryimage\"},\"thumbnailUrl\":\"https:\/\/conexion23.com\/wp-content\/uploads\/2023\/11\/Imagen-de-WhatsApp-2023-11-24-a-las-19.29.30_c17b0154.jpg\",\"datePublished\":\"2023-11-25T12:18:14+00:00\",\"dateModified\":\"2023-11-25T12:18:16+00:00\",\"breadcrumb\":{\"@id\":\"https:\/\/conexion23.com\/?p=22890#breadcrumb\"},\"inLanguage\":\"es\",\"potentialAction\":[{\"@type\":\"ReadAction\",\"target\":[\"https:\/\/conexion23.com\/?p=22890\"]}]},{\"@type\":\"ImageObject\",\"inLanguage\":\"es\",\"@id\":\"https:\/\/conexion23.com\/?p=22890#primaryimage\",\"url\":\"https:\/\/conexion23.com\/wp-content\/uploads\/2023\/11\/Imagen-de-WhatsApp-2023-11-24-a-las-19.29.30_c17b0154.jpg\",\"contentUrl\":\"https:\/\/conexion23.com\/wp-content\/uploads\/2023\/11\/Imagen-de-WhatsApp-2023-11-24-a-las-19.29.30_c17b0154.jpg\",\"width\":634,\"height\":391},{\"@type\":\"BreadcrumbList\",\"@id\":\"https:\/\/conexion23.com\/?p=22890#breadcrumb\",\"itemListElement\":[{\"@type\":\"ListItem\",\"position\":1,\"name\":\"Portada\",\"item\":\"https:\/\/conexion23.com\/\"},{\"@type\":\"ListItem\",\"position\":2,\"name\":\"Profesor Higueyano y su sobrino acusados de matar a estudiante tendran que enfrentar a la justicia en juicio de fondo.\"}]},{\"@type\":\"WebSite\",\"@id\":\"https:\/\/conexion23.com\/#website\",\"url\":\"https:\/\/conexion23.com\/\",\"name\":\"Conexi\u00f3n 23\",\"description\":\"Peri\u00f3dico 100% Petromacorisano\",\"publisher\":{\"@id\":\"https:\/\/conexion23.com\/#organization\"},\"potentialAction\":[{\"@type\":\"SearchAction\",\"target\":{\"@type\":\"EntryPoint\",\"urlTemplate\":\"https:\/\/conexion23.com\/?s={search_term_string}\"},\"query-input\":{\"@type\":\"PropertyValueSpecification\",\"valueRequired\":true,\"valueName\":\"search_term_string\"}}],\"inLanguage\":\"es\"},{\"@type\":\"Organization\",\"@id\":\"https:\/\/conexion23.com\/#organization\",\"name\":\"Conexion 23\",\"url\":\"https:\/\/conexion23.com\/\",\"logo\":{\"@type\":\"ImageObject\",\"inLanguage\":\"es\",\"@id\":\"https:\/\/conexion23.com\/#\/schema\/logo\/image\/\",\"url\":\"https:\/\/conexion23.com\/wp-content\/uploads\/2021\/11\/Diseno-sin-titulo-2.png\",\"contentUrl\":\"https:\/\/conexion23.com\/wp-content\/uploads\/2021\/11\/Diseno-sin-titulo-2.png\",\"width\":541,\"height\":90,\"caption\":\"Conexion 23\"},\"image\":{\"@id\":\"https:\/\/conexion23.com\/#\/schema\/logo\/image\/\"},\"sameAs\":[\"https:\/\/www.facebook.com\/conexion23com\",\"https:\/\/www.instagram.com\/conexion23com\/\",\"https:\/\/www.youtube.com\/channel\/UCYc7vxxFZMYLIHNsHHxPZ3Q\"]},{\"@type\":\"Person\",\"@id\":\"https:\/\/conexion23.com\/#\/schema\/person\/03e36043331117e97a373299bbcd30a6\",\"name\":\"Raffy Ben\u00edtez\",\"image\":{\"@type\":\"ImageObject\",\"inLanguage\":\"es\",\"@id\":\"https:\/\/conexion23.com\/#\/schema\/person\/image\/\",\"url\":\"https:\/\/secure.gravatar.com\/avatar\/3190a6a6c5e1b0327500f7d6c56b6242472ee6cb974cf09b401ee6b3b0798f23?s=96&d=mm&r=g\",\"contentUrl\":\"https:\/\/secure.gravatar.com\/avatar\/3190a6a6c5e1b0327500f7d6c56b6242472ee6cb974cf09b401ee6b3b0798f23?s=96&d=mm&r=g\",\"caption\":\"Raffy Ben\u00edtez\"},\"url\":\"https:\/\/conexion23.com\/?author=15\"}]}<\/script>\n<!-- \/ Yoast SEO plugin. -->","yoast_head_json":{"title":"Profesor Higueyano y su sobrino acusados de matar a estudiante tendran que enfrentar a la justicia en juicio de fondo. - Conexi\u00f3n 23","robots":{"index":"index","follow":"follow","max-snippet":"max-snippet:-1","max-image-preview":"max-image-preview:large","max-video-preview":"max-video-preview:-1"},"canonical":"https:\/\/conexion23.com\/?p=22890","og_locale":"es_ES","og_type":"article","og_title":"Profesor Higueyano y su sobrino acusados de matar a estudiante tendran que enfrentar a la justicia en juicio de fondo. - Conexi\u00f3n 23","og_description":"El Juzgado Penal del Distrito Judicial de La Altagracia&nbsp;envi\u00f3 a juicio de fondo al profesor&nbsp;John Kelly Mart\u00ednez&nbsp;y a su sobrino&nbsp;Rubiel Morillo Mart\u00ednez, por la muerte de la adolescente de 16 a\u00f1os&nbsp;Esmeralda Richiez Mart\u00ednez. La jueza\u00a0Alexandra Reyes Custodio\u00a0determin\u00f3 que hab\u00eda suficientes elementos probatorios para el env\u00edo a juicio de fondo en contra del educador y su [&hellip;]","og_url":"https:\/\/conexion23.com\/?p=22890","og_site_name":"Conexi\u00f3n 23","article_publisher":"https:\/\/www.facebook.com\/conexion23com","article_published_time":"2023-11-25T12:18:14+00:00","article_modified_time":"2023-11-25T12:18:16+00:00","og_image":[{"width":634,"height":391,"url":"https:\/\/conexion23.com\/wp-content\/uploads\/2023\/11\/Imagen-de-WhatsApp-2023-11-24-a-las-19.29.30_c17b0154.jpg","type":"image\/jpeg"}],"author":"Raffy Ben\u00edtez","twitter_card":"summary_large_image","twitter_misc":{"Escrito por":"Raffy Ben\u00edtez","Tiempo de lectura":"2 minutos"},"schema":{"@context":"https:\/\/schema.org","@graph":[{"@type":"Article","@id":"https:\/\/conexion23.com\/?p=22890#article","isPartOf":{"@id":"https:\/\/conexion23.com\/?p=22890"},"author":{"name":"Raffy Ben\u00edtez","@id":"https:\/\/conexion23.com\/#\/schema\/person\/03e36043331117e97a373299bbcd30a6"},"headline":"Profesor Higueyano y su sobrino acusados de matar a estudiante tendran que enfrentar a la justicia en juicio de fondo.","datePublished":"2023-11-25T12:18:14+00:00","dateModified":"2023-11-25T12:18:16+00:00","mainEntityOfPage":{"@id":"https:\/\/conexion23.com\/?p=22890"},"wordCount":289,"commentCount":0,"publisher":{"@id":"https:\/\/conexion23.com\/#organization"},"image":{"@id":"https:\/\/conexion23.com\/?p=22890#primaryimage"},"thumbnailUrl":"https:\/\/conexion23.com\/wp-content\/uploads\/2023\/11\/Imagen-de-WhatsApp-2023-11-24-a-las-19.29.30_c17b0154.jpg","articleSection":["La Altagracia"],"inLanguage":"es","potentialAction":[{"@type":"CommentAction","name":"Comment","target":["https:\/\/conexion23.com\/?p=22890#respond"]}]},{"@type":"WebPage","@id":"https:\/\/conexion23.com\/?p=22890","url":"https:\/\/conexion23.com\/?p=22890","name":"Profesor Higueyano y su sobrino acusados de matar a estudiante tendran que enfrentar a la justicia en juicio de fondo. - Conexi\u00f3n 23","isPartOf":{"@id":"https:\/\/conexion23.com\/#website"},"primaryImageOfPage":{"@id":"https:\/\/conexion23.com\/?p=22890#primaryimage"},"image":{"@id":"https:\/\/conexion23.com\/?p=22890#primaryimage"},"thumbnailUrl":"https:\/\/conexion23.com\/wp-content\/uploads\/2023\/11\/Imagen-de-WhatsApp-2023-11-24-a-las-19.29.30_c17b0154.jpg","datePublished":"2023-11-25T12:18:14+00:00","dateModified":"2023-11-25T12:18:16+00:00","breadcrumb":{"@id":"https:\/\/conexion23.com\/?p=22890#breadcrumb"},"inLanguage":"es","potentialAction":[{"@type":"ReadAction","target":["https:\/\/conexion23.com\/?p=22890"]}]},{"@type":"ImageObject","inLanguage":"es","@id":"https:\/\/conexion23.com\/?p=22890#primaryimage","url":"https:\/\/conexion23.com\/wp-content\/uploads\/2023\/11\/Imagen-de-WhatsApp-2023-11-24-a-las-19.29.30_c17b0154.jpg","contentUrl":"https:\/\/conexion23.com\/wp-content\/uploads\/2023\/11\/Imagen-de-WhatsApp-2023-11-24-a-las-19.29.30_c17b0154.jpg","width":634,"height":391},{"@type":"BreadcrumbList","@id":"https:\/\/conexion23.com\/?p=22890#breadcrumb","itemListElement":[{"@type":"ListItem","position":1,"name":"Portada","item":"https:\/\/conexion23.com\/"},{"@type":"ListItem","position":2,"name":"Profesor Higueyano y su sobrino acusados de matar a estudiante tendran que enfrentar a la justicia en juicio de fondo."}]},{"@type":"WebSite","@id":"https:\/\/conexion23.com\/#website","url":"https:\/\/conexion23.com\/","name":"Conexi\u00f3n 23","description":"Peri\u00f3dico 100% Petromacorisano","publisher":{"@id":"https:\/\/conexion23.com\/#organization"},"potentialAction":[{"@type":"SearchAction","target":{"@type":"EntryPoint","urlTemplate":"https:\/\/conexion23.com\/?s={search_term_string}"},"query-input":{"@type":"PropertyValueSpecification","valueRequired":true,"valueName":"search_term_string"}}],"inLanguage":"es"},{"@type":"Organization","@id":"https:\/\/conexion23.com\/#organization","name":"Conexion 23","url":"https:\/\/conexion23.com\/","logo":{"@type":"ImageObject","inLanguage":"es","@id":"https:\/\/conexion23.com\/#\/schema\/logo\/image\/","url":"https:\/\/conexion23.com\/wp-content\/uploads\/2021\/11\/Diseno-sin-titulo-2.png","contentUrl":"https:\/\/conexion23.com\/wp-content\/uploads\/2021\/11\/Diseno-sin-titulo-2.png","width":541,"height":90,"caption":"Conexion 23"},"image":{"@id":"https:\/\/conexion23.com\/#\/schema\/logo\/image\/"},"sameAs":["https:\/\/www.facebook.com\/conexion23com","https:\/\/www.instagram.com\/conexion23com\/","https:\/\/www.youtube.com\/channel\/UCYc7vxxFZMYLIHNsHHxPZ3Q"]},{"@type":"Person","@id":"https:\/\/conexion23.com\/#\/schema\/person\/03e36043331117e97a373299bbcd30a6","name":"Raffy Ben\u00edtez","image":{"@type":"ImageObject","inLanguage":"es","@id":"https:\/\/conexion23.com\/#\/schema\/person\/image\/","url":"https:\/\/secure.gravatar.com\/avatar\/3190a6a6c5e1b0327500f7d6c56b6242472ee6cb974cf09b401ee6b3b0798f23?s=96&d=mm&r=g","contentUrl":"https:\/\/secure.gravatar.com\/avatar\/3190a6a6c5e1b0327500f7d6c56b6242472ee6cb974cf09b401ee6b3b0798f23?s=96&d=mm&r=g","caption":"Raffy Ben\u00edtez"},"url":"https:\/\/conexion23.com\/?author=15"}]}},"_links":{"self":[{"href":"https:\/\/conexion23.com\/index.php?rest_route=\/wp\/v2\/posts\/22890","targetHints":{"allow":["GET"]}}],"collection":[{"href":"https:\/\/conexion23.com\/index.php?rest_route=\/wp\/v2\/posts"}],"about":[{"href":"https:\/\/conexion23.com\/index.php?rest_route=\/wp\/v2\/types\/post"}],"author":[{"embeddable":true,"href":"https:\/\/conexion23.com\/index.php?rest_route=\/wp\/v2\/users\/15"}],"replies":[{"embeddable":true,"href":"https:\/\/conexion23.com\/index.php?rest_route=%2Fwp%2Fv2%2Fcomments&post=22890"}],"version-history":[{"count":1,"href":"https:\/\/conexion23.com\/index.php?rest_route=\/wp\/v2\/posts\/22890\/revisions"}],"predecessor-version":[{"id":22892,"href":"https:\/\/conexion23.com\/index.php?rest_route=\/wp\/v2\/posts\/22890\/revisions\/22892"}],"wp:featuredmedia":[{"embeddable":true,"href":"https:\/\/conexion23.com\/index.php?rest_route=\/wp\/v2\/media\/22891"}],"wp:attachment":[{"href":"https:\/\/conexion23.com\/index.php?rest_route=%2Fwp%2Fv2%2Fmedia&parent=22890"}],"wp:term":[{"taxonomy":"category","embeddable":true,"href":"https:\/\/conexion23.com\/index.php?rest_route=%2Fwp%2Fv2%2Fcategories&post=22890"},{"taxonomy":"post_tag","embeddable":true,"href":"https:\/\/conexion23.com\/index.php?rest_route=%2Fwp%2Fv2%2Ftags&post=22890"}],"curies":[{"name":"wp","href":"https:\/\/api.w.org\/{rel}","templated":true}]}}