{"id":22933,"date":"2023-11-27T08:21:34","date_gmt":"2023-11-27T12:21:34","guid":{"rendered":"https:\/\/conexion23.com\/?p=22933"},"modified":"2023-11-27T08:21:39","modified_gmt":"2023-11-27T12:21:39","slug":"epidemiologo-critica-descuido-en-el-sector-salud","status":"publish","type":"post","link":"https:\/\/conexion23.com\/?p=22933","title":{"rendered":"Epidemi\u00f3logo critica descuido en el sector salud."},"content":{"rendered":"\n<p>El epidemi\u00f3logo Carlos Feliz consider\u00f3 la actual situaci\u00f3n sanitaria en el pa\u00eds como un \u201cpandemonio\u201d debido a la epidemia de dengue activa, el brote de c\u00f3lera y las consecuencias que traer\u00e1n consigo las lluvias del pasado 18 de noviembre.<\/p>\n\n\n\n<p>\u201cEpidemia de dengue activa, brote de c\u00f3lera, y ahora vienen estos fen\u00f3menos que convierten al pa\u00eds en un pandemonio desde el punto de vista de salud p\u00fablica porque implica todo el territorio nacional\u201d, dijo Feliz.<\/p>\n\n\n\n<p><strong>Dengue<\/strong><\/p>\n\n\n\n<p>Sobre el dengue, el especialista indic\u00f3 que se estima que la cantidad de muertos ser\u00edan 40, aunque las autoridades solo reconocen 24 hasta el d\u00eda de hoy. \u201cTodo el mundo sabe que no son esos los que van por los subregistros que siempre hacen las autoridades\u201d, asegur\u00f3 el epidemi\u00f3logo.<\/p>\n\n\n\n<p>Dijo que las recientes lluvias aumentan la posibilidad de que se incrementen casos de otras enfermedades como la leptospirosis, las respiratorias, las h\u00eddricas, hepatitis A y el t\u00e9tano, entre otras.<\/p>\n\n\n\n<p>Asegura que Republica Dominicana se encuentra en un \u201ccuadro t\u00e9trico\u201d por la situaci\u00f3n sanitaria, ya que el dengue es una situaci\u00f3n de emergencia sanitaria.<\/p>\n\n\n\n<p>Entrevistado en el programa \u201cAl punto vespertino\u201d, en EN Televisi\u00f3n por la periodista Martina Espinal, quien lo cuestion\u00f3 sobre declaraciones del ministro de Salud de que \u201clas lluvias arrastran todos los criaderos de mosquitos\u201d, el salubrista respondi\u00f3 que \u201ces mejor no decir nada\u201d ya que \u00e9l no sabe qui\u00e9n est\u00e1 asesorando al funcionario en materia de epidemiolog\u00eda y de salud p\u00fablica.<\/p>\n\n\n\n<p>\u201cEntonces, eso significa que ya no hay dengue en la Rep\u00fablica Dominicana\u201d, se pregunt\u00f3 Feliz.<\/p>\n\n\n\n<p>Destac\u00f3 que todav\u00eda los hospitales est\u00e1n por encima del 50 % de ocupaci\u00f3n en todas las salas para asistir a pacientes con dengue.<\/p>\n\n\n\n<p>Contradijo al ministro, tras explicar que \u201cal contrario, esto es peligroso porque hace que el dengue en vez de disminuir se multiplique con esta agua\u00bb.<\/p>\n\n\n\n<p>Asever\u00f3 que a los cuatro y cinco d\u00edas despu\u00e9s de las lluvias comienza a reproducirse el mosquito transmisor de la enfermedad, con la puesta y moderaci\u00f3n de los huevos y con la producci\u00f3n de los adultos.<\/p>\n\n\n\n<p>\u201cTodo el que est\u00e1 infectado por dengue, comienza otra vez el mosquito a picarle y otra vez se empieza a activar la enfermedad\u201d, enfatiz\u00f3.<\/p>\n","protected":false},"excerpt":{"rendered":"<p>El epidemi\u00f3logo Carlos Feliz consider\u00f3 la actual situaci\u00f3n sanitaria en el pa\u00eds como un \u201cpandemonio\u201d debido a la epidemia de dengue activa, el brote de c\u00f3lera y las consecuencias que traer\u00e1n consigo las lluvias del pasado 18 de noviembre. \u201cEpidemia de dengue activa, brote de c\u00f3lera, y ahora vienen estos fen\u00f3menos que convierten al pa\u00eds [&hellip;]<\/p>\n","protected":false},"author":15,"featured_media":22934,"comment_status":"open","ping_status":"open","sticky":false,"template":"","format":"standard","meta":{"footnotes":""},"categories":[1],"tags":[],"class_list":{"0":"post-22933","1":"post","2":"type-post","3":"status-publish","4":"format-standard","5":"has-post-thumbnail","7":"category-uncategorized"},"yoast_head":"<!-- This site is optimized with the Yoast SEO plugin v27.1.1 - https:\/\/yoast.com\/product\/yoast-seo-wordpress\/ -->\n<title>Epidemi\u00f3logo critica descuido en el sector salud. - Conexi\u00f3n 23<\/title>\n<meta name=\"robots\" content=\"index, follow, max-snippet:-1, max-image-preview:large, max-video-preview:-1\" \/>\n<link rel=\"canonical\" href=\"https:\/\/conexion23.com\/?p=22933\" \/>\n<meta property=\"og:locale\" content=\"es_ES\" \/>\n<meta property=\"og:type\" content=\"article\" \/>\n<meta property=\"og:title\" content=\"Epidemi\u00f3logo critica descuido en el sector salud. - Conexi\u00f3n 23\" \/>\n<meta property=\"og:description\" content=\"El epidemi\u00f3logo Carlos Feliz consider\u00f3 la actual situaci\u00f3n sanitaria en el pa\u00eds como un \u201cpandemonio\u201d debido a la epidemia de dengue activa, el brote de c\u00f3lera y las consecuencias que traer\u00e1n consigo las lluvias del pasado 18 de noviembre. \u201cEpidemia de dengue activa, brote de c\u00f3lera, y ahora vienen estos fen\u00f3menos que convierten al pa\u00eds [&hellip;]\" \/>\n<meta property=\"og:url\" content=\"https:\/\/conexion23.com\/?p=22933\" \/>\n<meta property=\"og:site_name\" content=\"Conexi\u00f3n 23\" \/>\n<meta property=\"article:publisher\" content=\"https:\/\/www.facebook.com\/conexion23com\" \/>\n<meta property=\"article:published_time\" content=\"2023-11-27T12:21:34+00:00\" \/>\n<meta property=\"article:modified_time\" content=\"2023-11-27T12:21:39+00:00\" \/>\n<meta property=\"og:image\" content=\"https:\/\/conexion23.com\/wp-content\/uploads\/2023\/11\/6563f59cce7f1.jpeg\" \/>\n\t<meta property=\"og:image:width\" content=\"950\" \/>\n\t<meta property=\"og:image:height\" content=\"465\" \/>\n\t<meta property=\"og:image:type\" content=\"image\/jpeg\" \/>\n<meta name=\"author\" content=\"Raffy Ben\u00edtez\" \/>\n<meta name=\"twitter:card\" content=\"summary_large_image\" \/>\n<meta name=\"twitter:label1\" content=\"Escrito por\" \/>\n\t<meta name=\"twitter:data1\" content=\"Raffy Ben\u00edtez\" \/>\n\t<meta name=\"twitter:label2\" content=\"Tiempo de lectura\" \/>\n\t<meta name=\"twitter:data2\" content=\"2 minutos\" \/>\n<script type=\"application\/ld+json\" class=\"yoast-schema-graph\">{\"@context\":\"https:\/\/schema.org\",\"@graph\":[{\"@type\":\"Article\",\"@id\":\"https:\/\/conexion23.com\/?p=22933#article\",\"isPartOf\":{\"@id\":\"https:\/\/conexion23.com\/?p=22933\"},\"author\":{\"name\":\"Raffy Ben\u00edtez\",\"@id\":\"https:\/\/conexion23.com\/#\/schema\/person\/03e36043331117e97a373299bbcd30a6\"},\"headline\":\"Epidemi\u00f3logo critica descuido en el sector salud.\",\"datePublished\":\"2023-11-27T12:21:34+00:00\",\"dateModified\":\"2023-11-27T12:21:39+00:00\",\"mainEntityOfPage\":{\"@id\":\"https:\/\/conexion23.com\/?p=22933\"},\"wordCount\":394,\"commentCount\":0,\"publisher\":{\"@id\":\"https:\/\/conexion23.com\/#organization\"},\"image\":{\"@id\":\"https:\/\/conexion23.com\/?p=22933#primaryimage\"},\"thumbnailUrl\":\"https:\/\/conexion23.com\/wp-content\/uploads\/2023\/11\/6563f59cce7f1.jpeg\",\"articleSection\":[\"Uncategorized\"],\"inLanguage\":\"es\",\"potentialAction\":[{\"@type\":\"CommentAction\",\"name\":\"Comment\",\"target\":[\"https:\/\/conexion23.com\/?p=22933#respond\"]}]},{\"@type\":\"WebPage\",\"@id\":\"https:\/\/conexion23.com\/?p=22933\",\"url\":\"https:\/\/conexion23.com\/?p=22933\",\"name\":\"Epidemi\u00f3logo critica descuido en el sector salud. - Conexi\u00f3n 23\",\"isPartOf\":{\"@id\":\"https:\/\/conexion23.com\/#website\"},\"primaryImageOfPage\":{\"@id\":\"https:\/\/conexion23.com\/?p=22933#primaryimage\"},\"image\":{\"@id\":\"https:\/\/conexion23.com\/?p=22933#primaryimage\"},\"thumbnailUrl\":\"https:\/\/conexion23.com\/wp-content\/uploads\/2023\/11\/6563f59cce7f1.jpeg\",\"datePublished\":\"2023-11-27T12:21:34+00:00\",\"dateModified\":\"2023-11-27T12:21:39+00:00\",\"breadcrumb\":{\"@id\":\"https:\/\/conexion23.com\/?p=22933#breadcrumb\"},\"inLanguage\":\"es\",\"potentialAction\":[{\"@type\":\"ReadAction\",\"target\":[\"https:\/\/conexion23.com\/?p=22933\"]}]},{\"@type\":\"ImageObject\",\"inLanguage\":\"es\",\"@id\":\"https:\/\/conexion23.com\/?p=22933#primaryimage\",\"url\":\"https:\/\/conexion23.com\/wp-content\/uploads\/2023\/11\/6563f59cce7f1.jpeg\",\"contentUrl\":\"https:\/\/conexion23.com\/wp-content\/uploads\/2023\/11\/6563f59cce7f1.jpeg\",\"width\":950,\"height\":465},{\"@type\":\"BreadcrumbList\",\"@id\":\"https:\/\/conexion23.com\/?p=22933#breadcrumb\",\"itemListElement\":[{\"@type\":\"ListItem\",\"position\":1,\"name\":\"Portada\",\"item\":\"https:\/\/conexion23.com\/\"},{\"@type\":\"ListItem\",\"position\":2,\"name\":\"Epidemi\u00f3logo critica descuido en el sector salud.\"}]},{\"@type\":\"WebSite\",\"@id\":\"https:\/\/conexion23.com\/#website\",\"url\":\"https:\/\/conexion23.com\/\",\"name\":\"Conexi\u00f3n 23\",\"description\":\"Peri\u00f3dico 100% Petromacorisano\",\"publisher\":{\"@id\":\"https:\/\/conexion23.com\/#organization\"},\"potentialAction\":[{\"@type\":\"SearchAction\",\"target\":{\"@type\":\"EntryPoint\",\"urlTemplate\":\"https:\/\/conexion23.com\/?s={search_term_string}\"},\"query-input\":{\"@type\":\"PropertyValueSpecification\",\"valueRequired\":true,\"valueName\":\"search_term_string\"}}],\"inLanguage\":\"es\"},{\"@type\":\"Organization\",\"@id\":\"https:\/\/conexion23.com\/#organization\",\"name\":\"Conexion 23\",\"url\":\"https:\/\/conexion23.com\/\",\"logo\":{\"@type\":\"ImageObject\",\"inLanguage\":\"es\",\"@id\":\"https:\/\/conexion23.com\/#\/schema\/logo\/image\/\",\"url\":\"https:\/\/conexion23.com\/wp-content\/uploads\/2021\/11\/Diseno-sin-titulo-2.png\",\"contentUrl\":\"https:\/\/conexion23.com\/wp-content\/uploads\/2021\/11\/Diseno-sin-titulo-2.png\",\"width\":541,\"height\":90,\"caption\":\"Conexion 23\"},\"image\":{\"@id\":\"https:\/\/conexion23.com\/#\/schema\/logo\/image\/\"},\"sameAs\":[\"https:\/\/www.facebook.com\/conexion23com\",\"https:\/\/www.instagram.com\/conexion23com\/\",\"https:\/\/www.youtube.com\/channel\/UCYc7vxxFZMYLIHNsHHxPZ3Q\"]},{\"@type\":\"Person\",\"@id\":\"https:\/\/conexion23.com\/#\/schema\/person\/03e36043331117e97a373299bbcd30a6\",\"name\":\"Raffy Ben\u00edtez\",\"image\":{\"@type\":\"ImageObject\",\"inLanguage\":\"es\",\"@id\":\"https:\/\/conexion23.com\/#\/schema\/person\/image\/\",\"url\":\"https:\/\/secure.gravatar.com\/avatar\/3190a6a6c5e1b0327500f7d6c56b6242472ee6cb974cf09b401ee6b3b0798f23?s=96&d=mm&r=g\",\"contentUrl\":\"https:\/\/secure.gravatar.com\/avatar\/3190a6a6c5e1b0327500f7d6c56b6242472ee6cb974cf09b401ee6b3b0798f23?s=96&d=mm&r=g\",\"caption\":\"Raffy Ben\u00edtez\"},\"url\":\"https:\/\/conexion23.com\/?author=15\"}]}<\/script>\n<!-- \/ Yoast SEO plugin. -->","yoast_head_json":{"title":"Epidemi\u00f3logo critica descuido en el sector salud. - Conexi\u00f3n 23","robots":{"index":"index","follow":"follow","max-snippet":"max-snippet:-1","max-image-preview":"max-image-preview:large","max-video-preview":"max-video-preview:-1"},"canonical":"https:\/\/conexion23.com\/?p=22933","og_locale":"es_ES","og_type":"article","og_title":"Epidemi\u00f3logo critica descuido en el sector salud. - Conexi\u00f3n 23","og_description":"El epidemi\u00f3logo Carlos Feliz consider\u00f3 la actual situaci\u00f3n sanitaria en el pa\u00eds como un \u201cpandemonio\u201d debido a la epidemia de dengue activa, el brote de c\u00f3lera y las consecuencias que traer\u00e1n consigo las lluvias del pasado 18 de noviembre. \u201cEpidemia de dengue activa, brote de c\u00f3lera, y ahora vienen estos fen\u00f3menos que convierten al pa\u00eds [&hellip;]","og_url":"https:\/\/conexion23.com\/?p=22933","og_site_name":"Conexi\u00f3n 23","article_publisher":"https:\/\/www.facebook.com\/conexion23com","article_published_time":"2023-11-27T12:21:34+00:00","article_modified_time":"2023-11-27T12:21:39+00:00","og_image":[{"width":950,"height":465,"url":"https:\/\/conexion23.com\/wp-content\/uploads\/2023\/11\/6563f59cce7f1.jpeg","type":"image\/jpeg"}],"author":"Raffy Ben\u00edtez","twitter_card":"summary_large_image","twitter_misc":{"Escrito por":"Raffy Ben\u00edtez","Tiempo de lectura":"2 minutos"},"schema":{"@context":"https:\/\/schema.org","@graph":[{"@type":"Article","@id":"https:\/\/conexion23.com\/?p=22933#article","isPartOf":{"@id":"https:\/\/conexion23.com\/?p=22933"},"author":{"name":"Raffy Ben\u00edtez","@id":"https:\/\/conexion23.com\/#\/schema\/person\/03e36043331117e97a373299bbcd30a6"},"headline":"Epidemi\u00f3logo critica descuido en el sector salud.","datePublished":"2023-11-27T12:21:34+00:00","dateModified":"2023-11-27T12:21:39+00:00","mainEntityOfPage":{"@id":"https:\/\/conexion23.com\/?p=22933"},"wordCount":394,"commentCount":0,"publisher":{"@id":"https:\/\/conexion23.com\/#organization"},"image":{"@id":"https:\/\/conexion23.com\/?p=22933#primaryimage"},"thumbnailUrl":"https:\/\/conexion23.com\/wp-content\/uploads\/2023\/11\/6563f59cce7f1.jpeg","articleSection":["Uncategorized"],"inLanguage":"es","potentialAction":[{"@type":"CommentAction","name":"Comment","target":["https:\/\/conexion23.com\/?p=22933#respond"]}]},{"@type":"WebPage","@id":"https:\/\/conexion23.com\/?p=22933","url":"https:\/\/conexion23.com\/?p=22933","name":"Epidemi\u00f3logo critica descuido en el sector salud. - Conexi\u00f3n 23","isPartOf":{"@id":"https:\/\/conexion23.com\/#website"},"primaryImageOfPage":{"@id":"https:\/\/conexion23.com\/?p=22933#primaryimage"},"image":{"@id":"https:\/\/conexion23.com\/?p=22933#primaryimage"},"thumbnailUrl":"https:\/\/conexion23.com\/wp-content\/uploads\/2023\/11\/6563f59cce7f1.jpeg","datePublished":"2023-11-27T12:21:34+00:00","dateModified":"2023-11-27T12:21:39+00:00","breadcrumb":{"@id":"https:\/\/conexion23.com\/?p=22933#breadcrumb"},"inLanguage":"es","potentialAction":[{"@type":"ReadAction","target":["https:\/\/conexion23.com\/?p=22933"]}]},{"@type":"ImageObject","inLanguage":"es","@id":"https:\/\/conexion23.com\/?p=22933#primaryimage","url":"https:\/\/conexion23.com\/wp-content\/uploads\/2023\/11\/6563f59cce7f1.jpeg","contentUrl":"https:\/\/conexion23.com\/wp-content\/uploads\/2023\/11\/6563f59cce7f1.jpeg","width":950,"height":465},{"@type":"BreadcrumbList","@id":"https:\/\/conexion23.com\/?p=22933#breadcrumb","itemListElement":[{"@type":"ListItem","position":1,"name":"Portada","item":"https:\/\/conexion23.com\/"},{"@type":"ListItem","position":2,"name":"Epidemi\u00f3logo critica descuido en el sector salud."}]},{"@type":"WebSite","@id":"https:\/\/conexion23.com\/#website","url":"https:\/\/conexion23.com\/","name":"Conexi\u00f3n 23","description":"Peri\u00f3dico 100% Petromacorisano","publisher":{"@id":"https:\/\/conexion23.com\/#organization"},"potentialAction":[{"@type":"SearchAction","target":{"@type":"EntryPoint","urlTemplate":"https:\/\/conexion23.com\/?s={search_term_string}"},"query-input":{"@type":"PropertyValueSpecification","valueRequired":true,"valueName":"search_term_string"}}],"inLanguage":"es"},{"@type":"Organization","@id":"https:\/\/conexion23.com\/#organization","name":"Conexion 23","url":"https:\/\/conexion23.com\/","logo":{"@type":"ImageObject","inLanguage":"es","@id":"https:\/\/conexion23.com\/#\/schema\/logo\/image\/","url":"https:\/\/conexion23.com\/wp-content\/uploads\/2021\/11\/Diseno-sin-titulo-2.png","contentUrl":"https:\/\/conexion23.com\/wp-content\/uploads\/2021\/11\/Diseno-sin-titulo-2.png","width":541,"height":90,"caption":"Conexion 23"},"image":{"@id":"https:\/\/conexion23.com\/#\/schema\/logo\/image\/"},"sameAs":["https:\/\/www.facebook.com\/conexion23com","https:\/\/www.instagram.com\/conexion23com\/","https:\/\/www.youtube.com\/channel\/UCYc7vxxFZMYLIHNsHHxPZ3Q"]},{"@type":"Person","@id":"https:\/\/conexion23.com\/#\/schema\/person\/03e36043331117e97a373299bbcd30a6","name":"Raffy Ben\u00edtez","image":{"@type":"ImageObject","inLanguage":"es","@id":"https:\/\/conexion23.com\/#\/schema\/person\/image\/","url":"https:\/\/secure.gravatar.com\/avatar\/3190a6a6c5e1b0327500f7d6c56b6242472ee6cb974cf09b401ee6b3b0798f23?s=96&d=mm&r=g","contentUrl":"https:\/\/secure.gravatar.com\/avatar\/3190a6a6c5e1b0327500f7d6c56b6242472ee6cb974cf09b401ee6b3b0798f23?s=96&d=mm&r=g","caption":"Raffy Ben\u00edtez"},"url":"https:\/\/conexion23.com\/?author=15"}]}},"_links":{"self":[{"href":"https:\/\/conexion23.com\/index.php?rest_route=\/wp\/v2\/posts\/22933","targetHints":{"allow":["GET"]}}],"collection":[{"href":"https:\/\/conexion23.com\/index.php?rest_route=\/wp\/v2\/posts"}],"about":[{"href":"https:\/\/conexion23.com\/index.php?rest_route=\/wp\/v2\/types\/post"}],"author":[{"embeddable":true,"href":"https:\/\/conexion23.com\/index.php?rest_route=\/wp\/v2\/users\/15"}],"replies":[{"embeddable":true,"href":"https:\/\/conexion23.com\/index.php?rest_route=%2Fwp%2Fv2%2Fcomments&post=22933"}],"version-history":[{"count":1,"href":"https:\/\/conexion23.com\/index.php?rest_route=\/wp\/v2\/posts\/22933\/revisions"}],"predecessor-version":[{"id":22935,"href":"https:\/\/conexion23.com\/index.php?rest_route=\/wp\/v2\/posts\/22933\/revisions\/22935"}],"wp:featuredmedia":[{"embeddable":true,"href":"https:\/\/conexion23.com\/index.php?rest_route=\/wp\/v2\/media\/22934"}],"wp:attachment":[{"href":"https:\/\/conexion23.com\/index.php?rest_route=%2Fwp%2Fv2%2Fmedia&parent=22933"}],"wp:term":[{"taxonomy":"category","embeddable":true,"href":"https:\/\/conexion23.com\/index.php?rest_route=%2Fwp%2Fv2%2Fcategories&post=22933"},{"taxonomy":"post_tag","embeddable":true,"href":"https:\/\/conexion23.com\/index.php?rest_route=%2Fwp%2Fv2%2Ftags&post=22933"}],"curies":[{"name":"wp","href":"https:\/\/api.w.org\/{rel}","templated":true}]}}