{"id":22936,"date":"2023-11-27T08:24:48","date_gmt":"2023-11-27T12:24:48","guid":{"rendered":"https:\/\/conexion23.com\/?p=22936"},"modified":"2023-11-27T08:24:51","modified_gmt":"2023-11-27T12:24:51","slug":"mueren-dos-menores-con-sintomas-de-dengue-en-el-cibao","status":"publish","type":"post","link":"https:\/\/conexion23.com\/?p=22936","title":{"rendered":"Mueren dos menores con s\u00edntomas de dengue en el Cibao."},"content":{"rendered":"\n<p>El Cibao nueva vez se viste de luto por la muerte de una ni\u00f1a y un adolescente con s\u00edntomas de dengue.<\/p>\n\n\n\n<p>Moca es la demarcaci\u00f3n d\u00f3nde se produce el primer caso, Alanna Marie V\u00e1squez Camacho, de cinco a\u00f1os, residente en el distrito municipal de Juan L\u00f3pez, hace varios d\u00edas presentaba un cuadro de fiebre alta, deshidrataci\u00f3n y otros s\u00edntomas del dengue, por lo que fue ingresada en un centro de salud.<\/p>\n\n\n\n<p>El segundo caso se registra en Santiago, aunque la v\u00edctima era oriundo de Bonao. Es el adolescente \u00c1ngel Rafael Montero Concepci\u00f3n, de 15 a\u00f1os, quien fue ingresado en un centro asistencial de ese municipio con s\u00edntomas de dengue.<\/p>\n\n\n\n<p>Su estado de salud se complic\u00f3 y requer\u00eda una unidad de cuidados intensivos, y en Bonao no hab\u00eda disponibilidad, por lo que sus padres tuvieron que trasladarlo a la unidad de cuidados intensivos de un centro privado en Santiago.<\/p>\n\n\n\n<p>El adolescente, al ser trasladado de centro, presentaba hinchaz\u00f3n general por acumulaci\u00f3n de l\u00edquido y una falla renal que, de acuerdo a informaciones obtenidas, estaba siendo provocada por los s\u00edntomas de dengue grave, los cuales inclu\u00edan sangrado oral y fiebre alta, lo que provoc\u00f3 su deceso.<\/p>\n\n\n\n<p>Montero Concepci\u00f3n era hijo del reconocido profesor de filosof\u00eda del CURCE-UASD en Bonao, Rafael Montero.<\/p>\n\n\n\n<p>Los residentes de ambas localidades piden a las autoridades que se incrementen las jornadas de fumigaci\u00f3n para evitar que m\u00e1s menores pierdan la vida a causa de la enfermedad.<\/p>\n\n\n\n<p>Se recuerda que en el \u00faltimo mes al menos cuatro menores han perdido la vida con s\u00edntomas de dengue en distintas provincias del Cibao.<\/p>\n","protected":false},"excerpt":{"rendered":"<p>El Cibao nueva vez se viste de luto por la muerte de una ni\u00f1a y un adolescente con s\u00edntomas de dengue. Moca es la demarcaci\u00f3n d\u00f3nde se produce el primer caso, Alanna Marie V\u00e1squez Camacho, de cinco a\u00f1os, residente en el distrito municipal de Juan L\u00f3pez, hace varios d\u00edas presentaba un cuadro de fiebre alta, [&hellip;]<\/p>\n","protected":false},"author":15,"featured_media":22937,"comment_status":"open","ping_status":"open","sticky":false,"template":"","format":"standard","meta":{"footnotes":""},"categories":[1],"tags":[],"class_list":{"0":"post-22936","1":"post","2":"type-post","3":"status-publish","4":"format-standard","5":"has-post-thumbnail","7":"category-uncategorized"},"yoast_head":"<!-- This site is optimized with the Yoast SEO plugin v27.1.1 - https:\/\/yoast.com\/product\/yoast-seo-wordpress\/ -->\n<title>Mueren dos menores con s\u00edntomas de dengue en el Cibao. - Conexi\u00f3n 23<\/title>\n<meta name=\"robots\" content=\"index, follow, max-snippet:-1, max-image-preview:large, max-video-preview:-1\" \/>\n<link rel=\"canonical\" href=\"https:\/\/conexion23.com\/?p=22936\" \/>\n<meta property=\"og:locale\" content=\"es_ES\" \/>\n<meta property=\"og:type\" content=\"article\" \/>\n<meta property=\"og:title\" content=\"Mueren dos menores con s\u00edntomas de dengue en el Cibao. - Conexi\u00f3n 23\" \/>\n<meta property=\"og:description\" content=\"El Cibao nueva vez se viste de luto por la muerte de una ni\u00f1a y un adolescente con s\u00edntomas de dengue. Moca es la demarcaci\u00f3n d\u00f3nde se produce el primer caso, Alanna Marie V\u00e1squez Camacho, de cinco a\u00f1os, residente en el distrito municipal de Juan L\u00f3pez, hace varios d\u00edas presentaba un cuadro de fiebre alta, [&hellip;]\" \/>\n<meta property=\"og:url\" content=\"https:\/\/conexion23.com\/?p=22936\" \/>\n<meta property=\"og:site_name\" content=\"Conexi\u00f3n 23\" \/>\n<meta property=\"article:publisher\" content=\"https:\/\/www.facebook.com\/conexion23com\" \/>\n<meta property=\"article:published_time\" content=\"2023-11-27T12:24:48+00:00\" \/>\n<meta property=\"article:modified_time\" content=\"2023-11-27T12:24:51+00:00\" \/>\n<meta property=\"og:image\" content=\"https:\/\/conexion23.com\/wp-content\/uploads\/2023\/11\/656400ff1d70b.jpeg\" \/>\n\t<meta property=\"og:image:width\" content=\"800\" \/>\n\t<meta property=\"og:image:height\" content=\"392\" \/>\n\t<meta property=\"og:image:type\" content=\"image\/jpeg\" \/>\n<meta name=\"author\" content=\"Raffy Ben\u00edtez\" \/>\n<meta name=\"twitter:card\" content=\"summary_large_image\" \/>\n<meta name=\"twitter:label1\" content=\"Escrito por\" \/>\n\t<meta name=\"twitter:data1\" content=\"Raffy Ben\u00edtez\" \/>\n\t<meta name=\"twitter:label2\" content=\"Tiempo de lectura\" \/>\n\t<meta name=\"twitter:data2\" content=\"2 minutos\" \/>\n<script type=\"application\/ld+json\" class=\"yoast-schema-graph\">{\"@context\":\"https:\/\/schema.org\",\"@graph\":[{\"@type\":\"Article\",\"@id\":\"https:\/\/conexion23.com\/?p=22936#article\",\"isPartOf\":{\"@id\":\"https:\/\/conexion23.com\/?p=22936\"},\"author\":{\"name\":\"Raffy Ben\u00edtez\",\"@id\":\"https:\/\/conexion23.com\/#\/schema\/person\/03e36043331117e97a373299bbcd30a6\"},\"headline\":\"Mueren dos menores con s\u00edntomas de dengue en el Cibao.\",\"datePublished\":\"2023-11-27T12:24:48+00:00\",\"dateModified\":\"2023-11-27T12:24:51+00:00\",\"mainEntityOfPage\":{\"@id\":\"https:\/\/conexion23.com\/?p=22936\"},\"wordCount\":298,\"commentCount\":0,\"publisher\":{\"@id\":\"https:\/\/conexion23.com\/#organization\"},\"image\":{\"@id\":\"https:\/\/conexion23.com\/?p=22936#primaryimage\"},\"thumbnailUrl\":\"https:\/\/conexion23.com\/wp-content\/uploads\/2023\/11\/656400ff1d70b.jpeg\",\"articleSection\":[\"Uncategorized\"],\"inLanguage\":\"es\",\"potentialAction\":[{\"@type\":\"CommentAction\",\"name\":\"Comment\",\"target\":[\"https:\/\/conexion23.com\/?p=22936#respond\"]}]},{\"@type\":\"WebPage\",\"@id\":\"https:\/\/conexion23.com\/?p=22936\",\"url\":\"https:\/\/conexion23.com\/?p=22936\",\"name\":\"Mueren dos menores con s\u00edntomas de dengue en el Cibao. - Conexi\u00f3n 23\",\"isPartOf\":{\"@id\":\"https:\/\/conexion23.com\/#website\"},\"primaryImageOfPage\":{\"@id\":\"https:\/\/conexion23.com\/?p=22936#primaryimage\"},\"image\":{\"@id\":\"https:\/\/conexion23.com\/?p=22936#primaryimage\"},\"thumbnailUrl\":\"https:\/\/conexion23.com\/wp-content\/uploads\/2023\/11\/656400ff1d70b.jpeg\",\"datePublished\":\"2023-11-27T12:24:48+00:00\",\"dateModified\":\"2023-11-27T12:24:51+00:00\",\"breadcrumb\":{\"@id\":\"https:\/\/conexion23.com\/?p=22936#breadcrumb\"},\"inLanguage\":\"es\",\"potentialAction\":[{\"@type\":\"ReadAction\",\"target\":[\"https:\/\/conexion23.com\/?p=22936\"]}]},{\"@type\":\"ImageObject\",\"inLanguage\":\"es\",\"@id\":\"https:\/\/conexion23.com\/?p=22936#primaryimage\",\"url\":\"https:\/\/conexion23.com\/wp-content\/uploads\/2023\/11\/656400ff1d70b.jpeg\",\"contentUrl\":\"https:\/\/conexion23.com\/wp-content\/uploads\/2023\/11\/656400ff1d70b.jpeg\",\"width\":800,\"height\":392},{\"@type\":\"BreadcrumbList\",\"@id\":\"https:\/\/conexion23.com\/?p=22936#breadcrumb\",\"itemListElement\":[{\"@type\":\"ListItem\",\"position\":1,\"name\":\"Portada\",\"item\":\"https:\/\/conexion23.com\/\"},{\"@type\":\"ListItem\",\"position\":2,\"name\":\"Mueren dos menores con s\u00edntomas de dengue en el Cibao.\"}]},{\"@type\":\"WebSite\",\"@id\":\"https:\/\/conexion23.com\/#website\",\"url\":\"https:\/\/conexion23.com\/\",\"name\":\"Conexi\u00f3n 23\",\"description\":\"Peri\u00f3dico 100% Petromacorisano\",\"publisher\":{\"@id\":\"https:\/\/conexion23.com\/#organization\"},\"potentialAction\":[{\"@type\":\"SearchAction\",\"target\":{\"@type\":\"EntryPoint\",\"urlTemplate\":\"https:\/\/conexion23.com\/?s={search_term_string}\"},\"query-input\":{\"@type\":\"PropertyValueSpecification\",\"valueRequired\":true,\"valueName\":\"search_term_string\"}}],\"inLanguage\":\"es\"},{\"@type\":\"Organization\",\"@id\":\"https:\/\/conexion23.com\/#organization\",\"name\":\"Conexion 23\",\"url\":\"https:\/\/conexion23.com\/\",\"logo\":{\"@type\":\"ImageObject\",\"inLanguage\":\"es\",\"@id\":\"https:\/\/conexion23.com\/#\/schema\/logo\/image\/\",\"url\":\"https:\/\/conexion23.com\/wp-content\/uploads\/2021\/11\/Diseno-sin-titulo-2.png\",\"contentUrl\":\"https:\/\/conexion23.com\/wp-content\/uploads\/2021\/11\/Diseno-sin-titulo-2.png\",\"width\":541,\"height\":90,\"caption\":\"Conexion 23\"},\"image\":{\"@id\":\"https:\/\/conexion23.com\/#\/schema\/logo\/image\/\"},\"sameAs\":[\"https:\/\/www.facebook.com\/conexion23com\",\"https:\/\/www.instagram.com\/conexion23com\/\",\"https:\/\/www.youtube.com\/channel\/UCYc7vxxFZMYLIHNsHHxPZ3Q\"]},{\"@type\":\"Person\",\"@id\":\"https:\/\/conexion23.com\/#\/schema\/person\/03e36043331117e97a373299bbcd30a6\",\"name\":\"Raffy Ben\u00edtez\",\"image\":{\"@type\":\"ImageObject\",\"inLanguage\":\"es\",\"@id\":\"https:\/\/conexion23.com\/#\/schema\/person\/image\/\",\"url\":\"https:\/\/secure.gravatar.com\/avatar\/3190a6a6c5e1b0327500f7d6c56b6242472ee6cb974cf09b401ee6b3b0798f23?s=96&d=mm&r=g\",\"contentUrl\":\"https:\/\/secure.gravatar.com\/avatar\/3190a6a6c5e1b0327500f7d6c56b6242472ee6cb974cf09b401ee6b3b0798f23?s=96&d=mm&r=g\",\"caption\":\"Raffy Ben\u00edtez\"},\"url\":\"https:\/\/conexion23.com\/?author=15\"}]}<\/script>\n<!-- \/ Yoast SEO plugin. -->","yoast_head_json":{"title":"Mueren dos menores con s\u00edntomas de dengue en el Cibao. - Conexi\u00f3n 23","robots":{"index":"index","follow":"follow","max-snippet":"max-snippet:-1","max-image-preview":"max-image-preview:large","max-video-preview":"max-video-preview:-1"},"canonical":"https:\/\/conexion23.com\/?p=22936","og_locale":"es_ES","og_type":"article","og_title":"Mueren dos menores con s\u00edntomas de dengue en el Cibao. - Conexi\u00f3n 23","og_description":"El Cibao nueva vez se viste de luto por la muerte de una ni\u00f1a y un adolescente con s\u00edntomas de dengue. Moca es la demarcaci\u00f3n d\u00f3nde se produce el primer caso, Alanna Marie V\u00e1squez Camacho, de cinco a\u00f1os, residente en el distrito municipal de Juan L\u00f3pez, hace varios d\u00edas presentaba un cuadro de fiebre alta, [&hellip;]","og_url":"https:\/\/conexion23.com\/?p=22936","og_site_name":"Conexi\u00f3n 23","article_publisher":"https:\/\/www.facebook.com\/conexion23com","article_published_time":"2023-11-27T12:24:48+00:00","article_modified_time":"2023-11-27T12:24:51+00:00","og_image":[{"width":800,"height":392,"url":"https:\/\/conexion23.com\/wp-content\/uploads\/2023\/11\/656400ff1d70b.jpeg","type":"image\/jpeg"}],"author":"Raffy Ben\u00edtez","twitter_card":"summary_large_image","twitter_misc":{"Escrito por":"Raffy Ben\u00edtez","Tiempo de lectura":"2 minutos"},"schema":{"@context":"https:\/\/schema.org","@graph":[{"@type":"Article","@id":"https:\/\/conexion23.com\/?p=22936#article","isPartOf":{"@id":"https:\/\/conexion23.com\/?p=22936"},"author":{"name":"Raffy Ben\u00edtez","@id":"https:\/\/conexion23.com\/#\/schema\/person\/03e36043331117e97a373299bbcd30a6"},"headline":"Mueren dos menores con s\u00edntomas de dengue en el Cibao.","datePublished":"2023-11-27T12:24:48+00:00","dateModified":"2023-11-27T12:24:51+00:00","mainEntityOfPage":{"@id":"https:\/\/conexion23.com\/?p=22936"},"wordCount":298,"commentCount":0,"publisher":{"@id":"https:\/\/conexion23.com\/#organization"},"image":{"@id":"https:\/\/conexion23.com\/?p=22936#primaryimage"},"thumbnailUrl":"https:\/\/conexion23.com\/wp-content\/uploads\/2023\/11\/656400ff1d70b.jpeg","articleSection":["Uncategorized"],"inLanguage":"es","potentialAction":[{"@type":"CommentAction","name":"Comment","target":["https:\/\/conexion23.com\/?p=22936#respond"]}]},{"@type":"WebPage","@id":"https:\/\/conexion23.com\/?p=22936","url":"https:\/\/conexion23.com\/?p=22936","name":"Mueren dos menores con s\u00edntomas de dengue en el Cibao. - Conexi\u00f3n 23","isPartOf":{"@id":"https:\/\/conexion23.com\/#website"},"primaryImageOfPage":{"@id":"https:\/\/conexion23.com\/?p=22936#primaryimage"},"image":{"@id":"https:\/\/conexion23.com\/?p=22936#primaryimage"},"thumbnailUrl":"https:\/\/conexion23.com\/wp-content\/uploads\/2023\/11\/656400ff1d70b.jpeg","datePublished":"2023-11-27T12:24:48+00:00","dateModified":"2023-11-27T12:24:51+00:00","breadcrumb":{"@id":"https:\/\/conexion23.com\/?p=22936#breadcrumb"},"inLanguage":"es","potentialAction":[{"@type":"ReadAction","target":["https:\/\/conexion23.com\/?p=22936"]}]},{"@type":"ImageObject","inLanguage":"es","@id":"https:\/\/conexion23.com\/?p=22936#primaryimage","url":"https:\/\/conexion23.com\/wp-content\/uploads\/2023\/11\/656400ff1d70b.jpeg","contentUrl":"https:\/\/conexion23.com\/wp-content\/uploads\/2023\/11\/656400ff1d70b.jpeg","width":800,"height":392},{"@type":"BreadcrumbList","@id":"https:\/\/conexion23.com\/?p=22936#breadcrumb","itemListElement":[{"@type":"ListItem","position":1,"name":"Portada","item":"https:\/\/conexion23.com\/"},{"@type":"ListItem","position":2,"name":"Mueren dos menores con s\u00edntomas de dengue en el Cibao."}]},{"@type":"WebSite","@id":"https:\/\/conexion23.com\/#website","url":"https:\/\/conexion23.com\/","name":"Conexi\u00f3n 23","description":"Peri\u00f3dico 100% Petromacorisano","publisher":{"@id":"https:\/\/conexion23.com\/#organization"},"potentialAction":[{"@type":"SearchAction","target":{"@type":"EntryPoint","urlTemplate":"https:\/\/conexion23.com\/?s={search_term_string}"},"query-input":{"@type":"PropertyValueSpecification","valueRequired":true,"valueName":"search_term_string"}}],"inLanguage":"es"},{"@type":"Organization","@id":"https:\/\/conexion23.com\/#organization","name":"Conexion 23","url":"https:\/\/conexion23.com\/","logo":{"@type":"ImageObject","inLanguage":"es","@id":"https:\/\/conexion23.com\/#\/schema\/logo\/image\/","url":"https:\/\/conexion23.com\/wp-content\/uploads\/2021\/11\/Diseno-sin-titulo-2.png","contentUrl":"https:\/\/conexion23.com\/wp-content\/uploads\/2021\/11\/Diseno-sin-titulo-2.png","width":541,"height":90,"caption":"Conexion 23"},"image":{"@id":"https:\/\/conexion23.com\/#\/schema\/logo\/image\/"},"sameAs":["https:\/\/www.facebook.com\/conexion23com","https:\/\/www.instagram.com\/conexion23com\/","https:\/\/www.youtube.com\/channel\/UCYc7vxxFZMYLIHNsHHxPZ3Q"]},{"@type":"Person","@id":"https:\/\/conexion23.com\/#\/schema\/person\/03e36043331117e97a373299bbcd30a6","name":"Raffy Ben\u00edtez","image":{"@type":"ImageObject","inLanguage":"es","@id":"https:\/\/conexion23.com\/#\/schema\/person\/image\/","url":"https:\/\/secure.gravatar.com\/avatar\/3190a6a6c5e1b0327500f7d6c56b6242472ee6cb974cf09b401ee6b3b0798f23?s=96&d=mm&r=g","contentUrl":"https:\/\/secure.gravatar.com\/avatar\/3190a6a6c5e1b0327500f7d6c56b6242472ee6cb974cf09b401ee6b3b0798f23?s=96&d=mm&r=g","caption":"Raffy Ben\u00edtez"},"url":"https:\/\/conexion23.com\/?author=15"}]}},"_links":{"self":[{"href":"https:\/\/conexion23.com\/index.php?rest_route=\/wp\/v2\/posts\/22936","targetHints":{"allow":["GET"]}}],"collection":[{"href":"https:\/\/conexion23.com\/index.php?rest_route=\/wp\/v2\/posts"}],"about":[{"href":"https:\/\/conexion23.com\/index.php?rest_route=\/wp\/v2\/types\/post"}],"author":[{"embeddable":true,"href":"https:\/\/conexion23.com\/index.php?rest_route=\/wp\/v2\/users\/15"}],"replies":[{"embeddable":true,"href":"https:\/\/conexion23.com\/index.php?rest_route=%2Fwp%2Fv2%2Fcomments&post=22936"}],"version-history":[{"count":1,"href":"https:\/\/conexion23.com\/index.php?rest_route=\/wp\/v2\/posts\/22936\/revisions"}],"predecessor-version":[{"id":22938,"href":"https:\/\/conexion23.com\/index.php?rest_route=\/wp\/v2\/posts\/22936\/revisions\/22938"}],"wp:featuredmedia":[{"embeddable":true,"href":"https:\/\/conexion23.com\/index.php?rest_route=\/wp\/v2\/media\/22937"}],"wp:attachment":[{"href":"https:\/\/conexion23.com\/index.php?rest_route=%2Fwp%2Fv2%2Fmedia&parent=22936"}],"wp:term":[{"taxonomy":"category","embeddable":true,"href":"https:\/\/conexion23.com\/index.php?rest_route=%2Fwp%2Fv2%2Fcategories&post=22936"},{"taxonomy":"post_tag","embeddable":true,"href":"https:\/\/conexion23.com\/index.php?rest_route=%2Fwp%2Fv2%2Ftags&post=22936"}],"curies":[{"name":"wp","href":"https:\/\/api.w.org\/{rel}","templated":true}]}}