{"id":22943,"date":"2023-11-27T09:06:20","date_gmt":"2023-11-27T13:06:20","guid":{"rendered":"https:\/\/conexion23.com\/?p=22943"},"modified":"2023-11-27T09:06:23","modified_gmt":"2023-11-27T13:06:23","slug":"joven-de-s-p-m-pierde-la-vida-en-un-accidente-en-puerto-plata","status":"publish","type":"post","link":"https:\/\/conexion23.com\/?p=22943","title":{"rendered":"JOVEN DE S.P.M PIERDE LA VIDA EN UN ACCIDENTE EN PUERTO PLATA"},"content":{"rendered":"\n<p>San Pedro de Macor\u00eds un joven oriundo de esta ciudad falleci\u00f3 en un accidente de tr\u00e1nsito en Puerto Plata. Se trata del joven Ram\u00f3n Alberto Rodr\u00edguez Sime\u00f3n qui\u00e9n Resid\u00eda en Boca Chica pero naci\u00f3 en barrio Lindo de esta ciudad.<\/p>\n\n\n\n<p>Seg\u00fan informaci\u00f3n su madre a\u00fan Reside en barrio Lindo al igual que otros hermanos aun se desconoce donde ser\u00e1 velado se inform\u00f3 que el joven trabajo en Bally Dominicana una Empresa de la Zona Franca y era bien querido lo que ha dejado un gran Dolor dentro de Familiares y amigos<\/p>\n\n\n\n<p><\/p>\n","protected":false},"excerpt":{"rendered":"<p>San Pedro de Macor\u00eds un joven oriundo de esta ciudad falleci\u00f3 en un accidente de tr\u00e1nsito en Puerto Plata. Se trata del joven Ram\u00f3n Alberto Rodr\u00edguez Sime\u00f3n qui\u00e9n Resid\u00eda en Boca Chica pero naci\u00f3 en barrio Lindo de esta ciudad. Seg\u00fan informaci\u00f3n su madre a\u00fan Reside en barrio Lindo al igual que otros hermanos aun [&hellip;]<\/p>\n","protected":false},"author":7,"featured_media":22944,"comment_status":"open","ping_status":"open","sticky":false,"template":"","format":"standard","meta":{"footnotes":""},"categories":[35],"tags":[331,668,638,709],"class_list":{"0":"post-22943","1":"post","2":"type-post","3":"status-publish","4":"format-standard","5":"has-post-thumbnail","7":"category-spm","8":"tag-accidente","9":"tag-joven","10":"tag-muere","11":"tag-sanpedrodemacoris"},"yoast_head":"<!-- This site is optimized with the Yoast SEO plugin v27.1.1 - https:\/\/yoast.com\/product\/yoast-seo-wordpress\/ -->\n<title>JOVEN DE S.P.M PIERDE LA VIDA EN UN ACCIDENTE EN PUERTO PLATA - Conexi\u00f3n 23<\/title>\n<meta name=\"description\" content=\"San Pedro de Macor\u00eds un joven oriundo de esta ciudad falleci\u00f3 en un accidente de tr\u00e1nsito en Puerto Plata. Se trata del joven Ram\u00f3n Alberto Rodr\u00edguez Sime\u00f3n qui\u00e9n Resid\u00eda en Boca Chica pero naci\u00f3 en barrio Lindo de esta ciudad.\" \/>\n<meta name=\"robots\" content=\"index, follow, max-snippet:-1, max-image-preview:large, max-video-preview:-1\" \/>\n<link rel=\"canonical\" href=\"https:\/\/conexion23.com\/?p=22943\" \/>\n<meta property=\"og:locale\" content=\"es_ES\" \/>\n<meta property=\"og:type\" content=\"article\" \/>\n<meta property=\"og:title\" content=\"JOVEN DE S.P.M PIERDE LA VIDA EN UN ACCIDENTE EN PUERTO PLATA - Conexi\u00f3n 23\" \/>\n<meta property=\"og:description\" content=\"San Pedro de Macor\u00eds un joven oriundo de esta ciudad falleci\u00f3 en un accidente de tr\u00e1nsito en Puerto Plata. Se trata del joven Ram\u00f3n Alberto Rodr\u00edguez Sime\u00f3n qui\u00e9n Resid\u00eda en Boca Chica pero naci\u00f3 en barrio Lindo de esta ciudad.\" \/>\n<meta property=\"og:url\" content=\"https:\/\/conexion23.com\/?p=22943\" \/>\n<meta property=\"og:site_name\" content=\"Conexi\u00f3n 23\" \/>\n<meta property=\"article:publisher\" content=\"https:\/\/www.facebook.com\/conexion23com\" \/>\n<meta property=\"article:published_time\" content=\"2023-11-27T13:06:20+00:00\" \/>\n<meta property=\"article:modified_time\" content=\"2023-11-27T13:06:23+00:00\" \/>\n<meta property=\"og:image\" content=\"https:\/\/conexion23.com\/wp-content\/uploads\/2023\/11\/405096533_769399368535316_3228395923809813445_n.jpg\" \/>\n\t<meta property=\"og:image:width\" content=\"843\" \/>\n\t<meta property=\"og:image:height\" content=\"843\" \/>\n\t<meta property=\"og:image:type\" content=\"image\/jpeg\" \/>\n<meta name=\"author\" content=\"Benjam\u00edn Rosario\" \/>\n<meta name=\"twitter:card\" content=\"summary_large_image\" \/>\n<meta name=\"twitter:label1\" content=\"Escrito por\" \/>\n\t<meta name=\"twitter:data1\" content=\"Benjam\u00edn Rosario\" \/>\n\t<meta name=\"twitter:label2\" content=\"Tiempo de lectura\" \/>\n\t<meta name=\"twitter:data2\" content=\"1 minuto\" \/>\n<script type=\"application\/ld+json\" class=\"yoast-schema-graph\">{\"@context\":\"https:\/\/schema.org\",\"@graph\":[{\"@type\":\"Article\",\"@id\":\"https:\/\/conexion23.com\/?p=22943#article\",\"isPartOf\":{\"@id\":\"https:\/\/conexion23.com\/?p=22943\"},\"author\":{\"name\":\"Benjam\u00edn Rosario\",\"@id\":\"https:\/\/conexion23.com\/#\/schema\/person\/c0b7ce1f0e7a915d08fa289072b8353a\"},\"headline\":\"JOVEN DE S.P.M PIERDE LA VIDA EN UN ACCIDENTE EN PUERTO PLATA\",\"datePublished\":\"2023-11-27T13:06:20+00:00\",\"dateModified\":\"2023-11-27T13:06:23+00:00\",\"mainEntityOfPage\":{\"@id\":\"https:\/\/conexion23.com\/?p=22943\"},\"wordCount\":115,\"commentCount\":0,\"publisher\":{\"@id\":\"https:\/\/conexion23.com\/#organization\"},\"image\":{\"@id\":\"https:\/\/conexion23.com\/?p=22943#primaryimage\"},\"thumbnailUrl\":\"https:\/\/conexion23.com\/wp-content\/uploads\/2023\/11\/405096533_769399368535316_3228395923809813445_n.jpg\",\"keywords\":[\"accidente\",\"Joven\",\"Muere\",\"Sanpedrodemacoris\"],\"articleSection\":[\"SPM\"],\"inLanguage\":\"es\",\"potentialAction\":[{\"@type\":\"CommentAction\",\"name\":\"Comment\",\"target\":[\"https:\/\/conexion23.com\/?p=22943#respond\"]}]},{\"@type\":\"WebPage\",\"@id\":\"https:\/\/conexion23.com\/?p=22943\",\"url\":\"https:\/\/conexion23.com\/?p=22943\",\"name\":\"JOVEN DE S.P.M PIERDE LA VIDA EN UN ACCIDENTE EN PUERTO PLATA - Conexi\u00f3n 23\",\"isPartOf\":{\"@id\":\"https:\/\/conexion23.com\/#website\"},\"primaryImageOfPage\":{\"@id\":\"https:\/\/conexion23.com\/?p=22943#primaryimage\"},\"image\":{\"@id\":\"https:\/\/conexion23.com\/?p=22943#primaryimage\"},\"thumbnailUrl\":\"https:\/\/conexion23.com\/wp-content\/uploads\/2023\/11\/405096533_769399368535316_3228395923809813445_n.jpg\",\"datePublished\":\"2023-11-27T13:06:20+00:00\",\"dateModified\":\"2023-11-27T13:06:23+00:00\",\"description\":\"San Pedro de Macor\u00eds un joven oriundo de esta ciudad falleci\u00f3 en un accidente de tr\u00e1nsito en Puerto Plata. Se trata del joven Ram\u00f3n Alberto Rodr\u00edguez Sime\u00f3n qui\u00e9n Resid\u00eda en Boca Chica pero naci\u00f3 en barrio Lindo de esta ciudad.\",\"breadcrumb\":{\"@id\":\"https:\/\/conexion23.com\/?p=22943#breadcrumb\"},\"inLanguage\":\"es\",\"potentialAction\":[{\"@type\":\"ReadAction\",\"target\":[\"https:\/\/conexion23.com\/?p=22943\"]}]},{\"@type\":\"ImageObject\",\"inLanguage\":\"es\",\"@id\":\"https:\/\/conexion23.com\/?p=22943#primaryimage\",\"url\":\"https:\/\/conexion23.com\/wp-content\/uploads\/2023\/11\/405096533_769399368535316_3228395923809813445_n.jpg\",\"contentUrl\":\"https:\/\/conexion23.com\/wp-content\/uploads\/2023\/11\/405096533_769399368535316_3228395923809813445_n.jpg\",\"width\":843,\"height\":843},{\"@type\":\"BreadcrumbList\",\"@id\":\"https:\/\/conexion23.com\/?p=22943#breadcrumb\",\"itemListElement\":[{\"@type\":\"ListItem\",\"position\":1,\"name\":\"Portada\",\"item\":\"https:\/\/conexion23.com\/\"},{\"@type\":\"ListItem\",\"position\":2,\"name\":\"JOVEN DE S.P.M PIERDE LA VIDA EN UN ACCIDENTE EN PUERTO PLATA\"}]},{\"@type\":\"WebSite\",\"@id\":\"https:\/\/conexion23.com\/#website\",\"url\":\"https:\/\/conexion23.com\/\",\"name\":\"Conexi\u00f3n 23\",\"description\":\"Peri\u00f3dico 100% Petromacorisano\",\"publisher\":{\"@id\":\"https:\/\/conexion23.com\/#organization\"},\"potentialAction\":[{\"@type\":\"SearchAction\",\"target\":{\"@type\":\"EntryPoint\",\"urlTemplate\":\"https:\/\/conexion23.com\/?s={search_term_string}\"},\"query-input\":{\"@type\":\"PropertyValueSpecification\",\"valueRequired\":true,\"valueName\":\"search_term_string\"}}],\"inLanguage\":\"es\"},{\"@type\":\"Organization\",\"@id\":\"https:\/\/conexion23.com\/#organization\",\"name\":\"Conexion 23\",\"url\":\"https:\/\/conexion23.com\/\",\"logo\":{\"@type\":\"ImageObject\",\"inLanguage\":\"es\",\"@id\":\"https:\/\/conexion23.com\/#\/schema\/logo\/image\/\",\"url\":\"https:\/\/conexion23.com\/wp-content\/uploads\/2021\/11\/Diseno-sin-titulo-2.png\",\"contentUrl\":\"https:\/\/conexion23.com\/wp-content\/uploads\/2021\/11\/Diseno-sin-titulo-2.png\",\"width\":541,\"height\":90,\"caption\":\"Conexion 23\"},\"image\":{\"@id\":\"https:\/\/conexion23.com\/#\/schema\/logo\/image\/\"},\"sameAs\":[\"https:\/\/www.facebook.com\/conexion23com\",\"https:\/\/www.instagram.com\/conexion23com\/\",\"https:\/\/www.youtube.com\/channel\/UCYc7vxxFZMYLIHNsHHxPZ3Q\"]},{\"@type\":\"Person\",\"@id\":\"https:\/\/conexion23.com\/#\/schema\/person\/c0b7ce1f0e7a915d08fa289072b8353a\",\"name\":\"Benjam\u00edn Rosario\",\"image\":{\"@type\":\"ImageObject\",\"inLanguage\":\"es\",\"@id\":\"https:\/\/conexion23.com\/#\/schema\/person\/image\/\",\"url\":\"https:\/\/secure.gravatar.com\/avatar\/62e1b2539b49cdeb50ee302e2a5f2bd31dc7fdba412bbac67e2a2a6e0c89bb2a?s=96&d=mm&r=g\",\"contentUrl\":\"https:\/\/secure.gravatar.com\/avatar\/62e1b2539b49cdeb50ee302e2a5f2bd31dc7fdba412bbac67e2a2a6e0c89bb2a?s=96&d=mm&r=g\",\"caption\":\"Benjam\u00edn Rosario\"},\"url\":\"https:\/\/conexion23.com\/?author=7\"}]}<\/script>\n<!-- \/ Yoast SEO plugin. -->","yoast_head_json":{"title":"JOVEN DE S.P.M PIERDE LA VIDA EN UN ACCIDENTE EN PUERTO PLATA - Conexi\u00f3n 23","description":"San Pedro de Macor\u00eds un joven oriundo de esta ciudad falleci\u00f3 en un accidente de tr\u00e1nsito en Puerto Plata. Se trata del joven Ram\u00f3n Alberto Rodr\u00edguez Sime\u00f3n qui\u00e9n Resid\u00eda en Boca Chica pero naci\u00f3 en barrio Lindo de esta ciudad.","robots":{"index":"index","follow":"follow","max-snippet":"max-snippet:-1","max-image-preview":"max-image-preview:large","max-video-preview":"max-video-preview:-1"},"canonical":"https:\/\/conexion23.com\/?p=22943","og_locale":"es_ES","og_type":"article","og_title":"JOVEN DE S.P.M PIERDE LA VIDA EN UN ACCIDENTE EN PUERTO PLATA - Conexi\u00f3n 23","og_description":"San Pedro de Macor\u00eds un joven oriundo de esta ciudad falleci\u00f3 en un accidente de tr\u00e1nsito en Puerto Plata. Se trata del joven Ram\u00f3n Alberto Rodr\u00edguez Sime\u00f3n qui\u00e9n Resid\u00eda en Boca Chica pero naci\u00f3 en barrio Lindo de esta ciudad.","og_url":"https:\/\/conexion23.com\/?p=22943","og_site_name":"Conexi\u00f3n 23","article_publisher":"https:\/\/www.facebook.com\/conexion23com","article_published_time":"2023-11-27T13:06:20+00:00","article_modified_time":"2023-11-27T13:06:23+00:00","og_image":[{"width":843,"height":843,"url":"https:\/\/conexion23.com\/wp-content\/uploads\/2023\/11\/405096533_769399368535316_3228395923809813445_n.jpg","type":"image\/jpeg"}],"author":"Benjam\u00edn Rosario","twitter_card":"summary_large_image","twitter_misc":{"Escrito por":"Benjam\u00edn Rosario","Tiempo de lectura":"1 minuto"},"schema":{"@context":"https:\/\/schema.org","@graph":[{"@type":"Article","@id":"https:\/\/conexion23.com\/?p=22943#article","isPartOf":{"@id":"https:\/\/conexion23.com\/?p=22943"},"author":{"name":"Benjam\u00edn Rosario","@id":"https:\/\/conexion23.com\/#\/schema\/person\/c0b7ce1f0e7a915d08fa289072b8353a"},"headline":"JOVEN DE S.P.M PIERDE LA VIDA EN UN ACCIDENTE EN PUERTO PLATA","datePublished":"2023-11-27T13:06:20+00:00","dateModified":"2023-11-27T13:06:23+00:00","mainEntityOfPage":{"@id":"https:\/\/conexion23.com\/?p=22943"},"wordCount":115,"commentCount":0,"publisher":{"@id":"https:\/\/conexion23.com\/#organization"},"image":{"@id":"https:\/\/conexion23.com\/?p=22943#primaryimage"},"thumbnailUrl":"https:\/\/conexion23.com\/wp-content\/uploads\/2023\/11\/405096533_769399368535316_3228395923809813445_n.jpg","keywords":["accidente","Joven","Muere","Sanpedrodemacoris"],"articleSection":["SPM"],"inLanguage":"es","potentialAction":[{"@type":"CommentAction","name":"Comment","target":["https:\/\/conexion23.com\/?p=22943#respond"]}]},{"@type":"WebPage","@id":"https:\/\/conexion23.com\/?p=22943","url":"https:\/\/conexion23.com\/?p=22943","name":"JOVEN DE S.P.M PIERDE LA VIDA EN UN ACCIDENTE EN PUERTO PLATA - Conexi\u00f3n 23","isPartOf":{"@id":"https:\/\/conexion23.com\/#website"},"primaryImageOfPage":{"@id":"https:\/\/conexion23.com\/?p=22943#primaryimage"},"image":{"@id":"https:\/\/conexion23.com\/?p=22943#primaryimage"},"thumbnailUrl":"https:\/\/conexion23.com\/wp-content\/uploads\/2023\/11\/405096533_769399368535316_3228395923809813445_n.jpg","datePublished":"2023-11-27T13:06:20+00:00","dateModified":"2023-11-27T13:06:23+00:00","description":"San Pedro de Macor\u00eds un joven oriundo de esta ciudad falleci\u00f3 en un accidente de tr\u00e1nsito en Puerto Plata. Se trata del joven Ram\u00f3n Alberto Rodr\u00edguez Sime\u00f3n qui\u00e9n Resid\u00eda en Boca Chica pero naci\u00f3 en barrio Lindo de esta ciudad.","breadcrumb":{"@id":"https:\/\/conexion23.com\/?p=22943#breadcrumb"},"inLanguage":"es","potentialAction":[{"@type":"ReadAction","target":["https:\/\/conexion23.com\/?p=22943"]}]},{"@type":"ImageObject","inLanguage":"es","@id":"https:\/\/conexion23.com\/?p=22943#primaryimage","url":"https:\/\/conexion23.com\/wp-content\/uploads\/2023\/11\/405096533_769399368535316_3228395923809813445_n.jpg","contentUrl":"https:\/\/conexion23.com\/wp-content\/uploads\/2023\/11\/405096533_769399368535316_3228395923809813445_n.jpg","width":843,"height":843},{"@type":"BreadcrumbList","@id":"https:\/\/conexion23.com\/?p=22943#breadcrumb","itemListElement":[{"@type":"ListItem","position":1,"name":"Portada","item":"https:\/\/conexion23.com\/"},{"@type":"ListItem","position":2,"name":"JOVEN DE S.P.M PIERDE LA VIDA EN UN ACCIDENTE EN PUERTO PLATA"}]},{"@type":"WebSite","@id":"https:\/\/conexion23.com\/#website","url":"https:\/\/conexion23.com\/","name":"Conexi\u00f3n 23","description":"Peri\u00f3dico 100% Petromacorisano","publisher":{"@id":"https:\/\/conexion23.com\/#organization"},"potentialAction":[{"@type":"SearchAction","target":{"@type":"EntryPoint","urlTemplate":"https:\/\/conexion23.com\/?s={search_term_string}"},"query-input":{"@type":"PropertyValueSpecification","valueRequired":true,"valueName":"search_term_string"}}],"inLanguage":"es"},{"@type":"Organization","@id":"https:\/\/conexion23.com\/#organization","name":"Conexion 23","url":"https:\/\/conexion23.com\/","logo":{"@type":"ImageObject","inLanguage":"es","@id":"https:\/\/conexion23.com\/#\/schema\/logo\/image\/","url":"https:\/\/conexion23.com\/wp-content\/uploads\/2021\/11\/Diseno-sin-titulo-2.png","contentUrl":"https:\/\/conexion23.com\/wp-content\/uploads\/2021\/11\/Diseno-sin-titulo-2.png","width":541,"height":90,"caption":"Conexion 23"},"image":{"@id":"https:\/\/conexion23.com\/#\/schema\/logo\/image\/"},"sameAs":["https:\/\/www.facebook.com\/conexion23com","https:\/\/www.instagram.com\/conexion23com\/","https:\/\/www.youtube.com\/channel\/UCYc7vxxFZMYLIHNsHHxPZ3Q"]},{"@type":"Person","@id":"https:\/\/conexion23.com\/#\/schema\/person\/c0b7ce1f0e7a915d08fa289072b8353a","name":"Benjam\u00edn Rosario","image":{"@type":"ImageObject","inLanguage":"es","@id":"https:\/\/conexion23.com\/#\/schema\/person\/image\/","url":"https:\/\/secure.gravatar.com\/avatar\/62e1b2539b49cdeb50ee302e2a5f2bd31dc7fdba412bbac67e2a2a6e0c89bb2a?s=96&d=mm&r=g","contentUrl":"https:\/\/secure.gravatar.com\/avatar\/62e1b2539b49cdeb50ee302e2a5f2bd31dc7fdba412bbac67e2a2a6e0c89bb2a?s=96&d=mm&r=g","caption":"Benjam\u00edn Rosario"},"url":"https:\/\/conexion23.com\/?author=7"}]}},"_links":{"self":[{"href":"https:\/\/conexion23.com\/index.php?rest_route=\/wp\/v2\/posts\/22943","targetHints":{"allow":["GET"]}}],"collection":[{"href":"https:\/\/conexion23.com\/index.php?rest_route=\/wp\/v2\/posts"}],"about":[{"href":"https:\/\/conexion23.com\/index.php?rest_route=\/wp\/v2\/types\/post"}],"author":[{"embeddable":true,"href":"https:\/\/conexion23.com\/index.php?rest_route=\/wp\/v2\/users\/7"}],"replies":[{"embeddable":true,"href":"https:\/\/conexion23.com\/index.php?rest_route=%2Fwp%2Fv2%2Fcomments&post=22943"}],"version-history":[{"count":1,"href":"https:\/\/conexion23.com\/index.php?rest_route=\/wp\/v2\/posts\/22943\/revisions"}],"predecessor-version":[{"id":22945,"href":"https:\/\/conexion23.com\/index.php?rest_route=\/wp\/v2\/posts\/22943\/revisions\/22945"}],"wp:featuredmedia":[{"embeddable":true,"href":"https:\/\/conexion23.com\/index.php?rest_route=\/wp\/v2\/media\/22944"}],"wp:attachment":[{"href":"https:\/\/conexion23.com\/index.php?rest_route=%2Fwp%2Fv2%2Fmedia&parent=22943"}],"wp:term":[{"taxonomy":"category","embeddable":true,"href":"https:\/\/conexion23.com\/index.php?rest_route=%2Fwp%2Fv2%2Fcategories&post=22943"},{"taxonomy":"post_tag","embeddable":true,"href":"https:\/\/conexion23.com\/index.php?rest_route=%2Fwp%2Fv2%2Ftags&post=22943"}],"curies":[{"name":"wp","href":"https:\/\/api.w.org\/{rel}","templated":true}]}}