{"id":22964,"date":"2023-11-28T08:16:49","date_gmt":"2023-11-28T12:16:49","guid":{"rendered":"https:\/\/conexion23.com\/?p=22964"},"modified":"2023-11-28T08:16:52","modified_gmt":"2023-11-28T12:16:52","slug":"leonel-visita-familias-afectadas-por-inundaciones-en-sdo-mientras-abinader-esta-en-campana","status":"publish","type":"post","link":"https:\/\/conexion23.com\/?p=22964","title":{"rendered":"Leonel visita familias afectadas por inundaciones en SDO, mientras Abinader est\u00e1 en campa\u00f1a."},"content":{"rendered":"\n<p>El presidente del partido la Fuerza del Pueblo, Leonel Fern\u00e1ndez, hizo un recorrido por sectores de Manoguayabo, en Santo Domingo Oeste, durante la ma\u00f1ana de este domingo. En esta zona se reuni\u00f3 con familiares de fallecidos a causa de los deslizamientos de tierra provocados por las lluvias y, con familias que han perdido viviendas, ajuares del hogar, veh\u00edculos y otras pertenencias.<\/p>\n\n\n\n<p>El l\u00edder pol\u00edtico dijo que, visita la zona para hacer contacto personal con la gente, ver la realidad que viven sus moradores y la problem\u00e1tica ra\u00edz de la situaci\u00f3n. Declar\u00f3 que pidi\u00f3 a un equipo t\u00e9cnico la realizaci\u00f3n de un estudio para conocer las causas de estas inundaciones.<\/p>\n\n\n\n<p>Ante la pregunta de periodistas que cubr\u00edan la visita, el l\u00edder de la oposici\u00f3n pol\u00edtica dijo que ha encontrado mucha pobreza. \u00abSin duda alguna que son comunidades que hoy, se siente que han retrocedido. El gobierno como que no se ha dado cuenta que estos barrios existen, que hay una poblaci\u00f3n que hoy d\u00eda se ve hundida en la miseria. Yo me siento impresionado por lo que estoy viendo aqu\u00ed, hay una situaci\u00f3n de abandono total por parte del gobierno, hay que prestarle atenci\u00f3n a estas comunidades\u00bb, especific\u00f3 Leonel.<\/p>\n\n\n\n<p>El pol\u00edtico de mayor experiencia en el pa\u00eds dijo que instruy\u00f3 para que lleven equipos pesados para ayudar a quitar el lodo y escombros que ha quedado, adem\u00e1s hizo un llamado de atenci\u00f3n a las autoridades gubernamentales para que asistan a resolver problemas neur\u00e1lgicos como el del agua potable. Record\u00f3 que en este municipio hubo 16 fallecidos y m\u00e1s de 13 familias que han perdido sus pertenencias.<\/p>\n\n\n\n<p>Fern\u00e1ndez estuvo visiblemente compungido ante las penurias que las personas, que han perdido gran parte de lo que han trabajado le fueron contando. Dijo que es una situaci\u00f3n que sensibiliza y consterna, palpar la desolaci\u00f3n y tristeza de tantas familias.<\/p>\n\n\n\n<p>Experiencia de las familias afectadas<\/p>\n\n\n\n<p>Dariel Morillo, sobreviviente del derrumbe en Vella Colina en el que fallecieron varios miembros de una familia, incluyendo su esposa, relat\u00f3 a Fern\u00e1ndez el terror y desesperaci\u00f3n del tr\u00e1gico momento. El se\u00f1or que dijo se dedica a labor de motoconcho, explic\u00f3 tambi\u00e9n la dif\u00edcil situaci\u00f3n para poder criar a sus hijos que han perdido a su madre estando muy peque\u00f1os.<\/p>\n\n\n\n<p>En Arroyo Bonito, Tom\u00e1s Grull\u00f3n, quien perdi\u00f3 los equipos y materiales de su taller de ebanister\u00eda, explic\u00f3 al presidente de la FP que en el sector hay un problema estructural, debido a que las aguas no encuentran por d\u00f3nde salir, ya que a la ca\u00f1ada que pasa por el poblado le cerraron la desembocadura con un encache que hizo el gobierno, sumado a que est\u00e1n tapados los filtrantes, provoca el derramamiento de las aguas.<\/p>\n","protected":false},"excerpt":{"rendered":"<p>El presidente del partido la Fuerza del Pueblo, Leonel Fern\u00e1ndez, hizo un recorrido por sectores de Manoguayabo, en Santo Domingo Oeste, durante la ma\u00f1ana de este domingo. En esta zona se reuni\u00f3 con familiares de fallecidos a causa de los deslizamientos de tierra provocados por las lluvias y, con familias que han perdido viviendas, ajuares [&hellip;]<\/p>\n","protected":false},"author":15,"featured_media":22965,"comment_status":"open","ping_status":"open","sticky":false,"template":"","format":"standard","meta":{"footnotes":""},"categories":[1],"tags":[],"class_list":{"0":"post-22964","1":"post","2":"type-post","3":"status-publish","4":"format-standard","5":"has-post-thumbnail","7":"category-uncategorized"},"yoast_head":"<!-- This site is optimized with the Yoast SEO plugin v27.1.1 - https:\/\/yoast.com\/product\/yoast-seo-wordpress\/ -->\n<title>Leonel visita familias afectadas por inundaciones en SDO, mientras Abinader est\u00e1 en campa\u00f1a. - Conexi\u00f3n 23<\/title>\n<meta name=\"robots\" content=\"index, follow, max-snippet:-1, max-image-preview:large, max-video-preview:-1\" \/>\n<link rel=\"canonical\" href=\"https:\/\/conexion23.com\/?p=22964\" \/>\n<meta property=\"og:locale\" content=\"es_ES\" \/>\n<meta property=\"og:type\" content=\"article\" \/>\n<meta property=\"og:title\" content=\"Leonel visita familias afectadas por inundaciones en SDO, mientras Abinader est\u00e1 en campa\u00f1a. - Conexi\u00f3n 23\" \/>\n<meta property=\"og:description\" content=\"El presidente del partido la Fuerza del Pueblo, Leonel Fern\u00e1ndez, hizo un recorrido por sectores de Manoguayabo, en Santo Domingo Oeste, durante la ma\u00f1ana de este domingo. En esta zona se reuni\u00f3 con familiares de fallecidos a causa de los deslizamientos de tierra provocados por las lluvias y, con familias que han perdido viviendas, ajuares [&hellip;]\" \/>\n<meta property=\"og:url\" content=\"https:\/\/conexion23.com\/?p=22964\" \/>\n<meta property=\"og:site_name\" content=\"Conexi\u00f3n 23\" \/>\n<meta property=\"article:publisher\" content=\"https:\/\/www.facebook.com\/conexion23com\" \/>\n<meta property=\"article:published_time\" content=\"2023-11-28T12:16:49+00:00\" \/>\n<meta property=\"article:modified_time\" content=\"2023-11-28T12:16:52+00:00\" \/>\n<meta property=\"og:image\" content=\"https:\/\/conexion23.com\/wp-content\/uploads\/2023\/11\/b132a1f5-6489-497b-9099-f450ff2c766f.jpg\" \/>\n\t<meta property=\"og:image:width\" content=\"1600\" \/>\n\t<meta property=\"og:image:height\" content=\"1066\" \/>\n\t<meta property=\"og:image:type\" content=\"image\/jpeg\" \/>\n<meta name=\"author\" content=\"Raffy Ben\u00edtez\" \/>\n<meta name=\"twitter:card\" content=\"summary_large_image\" \/>\n<meta name=\"twitter:label1\" content=\"Escrito por\" \/>\n\t<meta name=\"twitter:data1\" content=\"Raffy Ben\u00edtez\" \/>\n\t<meta name=\"twitter:label2\" content=\"Tiempo de lectura\" \/>\n\t<meta name=\"twitter:data2\" content=\"3 minutos\" \/>\n<script type=\"application\/ld+json\" class=\"yoast-schema-graph\">{\"@context\":\"https:\/\/schema.org\",\"@graph\":[{\"@type\":\"Article\",\"@id\":\"https:\/\/conexion23.com\/?p=22964#article\",\"isPartOf\":{\"@id\":\"https:\/\/conexion23.com\/?p=22964\"},\"author\":{\"name\":\"Raffy Ben\u00edtez\",\"@id\":\"https:\/\/conexion23.com\/#\/schema\/person\/03e36043331117e97a373299bbcd30a6\"},\"headline\":\"Leonel visita familias afectadas por inundaciones en SDO, mientras Abinader est\u00e1 en campa\u00f1a.\",\"datePublished\":\"2023-11-28T12:16:49+00:00\",\"dateModified\":\"2023-11-28T12:16:52+00:00\",\"mainEntityOfPage\":{\"@id\":\"https:\/\/conexion23.com\/?p=22964\"},\"wordCount\":497,\"commentCount\":0,\"publisher\":{\"@id\":\"https:\/\/conexion23.com\/#organization\"},\"image\":{\"@id\":\"https:\/\/conexion23.com\/?p=22964#primaryimage\"},\"thumbnailUrl\":\"https:\/\/conexion23.com\/wp-content\/uploads\/2023\/11\/b132a1f5-6489-497b-9099-f450ff2c766f.jpg\",\"articleSection\":[\"Uncategorized\"],\"inLanguage\":\"es\",\"potentialAction\":[{\"@type\":\"CommentAction\",\"name\":\"Comment\",\"target\":[\"https:\/\/conexion23.com\/?p=22964#respond\"]}]},{\"@type\":\"WebPage\",\"@id\":\"https:\/\/conexion23.com\/?p=22964\",\"url\":\"https:\/\/conexion23.com\/?p=22964\",\"name\":\"Leonel visita familias afectadas por inundaciones en SDO, mientras Abinader est\u00e1 en campa\u00f1a. - Conexi\u00f3n 23\",\"isPartOf\":{\"@id\":\"https:\/\/conexion23.com\/#website\"},\"primaryImageOfPage\":{\"@id\":\"https:\/\/conexion23.com\/?p=22964#primaryimage\"},\"image\":{\"@id\":\"https:\/\/conexion23.com\/?p=22964#primaryimage\"},\"thumbnailUrl\":\"https:\/\/conexion23.com\/wp-content\/uploads\/2023\/11\/b132a1f5-6489-497b-9099-f450ff2c766f.jpg\",\"datePublished\":\"2023-11-28T12:16:49+00:00\",\"dateModified\":\"2023-11-28T12:16:52+00:00\",\"breadcrumb\":{\"@id\":\"https:\/\/conexion23.com\/?p=22964#breadcrumb\"},\"inLanguage\":\"es\",\"potentialAction\":[{\"@type\":\"ReadAction\",\"target\":[\"https:\/\/conexion23.com\/?p=22964\"]}]},{\"@type\":\"ImageObject\",\"inLanguage\":\"es\",\"@id\":\"https:\/\/conexion23.com\/?p=22964#primaryimage\",\"url\":\"https:\/\/conexion23.com\/wp-content\/uploads\/2023\/11\/b132a1f5-6489-497b-9099-f450ff2c766f.jpg\",\"contentUrl\":\"https:\/\/conexion23.com\/wp-content\/uploads\/2023\/11\/b132a1f5-6489-497b-9099-f450ff2c766f.jpg\",\"width\":1600,\"height\":1066},{\"@type\":\"BreadcrumbList\",\"@id\":\"https:\/\/conexion23.com\/?p=22964#breadcrumb\",\"itemListElement\":[{\"@type\":\"ListItem\",\"position\":1,\"name\":\"Portada\",\"item\":\"https:\/\/conexion23.com\/\"},{\"@type\":\"ListItem\",\"position\":2,\"name\":\"Leonel visita familias afectadas por inundaciones en SDO, mientras Abinader est\u00e1 en campa\u00f1a.\"}]},{\"@type\":\"WebSite\",\"@id\":\"https:\/\/conexion23.com\/#website\",\"url\":\"https:\/\/conexion23.com\/\",\"name\":\"Conexi\u00f3n 23\",\"description\":\"Peri\u00f3dico 100% Petromacorisano\",\"publisher\":{\"@id\":\"https:\/\/conexion23.com\/#organization\"},\"potentialAction\":[{\"@type\":\"SearchAction\",\"target\":{\"@type\":\"EntryPoint\",\"urlTemplate\":\"https:\/\/conexion23.com\/?s={search_term_string}\"},\"query-input\":{\"@type\":\"PropertyValueSpecification\",\"valueRequired\":true,\"valueName\":\"search_term_string\"}}],\"inLanguage\":\"es\"},{\"@type\":\"Organization\",\"@id\":\"https:\/\/conexion23.com\/#organization\",\"name\":\"Conexion 23\",\"url\":\"https:\/\/conexion23.com\/\",\"logo\":{\"@type\":\"ImageObject\",\"inLanguage\":\"es\",\"@id\":\"https:\/\/conexion23.com\/#\/schema\/logo\/image\/\",\"url\":\"https:\/\/conexion23.com\/wp-content\/uploads\/2021\/11\/Diseno-sin-titulo-2.png\",\"contentUrl\":\"https:\/\/conexion23.com\/wp-content\/uploads\/2021\/11\/Diseno-sin-titulo-2.png\",\"width\":541,\"height\":90,\"caption\":\"Conexion 23\"},\"image\":{\"@id\":\"https:\/\/conexion23.com\/#\/schema\/logo\/image\/\"},\"sameAs\":[\"https:\/\/www.facebook.com\/conexion23com\",\"https:\/\/www.instagram.com\/conexion23com\/\",\"https:\/\/www.youtube.com\/channel\/UCYc7vxxFZMYLIHNsHHxPZ3Q\"]},{\"@type\":\"Person\",\"@id\":\"https:\/\/conexion23.com\/#\/schema\/person\/03e36043331117e97a373299bbcd30a6\",\"name\":\"Raffy Ben\u00edtez\",\"image\":{\"@type\":\"ImageObject\",\"inLanguage\":\"es\",\"@id\":\"https:\/\/conexion23.com\/#\/schema\/person\/image\/\",\"url\":\"https:\/\/secure.gravatar.com\/avatar\/3190a6a6c5e1b0327500f7d6c56b6242472ee6cb974cf09b401ee6b3b0798f23?s=96&d=mm&r=g\",\"contentUrl\":\"https:\/\/secure.gravatar.com\/avatar\/3190a6a6c5e1b0327500f7d6c56b6242472ee6cb974cf09b401ee6b3b0798f23?s=96&d=mm&r=g\",\"caption\":\"Raffy Ben\u00edtez\"},\"url\":\"https:\/\/conexion23.com\/?author=15\"}]}<\/script>\n<!-- \/ Yoast SEO plugin. -->","yoast_head_json":{"title":"Leonel visita familias afectadas por inundaciones en SDO, mientras Abinader est\u00e1 en campa\u00f1a. - Conexi\u00f3n 23","robots":{"index":"index","follow":"follow","max-snippet":"max-snippet:-1","max-image-preview":"max-image-preview:large","max-video-preview":"max-video-preview:-1"},"canonical":"https:\/\/conexion23.com\/?p=22964","og_locale":"es_ES","og_type":"article","og_title":"Leonel visita familias afectadas por inundaciones en SDO, mientras Abinader est\u00e1 en campa\u00f1a. - Conexi\u00f3n 23","og_description":"El presidente del partido la Fuerza del Pueblo, Leonel Fern\u00e1ndez, hizo un recorrido por sectores de Manoguayabo, en Santo Domingo Oeste, durante la ma\u00f1ana de este domingo. En esta zona se reuni\u00f3 con familiares de fallecidos a causa de los deslizamientos de tierra provocados por las lluvias y, con familias que han perdido viviendas, ajuares [&hellip;]","og_url":"https:\/\/conexion23.com\/?p=22964","og_site_name":"Conexi\u00f3n 23","article_publisher":"https:\/\/www.facebook.com\/conexion23com","article_published_time":"2023-11-28T12:16:49+00:00","article_modified_time":"2023-11-28T12:16:52+00:00","og_image":[{"width":1600,"height":1066,"url":"https:\/\/conexion23.com\/wp-content\/uploads\/2023\/11\/b132a1f5-6489-497b-9099-f450ff2c766f.jpg","type":"image\/jpeg"}],"author":"Raffy Ben\u00edtez","twitter_card":"summary_large_image","twitter_misc":{"Escrito por":"Raffy Ben\u00edtez","Tiempo de lectura":"3 minutos"},"schema":{"@context":"https:\/\/schema.org","@graph":[{"@type":"Article","@id":"https:\/\/conexion23.com\/?p=22964#article","isPartOf":{"@id":"https:\/\/conexion23.com\/?p=22964"},"author":{"name":"Raffy Ben\u00edtez","@id":"https:\/\/conexion23.com\/#\/schema\/person\/03e36043331117e97a373299bbcd30a6"},"headline":"Leonel visita familias afectadas por inundaciones en SDO, mientras Abinader est\u00e1 en campa\u00f1a.","datePublished":"2023-11-28T12:16:49+00:00","dateModified":"2023-11-28T12:16:52+00:00","mainEntityOfPage":{"@id":"https:\/\/conexion23.com\/?p=22964"},"wordCount":497,"commentCount":0,"publisher":{"@id":"https:\/\/conexion23.com\/#organization"},"image":{"@id":"https:\/\/conexion23.com\/?p=22964#primaryimage"},"thumbnailUrl":"https:\/\/conexion23.com\/wp-content\/uploads\/2023\/11\/b132a1f5-6489-497b-9099-f450ff2c766f.jpg","articleSection":["Uncategorized"],"inLanguage":"es","potentialAction":[{"@type":"CommentAction","name":"Comment","target":["https:\/\/conexion23.com\/?p=22964#respond"]}]},{"@type":"WebPage","@id":"https:\/\/conexion23.com\/?p=22964","url":"https:\/\/conexion23.com\/?p=22964","name":"Leonel visita familias afectadas por inundaciones en SDO, mientras Abinader est\u00e1 en campa\u00f1a. - Conexi\u00f3n 23","isPartOf":{"@id":"https:\/\/conexion23.com\/#website"},"primaryImageOfPage":{"@id":"https:\/\/conexion23.com\/?p=22964#primaryimage"},"image":{"@id":"https:\/\/conexion23.com\/?p=22964#primaryimage"},"thumbnailUrl":"https:\/\/conexion23.com\/wp-content\/uploads\/2023\/11\/b132a1f5-6489-497b-9099-f450ff2c766f.jpg","datePublished":"2023-11-28T12:16:49+00:00","dateModified":"2023-11-28T12:16:52+00:00","breadcrumb":{"@id":"https:\/\/conexion23.com\/?p=22964#breadcrumb"},"inLanguage":"es","potentialAction":[{"@type":"ReadAction","target":["https:\/\/conexion23.com\/?p=22964"]}]},{"@type":"ImageObject","inLanguage":"es","@id":"https:\/\/conexion23.com\/?p=22964#primaryimage","url":"https:\/\/conexion23.com\/wp-content\/uploads\/2023\/11\/b132a1f5-6489-497b-9099-f450ff2c766f.jpg","contentUrl":"https:\/\/conexion23.com\/wp-content\/uploads\/2023\/11\/b132a1f5-6489-497b-9099-f450ff2c766f.jpg","width":1600,"height":1066},{"@type":"BreadcrumbList","@id":"https:\/\/conexion23.com\/?p=22964#breadcrumb","itemListElement":[{"@type":"ListItem","position":1,"name":"Portada","item":"https:\/\/conexion23.com\/"},{"@type":"ListItem","position":2,"name":"Leonel visita familias afectadas por inundaciones en SDO, mientras Abinader est\u00e1 en campa\u00f1a."}]},{"@type":"WebSite","@id":"https:\/\/conexion23.com\/#website","url":"https:\/\/conexion23.com\/","name":"Conexi\u00f3n 23","description":"Peri\u00f3dico 100% Petromacorisano","publisher":{"@id":"https:\/\/conexion23.com\/#organization"},"potentialAction":[{"@type":"SearchAction","target":{"@type":"EntryPoint","urlTemplate":"https:\/\/conexion23.com\/?s={search_term_string}"},"query-input":{"@type":"PropertyValueSpecification","valueRequired":true,"valueName":"search_term_string"}}],"inLanguage":"es"},{"@type":"Organization","@id":"https:\/\/conexion23.com\/#organization","name":"Conexion 23","url":"https:\/\/conexion23.com\/","logo":{"@type":"ImageObject","inLanguage":"es","@id":"https:\/\/conexion23.com\/#\/schema\/logo\/image\/","url":"https:\/\/conexion23.com\/wp-content\/uploads\/2021\/11\/Diseno-sin-titulo-2.png","contentUrl":"https:\/\/conexion23.com\/wp-content\/uploads\/2021\/11\/Diseno-sin-titulo-2.png","width":541,"height":90,"caption":"Conexion 23"},"image":{"@id":"https:\/\/conexion23.com\/#\/schema\/logo\/image\/"},"sameAs":["https:\/\/www.facebook.com\/conexion23com","https:\/\/www.instagram.com\/conexion23com\/","https:\/\/www.youtube.com\/channel\/UCYc7vxxFZMYLIHNsHHxPZ3Q"]},{"@type":"Person","@id":"https:\/\/conexion23.com\/#\/schema\/person\/03e36043331117e97a373299bbcd30a6","name":"Raffy Ben\u00edtez","image":{"@type":"ImageObject","inLanguage":"es","@id":"https:\/\/conexion23.com\/#\/schema\/person\/image\/","url":"https:\/\/secure.gravatar.com\/avatar\/3190a6a6c5e1b0327500f7d6c56b6242472ee6cb974cf09b401ee6b3b0798f23?s=96&d=mm&r=g","contentUrl":"https:\/\/secure.gravatar.com\/avatar\/3190a6a6c5e1b0327500f7d6c56b6242472ee6cb974cf09b401ee6b3b0798f23?s=96&d=mm&r=g","caption":"Raffy Ben\u00edtez"},"url":"https:\/\/conexion23.com\/?author=15"}]}},"_links":{"self":[{"href":"https:\/\/conexion23.com\/index.php?rest_route=\/wp\/v2\/posts\/22964","targetHints":{"allow":["GET"]}}],"collection":[{"href":"https:\/\/conexion23.com\/index.php?rest_route=\/wp\/v2\/posts"}],"about":[{"href":"https:\/\/conexion23.com\/index.php?rest_route=\/wp\/v2\/types\/post"}],"author":[{"embeddable":true,"href":"https:\/\/conexion23.com\/index.php?rest_route=\/wp\/v2\/users\/15"}],"replies":[{"embeddable":true,"href":"https:\/\/conexion23.com\/index.php?rest_route=%2Fwp%2Fv2%2Fcomments&post=22964"}],"version-history":[{"count":1,"href":"https:\/\/conexion23.com\/index.php?rest_route=\/wp\/v2\/posts\/22964\/revisions"}],"predecessor-version":[{"id":22966,"href":"https:\/\/conexion23.com\/index.php?rest_route=\/wp\/v2\/posts\/22964\/revisions\/22966"}],"wp:featuredmedia":[{"embeddable":true,"href":"https:\/\/conexion23.com\/index.php?rest_route=\/wp\/v2\/media\/22965"}],"wp:attachment":[{"href":"https:\/\/conexion23.com\/index.php?rest_route=%2Fwp%2Fv2%2Fmedia&parent=22964"}],"wp:term":[{"taxonomy":"category","embeddable":true,"href":"https:\/\/conexion23.com\/index.php?rest_route=%2Fwp%2Fv2%2Fcategories&post=22964"},{"taxonomy":"post_tag","embeddable":true,"href":"https:\/\/conexion23.com\/index.php?rest_route=%2Fwp%2Fv2%2Ftags&post=22964"}],"curies":[{"name":"wp","href":"https:\/\/api.w.org\/{rel}","templated":true}]}}