{"id":22967,"date":"2023-11-28T08:18:31","date_gmt":"2023-11-28T12:18:31","guid":{"rendered":"https:\/\/conexion23.com\/?p=22967"},"modified":"2023-11-28T08:20:39","modified_gmt":"2023-11-28T12:20:39","slug":"sergio-cedeno-y-franklin-pena-encabezan-productivo-encuentro-con-dirigentes-del-prd","status":"publish","type":"post","link":"https:\/\/conexion23.com\/?p=22967","title":{"rendered":"FRANKLIN PE\u00d1A Y SERGIO CEDE\u00d1O ENCABEZAN ENCUENTRO PRODUCTIVO CON DIRIGENTES DEL PRD."},"content":{"rendered":"\n<p>En un encuentro en el local Provincial y Municipal del Partido Revolucionario Dominicano, el candidato a la alcald\u00eda por el PLD y aliados, Sergio Cede\u00f1o, junto al Dr. Franklin Pe\u00f1a, senador de la Fuerza del Pueblo, lideraron una reuni\u00f3n estrat\u00e9gica con destacados dirigentes de esa organizaci\u00f3n. La reuni\u00f3n cont\u00f3 con la presentaci\u00f3n de Gregory Castro como el enlace entre el senador y el PRD.<\/p>\n\n\n\n<p>As\u00ed mismo, el candidato a la alcald\u00eda, Sergio Cede\u00f1o, comparti\u00f3 sus proyectos para la ciudad, resaltando la esencial colaboraci\u00f3n entre fuerzas pol\u00edticas y la importancia del trabajo en equipo para juntos construir un verdadero desarrollo integral a este municipio.<\/p>\n\n\n\n<p>La presencia de Sergio Cede\u00f1o y Franklin Pe\u00f1a subraya el compromiso del PRD y la Fuerza del Pueblo con una colaboraci\u00f3n efectiva y el avance de la alianza #RescateRD.<\/p>\n\n\n\n<p>El encuentro incluy\u00f3 la presentaci\u00f3n oficial de todos los candidatos a regidores y sus suplentes, as\u00ed como los candidatos a diputados del PRD. Esta muestra de liderazgo consolid\u00f3 la fortaleza del partido y su compromiso con representantes locales comprometidos y capacitados en acompa\u00f1ar a Sergio Cede\u00f1o al Ayuntamiento a partir del 24 de abril.<\/p>\n\n\n\n<p>Estuvieron presentes las autoridades locales del PRD, encabezado por el presidente provincial Ing. Fr\u00edas Constanzo, Joaqu\u00edn Barry Smith, Marlio Rosado, entre otros importantes dirigentes.<\/p>\n","protected":false},"excerpt":{"rendered":"<p>En un encuentro en el local Provincial y Municipal del Partido Revolucionario Dominicano, el candidato a la alcald\u00eda por el PLD y aliados, Sergio Cede\u00f1o, junto al Dr. Franklin Pe\u00f1a, senador de la Fuerza del Pueblo, lideraron una reuni\u00f3n estrat\u00e9gica con destacados dirigentes de esa organizaci\u00f3n. La reuni\u00f3n cont\u00f3 con la presentaci\u00f3n de Gregory Castro [&hellip;]<\/p>\n","protected":false},"author":15,"featured_media":22968,"comment_status":"open","ping_status":"open","sticky":false,"template":"","format":"standard","meta":{"footnotes":""},"categories":[35],"tags":[],"class_list":{"0":"post-22967","1":"post","2":"type-post","3":"status-publish","4":"format-standard","5":"has-post-thumbnail","7":"category-spm"},"yoast_head":"<!-- This site is optimized with the Yoast SEO plugin v27.1.1 - https:\/\/yoast.com\/product\/yoast-seo-wordpress\/ -->\n<title>FRANKLIN PE\u00d1A Y SERGIO CEDE\u00d1O ENCABEZAN ENCUENTRO PRODUCTIVO CON DIRIGENTES DEL PRD. - Conexi\u00f3n 23<\/title>\n<meta name=\"robots\" content=\"index, follow, max-snippet:-1, max-image-preview:large, max-video-preview:-1\" \/>\n<link rel=\"canonical\" href=\"https:\/\/conexion23.com\/?p=22967\" \/>\n<meta property=\"og:locale\" content=\"es_ES\" \/>\n<meta property=\"og:type\" content=\"article\" \/>\n<meta property=\"og:title\" content=\"FRANKLIN PE\u00d1A Y SERGIO CEDE\u00d1O ENCABEZAN ENCUENTRO PRODUCTIVO CON DIRIGENTES DEL PRD. - Conexi\u00f3n 23\" \/>\n<meta property=\"og:description\" content=\"En un encuentro en el local Provincial y Municipal del Partido Revolucionario Dominicano, el candidato a la alcald\u00eda por el PLD y aliados, Sergio Cede\u00f1o, junto al Dr. Franklin Pe\u00f1a, senador de la Fuerza del Pueblo, lideraron una reuni\u00f3n estrat\u00e9gica con destacados dirigentes de esa organizaci\u00f3n. La reuni\u00f3n cont\u00f3 con la presentaci\u00f3n de Gregory Castro [&hellip;]\" \/>\n<meta property=\"og:url\" content=\"https:\/\/conexion23.com\/?p=22967\" \/>\n<meta property=\"og:site_name\" content=\"Conexi\u00f3n 23\" \/>\n<meta property=\"article:publisher\" content=\"https:\/\/www.facebook.com\/conexion23com\" \/>\n<meta property=\"article:published_time\" content=\"2023-11-28T12:18:31+00:00\" \/>\n<meta property=\"article:modified_time\" content=\"2023-11-28T12:20:39+00:00\" \/>\n<meta property=\"og:image\" content=\"https:\/\/conexion23.com\/wp-content\/uploads\/2023\/11\/cdcafab8-d8dd-4dba-880a-0c3f4a1e21ea.jpg\" \/>\n\t<meta property=\"og:image:width\" content=\"1600\" \/>\n\t<meta property=\"og:image:height\" content=\"1066\" \/>\n\t<meta property=\"og:image:type\" content=\"image\/jpeg\" \/>\n<meta name=\"author\" content=\"Raffy Ben\u00edtez\" \/>\n<meta name=\"twitter:card\" content=\"summary_large_image\" \/>\n<meta name=\"twitter:label1\" content=\"Escrito por\" \/>\n\t<meta name=\"twitter:data1\" content=\"Raffy Ben\u00edtez\" \/>\n\t<meta name=\"twitter:label2\" content=\"Tiempo de lectura\" \/>\n\t<meta name=\"twitter:data2\" content=\"1 minuto\" \/>\n<script type=\"application\/ld+json\" class=\"yoast-schema-graph\">{\"@context\":\"https:\/\/schema.org\",\"@graph\":[{\"@type\":\"Article\",\"@id\":\"https:\/\/conexion23.com\/?p=22967#article\",\"isPartOf\":{\"@id\":\"https:\/\/conexion23.com\/?p=22967\"},\"author\":{\"name\":\"Raffy Ben\u00edtez\",\"@id\":\"https:\/\/conexion23.com\/#\/schema\/person\/03e36043331117e97a373299bbcd30a6\"},\"headline\":\"FRANKLIN PE\u00d1A Y SERGIO CEDE\u00d1O ENCABEZAN ENCUENTRO PRODUCTIVO CON DIRIGENTES DEL PRD.\",\"datePublished\":\"2023-11-28T12:18:31+00:00\",\"dateModified\":\"2023-11-28T12:20:39+00:00\",\"mainEntityOfPage\":{\"@id\":\"https:\/\/conexion23.com\/?p=22967\"},\"wordCount\":243,\"commentCount\":0,\"publisher\":{\"@id\":\"https:\/\/conexion23.com\/#organization\"},\"image\":{\"@id\":\"https:\/\/conexion23.com\/?p=22967#primaryimage\"},\"thumbnailUrl\":\"https:\/\/conexion23.com\/wp-content\/uploads\/2023\/11\/cdcafab8-d8dd-4dba-880a-0c3f4a1e21ea.jpg\",\"articleSection\":[\"SPM\"],\"inLanguage\":\"es\",\"potentialAction\":[{\"@type\":\"CommentAction\",\"name\":\"Comment\",\"target\":[\"https:\/\/conexion23.com\/?p=22967#respond\"]}]},{\"@type\":\"WebPage\",\"@id\":\"https:\/\/conexion23.com\/?p=22967\",\"url\":\"https:\/\/conexion23.com\/?p=22967\",\"name\":\"FRANKLIN PE\u00d1A Y SERGIO CEDE\u00d1O ENCABEZAN ENCUENTRO PRODUCTIVO CON DIRIGENTES DEL PRD. - Conexi\u00f3n 23\",\"isPartOf\":{\"@id\":\"https:\/\/conexion23.com\/#website\"},\"primaryImageOfPage\":{\"@id\":\"https:\/\/conexion23.com\/?p=22967#primaryimage\"},\"image\":{\"@id\":\"https:\/\/conexion23.com\/?p=22967#primaryimage\"},\"thumbnailUrl\":\"https:\/\/conexion23.com\/wp-content\/uploads\/2023\/11\/cdcafab8-d8dd-4dba-880a-0c3f4a1e21ea.jpg\",\"datePublished\":\"2023-11-28T12:18:31+00:00\",\"dateModified\":\"2023-11-28T12:20:39+00:00\",\"breadcrumb\":{\"@id\":\"https:\/\/conexion23.com\/?p=22967#breadcrumb\"},\"inLanguage\":\"es\",\"potentialAction\":[{\"@type\":\"ReadAction\",\"target\":[\"https:\/\/conexion23.com\/?p=22967\"]}]},{\"@type\":\"ImageObject\",\"inLanguage\":\"es\",\"@id\":\"https:\/\/conexion23.com\/?p=22967#primaryimage\",\"url\":\"https:\/\/conexion23.com\/wp-content\/uploads\/2023\/11\/cdcafab8-d8dd-4dba-880a-0c3f4a1e21ea.jpg\",\"contentUrl\":\"https:\/\/conexion23.com\/wp-content\/uploads\/2023\/11\/cdcafab8-d8dd-4dba-880a-0c3f4a1e21ea.jpg\",\"width\":1600,\"height\":1066},{\"@type\":\"BreadcrumbList\",\"@id\":\"https:\/\/conexion23.com\/?p=22967#breadcrumb\",\"itemListElement\":[{\"@type\":\"ListItem\",\"position\":1,\"name\":\"Portada\",\"item\":\"https:\/\/conexion23.com\/\"},{\"@type\":\"ListItem\",\"position\":2,\"name\":\"FRANKLIN PE\u00d1A Y SERGIO CEDE\u00d1O ENCABEZAN ENCUENTRO PRODUCTIVO CON DIRIGENTES DEL PRD.\"}]},{\"@type\":\"WebSite\",\"@id\":\"https:\/\/conexion23.com\/#website\",\"url\":\"https:\/\/conexion23.com\/\",\"name\":\"Conexi\u00f3n 23\",\"description\":\"Peri\u00f3dico 100% Petromacorisano\",\"publisher\":{\"@id\":\"https:\/\/conexion23.com\/#organization\"},\"potentialAction\":[{\"@type\":\"SearchAction\",\"target\":{\"@type\":\"EntryPoint\",\"urlTemplate\":\"https:\/\/conexion23.com\/?s={search_term_string}\"},\"query-input\":{\"@type\":\"PropertyValueSpecification\",\"valueRequired\":true,\"valueName\":\"search_term_string\"}}],\"inLanguage\":\"es\"},{\"@type\":\"Organization\",\"@id\":\"https:\/\/conexion23.com\/#organization\",\"name\":\"Conexion 23\",\"url\":\"https:\/\/conexion23.com\/\",\"logo\":{\"@type\":\"ImageObject\",\"inLanguage\":\"es\",\"@id\":\"https:\/\/conexion23.com\/#\/schema\/logo\/image\/\",\"url\":\"https:\/\/conexion23.com\/wp-content\/uploads\/2021\/11\/Diseno-sin-titulo-2.png\",\"contentUrl\":\"https:\/\/conexion23.com\/wp-content\/uploads\/2021\/11\/Diseno-sin-titulo-2.png\",\"width\":541,\"height\":90,\"caption\":\"Conexion 23\"},\"image\":{\"@id\":\"https:\/\/conexion23.com\/#\/schema\/logo\/image\/\"},\"sameAs\":[\"https:\/\/www.facebook.com\/conexion23com\",\"https:\/\/www.instagram.com\/conexion23com\/\",\"https:\/\/www.youtube.com\/channel\/UCYc7vxxFZMYLIHNsHHxPZ3Q\"]},{\"@type\":\"Person\",\"@id\":\"https:\/\/conexion23.com\/#\/schema\/person\/03e36043331117e97a373299bbcd30a6\",\"name\":\"Raffy Ben\u00edtez\",\"image\":{\"@type\":\"ImageObject\",\"inLanguage\":\"es\",\"@id\":\"https:\/\/conexion23.com\/#\/schema\/person\/image\/\",\"url\":\"https:\/\/secure.gravatar.com\/avatar\/3190a6a6c5e1b0327500f7d6c56b6242472ee6cb974cf09b401ee6b3b0798f23?s=96&d=mm&r=g\",\"contentUrl\":\"https:\/\/secure.gravatar.com\/avatar\/3190a6a6c5e1b0327500f7d6c56b6242472ee6cb974cf09b401ee6b3b0798f23?s=96&d=mm&r=g\",\"caption\":\"Raffy Ben\u00edtez\"},\"url\":\"https:\/\/conexion23.com\/?author=15\"}]}<\/script>\n<!-- \/ Yoast SEO plugin. -->","yoast_head_json":{"title":"FRANKLIN PE\u00d1A Y SERGIO CEDE\u00d1O ENCABEZAN ENCUENTRO PRODUCTIVO CON DIRIGENTES DEL PRD. - Conexi\u00f3n 23","robots":{"index":"index","follow":"follow","max-snippet":"max-snippet:-1","max-image-preview":"max-image-preview:large","max-video-preview":"max-video-preview:-1"},"canonical":"https:\/\/conexion23.com\/?p=22967","og_locale":"es_ES","og_type":"article","og_title":"FRANKLIN PE\u00d1A Y SERGIO CEDE\u00d1O ENCABEZAN ENCUENTRO PRODUCTIVO CON DIRIGENTES DEL PRD. - Conexi\u00f3n 23","og_description":"En un encuentro en el local Provincial y Municipal del Partido Revolucionario Dominicano, el candidato a la alcald\u00eda por el PLD y aliados, Sergio Cede\u00f1o, junto al Dr. Franklin Pe\u00f1a, senador de la Fuerza del Pueblo, lideraron una reuni\u00f3n estrat\u00e9gica con destacados dirigentes de esa organizaci\u00f3n. La reuni\u00f3n cont\u00f3 con la presentaci\u00f3n de Gregory Castro [&hellip;]","og_url":"https:\/\/conexion23.com\/?p=22967","og_site_name":"Conexi\u00f3n 23","article_publisher":"https:\/\/www.facebook.com\/conexion23com","article_published_time":"2023-11-28T12:18:31+00:00","article_modified_time":"2023-11-28T12:20:39+00:00","og_image":[{"width":1600,"height":1066,"url":"https:\/\/conexion23.com\/wp-content\/uploads\/2023\/11\/cdcafab8-d8dd-4dba-880a-0c3f4a1e21ea.jpg","type":"image\/jpeg"}],"author":"Raffy Ben\u00edtez","twitter_card":"summary_large_image","twitter_misc":{"Escrito por":"Raffy Ben\u00edtez","Tiempo de lectura":"1 minuto"},"schema":{"@context":"https:\/\/schema.org","@graph":[{"@type":"Article","@id":"https:\/\/conexion23.com\/?p=22967#article","isPartOf":{"@id":"https:\/\/conexion23.com\/?p=22967"},"author":{"name":"Raffy Ben\u00edtez","@id":"https:\/\/conexion23.com\/#\/schema\/person\/03e36043331117e97a373299bbcd30a6"},"headline":"FRANKLIN PE\u00d1A Y SERGIO CEDE\u00d1O ENCABEZAN ENCUENTRO PRODUCTIVO CON DIRIGENTES DEL PRD.","datePublished":"2023-11-28T12:18:31+00:00","dateModified":"2023-11-28T12:20:39+00:00","mainEntityOfPage":{"@id":"https:\/\/conexion23.com\/?p=22967"},"wordCount":243,"commentCount":0,"publisher":{"@id":"https:\/\/conexion23.com\/#organization"},"image":{"@id":"https:\/\/conexion23.com\/?p=22967#primaryimage"},"thumbnailUrl":"https:\/\/conexion23.com\/wp-content\/uploads\/2023\/11\/cdcafab8-d8dd-4dba-880a-0c3f4a1e21ea.jpg","articleSection":["SPM"],"inLanguage":"es","potentialAction":[{"@type":"CommentAction","name":"Comment","target":["https:\/\/conexion23.com\/?p=22967#respond"]}]},{"@type":"WebPage","@id":"https:\/\/conexion23.com\/?p=22967","url":"https:\/\/conexion23.com\/?p=22967","name":"FRANKLIN PE\u00d1A Y SERGIO CEDE\u00d1O ENCABEZAN ENCUENTRO PRODUCTIVO CON DIRIGENTES DEL PRD. - Conexi\u00f3n 23","isPartOf":{"@id":"https:\/\/conexion23.com\/#website"},"primaryImageOfPage":{"@id":"https:\/\/conexion23.com\/?p=22967#primaryimage"},"image":{"@id":"https:\/\/conexion23.com\/?p=22967#primaryimage"},"thumbnailUrl":"https:\/\/conexion23.com\/wp-content\/uploads\/2023\/11\/cdcafab8-d8dd-4dba-880a-0c3f4a1e21ea.jpg","datePublished":"2023-11-28T12:18:31+00:00","dateModified":"2023-11-28T12:20:39+00:00","breadcrumb":{"@id":"https:\/\/conexion23.com\/?p=22967#breadcrumb"},"inLanguage":"es","potentialAction":[{"@type":"ReadAction","target":["https:\/\/conexion23.com\/?p=22967"]}]},{"@type":"ImageObject","inLanguage":"es","@id":"https:\/\/conexion23.com\/?p=22967#primaryimage","url":"https:\/\/conexion23.com\/wp-content\/uploads\/2023\/11\/cdcafab8-d8dd-4dba-880a-0c3f4a1e21ea.jpg","contentUrl":"https:\/\/conexion23.com\/wp-content\/uploads\/2023\/11\/cdcafab8-d8dd-4dba-880a-0c3f4a1e21ea.jpg","width":1600,"height":1066},{"@type":"BreadcrumbList","@id":"https:\/\/conexion23.com\/?p=22967#breadcrumb","itemListElement":[{"@type":"ListItem","position":1,"name":"Portada","item":"https:\/\/conexion23.com\/"},{"@type":"ListItem","position":2,"name":"FRANKLIN PE\u00d1A Y SERGIO CEDE\u00d1O ENCABEZAN ENCUENTRO PRODUCTIVO CON DIRIGENTES DEL PRD."}]},{"@type":"WebSite","@id":"https:\/\/conexion23.com\/#website","url":"https:\/\/conexion23.com\/","name":"Conexi\u00f3n 23","description":"Peri\u00f3dico 100% Petromacorisano","publisher":{"@id":"https:\/\/conexion23.com\/#organization"},"potentialAction":[{"@type":"SearchAction","target":{"@type":"EntryPoint","urlTemplate":"https:\/\/conexion23.com\/?s={search_term_string}"},"query-input":{"@type":"PropertyValueSpecification","valueRequired":true,"valueName":"search_term_string"}}],"inLanguage":"es"},{"@type":"Organization","@id":"https:\/\/conexion23.com\/#organization","name":"Conexion 23","url":"https:\/\/conexion23.com\/","logo":{"@type":"ImageObject","inLanguage":"es","@id":"https:\/\/conexion23.com\/#\/schema\/logo\/image\/","url":"https:\/\/conexion23.com\/wp-content\/uploads\/2021\/11\/Diseno-sin-titulo-2.png","contentUrl":"https:\/\/conexion23.com\/wp-content\/uploads\/2021\/11\/Diseno-sin-titulo-2.png","width":541,"height":90,"caption":"Conexion 23"},"image":{"@id":"https:\/\/conexion23.com\/#\/schema\/logo\/image\/"},"sameAs":["https:\/\/www.facebook.com\/conexion23com","https:\/\/www.instagram.com\/conexion23com\/","https:\/\/www.youtube.com\/channel\/UCYc7vxxFZMYLIHNsHHxPZ3Q"]},{"@type":"Person","@id":"https:\/\/conexion23.com\/#\/schema\/person\/03e36043331117e97a373299bbcd30a6","name":"Raffy Ben\u00edtez","image":{"@type":"ImageObject","inLanguage":"es","@id":"https:\/\/conexion23.com\/#\/schema\/person\/image\/","url":"https:\/\/secure.gravatar.com\/avatar\/3190a6a6c5e1b0327500f7d6c56b6242472ee6cb974cf09b401ee6b3b0798f23?s=96&d=mm&r=g","contentUrl":"https:\/\/secure.gravatar.com\/avatar\/3190a6a6c5e1b0327500f7d6c56b6242472ee6cb974cf09b401ee6b3b0798f23?s=96&d=mm&r=g","caption":"Raffy Ben\u00edtez"},"url":"https:\/\/conexion23.com\/?author=15"}]}},"_links":{"self":[{"href":"https:\/\/conexion23.com\/index.php?rest_route=\/wp\/v2\/posts\/22967","targetHints":{"allow":["GET"]}}],"collection":[{"href":"https:\/\/conexion23.com\/index.php?rest_route=\/wp\/v2\/posts"}],"about":[{"href":"https:\/\/conexion23.com\/index.php?rest_route=\/wp\/v2\/types\/post"}],"author":[{"embeddable":true,"href":"https:\/\/conexion23.com\/index.php?rest_route=\/wp\/v2\/users\/15"}],"replies":[{"embeddable":true,"href":"https:\/\/conexion23.com\/index.php?rest_route=%2Fwp%2Fv2%2Fcomments&post=22967"}],"version-history":[{"count":2,"href":"https:\/\/conexion23.com\/index.php?rest_route=\/wp\/v2\/posts\/22967\/revisions"}],"predecessor-version":[{"id":22971,"href":"https:\/\/conexion23.com\/index.php?rest_route=\/wp\/v2\/posts\/22967\/revisions\/22971"}],"wp:featuredmedia":[{"embeddable":true,"href":"https:\/\/conexion23.com\/index.php?rest_route=\/wp\/v2\/media\/22968"}],"wp:attachment":[{"href":"https:\/\/conexion23.com\/index.php?rest_route=%2Fwp%2Fv2%2Fmedia&parent=22967"}],"wp:term":[{"taxonomy":"category","embeddable":true,"href":"https:\/\/conexion23.com\/index.php?rest_route=%2Fwp%2Fv2%2Fcategories&post=22967"},{"taxonomy":"post_tag","embeddable":true,"href":"https:\/\/conexion23.com\/index.php?rest_route=%2Fwp%2Fv2%2Ftags&post=22967"}],"curies":[{"name":"wp","href":"https:\/\/api.w.org\/{rel}","templated":true}]}}