{"id":23106,"date":"2023-12-02T08:37:41","date_gmt":"2023-12-02T12:37:41","guid":{"rendered":"https:\/\/conexion23.com\/?p=23106"},"modified":"2023-12-02T08:37:44","modified_gmt":"2023-12-02T12:37:44","slug":"familiares-confirman-cadaver-hallado-pertenece-a-conductor-de-autobus-del-accidente-de-haina","status":"publish","type":"post","link":"https:\/\/conexion23.com\/?p=23106","title":{"rendered":"Familiares confirman cad\u00e1ver hallado pertenece a conductor de autob\u00fas del accidente de Haina."},"content":{"rendered":"\n<p><strong>Familiares de Uris M\u00e9ndez<\/strong>, el conductor del autob\u00fas impactado por la patana cargada de cemento en&nbsp;<strong>Quita Sue\u00f1o de Haina<\/strong>, confirmaron a Noticias SIN que la v\u00edctima n\u00famero 11 recuperada la noche del jueves era su pariente.<\/p>\n\n\n\n<p>El hermano de la v\u00edctima, Julio Rodr\u00edguez, indic\u00f3 que el cuerpo de su pariente, debido al estado de descomposici\u00f3n, fue sepultado a la 1:00 pm en el cementerio de Nigua.<\/p>\n\n\n\n<p>Uris M\u00e9ndez, de 37 a\u00f1os, seg\u00fan las informaciones laboraba desde hace 20 a\u00f1os en la ruta 66, que sal\u00eda desde la Pared de Haina, hasta llegar al sector Mar\u00eda Auxiliadora, en la capital.<\/p>\n","protected":false},"excerpt":{"rendered":"<p>Familiares de Uris M\u00e9ndez, el conductor del autob\u00fas impactado por la patana cargada de cemento en&nbsp;Quita Sue\u00f1o de Haina, confirmaron a Noticias SIN que la v\u00edctima n\u00famero 11 recuperada la noche del jueves era su pariente. El hermano de la v\u00edctima, Julio Rodr\u00edguez, indic\u00f3 que el cuerpo de su pariente, debido al estado de descomposici\u00f3n, [&hellip;]<\/p>\n","protected":false},"author":15,"featured_media":23107,"comment_status":"open","ping_status":"open","sticky":false,"template":"","format":"standard","meta":{"footnotes":""},"categories":[1],"tags":[],"class_list":{"0":"post-23106","1":"post","2":"type-post","3":"status-publish","4":"format-standard","5":"has-post-thumbnail","7":"category-uncategorized"},"yoast_head":"<!-- This site is optimized with the Yoast SEO plugin v27.1.1 - https:\/\/yoast.com\/product\/yoast-seo-wordpress\/ -->\n<title>Familiares confirman cad\u00e1ver hallado pertenece a conductor de autob\u00fas del accidente de Haina. - Conexi\u00f3n 23<\/title>\n<meta name=\"robots\" content=\"index, follow, max-snippet:-1, max-image-preview:large, max-video-preview:-1\" \/>\n<link rel=\"canonical\" href=\"https:\/\/conexion23.com\/?p=23106\" \/>\n<meta property=\"og:locale\" content=\"es_ES\" \/>\n<meta property=\"og:type\" content=\"article\" \/>\n<meta property=\"og:title\" content=\"Familiares confirman cad\u00e1ver hallado pertenece a conductor de autob\u00fas del accidente de Haina. - Conexi\u00f3n 23\" \/>\n<meta property=\"og:description\" content=\"Familiares de Uris M\u00e9ndez, el conductor del autob\u00fas impactado por la patana cargada de cemento en&nbsp;Quita Sue\u00f1o de Haina, confirmaron a Noticias SIN que la v\u00edctima n\u00famero 11 recuperada la noche del jueves era su pariente. El hermano de la v\u00edctima, Julio Rodr\u00edguez, indic\u00f3 que el cuerpo de su pariente, debido al estado de descomposici\u00f3n, [&hellip;]\" \/>\n<meta property=\"og:url\" content=\"https:\/\/conexion23.com\/?p=23106\" \/>\n<meta property=\"og:site_name\" content=\"Conexi\u00f3n 23\" \/>\n<meta property=\"article:publisher\" content=\"https:\/\/www.facebook.com\/conexion23com\" \/>\n<meta property=\"article:published_time\" content=\"2023-12-02T12:37:41+00:00\" \/>\n<meta property=\"article:modified_time\" content=\"2023-12-02T12:37:44+00:00\" \/>\n<meta property=\"og:image\" content=\"https:\/\/conexion23.com\/wp-content\/uploads\/2023\/12\/whatsapp-image-2023-12-01-at-3.41.28-pm-scaled-1-750x500-1.webp\" \/>\n\t<meta property=\"og:image:width\" content=\"750\" \/>\n\t<meta property=\"og:image:height\" content=\"500\" \/>\n\t<meta property=\"og:image:type\" content=\"image\/webp\" \/>\n<meta name=\"author\" content=\"Raffy Ben\u00edtez\" \/>\n<meta name=\"twitter:card\" content=\"summary_large_image\" \/>\n<meta name=\"twitter:label1\" content=\"Escrito por\" \/>\n\t<meta name=\"twitter:data1\" content=\"Raffy Ben\u00edtez\" \/>\n\t<meta name=\"twitter:label2\" content=\"Tiempo de lectura\" \/>\n\t<meta name=\"twitter:data2\" content=\"1 minuto\" \/>\n<script type=\"application\/ld+json\" class=\"yoast-schema-graph\">{\"@context\":\"https:\/\/schema.org\",\"@graph\":[{\"@type\":\"Article\",\"@id\":\"https:\/\/conexion23.com\/?p=23106#article\",\"isPartOf\":{\"@id\":\"https:\/\/conexion23.com\/?p=23106\"},\"author\":{\"name\":\"Raffy Ben\u00edtez\",\"@id\":\"https:\/\/conexion23.com\/#\/schema\/person\/03e36043331117e97a373299bbcd30a6\"},\"headline\":\"Familiares confirman cad\u00e1ver hallado pertenece a conductor de autob\u00fas del accidente de Haina.\",\"datePublished\":\"2023-12-02T12:37:41+00:00\",\"dateModified\":\"2023-12-02T12:37:44+00:00\",\"mainEntityOfPage\":{\"@id\":\"https:\/\/conexion23.com\/?p=23106\"},\"wordCount\":125,\"commentCount\":0,\"publisher\":{\"@id\":\"https:\/\/conexion23.com\/#organization\"},\"image\":{\"@id\":\"https:\/\/conexion23.com\/?p=23106#primaryimage\"},\"thumbnailUrl\":\"https:\/\/conexion23.com\/wp-content\/uploads\/2023\/12\/whatsapp-image-2023-12-01-at-3.41.28-pm-scaled-1-750x500-1.webp\",\"articleSection\":[\"Uncategorized\"],\"inLanguage\":\"es\",\"potentialAction\":[{\"@type\":\"CommentAction\",\"name\":\"Comment\",\"target\":[\"https:\/\/conexion23.com\/?p=23106#respond\"]}]},{\"@type\":\"WebPage\",\"@id\":\"https:\/\/conexion23.com\/?p=23106\",\"url\":\"https:\/\/conexion23.com\/?p=23106\",\"name\":\"Familiares confirman cad\u00e1ver hallado pertenece a conductor de autob\u00fas del accidente de Haina. - Conexi\u00f3n 23\",\"isPartOf\":{\"@id\":\"https:\/\/conexion23.com\/#website\"},\"primaryImageOfPage\":{\"@id\":\"https:\/\/conexion23.com\/?p=23106#primaryimage\"},\"image\":{\"@id\":\"https:\/\/conexion23.com\/?p=23106#primaryimage\"},\"thumbnailUrl\":\"https:\/\/conexion23.com\/wp-content\/uploads\/2023\/12\/whatsapp-image-2023-12-01-at-3.41.28-pm-scaled-1-750x500-1.webp\",\"datePublished\":\"2023-12-02T12:37:41+00:00\",\"dateModified\":\"2023-12-02T12:37:44+00:00\",\"breadcrumb\":{\"@id\":\"https:\/\/conexion23.com\/?p=23106#breadcrumb\"},\"inLanguage\":\"es\",\"potentialAction\":[{\"@type\":\"ReadAction\",\"target\":[\"https:\/\/conexion23.com\/?p=23106\"]}]},{\"@type\":\"ImageObject\",\"inLanguage\":\"es\",\"@id\":\"https:\/\/conexion23.com\/?p=23106#primaryimage\",\"url\":\"https:\/\/conexion23.com\/wp-content\/uploads\/2023\/12\/whatsapp-image-2023-12-01-at-3.41.28-pm-scaled-1-750x500-1.webp\",\"contentUrl\":\"https:\/\/conexion23.com\/wp-content\/uploads\/2023\/12\/whatsapp-image-2023-12-01-at-3.41.28-pm-scaled-1-750x500-1.webp\",\"width\":750,\"height\":500},{\"@type\":\"BreadcrumbList\",\"@id\":\"https:\/\/conexion23.com\/?p=23106#breadcrumb\",\"itemListElement\":[{\"@type\":\"ListItem\",\"position\":1,\"name\":\"Portada\",\"item\":\"https:\/\/conexion23.com\/\"},{\"@type\":\"ListItem\",\"position\":2,\"name\":\"Familiares confirman cad\u00e1ver hallado pertenece a conductor de autob\u00fas del accidente de Haina.\"}]},{\"@type\":\"WebSite\",\"@id\":\"https:\/\/conexion23.com\/#website\",\"url\":\"https:\/\/conexion23.com\/\",\"name\":\"Conexi\u00f3n 23\",\"description\":\"Peri\u00f3dico 100% Petromacorisano\",\"publisher\":{\"@id\":\"https:\/\/conexion23.com\/#organization\"},\"potentialAction\":[{\"@type\":\"SearchAction\",\"target\":{\"@type\":\"EntryPoint\",\"urlTemplate\":\"https:\/\/conexion23.com\/?s={search_term_string}\"},\"query-input\":{\"@type\":\"PropertyValueSpecification\",\"valueRequired\":true,\"valueName\":\"search_term_string\"}}],\"inLanguage\":\"es\"},{\"@type\":\"Organization\",\"@id\":\"https:\/\/conexion23.com\/#organization\",\"name\":\"Conexion 23\",\"url\":\"https:\/\/conexion23.com\/\",\"logo\":{\"@type\":\"ImageObject\",\"inLanguage\":\"es\",\"@id\":\"https:\/\/conexion23.com\/#\/schema\/logo\/image\/\",\"url\":\"https:\/\/conexion23.com\/wp-content\/uploads\/2021\/11\/Diseno-sin-titulo-2.png\",\"contentUrl\":\"https:\/\/conexion23.com\/wp-content\/uploads\/2021\/11\/Diseno-sin-titulo-2.png\",\"width\":541,\"height\":90,\"caption\":\"Conexion 23\"},\"image\":{\"@id\":\"https:\/\/conexion23.com\/#\/schema\/logo\/image\/\"},\"sameAs\":[\"https:\/\/www.facebook.com\/conexion23com\",\"https:\/\/www.instagram.com\/conexion23com\/\",\"https:\/\/www.youtube.com\/channel\/UCYc7vxxFZMYLIHNsHHxPZ3Q\"]},{\"@type\":\"Person\",\"@id\":\"https:\/\/conexion23.com\/#\/schema\/person\/03e36043331117e97a373299bbcd30a6\",\"name\":\"Raffy Ben\u00edtez\",\"image\":{\"@type\":\"ImageObject\",\"inLanguage\":\"es\",\"@id\":\"https:\/\/conexion23.com\/#\/schema\/person\/image\/\",\"url\":\"https:\/\/secure.gravatar.com\/avatar\/3190a6a6c5e1b0327500f7d6c56b6242472ee6cb974cf09b401ee6b3b0798f23?s=96&d=mm&r=g\",\"contentUrl\":\"https:\/\/secure.gravatar.com\/avatar\/3190a6a6c5e1b0327500f7d6c56b6242472ee6cb974cf09b401ee6b3b0798f23?s=96&d=mm&r=g\",\"caption\":\"Raffy Ben\u00edtez\"},\"url\":\"https:\/\/conexion23.com\/?author=15\"}]}<\/script>\n<!-- \/ Yoast SEO plugin. -->","yoast_head_json":{"title":"Familiares confirman cad\u00e1ver hallado pertenece a conductor de autob\u00fas del accidente de Haina. - Conexi\u00f3n 23","robots":{"index":"index","follow":"follow","max-snippet":"max-snippet:-1","max-image-preview":"max-image-preview:large","max-video-preview":"max-video-preview:-1"},"canonical":"https:\/\/conexion23.com\/?p=23106","og_locale":"es_ES","og_type":"article","og_title":"Familiares confirman cad\u00e1ver hallado pertenece a conductor de autob\u00fas del accidente de Haina. - Conexi\u00f3n 23","og_description":"Familiares de Uris M\u00e9ndez, el conductor del autob\u00fas impactado por la patana cargada de cemento en&nbsp;Quita Sue\u00f1o de Haina, confirmaron a Noticias SIN que la v\u00edctima n\u00famero 11 recuperada la noche del jueves era su pariente. El hermano de la v\u00edctima, Julio Rodr\u00edguez, indic\u00f3 que el cuerpo de su pariente, debido al estado de descomposici\u00f3n, [&hellip;]","og_url":"https:\/\/conexion23.com\/?p=23106","og_site_name":"Conexi\u00f3n 23","article_publisher":"https:\/\/www.facebook.com\/conexion23com","article_published_time":"2023-12-02T12:37:41+00:00","article_modified_time":"2023-12-02T12:37:44+00:00","og_image":[{"width":750,"height":500,"url":"https:\/\/conexion23.com\/wp-content\/uploads\/2023\/12\/whatsapp-image-2023-12-01-at-3.41.28-pm-scaled-1-750x500-1.webp","type":"image\/webp"}],"author":"Raffy Ben\u00edtez","twitter_card":"summary_large_image","twitter_misc":{"Escrito por":"Raffy Ben\u00edtez","Tiempo de lectura":"1 minuto"},"schema":{"@context":"https:\/\/schema.org","@graph":[{"@type":"Article","@id":"https:\/\/conexion23.com\/?p=23106#article","isPartOf":{"@id":"https:\/\/conexion23.com\/?p=23106"},"author":{"name":"Raffy Ben\u00edtez","@id":"https:\/\/conexion23.com\/#\/schema\/person\/03e36043331117e97a373299bbcd30a6"},"headline":"Familiares confirman cad\u00e1ver hallado pertenece a conductor de autob\u00fas del accidente de Haina.","datePublished":"2023-12-02T12:37:41+00:00","dateModified":"2023-12-02T12:37:44+00:00","mainEntityOfPage":{"@id":"https:\/\/conexion23.com\/?p=23106"},"wordCount":125,"commentCount":0,"publisher":{"@id":"https:\/\/conexion23.com\/#organization"},"image":{"@id":"https:\/\/conexion23.com\/?p=23106#primaryimage"},"thumbnailUrl":"https:\/\/conexion23.com\/wp-content\/uploads\/2023\/12\/whatsapp-image-2023-12-01-at-3.41.28-pm-scaled-1-750x500-1.webp","articleSection":["Uncategorized"],"inLanguage":"es","potentialAction":[{"@type":"CommentAction","name":"Comment","target":["https:\/\/conexion23.com\/?p=23106#respond"]}]},{"@type":"WebPage","@id":"https:\/\/conexion23.com\/?p=23106","url":"https:\/\/conexion23.com\/?p=23106","name":"Familiares confirman cad\u00e1ver hallado pertenece a conductor de autob\u00fas del accidente de Haina. - Conexi\u00f3n 23","isPartOf":{"@id":"https:\/\/conexion23.com\/#website"},"primaryImageOfPage":{"@id":"https:\/\/conexion23.com\/?p=23106#primaryimage"},"image":{"@id":"https:\/\/conexion23.com\/?p=23106#primaryimage"},"thumbnailUrl":"https:\/\/conexion23.com\/wp-content\/uploads\/2023\/12\/whatsapp-image-2023-12-01-at-3.41.28-pm-scaled-1-750x500-1.webp","datePublished":"2023-12-02T12:37:41+00:00","dateModified":"2023-12-02T12:37:44+00:00","breadcrumb":{"@id":"https:\/\/conexion23.com\/?p=23106#breadcrumb"},"inLanguage":"es","potentialAction":[{"@type":"ReadAction","target":["https:\/\/conexion23.com\/?p=23106"]}]},{"@type":"ImageObject","inLanguage":"es","@id":"https:\/\/conexion23.com\/?p=23106#primaryimage","url":"https:\/\/conexion23.com\/wp-content\/uploads\/2023\/12\/whatsapp-image-2023-12-01-at-3.41.28-pm-scaled-1-750x500-1.webp","contentUrl":"https:\/\/conexion23.com\/wp-content\/uploads\/2023\/12\/whatsapp-image-2023-12-01-at-3.41.28-pm-scaled-1-750x500-1.webp","width":750,"height":500},{"@type":"BreadcrumbList","@id":"https:\/\/conexion23.com\/?p=23106#breadcrumb","itemListElement":[{"@type":"ListItem","position":1,"name":"Portada","item":"https:\/\/conexion23.com\/"},{"@type":"ListItem","position":2,"name":"Familiares confirman cad\u00e1ver hallado pertenece a conductor de autob\u00fas del accidente de Haina."}]},{"@type":"WebSite","@id":"https:\/\/conexion23.com\/#website","url":"https:\/\/conexion23.com\/","name":"Conexi\u00f3n 23","description":"Peri\u00f3dico 100% Petromacorisano","publisher":{"@id":"https:\/\/conexion23.com\/#organization"},"potentialAction":[{"@type":"SearchAction","target":{"@type":"EntryPoint","urlTemplate":"https:\/\/conexion23.com\/?s={search_term_string}"},"query-input":{"@type":"PropertyValueSpecification","valueRequired":true,"valueName":"search_term_string"}}],"inLanguage":"es"},{"@type":"Organization","@id":"https:\/\/conexion23.com\/#organization","name":"Conexion 23","url":"https:\/\/conexion23.com\/","logo":{"@type":"ImageObject","inLanguage":"es","@id":"https:\/\/conexion23.com\/#\/schema\/logo\/image\/","url":"https:\/\/conexion23.com\/wp-content\/uploads\/2021\/11\/Diseno-sin-titulo-2.png","contentUrl":"https:\/\/conexion23.com\/wp-content\/uploads\/2021\/11\/Diseno-sin-titulo-2.png","width":541,"height":90,"caption":"Conexion 23"},"image":{"@id":"https:\/\/conexion23.com\/#\/schema\/logo\/image\/"},"sameAs":["https:\/\/www.facebook.com\/conexion23com","https:\/\/www.instagram.com\/conexion23com\/","https:\/\/www.youtube.com\/channel\/UCYc7vxxFZMYLIHNsHHxPZ3Q"]},{"@type":"Person","@id":"https:\/\/conexion23.com\/#\/schema\/person\/03e36043331117e97a373299bbcd30a6","name":"Raffy Ben\u00edtez","image":{"@type":"ImageObject","inLanguage":"es","@id":"https:\/\/conexion23.com\/#\/schema\/person\/image\/","url":"https:\/\/secure.gravatar.com\/avatar\/3190a6a6c5e1b0327500f7d6c56b6242472ee6cb974cf09b401ee6b3b0798f23?s=96&d=mm&r=g","contentUrl":"https:\/\/secure.gravatar.com\/avatar\/3190a6a6c5e1b0327500f7d6c56b6242472ee6cb974cf09b401ee6b3b0798f23?s=96&d=mm&r=g","caption":"Raffy Ben\u00edtez"},"url":"https:\/\/conexion23.com\/?author=15"}]}},"_links":{"self":[{"href":"https:\/\/conexion23.com\/index.php?rest_route=\/wp\/v2\/posts\/23106","targetHints":{"allow":["GET"]}}],"collection":[{"href":"https:\/\/conexion23.com\/index.php?rest_route=\/wp\/v2\/posts"}],"about":[{"href":"https:\/\/conexion23.com\/index.php?rest_route=\/wp\/v2\/types\/post"}],"author":[{"embeddable":true,"href":"https:\/\/conexion23.com\/index.php?rest_route=\/wp\/v2\/users\/15"}],"replies":[{"embeddable":true,"href":"https:\/\/conexion23.com\/index.php?rest_route=%2Fwp%2Fv2%2Fcomments&post=23106"}],"version-history":[{"count":1,"href":"https:\/\/conexion23.com\/index.php?rest_route=\/wp\/v2\/posts\/23106\/revisions"}],"predecessor-version":[{"id":23108,"href":"https:\/\/conexion23.com\/index.php?rest_route=\/wp\/v2\/posts\/23106\/revisions\/23108"}],"wp:featuredmedia":[{"embeddable":true,"href":"https:\/\/conexion23.com\/index.php?rest_route=\/wp\/v2\/media\/23107"}],"wp:attachment":[{"href":"https:\/\/conexion23.com\/index.php?rest_route=%2Fwp%2Fv2%2Fmedia&parent=23106"}],"wp:term":[{"taxonomy":"category","embeddable":true,"href":"https:\/\/conexion23.com\/index.php?rest_route=%2Fwp%2Fv2%2Fcategories&post=23106"},{"taxonomy":"post_tag","embeddable":true,"href":"https:\/\/conexion23.com\/index.php?rest_route=%2Fwp%2Fv2%2Ftags&post=23106"}],"curies":[{"name":"wp","href":"https:\/\/api.w.org\/{rel}","templated":true}]}}