{"id":23109,"date":"2023-12-02T08:44:46","date_gmt":"2023-12-02T12:44:46","guid":{"rendered":"https:\/\/conexion23.com\/?p=23109"},"modified":"2023-12-02T08:44:48","modified_gmt":"2023-12-02T12:44:48","slug":"cuba-rechaza-seguir-en-la-lista-de-ee-uu-de-paises-terroristas","status":"publish","type":"post","link":"https:\/\/conexion23.com\/?p=23109","title":{"rendered":"Cuba rechaza seguir en la lista de EE.UU. de pa\u00edses terroristas."},"content":{"rendered":"\n<p><strong>La Habana.<\/strong>\u2013 El Gobierno de Cuba calific\u00f3 este viernes de \u00abarbitrario y unilateral\u00bb el \u00faltimo informe de Estados Unidos en el que decidi\u00f3 mantener por un a\u00f1o m\u00e1s a Cuba entre los pa\u00edses patrocinadores del terrorismo.<\/p>\n\n\n\n<p><strong>\u00abEn su arbitrario y unilateral informe sobre terrorismo, EE.UU. insiste, cada vez con menos argumentos, en calumniar a Cuba para justificar su pol\u00edtica hostil de asfixia econ\u00f3mica\u00bb, se\u00f1al\u00f3 el ministro cubano de Relaciones Exteriores, Bruno Rodr\u00edguez, en su cuenta de la red social X (antes Twitter).<\/strong><\/p>\n\n\n\n<p>El canciller de la isla consider\u00f3 que \u00abofende la inmoralidad e insulta el abuso impune frente a la resistencia heroica\u00bb del pueblo cubano.<\/p>\n\n\n\n<p>El Departamento de Estado mantuvo a Cuba en su lista de pa\u00edses patrocinadores del terrorismo -la isla fue incluida en 2021- junto con Siria, Ir\u00e1n y Corea del Norte, lo que implica la imposici\u00f3n de una serie de sanciones por parte de Washington.<\/p>\n\n\n\n<p><strong>El presidente cubano, Miguel D\u00edaz-Canel, insiste en exigir a Estados Unidos que retire a su pa\u00eds de la lista, cuya inclusi\u00f3n considera injustificada y tiene serias implicaciones econ\u00f3micas para la isla.<\/strong><\/p>\n\n\n\n<p>La inclusi\u00f3n del pa\u00eds caribe\u00f1o en ese listado en enero de 2021 fue una de las \u00faltimas decisiones adoptadas por la Administraci\u00f3n del republicano Donald Trump (2017-2021) antes de dejar la Casa Blanca.<\/p>\n\n\n\n<p><strong>Estados Unidos justific\u00f3 entonces la medida aludiendo a la presencia en la isla de miembros de la guerrilla colombiana del Ej\u00e9rcito de Liberaci\u00f3n Nacional (ELN), que viajaron a La Habana para iniciar negociaciones de paz con el Gobierno de Colombia.<\/strong><\/p>\n\n\n\n<p>La Administraci\u00f3n del dem\u00f3crata Joe Biden considera en su informe publicado este jueves que \u00abel Gobierno cubano no respondi\u00f3 formalmente a las solicitudes de extradici\u00f3n\u00bb de los l\u00edderes del ELN Pablo Tejada y Pablo Beltr\u00e1n presentadas por Colombia.<\/p>\n\n\n\n<p>Denuncia adem\u00e1s que \u00abCuba tambi\u00e9n contin\u00faa albergando a varios pr\u00f3fugos de la justicia estadounidenses buscados por cargos relacionados con violencia pol\u00edtica, muchos de los cuales han residido en Cuba durante d\u00e9cadas\u00bb.<\/p>\n\n\n\n<p>Para designar a un pa\u00eds como patrocinador del terrorismo, la legislaci\u00f3n estadounidense exige al secretario de Estado que determine que el Gobierno de dicha naci\u00f3n ha brindado apoyo repetidamente a grupos terroristas.<\/p>\n\n\n\n<p><strong>Esa designaci\u00f3n implica la prohibici\u00f3n de venta de armas con ese pa\u00eds, un mayor control a sus exportaciones, restricciones en la ayuda exterior, mayores requisitos para los visados y diversas sanciones econ\u00f3micas.<\/strong><\/p>\n\n\n\n<p>Cuba hab\u00eda formado parte de la lista desde 1982 pero sali\u00f3 en 2015, durante la etapa de acercamiento impulsada por el entonces presidente estadounidense Barack Obama (2009-2017) y frenada por Trump, que durante su mandato redobl\u00f3 las sanciones sobre La Habana y fren\u00f3 el \u00abdeshielo\u00bb.<\/p>\n\n\n\n<p><strong>La Administraci\u00f3n de Biden ha mostrado algunos gestos hacia la isla, como la eliminaci\u00f3n del l\u00edmite de remesas para Cuba, pero sigue lejos del acercamiento que favoreci\u00f3 Obama.<\/strong><\/p>\n","protected":false},"excerpt":{"rendered":"<p>La Habana.\u2013 El Gobierno de Cuba calific\u00f3 este viernes de \u00abarbitrario y unilateral\u00bb el \u00faltimo informe de Estados Unidos en el que decidi\u00f3 mantener por un a\u00f1o m\u00e1s a Cuba entre los pa\u00edses patrocinadores del terrorismo. \u00abEn su arbitrario y unilateral informe sobre terrorismo, EE.UU. insiste, cada vez con menos argumentos, en calumniar a Cuba [&hellip;]<\/p>\n","protected":false},"author":15,"featured_media":23110,"comment_status":"open","ping_status":"open","sticky":false,"template":"","format":"standard","meta":{"footnotes":""},"categories":[1],"tags":[],"class_list":{"0":"post-23109","1":"post","2":"type-post","3":"status-publish","4":"format-standard","5":"has-post-thumbnail","7":"category-uncategorized"},"yoast_head":"<!-- This site is optimized with the Yoast SEO plugin v27.1.1 - https:\/\/yoast.com\/product\/yoast-seo-wordpress\/ -->\n<title>Cuba rechaza seguir en la lista de EE.UU. de pa\u00edses terroristas. - Conexi\u00f3n 23<\/title>\n<meta name=\"robots\" content=\"index, follow, max-snippet:-1, max-image-preview:large, max-video-preview:-1\" \/>\n<link rel=\"canonical\" href=\"https:\/\/conexion23.com\/?p=23109\" \/>\n<meta property=\"og:locale\" content=\"es_ES\" \/>\n<meta property=\"og:type\" content=\"article\" \/>\n<meta property=\"og:title\" content=\"Cuba rechaza seguir en la lista de EE.UU. de pa\u00edses terroristas. - Conexi\u00f3n 23\" \/>\n<meta property=\"og:description\" content=\"La Habana.\u2013 El Gobierno de Cuba calific\u00f3 este viernes de \u00abarbitrario y unilateral\u00bb el \u00faltimo informe de Estados Unidos en el que decidi\u00f3 mantener por un a\u00f1o m\u00e1s a Cuba entre los pa\u00edses patrocinadores del terrorismo. \u00abEn su arbitrario y unilateral informe sobre terrorismo, EE.UU. insiste, cada vez con menos argumentos, en calumniar a Cuba [&hellip;]\" \/>\n<meta property=\"og:url\" content=\"https:\/\/conexion23.com\/?p=23109\" \/>\n<meta property=\"og:site_name\" content=\"Conexi\u00f3n 23\" \/>\n<meta property=\"article:publisher\" content=\"https:\/\/www.facebook.com\/conexion23com\" \/>\n<meta property=\"article:published_time\" content=\"2023-12-02T12:44:46+00:00\" \/>\n<meta property=\"article:modified_time\" content=\"2023-12-02T12:44:48+00:00\" \/>\n<meta property=\"og:image\" content=\"https:\/\/conexion23.com\/wp-content\/uploads\/2023\/12\/ezgif-4-a2890a9a32-750x422-1.webp\" \/>\n\t<meta property=\"og:image:width\" content=\"750\" \/>\n\t<meta property=\"og:image:height\" content=\"422\" \/>\n\t<meta property=\"og:image:type\" content=\"image\/webp\" \/>\n<meta name=\"author\" content=\"Raffy Ben\u00edtez\" \/>\n<meta name=\"twitter:card\" content=\"summary_large_image\" \/>\n<meta name=\"twitter:label1\" content=\"Escrito por\" \/>\n\t<meta name=\"twitter:data1\" content=\"Raffy Ben\u00edtez\" \/>\n\t<meta name=\"twitter:label2\" content=\"Tiempo de lectura\" \/>\n\t<meta name=\"twitter:data2\" content=\"3 minutos\" \/>\n<script type=\"application\/ld+json\" class=\"yoast-schema-graph\">{\"@context\":\"https:\/\/schema.org\",\"@graph\":[{\"@type\":\"Article\",\"@id\":\"https:\/\/conexion23.com\/?p=23109#article\",\"isPartOf\":{\"@id\":\"https:\/\/conexion23.com\/?p=23109\"},\"author\":{\"name\":\"Raffy Ben\u00edtez\",\"@id\":\"https:\/\/conexion23.com\/#\/schema\/person\/03e36043331117e97a373299bbcd30a6\"},\"headline\":\"Cuba rechaza seguir en la lista de EE.UU. de pa\u00edses terroristas.\",\"datePublished\":\"2023-12-02T12:44:46+00:00\",\"dateModified\":\"2023-12-02T12:44:48+00:00\",\"mainEntityOfPage\":{\"@id\":\"https:\/\/conexion23.com\/?p=23109\"},\"wordCount\":511,\"commentCount\":0,\"publisher\":{\"@id\":\"https:\/\/conexion23.com\/#organization\"},\"image\":{\"@id\":\"https:\/\/conexion23.com\/?p=23109#primaryimage\"},\"thumbnailUrl\":\"https:\/\/conexion23.com\/wp-content\/uploads\/2023\/12\/ezgif-4-a2890a9a32-750x422-1.webp\",\"articleSection\":[\"Uncategorized\"],\"inLanguage\":\"es\",\"potentialAction\":[{\"@type\":\"CommentAction\",\"name\":\"Comment\",\"target\":[\"https:\/\/conexion23.com\/?p=23109#respond\"]}]},{\"@type\":\"WebPage\",\"@id\":\"https:\/\/conexion23.com\/?p=23109\",\"url\":\"https:\/\/conexion23.com\/?p=23109\",\"name\":\"Cuba rechaza seguir en la lista de EE.UU. de pa\u00edses terroristas. - Conexi\u00f3n 23\",\"isPartOf\":{\"@id\":\"https:\/\/conexion23.com\/#website\"},\"primaryImageOfPage\":{\"@id\":\"https:\/\/conexion23.com\/?p=23109#primaryimage\"},\"image\":{\"@id\":\"https:\/\/conexion23.com\/?p=23109#primaryimage\"},\"thumbnailUrl\":\"https:\/\/conexion23.com\/wp-content\/uploads\/2023\/12\/ezgif-4-a2890a9a32-750x422-1.webp\",\"datePublished\":\"2023-12-02T12:44:46+00:00\",\"dateModified\":\"2023-12-02T12:44:48+00:00\",\"breadcrumb\":{\"@id\":\"https:\/\/conexion23.com\/?p=23109#breadcrumb\"},\"inLanguage\":\"es\",\"potentialAction\":[{\"@type\":\"ReadAction\",\"target\":[\"https:\/\/conexion23.com\/?p=23109\"]}]},{\"@type\":\"ImageObject\",\"inLanguage\":\"es\",\"@id\":\"https:\/\/conexion23.com\/?p=23109#primaryimage\",\"url\":\"https:\/\/conexion23.com\/wp-content\/uploads\/2023\/12\/ezgif-4-a2890a9a32-750x422-1.webp\",\"contentUrl\":\"https:\/\/conexion23.com\/wp-content\/uploads\/2023\/12\/ezgif-4-a2890a9a32-750x422-1.webp\",\"width\":750,\"height\":422},{\"@type\":\"BreadcrumbList\",\"@id\":\"https:\/\/conexion23.com\/?p=23109#breadcrumb\",\"itemListElement\":[{\"@type\":\"ListItem\",\"position\":1,\"name\":\"Portada\",\"item\":\"https:\/\/conexion23.com\/\"},{\"@type\":\"ListItem\",\"position\":2,\"name\":\"Cuba rechaza seguir en la lista de EE.UU. de pa\u00edses terroristas.\"}]},{\"@type\":\"WebSite\",\"@id\":\"https:\/\/conexion23.com\/#website\",\"url\":\"https:\/\/conexion23.com\/\",\"name\":\"Conexi\u00f3n 23\",\"description\":\"Peri\u00f3dico 100% Petromacorisano\",\"publisher\":{\"@id\":\"https:\/\/conexion23.com\/#organization\"},\"potentialAction\":[{\"@type\":\"SearchAction\",\"target\":{\"@type\":\"EntryPoint\",\"urlTemplate\":\"https:\/\/conexion23.com\/?s={search_term_string}\"},\"query-input\":{\"@type\":\"PropertyValueSpecification\",\"valueRequired\":true,\"valueName\":\"search_term_string\"}}],\"inLanguage\":\"es\"},{\"@type\":\"Organization\",\"@id\":\"https:\/\/conexion23.com\/#organization\",\"name\":\"Conexion 23\",\"url\":\"https:\/\/conexion23.com\/\",\"logo\":{\"@type\":\"ImageObject\",\"inLanguage\":\"es\",\"@id\":\"https:\/\/conexion23.com\/#\/schema\/logo\/image\/\",\"url\":\"https:\/\/conexion23.com\/wp-content\/uploads\/2021\/11\/Diseno-sin-titulo-2.png\",\"contentUrl\":\"https:\/\/conexion23.com\/wp-content\/uploads\/2021\/11\/Diseno-sin-titulo-2.png\",\"width\":541,\"height\":90,\"caption\":\"Conexion 23\"},\"image\":{\"@id\":\"https:\/\/conexion23.com\/#\/schema\/logo\/image\/\"},\"sameAs\":[\"https:\/\/www.facebook.com\/conexion23com\",\"https:\/\/www.instagram.com\/conexion23com\/\",\"https:\/\/www.youtube.com\/channel\/UCYc7vxxFZMYLIHNsHHxPZ3Q\"]},{\"@type\":\"Person\",\"@id\":\"https:\/\/conexion23.com\/#\/schema\/person\/03e36043331117e97a373299bbcd30a6\",\"name\":\"Raffy Ben\u00edtez\",\"image\":{\"@type\":\"ImageObject\",\"inLanguage\":\"es\",\"@id\":\"https:\/\/conexion23.com\/#\/schema\/person\/image\/\",\"url\":\"https:\/\/secure.gravatar.com\/avatar\/3190a6a6c5e1b0327500f7d6c56b6242472ee6cb974cf09b401ee6b3b0798f23?s=96&d=mm&r=g\",\"contentUrl\":\"https:\/\/secure.gravatar.com\/avatar\/3190a6a6c5e1b0327500f7d6c56b6242472ee6cb974cf09b401ee6b3b0798f23?s=96&d=mm&r=g\",\"caption\":\"Raffy Ben\u00edtez\"},\"url\":\"https:\/\/conexion23.com\/?author=15\"}]}<\/script>\n<!-- \/ Yoast SEO plugin. -->","yoast_head_json":{"title":"Cuba rechaza seguir en la lista de EE.UU. de pa\u00edses terroristas. - Conexi\u00f3n 23","robots":{"index":"index","follow":"follow","max-snippet":"max-snippet:-1","max-image-preview":"max-image-preview:large","max-video-preview":"max-video-preview:-1"},"canonical":"https:\/\/conexion23.com\/?p=23109","og_locale":"es_ES","og_type":"article","og_title":"Cuba rechaza seguir en la lista de EE.UU. de pa\u00edses terroristas. - Conexi\u00f3n 23","og_description":"La Habana.\u2013 El Gobierno de Cuba calific\u00f3 este viernes de \u00abarbitrario y unilateral\u00bb el \u00faltimo informe de Estados Unidos en el que decidi\u00f3 mantener por un a\u00f1o m\u00e1s a Cuba entre los pa\u00edses patrocinadores del terrorismo. \u00abEn su arbitrario y unilateral informe sobre terrorismo, EE.UU. insiste, cada vez con menos argumentos, en calumniar a Cuba [&hellip;]","og_url":"https:\/\/conexion23.com\/?p=23109","og_site_name":"Conexi\u00f3n 23","article_publisher":"https:\/\/www.facebook.com\/conexion23com","article_published_time":"2023-12-02T12:44:46+00:00","article_modified_time":"2023-12-02T12:44:48+00:00","og_image":[{"width":750,"height":422,"url":"https:\/\/conexion23.com\/wp-content\/uploads\/2023\/12\/ezgif-4-a2890a9a32-750x422-1.webp","type":"image\/webp"}],"author":"Raffy Ben\u00edtez","twitter_card":"summary_large_image","twitter_misc":{"Escrito por":"Raffy Ben\u00edtez","Tiempo de lectura":"3 minutos"},"schema":{"@context":"https:\/\/schema.org","@graph":[{"@type":"Article","@id":"https:\/\/conexion23.com\/?p=23109#article","isPartOf":{"@id":"https:\/\/conexion23.com\/?p=23109"},"author":{"name":"Raffy Ben\u00edtez","@id":"https:\/\/conexion23.com\/#\/schema\/person\/03e36043331117e97a373299bbcd30a6"},"headline":"Cuba rechaza seguir en la lista de EE.UU. de pa\u00edses terroristas.","datePublished":"2023-12-02T12:44:46+00:00","dateModified":"2023-12-02T12:44:48+00:00","mainEntityOfPage":{"@id":"https:\/\/conexion23.com\/?p=23109"},"wordCount":511,"commentCount":0,"publisher":{"@id":"https:\/\/conexion23.com\/#organization"},"image":{"@id":"https:\/\/conexion23.com\/?p=23109#primaryimage"},"thumbnailUrl":"https:\/\/conexion23.com\/wp-content\/uploads\/2023\/12\/ezgif-4-a2890a9a32-750x422-1.webp","articleSection":["Uncategorized"],"inLanguage":"es","potentialAction":[{"@type":"CommentAction","name":"Comment","target":["https:\/\/conexion23.com\/?p=23109#respond"]}]},{"@type":"WebPage","@id":"https:\/\/conexion23.com\/?p=23109","url":"https:\/\/conexion23.com\/?p=23109","name":"Cuba rechaza seguir en la lista de EE.UU. de pa\u00edses terroristas. - Conexi\u00f3n 23","isPartOf":{"@id":"https:\/\/conexion23.com\/#website"},"primaryImageOfPage":{"@id":"https:\/\/conexion23.com\/?p=23109#primaryimage"},"image":{"@id":"https:\/\/conexion23.com\/?p=23109#primaryimage"},"thumbnailUrl":"https:\/\/conexion23.com\/wp-content\/uploads\/2023\/12\/ezgif-4-a2890a9a32-750x422-1.webp","datePublished":"2023-12-02T12:44:46+00:00","dateModified":"2023-12-02T12:44:48+00:00","breadcrumb":{"@id":"https:\/\/conexion23.com\/?p=23109#breadcrumb"},"inLanguage":"es","potentialAction":[{"@type":"ReadAction","target":["https:\/\/conexion23.com\/?p=23109"]}]},{"@type":"ImageObject","inLanguage":"es","@id":"https:\/\/conexion23.com\/?p=23109#primaryimage","url":"https:\/\/conexion23.com\/wp-content\/uploads\/2023\/12\/ezgif-4-a2890a9a32-750x422-1.webp","contentUrl":"https:\/\/conexion23.com\/wp-content\/uploads\/2023\/12\/ezgif-4-a2890a9a32-750x422-1.webp","width":750,"height":422},{"@type":"BreadcrumbList","@id":"https:\/\/conexion23.com\/?p=23109#breadcrumb","itemListElement":[{"@type":"ListItem","position":1,"name":"Portada","item":"https:\/\/conexion23.com\/"},{"@type":"ListItem","position":2,"name":"Cuba rechaza seguir en la lista de EE.UU. de pa\u00edses terroristas."}]},{"@type":"WebSite","@id":"https:\/\/conexion23.com\/#website","url":"https:\/\/conexion23.com\/","name":"Conexi\u00f3n 23","description":"Peri\u00f3dico 100% Petromacorisano","publisher":{"@id":"https:\/\/conexion23.com\/#organization"},"potentialAction":[{"@type":"SearchAction","target":{"@type":"EntryPoint","urlTemplate":"https:\/\/conexion23.com\/?s={search_term_string}"},"query-input":{"@type":"PropertyValueSpecification","valueRequired":true,"valueName":"search_term_string"}}],"inLanguage":"es"},{"@type":"Organization","@id":"https:\/\/conexion23.com\/#organization","name":"Conexion 23","url":"https:\/\/conexion23.com\/","logo":{"@type":"ImageObject","inLanguage":"es","@id":"https:\/\/conexion23.com\/#\/schema\/logo\/image\/","url":"https:\/\/conexion23.com\/wp-content\/uploads\/2021\/11\/Diseno-sin-titulo-2.png","contentUrl":"https:\/\/conexion23.com\/wp-content\/uploads\/2021\/11\/Diseno-sin-titulo-2.png","width":541,"height":90,"caption":"Conexion 23"},"image":{"@id":"https:\/\/conexion23.com\/#\/schema\/logo\/image\/"},"sameAs":["https:\/\/www.facebook.com\/conexion23com","https:\/\/www.instagram.com\/conexion23com\/","https:\/\/www.youtube.com\/channel\/UCYc7vxxFZMYLIHNsHHxPZ3Q"]},{"@type":"Person","@id":"https:\/\/conexion23.com\/#\/schema\/person\/03e36043331117e97a373299bbcd30a6","name":"Raffy Ben\u00edtez","image":{"@type":"ImageObject","inLanguage":"es","@id":"https:\/\/conexion23.com\/#\/schema\/person\/image\/","url":"https:\/\/secure.gravatar.com\/avatar\/3190a6a6c5e1b0327500f7d6c56b6242472ee6cb974cf09b401ee6b3b0798f23?s=96&d=mm&r=g","contentUrl":"https:\/\/secure.gravatar.com\/avatar\/3190a6a6c5e1b0327500f7d6c56b6242472ee6cb974cf09b401ee6b3b0798f23?s=96&d=mm&r=g","caption":"Raffy Ben\u00edtez"},"url":"https:\/\/conexion23.com\/?author=15"}]}},"_links":{"self":[{"href":"https:\/\/conexion23.com\/index.php?rest_route=\/wp\/v2\/posts\/23109","targetHints":{"allow":["GET"]}}],"collection":[{"href":"https:\/\/conexion23.com\/index.php?rest_route=\/wp\/v2\/posts"}],"about":[{"href":"https:\/\/conexion23.com\/index.php?rest_route=\/wp\/v2\/types\/post"}],"author":[{"embeddable":true,"href":"https:\/\/conexion23.com\/index.php?rest_route=\/wp\/v2\/users\/15"}],"replies":[{"embeddable":true,"href":"https:\/\/conexion23.com\/index.php?rest_route=%2Fwp%2Fv2%2Fcomments&post=23109"}],"version-history":[{"count":1,"href":"https:\/\/conexion23.com\/index.php?rest_route=\/wp\/v2\/posts\/23109\/revisions"}],"predecessor-version":[{"id":23111,"href":"https:\/\/conexion23.com\/index.php?rest_route=\/wp\/v2\/posts\/23109\/revisions\/23111"}],"wp:featuredmedia":[{"embeddable":true,"href":"https:\/\/conexion23.com\/index.php?rest_route=\/wp\/v2\/media\/23110"}],"wp:attachment":[{"href":"https:\/\/conexion23.com\/index.php?rest_route=%2Fwp%2Fv2%2Fmedia&parent=23109"}],"wp:term":[{"taxonomy":"category","embeddable":true,"href":"https:\/\/conexion23.com\/index.php?rest_route=%2Fwp%2Fv2%2Fcategories&post=23109"},{"taxonomy":"post_tag","embeddable":true,"href":"https:\/\/conexion23.com\/index.php?rest_route=%2Fwp%2Fv2%2Ftags&post=23109"}],"curies":[{"name":"wp","href":"https:\/\/api.w.org\/{rel}","templated":true}]}}