{"id":23115,"date":"2023-12-02T08:51:27","date_gmt":"2023-12-02T12:51:27","guid":{"rendered":"https:\/\/conexion23.com\/?p=23115"},"modified":"2023-12-02T08:51:30","modified_gmt":"2023-12-02T12:51:30","slug":"asesinan-a-seis-personas-incluyendo-dos-ninos-en-mexico","status":"publish","type":"post","link":"https:\/\/conexion23.com\/?p=23115","title":{"rendered":"Asesinan a seis personas, incluyendo dos ni\u00f1os en M\u00e9xico."},"content":{"rendered":"\n<p>Autoridades mexicanas reportaron este viernes el asesinato de seis personas, entre ellas dos ni\u00f1os, en una zona rural del municipio de Tar\u00edmbaro, en el occidental estado de Michoac\u00e1n.<\/p>\n\n\n\n<p>La Fiscal\u00eda General del Estado (FGE) inform\u00f3 a EFE que encontraron los cad\u00e1veres durante la ma\u00f1ana entre la maleza, a orillas de un camino que conduce a la zona residencial de Las Espigas,&nbsp;<strong>a 500 metros de la carretera federal que une Michoac\u00e1n con el estado de Guanajuato<\/strong>.<\/p>\n\n\n\n<p>Las v\u00edctimas presentan huellas de violencia e impactos de bala, aunque el cuerpo de uno de los menores de edad estaba cubierto con una piedra.<\/p>\n\n\n\n<p>Los cad\u00e1veres corresponden a dos mujeres y dos hombres con edades de entre los 20 y 35 a\u00f1os, mientras que el g\u00e9nero de los dos ni\u00f1os a\u00fan se desconoce, aunque las autoridades estiman que podr\u00edan tener entre 3 y 6 a\u00f1os.<\/p>\n\n\n\n<p>La Fiscal\u00eda ha trasladado los cuerpos al Servicio M\u00e9dico Forense (Semefo) en la ciudad de Morelia, capital de Michoac\u00e1n, a la espera de que las familias de las v\u00edctimas los identifiquen.<\/p>\n\n\n\n<p>Un equipo de investigadores forenses encontr\u00f3 un taxi abandonado cerca del crimen,&nbsp;<strong>aunque contin\u00faa buscando indicios para tratar de identificar a los responsables<\/strong>, y establecer la causa del m\u00faltiple asesinato.<\/p>\n\n\n\n<p>En la zona lim\u00edtrofe de Morelia y Tar\u00edmbaro operan las organizaciones criminales del C\u00e1rtel Jalisco Nueva Generaci\u00f3n (CJNG), Los Viagras y de Los Caballeros Templarios, que se disputan el control de la producci\u00f3n y tr\u00e1fico de drogas, secuestros y extorsiones a empresarios y comerciantes.<\/p>\n\n\n\n<p>Estos grupos delictivos tambi\u00e9n mantienen una lucha por el robo de combustible a ductos de Petr\u00f3leos Mexicanos (Pemex), que corren desde la ciudad de Salamanca, Guanajuato, hasta un centro regional de almacenamiento en Tar\u00edmbaro.<\/p>\n\n\n\n<p>Este m\u00faltiple crimen conmocion\u00f3 a diversos sectores sociales de Michoac\u00e1n, y ocurre mientras el gobernador Alfredo Ram\u00edrez Bedolla se encuentra en una gira de trabajo por Europa, donde ha visitado empresas de diversos ramos en Alemania, Suiza y Austria.<\/p>\n\n\n\n<p>Michoc\u00e1n es el sexto estado con m\u00e1s homicidios de M\u00e9xico, al acumular 1,482 en los primeros 10 meses del a\u00f1o de los m\u00e1s de 25,000 que registr\u00f3 el pa\u00eds a nivel nacional.<\/p>\n","protected":false},"excerpt":{"rendered":"<p>Autoridades mexicanas reportaron este viernes el asesinato de seis personas, entre ellas dos ni\u00f1os, en una zona rural del municipio de Tar\u00edmbaro, en el occidental estado de Michoac\u00e1n. La Fiscal\u00eda General del Estado (FGE) inform\u00f3 a EFE que encontraron los cad\u00e1veres durante la ma\u00f1ana entre la maleza, a orillas de un camino que conduce a [&hellip;]<\/p>\n","protected":false},"author":15,"featured_media":23116,"comment_status":"open","ping_status":"open","sticky":false,"template":"","format":"standard","meta":{"footnotes":""},"categories":[1],"tags":[],"class_list":{"0":"post-23115","1":"post","2":"type-post","3":"status-publish","4":"format-standard","5":"has-post-thumbnail","7":"category-uncategorized"},"yoast_head":"<!-- This site is optimized with the Yoast SEO plugin v27.1.1 - https:\/\/yoast.com\/product\/yoast-seo-wordpress\/ -->\n<title>Asesinan a seis personas, incluyendo dos ni\u00f1os en M\u00e9xico. - Conexi\u00f3n 23<\/title>\n<meta name=\"robots\" content=\"index, follow, max-snippet:-1, max-image-preview:large, max-video-preview:-1\" \/>\n<link rel=\"canonical\" href=\"https:\/\/conexion23.com\/?p=23115\" \/>\n<meta property=\"og:locale\" content=\"es_ES\" \/>\n<meta property=\"og:type\" content=\"article\" \/>\n<meta property=\"og:title\" content=\"Asesinan a seis personas, incluyendo dos ni\u00f1os en M\u00e9xico. - Conexi\u00f3n 23\" \/>\n<meta property=\"og:description\" content=\"Autoridades mexicanas reportaron este viernes el asesinato de seis personas, entre ellas dos ni\u00f1os, en una zona rural del municipio de Tar\u00edmbaro, en el occidental estado de Michoac\u00e1n. La Fiscal\u00eda General del Estado (FGE) inform\u00f3 a EFE que encontraron los cad\u00e1veres durante la ma\u00f1ana entre la maleza, a orillas de un camino que conduce a [&hellip;]\" \/>\n<meta property=\"og:url\" content=\"https:\/\/conexion23.com\/?p=23115\" \/>\n<meta property=\"og:site_name\" content=\"Conexi\u00f3n 23\" \/>\n<meta property=\"article:publisher\" content=\"https:\/\/www.facebook.com\/conexion23com\" \/>\n<meta property=\"article:published_time\" content=\"2023-12-02T12:51:27+00:00\" \/>\n<meta property=\"article:modified_time\" content=\"2023-12-02T12:51:30+00:00\" \/>\n<meta property=\"og:image\" content=\"https:\/\/conexion23.com\/wp-content\/uploads\/2023\/12\/uopipoipoio-750x504-1.webp\" \/>\n\t<meta property=\"og:image:width\" content=\"750\" \/>\n\t<meta property=\"og:image:height\" content=\"504\" \/>\n\t<meta property=\"og:image:type\" content=\"image\/webp\" \/>\n<meta name=\"author\" content=\"Raffy Ben\u00edtez\" \/>\n<meta name=\"twitter:card\" content=\"summary_large_image\" \/>\n<meta name=\"twitter:label1\" content=\"Escrito por\" \/>\n\t<meta name=\"twitter:data1\" content=\"Raffy Ben\u00edtez\" \/>\n\t<meta name=\"twitter:label2\" content=\"Tiempo de lectura\" \/>\n\t<meta name=\"twitter:data2\" content=\"2 minutos\" \/>\n<script type=\"application\/ld+json\" class=\"yoast-schema-graph\">{\"@context\":\"https:\/\/schema.org\",\"@graph\":[{\"@type\":\"Article\",\"@id\":\"https:\/\/conexion23.com\/?p=23115#article\",\"isPartOf\":{\"@id\":\"https:\/\/conexion23.com\/?p=23115\"},\"author\":{\"name\":\"Raffy Ben\u00edtez\",\"@id\":\"https:\/\/conexion23.com\/#\/schema\/person\/03e36043331117e97a373299bbcd30a6\"},\"headline\":\"Asesinan a seis personas, incluyendo dos ni\u00f1os en M\u00e9xico.\",\"datePublished\":\"2023-12-02T12:51:27+00:00\",\"dateModified\":\"2023-12-02T12:51:30+00:00\",\"mainEntityOfPage\":{\"@id\":\"https:\/\/conexion23.com\/?p=23115\"},\"wordCount\":396,\"commentCount\":0,\"publisher\":{\"@id\":\"https:\/\/conexion23.com\/#organization\"},\"image\":{\"@id\":\"https:\/\/conexion23.com\/?p=23115#primaryimage\"},\"thumbnailUrl\":\"https:\/\/conexion23.com\/wp-content\/uploads\/2023\/12\/uopipoipoio-750x504-1.webp\",\"articleSection\":[\"Uncategorized\"],\"inLanguage\":\"es\",\"potentialAction\":[{\"@type\":\"CommentAction\",\"name\":\"Comment\",\"target\":[\"https:\/\/conexion23.com\/?p=23115#respond\"]}]},{\"@type\":\"WebPage\",\"@id\":\"https:\/\/conexion23.com\/?p=23115\",\"url\":\"https:\/\/conexion23.com\/?p=23115\",\"name\":\"Asesinan a seis personas, incluyendo dos ni\u00f1os en M\u00e9xico. - Conexi\u00f3n 23\",\"isPartOf\":{\"@id\":\"https:\/\/conexion23.com\/#website\"},\"primaryImageOfPage\":{\"@id\":\"https:\/\/conexion23.com\/?p=23115#primaryimage\"},\"image\":{\"@id\":\"https:\/\/conexion23.com\/?p=23115#primaryimage\"},\"thumbnailUrl\":\"https:\/\/conexion23.com\/wp-content\/uploads\/2023\/12\/uopipoipoio-750x504-1.webp\",\"datePublished\":\"2023-12-02T12:51:27+00:00\",\"dateModified\":\"2023-12-02T12:51:30+00:00\",\"breadcrumb\":{\"@id\":\"https:\/\/conexion23.com\/?p=23115#breadcrumb\"},\"inLanguage\":\"es\",\"potentialAction\":[{\"@type\":\"ReadAction\",\"target\":[\"https:\/\/conexion23.com\/?p=23115\"]}]},{\"@type\":\"ImageObject\",\"inLanguage\":\"es\",\"@id\":\"https:\/\/conexion23.com\/?p=23115#primaryimage\",\"url\":\"https:\/\/conexion23.com\/wp-content\/uploads\/2023\/12\/uopipoipoio-750x504-1.webp\",\"contentUrl\":\"https:\/\/conexion23.com\/wp-content\/uploads\/2023\/12\/uopipoipoio-750x504-1.webp\",\"width\":750,\"height\":504},{\"@type\":\"BreadcrumbList\",\"@id\":\"https:\/\/conexion23.com\/?p=23115#breadcrumb\",\"itemListElement\":[{\"@type\":\"ListItem\",\"position\":1,\"name\":\"Portada\",\"item\":\"https:\/\/conexion23.com\/\"},{\"@type\":\"ListItem\",\"position\":2,\"name\":\"Asesinan a seis personas, incluyendo dos ni\u00f1os en M\u00e9xico.\"}]},{\"@type\":\"WebSite\",\"@id\":\"https:\/\/conexion23.com\/#website\",\"url\":\"https:\/\/conexion23.com\/\",\"name\":\"Conexi\u00f3n 23\",\"description\":\"Peri\u00f3dico 100% Petromacorisano\",\"publisher\":{\"@id\":\"https:\/\/conexion23.com\/#organization\"},\"potentialAction\":[{\"@type\":\"SearchAction\",\"target\":{\"@type\":\"EntryPoint\",\"urlTemplate\":\"https:\/\/conexion23.com\/?s={search_term_string}\"},\"query-input\":{\"@type\":\"PropertyValueSpecification\",\"valueRequired\":true,\"valueName\":\"search_term_string\"}}],\"inLanguage\":\"es\"},{\"@type\":\"Organization\",\"@id\":\"https:\/\/conexion23.com\/#organization\",\"name\":\"Conexion 23\",\"url\":\"https:\/\/conexion23.com\/\",\"logo\":{\"@type\":\"ImageObject\",\"inLanguage\":\"es\",\"@id\":\"https:\/\/conexion23.com\/#\/schema\/logo\/image\/\",\"url\":\"https:\/\/conexion23.com\/wp-content\/uploads\/2021\/11\/Diseno-sin-titulo-2.png\",\"contentUrl\":\"https:\/\/conexion23.com\/wp-content\/uploads\/2021\/11\/Diseno-sin-titulo-2.png\",\"width\":541,\"height\":90,\"caption\":\"Conexion 23\"},\"image\":{\"@id\":\"https:\/\/conexion23.com\/#\/schema\/logo\/image\/\"},\"sameAs\":[\"https:\/\/www.facebook.com\/conexion23com\",\"https:\/\/www.instagram.com\/conexion23com\/\",\"https:\/\/www.youtube.com\/channel\/UCYc7vxxFZMYLIHNsHHxPZ3Q\"]},{\"@type\":\"Person\",\"@id\":\"https:\/\/conexion23.com\/#\/schema\/person\/03e36043331117e97a373299bbcd30a6\",\"name\":\"Raffy Ben\u00edtez\",\"image\":{\"@type\":\"ImageObject\",\"inLanguage\":\"es\",\"@id\":\"https:\/\/conexion23.com\/#\/schema\/person\/image\/\",\"url\":\"https:\/\/secure.gravatar.com\/avatar\/3190a6a6c5e1b0327500f7d6c56b6242472ee6cb974cf09b401ee6b3b0798f23?s=96&d=mm&r=g\",\"contentUrl\":\"https:\/\/secure.gravatar.com\/avatar\/3190a6a6c5e1b0327500f7d6c56b6242472ee6cb974cf09b401ee6b3b0798f23?s=96&d=mm&r=g\",\"caption\":\"Raffy Ben\u00edtez\"},\"url\":\"https:\/\/conexion23.com\/?author=15\"}]}<\/script>\n<!-- \/ Yoast SEO plugin. -->","yoast_head_json":{"title":"Asesinan a seis personas, incluyendo dos ni\u00f1os en M\u00e9xico. - Conexi\u00f3n 23","robots":{"index":"index","follow":"follow","max-snippet":"max-snippet:-1","max-image-preview":"max-image-preview:large","max-video-preview":"max-video-preview:-1"},"canonical":"https:\/\/conexion23.com\/?p=23115","og_locale":"es_ES","og_type":"article","og_title":"Asesinan a seis personas, incluyendo dos ni\u00f1os en M\u00e9xico. - Conexi\u00f3n 23","og_description":"Autoridades mexicanas reportaron este viernes el asesinato de seis personas, entre ellas dos ni\u00f1os, en una zona rural del municipio de Tar\u00edmbaro, en el occidental estado de Michoac\u00e1n. La Fiscal\u00eda General del Estado (FGE) inform\u00f3 a EFE que encontraron los cad\u00e1veres durante la ma\u00f1ana entre la maleza, a orillas de un camino que conduce a [&hellip;]","og_url":"https:\/\/conexion23.com\/?p=23115","og_site_name":"Conexi\u00f3n 23","article_publisher":"https:\/\/www.facebook.com\/conexion23com","article_published_time":"2023-12-02T12:51:27+00:00","article_modified_time":"2023-12-02T12:51:30+00:00","og_image":[{"width":750,"height":504,"url":"https:\/\/conexion23.com\/wp-content\/uploads\/2023\/12\/uopipoipoio-750x504-1.webp","type":"image\/webp"}],"author":"Raffy Ben\u00edtez","twitter_card":"summary_large_image","twitter_misc":{"Escrito por":"Raffy Ben\u00edtez","Tiempo de lectura":"2 minutos"},"schema":{"@context":"https:\/\/schema.org","@graph":[{"@type":"Article","@id":"https:\/\/conexion23.com\/?p=23115#article","isPartOf":{"@id":"https:\/\/conexion23.com\/?p=23115"},"author":{"name":"Raffy Ben\u00edtez","@id":"https:\/\/conexion23.com\/#\/schema\/person\/03e36043331117e97a373299bbcd30a6"},"headline":"Asesinan a seis personas, incluyendo dos ni\u00f1os en M\u00e9xico.","datePublished":"2023-12-02T12:51:27+00:00","dateModified":"2023-12-02T12:51:30+00:00","mainEntityOfPage":{"@id":"https:\/\/conexion23.com\/?p=23115"},"wordCount":396,"commentCount":0,"publisher":{"@id":"https:\/\/conexion23.com\/#organization"},"image":{"@id":"https:\/\/conexion23.com\/?p=23115#primaryimage"},"thumbnailUrl":"https:\/\/conexion23.com\/wp-content\/uploads\/2023\/12\/uopipoipoio-750x504-1.webp","articleSection":["Uncategorized"],"inLanguage":"es","potentialAction":[{"@type":"CommentAction","name":"Comment","target":["https:\/\/conexion23.com\/?p=23115#respond"]}]},{"@type":"WebPage","@id":"https:\/\/conexion23.com\/?p=23115","url":"https:\/\/conexion23.com\/?p=23115","name":"Asesinan a seis personas, incluyendo dos ni\u00f1os en M\u00e9xico. - Conexi\u00f3n 23","isPartOf":{"@id":"https:\/\/conexion23.com\/#website"},"primaryImageOfPage":{"@id":"https:\/\/conexion23.com\/?p=23115#primaryimage"},"image":{"@id":"https:\/\/conexion23.com\/?p=23115#primaryimage"},"thumbnailUrl":"https:\/\/conexion23.com\/wp-content\/uploads\/2023\/12\/uopipoipoio-750x504-1.webp","datePublished":"2023-12-02T12:51:27+00:00","dateModified":"2023-12-02T12:51:30+00:00","breadcrumb":{"@id":"https:\/\/conexion23.com\/?p=23115#breadcrumb"},"inLanguage":"es","potentialAction":[{"@type":"ReadAction","target":["https:\/\/conexion23.com\/?p=23115"]}]},{"@type":"ImageObject","inLanguage":"es","@id":"https:\/\/conexion23.com\/?p=23115#primaryimage","url":"https:\/\/conexion23.com\/wp-content\/uploads\/2023\/12\/uopipoipoio-750x504-1.webp","contentUrl":"https:\/\/conexion23.com\/wp-content\/uploads\/2023\/12\/uopipoipoio-750x504-1.webp","width":750,"height":504},{"@type":"BreadcrumbList","@id":"https:\/\/conexion23.com\/?p=23115#breadcrumb","itemListElement":[{"@type":"ListItem","position":1,"name":"Portada","item":"https:\/\/conexion23.com\/"},{"@type":"ListItem","position":2,"name":"Asesinan a seis personas, incluyendo dos ni\u00f1os en M\u00e9xico."}]},{"@type":"WebSite","@id":"https:\/\/conexion23.com\/#website","url":"https:\/\/conexion23.com\/","name":"Conexi\u00f3n 23","description":"Peri\u00f3dico 100% Petromacorisano","publisher":{"@id":"https:\/\/conexion23.com\/#organization"},"potentialAction":[{"@type":"SearchAction","target":{"@type":"EntryPoint","urlTemplate":"https:\/\/conexion23.com\/?s={search_term_string}"},"query-input":{"@type":"PropertyValueSpecification","valueRequired":true,"valueName":"search_term_string"}}],"inLanguage":"es"},{"@type":"Organization","@id":"https:\/\/conexion23.com\/#organization","name":"Conexion 23","url":"https:\/\/conexion23.com\/","logo":{"@type":"ImageObject","inLanguage":"es","@id":"https:\/\/conexion23.com\/#\/schema\/logo\/image\/","url":"https:\/\/conexion23.com\/wp-content\/uploads\/2021\/11\/Diseno-sin-titulo-2.png","contentUrl":"https:\/\/conexion23.com\/wp-content\/uploads\/2021\/11\/Diseno-sin-titulo-2.png","width":541,"height":90,"caption":"Conexion 23"},"image":{"@id":"https:\/\/conexion23.com\/#\/schema\/logo\/image\/"},"sameAs":["https:\/\/www.facebook.com\/conexion23com","https:\/\/www.instagram.com\/conexion23com\/","https:\/\/www.youtube.com\/channel\/UCYc7vxxFZMYLIHNsHHxPZ3Q"]},{"@type":"Person","@id":"https:\/\/conexion23.com\/#\/schema\/person\/03e36043331117e97a373299bbcd30a6","name":"Raffy Ben\u00edtez","image":{"@type":"ImageObject","inLanguage":"es","@id":"https:\/\/conexion23.com\/#\/schema\/person\/image\/","url":"https:\/\/secure.gravatar.com\/avatar\/3190a6a6c5e1b0327500f7d6c56b6242472ee6cb974cf09b401ee6b3b0798f23?s=96&d=mm&r=g","contentUrl":"https:\/\/secure.gravatar.com\/avatar\/3190a6a6c5e1b0327500f7d6c56b6242472ee6cb974cf09b401ee6b3b0798f23?s=96&d=mm&r=g","caption":"Raffy Ben\u00edtez"},"url":"https:\/\/conexion23.com\/?author=15"}]}},"_links":{"self":[{"href":"https:\/\/conexion23.com\/index.php?rest_route=\/wp\/v2\/posts\/23115","targetHints":{"allow":["GET"]}}],"collection":[{"href":"https:\/\/conexion23.com\/index.php?rest_route=\/wp\/v2\/posts"}],"about":[{"href":"https:\/\/conexion23.com\/index.php?rest_route=\/wp\/v2\/types\/post"}],"author":[{"embeddable":true,"href":"https:\/\/conexion23.com\/index.php?rest_route=\/wp\/v2\/users\/15"}],"replies":[{"embeddable":true,"href":"https:\/\/conexion23.com\/index.php?rest_route=%2Fwp%2Fv2%2Fcomments&post=23115"}],"version-history":[{"count":1,"href":"https:\/\/conexion23.com\/index.php?rest_route=\/wp\/v2\/posts\/23115\/revisions"}],"predecessor-version":[{"id":23117,"href":"https:\/\/conexion23.com\/index.php?rest_route=\/wp\/v2\/posts\/23115\/revisions\/23117"}],"wp:featuredmedia":[{"embeddable":true,"href":"https:\/\/conexion23.com\/index.php?rest_route=\/wp\/v2\/media\/23116"}],"wp:attachment":[{"href":"https:\/\/conexion23.com\/index.php?rest_route=%2Fwp%2Fv2%2Fmedia&parent=23115"}],"wp:term":[{"taxonomy":"category","embeddable":true,"href":"https:\/\/conexion23.com\/index.php?rest_route=%2Fwp%2Fv2%2Fcategories&post=23115"},{"taxonomy":"post_tag","embeddable":true,"href":"https:\/\/conexion23.com\/index.php?rest_route=%2Fwp%2Fv2%2Ftags&post=23115"}],"curies":[{"name":"wp","href":"https:\/\/api.w.org\/{rel}","templated":true}]}}