{"id":23124,"date":"2023-12-02T09:09:50","date_gmt":"2023-12-02T13:09:50","guid":{"rendered":"https:\/\/conexion23.com\/?p=23124"},"modified":"2023-12-02T09:09:52","modified_gmt":"2023-12-02T13:09:52","slug":"muerte-de-joven-por-dengue-provoca-consternacion","status":"publish","type":"post","link":"https:\/\/conexion23.com\/?p=23124","title":{"rendered":"Muerte de joven \u00abpor Dengue\u00bb provoca consternaci\u00f3n."},"content":{"rendered":"\n<p>El municipio de Neiba est\u00e1 consternado por el fallecimiento de una joven profesional tras padecer quebrantos de salud, en un hecho ocurrido la noche de este jueves.<\/p>\n\n\n\n<p>La joven Alicia Flori\u00e1n, residente en el sector la Cuaba, muri\u00f3 mientras recib\u00eda atenciones m\u00e9dicas en un centro de salud, en Santo Domingo, donde fue referida tras padecer complicaciones de salud.<\/p>\n\n\n\n<p>El fallecimiento de la joven, ingeniera civil de profesi\u00f3n que laboraba en las oficinas del Instituto Nacional de Agua Potable, INAPA, ha generado consternaci\u00f3n en este municipio.<\/p>\n\n\n\n<p>A pesar de que este corresponsal se traslad\u00f3 al Hospital San Bartolom\u00e9 con la finalidad de indagar sobre el diagn\u00f3stico o cuadro cl\u00ednico de la joven, result\u00f3 infructuoso por el hermetismo con que se manejan este tipo de casos en la actualidad.<\/p>\n\n\n\n<p>Aunque por el momento se desconocen las causas del fallecimiento de la joven profesional, se rumora que el cuadro cl\u00ednico que present\u00f3 es similar al Dengue.<\/p>\n\n\n\n<p>En los \u00faltimos d\u00edas ha generado preocupaci\u00f3n en la provincia Bahoruco esa dolencia que puede evolucionar a formas graves de no tratarse a tiempo, ante la alta incidencia o plaga de mosquitos del tipo Aedes, transmisor del virus del dengue.<\/p>\n\n\n\n<p><\/p>\n","protected":false},"excerpt":{"rendered":"<p>El municipio de Neiba est\u00e1 consternado por el fallecimiento de una joven profesional tras padecer quebrantos de salud, en un hecho ocurrido la noche de este jueves. La joven Alicia Flori\u00e1n, residente en el sector la Cuaba, muri\u00f3 mientras recib\u00eda atenciones m\u00e9dicas en un centro de salud, en Santo Domingo, donde fue referida tras padecer [&hellip;]<\/p>\n","protected":false},"author":15,"featured_media":23125,"comment_status":"open","ping_status":"open","sticky":false,"template":"","format":"standard","meta":{"footnotes":""},"categories":[1],"tags":[],"class_list":{"0":"post-23124","1":"post","2":"type-post","3":"status-publish","4":"format-standard","5":"has-post-thumbnail","7":"category-uncategorized"},"yoast_head":"<!-- This site is optimized with the Yoast SEO plugin v27.1.1 - https:\/\/yoast.com\/product\/yoast-seo-wordpress\/ -->\n<title>Muerte de joven \u00abpor Dengue\u00bb provoca consternaci\u00f3n. - Conexi\u00f3n 23<\/title>\n<meta name=\"robots\" content=\"index, follow, max-snippet:-1, max-image-preview:large, max-video-preview:-1\" \/>\n<link rel=\"canonical\" href=\"https:\/\/conexion23.com\/?p=23124\" \/>\n<meta property=\"og:locale\" content=\"es_ES\" \/>\n<meta property=\"og:type\" content=\"article\" \/>\n<meta property=\"og:title\" content=\"Muerte de joven \u00abpor Dengue\u00bb provoca consternaci\u00f3n. - Conexi\u00f3n 23\" \/>\n<meta property=\"og:description\" content=\"El municipio de Neiba est\u00e1 consternado por el fallecimiento de una joven profesional tras padecer quebrantos de salud, en un hecho ocurrido la noche de este jueves. La joven Alicia Flori\u00e1n, residente en el sector la Cuaba, muri\u00f3 mientras recib\u00eda atenciones m\u00e9dicas en un centro de salud, en Santo Domingo, donde fue referida tras padecer [&hellip;]\" \/>\n<meta property=\"og:url\" content=\"https:\/\/conexion23.com\/?p=23124\" \/>\n<meta property=\"og:site_name\" content=\"Conexi\u00f3n 23\" \/>\n<meta property=\"article:publisher\" content=\"https:\/\/www.facebook.com\/conexion23com\" \/>\n<meta property=\"article:published_time\" content=\"2023-12-02T13:09:50+00:00\" \/>\n<meta property=\"article:modified_time\" content=\"2023-12-02T13:09:52+00:00\" \/>\n<meta property=\"og:image\" content=\"https:\/\/conexion23.com\/wp-content\/uploads\/2023\/12\/muerta.jpg\" \/>\n\t<meta property=\"og:image:width\" content=\"354\" \/>\n\t<meta property=\"og:image:height\" content=\"288\" \/>\n\t<meta property=\"og:image:type\" content=\"image\/jpeg\" \/>\n<meta name=\"author\" content=\"Raffy Ben\u00edtez\" \/>\n<meta name=\"twitter:card\" content=\"summary_large_image\" \/>\n<meta name=\"twitter:label1\" content=\"Escrito por\" \/>\n\t<meta name=\"twitter:data1\" content=\"Raffy Ben\u00edtez\" \/>\n\t<meta name=\"twitter:label2\" content=\"Tiempo de lectura\" \/>\n\t<meta name=\"twitter:data2\" content=\"1 minuto\" \/>\n<script type=\"application\/ld+json\" class=\"yoast-schema-graph\">{\"@context\":\"https:\/\/schema.org\",\"@graph\":[{\"@type\":\"Article\",\"@id\":\"https:\/\/conexion23.com\/?p=23124#article\",\"isPartOf\":{\"@id\":\"https:\/\/conexion23.com\/?p=23124\"},\"author\":{\"name\":\"Raffy Ben\u00edtez\",\"@id\":\"https:\/\/conexion23.com\/#\/schema\/person\/03e36043331117e97a373299bbcd30a6\"},\"headline\":\"Muerte de joven \u00abpor Dengue\u00bb provoca consternaci\u00f3n.\",\"datePublished\":\"2023-12-02T13:09:50+00:00\",\"dateModified\":\"2023-12-02T13:09:52+00:00\",\"mainEntityOfPage\":{\"@id\":\"https:\/\/conexion23.com\/?p=23124\"},\"wordCount\":211,\"commentCount\":0,\"publisher\":{\"@id\":\"https:\/\/conexion23.com\/#organization\"},\"image\":{\"@id\":\"https:\/\/conexion23.com\/?p=23124#primaryimage\"},\"thumbnailUrl\":\"https:\/\/conexion23.com\/wp-content\/uploads\/2023\/12\/muerta.jpg\",\"articleSection\":[\"Uncategorized\"],\"inLanguage\":\"es\",\"potentialAction\":[{\"@type\":\"CommentAction\",\"name\":\"Comment\",\"target\":[\"https:\/\/conexion23.com\/?p=23124#respond\"]}]},{\"@type\":\"WebPage\",\"@id\":\"https:\/\/conexion23.com\/?p=23124\",\"url\":\"https:\/\/conexion23.com\/?p=23124\",\"name\":\"Muerte de joven \u00abpor Dengue\u00bb provoca consternaci\u00f3n. - Conexi\u00f3n 23\",\"isPartOf\":{\"@id\":\"https:\/\/conexion23.com\/#website\"},\"primaryImageOfPage\":{\"@id\":\"https:\/\/conexion23.com\/?p=23124#primaryimage\"},\"image\":{\"@id\":\"https:\/\/conexion23.com\/?p=23124#primaryimage\"},\"thumbnailUrl\":\"https:\/\/conexion23.com\/wp-content\/uploads\/2023\/12\/muerta.jpg\",\"datePublished\":\"2023-12-02T13:09:50+00:00\",\"dateModified\":\"2023-12-02T13:09:52+00:00\",\"breadcrumb\":{\"@id\":\"https:\/\/conexion23.com\/?p=23124#breadcrumb\"},\"inLanguage\":\"es\",\"potentialAction\":[{\"@type\":\"ReadAction\",\"target\":[\"https:\/\/conexion23.com\/?p=23124\"]}]},{\"@type\":\"ImageObject\",\"inLanguage\":\"es\",\"@id\":\"https:\/\/conexion23.com\/?p=23124#primaryimage\",\"url\":\"https:\/\/conexion23.com\/wp-content\/uploads\/2023\/12\/muerta.jpg\",\"contentUrl\":\"https:\/\/conexion23.com\/wp-content\/uploads\/2023\/12\/muerta.jpg\",\"width\":354,\"height\":288},{\"@type\":\"BreadcrumbList\",\"@id\":\"https:\/\/conexion23.com\/?p=23124#breadcrumb\",\"itemListElement\":[{\"@type\":\"ListItem\",\"position\":1,\"name\":\"Portada\",\"item\":\"https:\/\/conexion23.com\/\"},{\"@type\":\"ListItem\",\"position\":2,\"name\":\"Muerte de joven \u00abpor Dengue\u00bb provoca consternaci\u00f3n.\"}]},{\"@type\":\"WebSite\",\"@id\":\"https:\/\/conexion23.com\/#website\",\"url\":\"https:\/\/conexion23.com\/\",\"name\":\"Conexi\u00f3n 23\",\"description\":\"Peri\u00f3dico 100% Petromacorisano\",\"publisher\":{\"@id\":\"https:\/\/conexion23.com\/#organization\"},\"potentialAction\":[{\"@type\":\"SearchAction\",\"target\":{\"@type\":\"EntryPoint\",\"urlTemplate\":\"https:\/\/conexion23.com\/?s={search_term_string}\"},\"query-input\":{\"@type\":\"PropertyValueSpecification\",\"valueRequired\":true,\"valueName\":\"search_term_string\"}}],\"inLanguage\":\"es\"},{\"@type\":\"Organization\",\"@id\":\"https:\/\/conexion23.com\/#organization\",\"name\":\"Conexion 23\",\"url\":\"https:\/\/conexion23.com\/\",\"logo\":{\"@type\":\"ImageObject\",\"inLanguage\":\"es\",\"@id\":\"https:\/\/conexion23.com\/#\/schema\/logo\/image\/\",\"url\":\"https:\/\/conexion23.com\/wp-content\/uploads\/2021\/11\/Diseno-sin-titulo-2.png\",\"contentUrl\":\"https:\/\/conexion23.com\/wp-content\/uploads\/2021\/11\/Diseno-sin-titulo-2.png\",\"width\":541,\"height\":90,\"caption\":\"Conexion 23\"},\"image\":{\"@id\":\"https:\/\/conexion23.com\/#\/schema\/logo\/image\/\"},\"sameAs\":[\"https:\/\/www.facebook.com\/conexion23com\",\"https:\/\/www.instagram.com\/conexion23com\/\",\"https:\/\/www.youtube.com\/channel\/UCYc7vxxFZMYLIHNsHHxPZ3Q\"]},{\"@type\":\"Person\",\"@id\":\"https:\/\/conexion23.com\/#\/schema\/person\/03e36043331117e97a373299bbcd30a6\",\"name\":\"Raffy Ben\u00edtez\",\"image\":{\"@type\":\"ImageObject\",\"inLanguage\":\"es\",\"@id\":\"https:\/\/conexion23.com\/#\/schema\/person\/image\/\",\"url\":\"https:\/\/secure.gravatar.com\/avatar\/3190a6a6c5e1b0327500f7d6c56b6242472ee6cb974cf09b401ee6b3b0798f23?s=96&d=mm&r=g\",\"contentUrl\":\"https:\/\/secure.gravatar.com\/avatar\/3190a6a6c5e1b0327500f7d6c56b6242472ee6cb974cf09b401ee6b3b0798f23?s=96&d=mm&r=g\",\"caption\":\"Raffy Ben\u00edtez\"},\"url\":\"https:\/\/conexion23.com\/?author=15\"}]}<\/script>\n<!-- \/ Yoast SEO plugin. -->","yoast_head_json":{"title":"Muerte de joven \u00abpor Dengue\u00bb provoca consternaci\u00f3n. - Conexi\u00f3n 23","robots":{"index":"index","follow":"follow","max-snippet":"max-snippet:-1","max-image-preview":"max-image-preview:large","max-video-preview":"max-video-preview:-1"},"canonical":"https:\/\/conexion23.com\/?p=23124","og_locale":"es_ES","og_type":"article","og_title":"Muerte de joven \u00abpor Dengue\u00bb provoca consternaci\u00f3n. - Conexi\u00f3n 23","og_description":"El municipio de Neiba est\u00e1 consternado por el fallecimiento de una joven profesional tras padecer quebrantos de salud, en un hecho ocurrido la noche de este jueves. La joven Alicia Flori\u00e1n, residente en el sector la Cuaba, muri\u00f3 mientras recib\u00eda atenciones m\u00e9dicas en un centro de salud, en Santo Domingo, donde fue referida tras padecer [&hellip;]","og_url":"https:\/\/conexion23.com\/?p=23124","og_site_name":"Conexi\u00f3n 23","article_publisher":"https:\/\/www.facebook.com\/conexion23com","article_published_time":"2023-12-02T13:09:50+00:00","article_modified_time":"2023-12-02T13:09:52+00:00","og_image":[{"width":354,"height":288,"url":"https:\/\/conexion23.com\/wp-content\/uploads\/2023\/12\/muerta.jpg","type":"image\/jpeg"}],"author":"Raffy Ben\u00edtez","twitter_card":"summary_large_image","twitter_misc":{"Escrito por":"Raffy Ben\u00edtez","Tiempo de lectura":"1 minuto"},"schema":{"@context":"https:\/\/schema.org","@graph":[{"@type":"Article","@id":"https:\/\/conexion23.com\/?p=23124#article","isPartOf":{"@id":"https:\/\/conexion23.com\/?p=23124"},"author":{"name":"Raffy Ben\u00edtez","@id":"https:\/\/conexion23.com\/#\/schema\/person\/03e36043331117e97a373299bbcd30a6"},"headline":"Muerte de joven \u00abpor Dengue\u00bb provoca consternaci\u00f3n.","datePublished":"2023-12-02T13:09:50+00:00","dateModified":"2023-12-02T13:09:52+00:00","mainEntityOfPage":{"@id":"https:\/\/conexion23.com\/?p=23124"},"wordCount":211,"commentCount":0,"publisher":{"@id":"https:\/\/conexion23.com\/#organization"},"image":{"@id":"https:\/\/conexion23.com\/?p=23124#primaryimage"},"thumbnailUrl":"https:\/\/conexion23.com\/wp-content\/uploads\/2023\/12\/muerta.jpg","articleSection":["Uncategorized"],"inLanguage":"es","potentialAction":[{"@type":"CommentAction","name":"Comment","target":["https:\/\/conexion23.com\/?p=23124#respond"]}]},{"@type":"WebPage","@id":"https:\/\/conexion23.com\/?p=23124","url":"https:\/\/conexion23.com\/?p=23124","name":"Muerte de joven \u00abpor Dengue\u00bb provoca consternaci\u00f3n. - Conexi\u00f3n 23","isPartOf":{"@id":"https:\/\/conexion23.com\/#website"},"primaryImageOfPage":{"@id":"https:\/\/conexion23.com\/?p=23124#primaryimage"},"image":{"@id":"https:\/\/conexion23.com\/?p=23124#primaryimage"},"thumbnailUrl":"https:\/\/conexion23.com\/wp-content\/uploads\/2023\/12\/muerta.jpg","datePublished":"2023-12-02T13:09:50+00:00","dateModified":"2023-12-02T13:09:52+00:00","breadcrumb":{"@id":"https:\/\/conexion23.com\/?p=23124#breadcrumb"},"inLanguage":"es","potentialAction":[{"@type":"ReadAction","target":["https:\/\/conexion23.com\/?p=23124"]}]},{"@type":"ImageObject","inLanguage":"es","@id":"https:\/\/conexion23.com\/?p=23124#primaryimage","url":"https:\/\/conexion23.com\/wp-content\/uploads\/2023\/12\/muerta.jpg","contentUrl":"https:\/\/conexion23.com\/wp-content\/uploads\/2023\/12\/muerta.jpg","width":354,"height":288},{"@type":"BreadcrumbList","@id":"https:\/\/conexion23.com\/?p=23124#breadcrumb","itemListElement":[{"@type":"ListItem","position":1,"name":"Portada","item":"https:\/\/conexion23.com\/"},{"@type":"ListItem","position":2,"name":"Muerte de joven \u00abpor Dengue\u00bb provoca consternaci\u00f3n."}]},{"@type":"WebSite","@id":"https:\/\/conexion23.com\/#website","url":"https:\/\/conexion23.com\/","name":"Conexi\u00f3n 23","description":"Peri\u00f3dico 100% Petromacorisano","publisher":{"@id":"https:\/\/conexion23.com\/#organization"},"potentialAction":[{"@type":"SearchAction","target":{"@type":"EntryPoint","urlTemplate":"https:\/\/conexion23.com\/?s={search_term_string}"},"query-input":{"@type":"PropertyValueSpecification","valueRequired":true,"valueName":"search_term_string"}}],"inLanguage":"es"},{"@type":"Organization","@id":"https:\/\/conexion23.com\/#organization","name":"Conexion 23","url":"https:\/\/conexion23.com\/","logo":{"@type":"ImageObject","inLanguage":"es","@id":"https:\/\/conexion23.com\/#\/schema\/logo\/image\/","url":"https:\/\/conexion23.com\/wp-content\/uploads\/2021\/11\/Diseno-sin-titulo-2.png","contentUrl":"https:\/\/conexion23.com\/wp-content\/uploads\/2021\/11\/Diseno-sin-titulo-2.png","width":541,"height":90,"caption":"Conexion 23"},"image":{"@id":"https:\/\/conexion23.com\/#\/schema\/logo\/image\/"},"sameAs":["https:\/\/www.facebook.com\/conexion23com","https:\/\/www.instagram.com\/conexion23com\/","https:\/\/www.youtube.com\/channel\/UCYc7vxxFZMYLIHNsHHxPZ3Q"]},{"@type":"Person","@id":"https:\/\/conexion23.com\/#\/schema\/person\/03e36043331117e97a373299bbcd30a6","name":"Raffy Ben\u00edtez","image":{"@type":"ImageObject","inLanguage":"es","@id":"https:\/\/conexion23.com\/#\/schema\/person\/image\/","url":"https:\/\/secure.gravatar.com\/avatar\/3190a6a6c5e1b0327500f7d6c56b6242472ee6cb974cf09b401ee6b3b0798f23?s=96&d=mm&r=g","contentUrl":"https:\/\/secure.gravatar.com\/avatar\/3190a6a6c5e1b0327500f7d6c56b6242472ee6cb974cf09b401ee6b3b0798f23?s=96&d=mm&r=g","caption":"Raffy Ben\u00edtez"},"url":"https:\/\/conexion23.com\/?author=15"}]}},"_links":{"self":[{"href":"https:\/\/conexion23.com\/index.php?rest_route=\/wp\/v2\/posts\/23124","targetHints":{"allow":["GET"]}}],"collection":[{"href":"https:\/\/conexion23.com\/index.php?rest_route=\/wp\/v2\/posts"}],"about":[{"href":"https:\/\/conexion23.com\/index.php?rest_route=\/wp\/v2\/types\/post"}],"author":[{"embeddable":true,"href":"https:\/\/conexion23.com\/index.php?rest_route=\/wp\/v2\/users\/15"}],"replies":[{"embeddable":true,"href":"https:\/\/conexion23.com\/index.php?rest_route=%2Fwp%2Fv2%2Fcomments&post=23124"}],"version-history":[{"count":1,"href":"https:\/\/conexion23.com\/index.php?rest_route=\/wp\/v2\/posts\/23124\/revisions"}],"predecessor-version":[{"id":23126,"href":"https:\/\/conexion23.com\/index.php?rest_route=\/wp\/v2\/posts\/23124\/revisions\/23126"}],"wp:featuredmedia":[{"embeddable":true,"href":"https:\/\/conexion23.com\/index.php?rest_route=\/wp\/v2\/media\/23125"}],"wp:attachment":[{"href":"https:\/\/conexion23.com\/index.php?rest_route=%2Fwp%2Fv2%2Fmedia&parent=23124"}],"wp:term":[{"taxonomy":"category","embeddable":true,"href":"https:\/\/conexion23.com\/index.php?rest_route=%2Fwp%2Fv2%2Fcategories&post=23124"},{"taxonomy":"post_tag","embeddable":true,"href":"https:\/\/conexion23.com\/index.php?rest_route=%2Fwp%2Fv2%2Ftags&post=23124"}],"curies":[{"name":"wp","href":"https:\/\/api.w.org\/{rel}","templated":true}]}}