{"id":23138,"date":"2023-12-03T10:53:17","date_gmt":"2023-12-03T14:53:17","guid":{"rendered":"https:\/\/conexion23.com\/?p=23138"},"modified":"2023-12-03T10:53:20","modified_gmt":"2023-12-03T14:53:20","slug":"leonel-fernandez-proclama-a-sergio-cedeno-como-candidato-a-alcalde-de-la-fuerza-del-pueblo","status":"publish","type":"post","link":"https:\/\/conexion23.com\/?p=23138","title":{"rendered":"Leonel Fern\u00e1ndez proclama a Sergio Cede\u00f1o como candidato a alcalde de la Fuerza del Pueblo."},"content":{"rendered":"\n<p>El presidente del partido Fuerza del Pueblo (FP), Leonel Fern\u00e1ndez, proclam\u00f3 a Sergio Cede\u00f1o como el candidato a la Alcald\u00eda en San Pedro de Macor\u00eds quien en su discurso reson\u00f3 con un llamado a la unidad y la esperanza.<\/p>\n\n\n\n<p>Cede\u00f1o representa al Partido de la Liberaci\u00f3n Dominicana (PLD) y la alianza Rescate RD para la contienda municipal del pr\u00f3ximo a\u00f1o.<\/p>\n\n\n\n<p>En el acto de proclamaci\u00f3n estuvieron presentes destacadas figuras del partido verde como el senador Franklin Pe\u00f1a, Jay Payano, Angie Brooks, Mariano Morla, Raul Custodio, Horacio Mazara, Vilma Torres, Blas Henr\u00edquez, y Francis Santana.<\/p>\n\n\n\n<p>En su compromiso por recuperar la grandeza de Macor\u00eds, Cede\u00f1o destac\u00f3 su agradecimiento a la Fuerza del Pueblo por el respaldo en esta lucha. El candidato, respaldado por una coalici\u00f3n de partidos, se propone transformar la historia del municipio con un enfoque claro en orden, eficiencia y transparencia. Su visi\u00f3n abarca desde la resoluci\u00f3n de problemas sanitarios hasta el impulso de la econom\u00eda local y la revitalizaci\u00f3n del patrimonio cultural e hist\u00f3rico.<\/p>\n\n\n\n<p>Cede\u00f1o prometi\u00f3 combatir inundaciones, apoyar a la juventud, emprendedores, personas con discapacidad y sectores vulnerables. Adem\u00e1s, se comprometi\u00f3 a convertir el aseo urbano en una industria generadora de riquezas, erradicando pr\u00e1cticas ilegales y estableciendo un gobierno sin comisiones ni nepotismo.<\/p>\n\n\n\n<p>Manifest\u00f3 adem\u00e1s, que su gesti\u00f3n buscar\u00e1 regularizar el transporte urbano, fomentar la participaci\u00f3n ciudadana y apoyar a instituciones religiosas, deportivas y comunitarias.<\/p>\n\n\n\n<p>La coalici\u00f3n encabezada por Sergio Cede\u00f1o, aspira a brindar a Macor\u00eds una gesti\u00f3n distinta y renovadora, alejada de pr\u00e1cticas cuestionables. Con el respaldo de un gobierno de unidad nacional, se propone devolver a la ciudad su grandeza, esplendor y lugar destacado en el panorama nacional.<\/p>\n\n\n\n<p>En este contexto, Cede\u00f1o concluy\u00f3 su discurso con un llamado a la perseverancia y la unidad, afirmando que \u00abbajo cualquier circunstancia, \u00a1E\u2019 pa\u2019 lante que vamos!\u00bb.<\/p>\n","protected":false},"excerpt":{"rendered":"<p>El presidente del partido Fuerza del Pueblo (FP), Leonel Fern\u00e1ndez, proclam\u00f3 a Sergio Cede\u00f1o como el candidato a la Alcald\u00eda en San Pedro de Macor\u00eds quien en su discurso reson\u00f3 con un llamado a la unidad y la esperanza. Cede\u00f1o representa al Partido de la Liberaci\u00f3n Dominicana (PLD) y la alianza Rescate RD para la [&hellip;]<\/p>\n","protected":false},"author":15,"featured_media":23139,"comment_status":"open","ping_status":"open","sticky":false,"template":"","format":"standard","meta":{"footnotes":""},"categories":[35],"tags":[],"class_list":{"0":"post-23138","1":"post","2":"type-post","3":"status-publish","4":"format-standard","5":"has-post-thumbnail","7":"category-spm"},"yoast_head":"<!-- This site is optimized with the Yoast SEO plugin v27.1.1 - https:\/\/yoast.com\/product\/yoast-seo-wordpress\/ -->\n<title>Leonel Fern\u00e1ndez proclama a Sergio Cede\u00f1o como candidato a alcalde de la Fuerza del Pueblo. - Conexi\u00f3n 23<\/title>\n<meta name=\"robots\" content=\"index, follow, max-snippet:-1, max-image-preview:large, max-video-preview:-1\" \/>\n<link rel=\"canonical\" href=\"https:\/\/conexion23.com\/?p=23138\" \/>\n<meta property=\"og:locale\" content=\"es_ES\" \/>\n<meta property=\"og:type\" content=\"article\" \/>\n<meta property=\"og:title\" content=\"Leonel Fern\u00e1ndez proclama a Sergio Cede\u00f1o como candidato a alcalde de la Fuerza del Pueblo. - Conexi\u00f3n 23\" \/>\n<meta property=\"og:description\" content=\"El presidente del partido Fuerza del Pueblo (FP), Leonel Fern\u00e1ndez, proclam\u00f3 a Sergio Cede\u00f1o como el candidato a la Alcald\u00eda en San Pedro de Macor\u00eds quien en su discurso reson\u00f3 con un llamado a la unidad y la esperanza. Cede\u00f1o representa al Partido de la Liberaci\u00f3n Dominicana (PLD) y la alianza Rescate RD para la [&hellip;]\" \/>\n<meta property=\"og:url\" content=\"https:\/\/conexion23.com\/?p=23138\" \/>\n<meta property=\"og:site_name\" content=\"Conexi\u00f3n 23\" \/>\n<meta property=\"article:publisher\" content=\"https:\/\/www.facebook.com\/conexion23com\" \/>\n<meta property=\"article:published_time\" content=\"2023-12-03T14:53:17+00:00\" \/>\n<meta property=\"article:modified_time\" content=\"2023-12-03T14:53:20+00:00\" \/>\n<meta property=\"og:image\" content=\"https:\/\/conexion23.com\/wp-content\/uploads\/2023\/12\/WhatsApp-Image-2023-12-02-at-5.18.58-PM-1-2048x1366-1.jpeg\" \/>\n\t<meta property=\"og:image:width\" content=\"1920\" \/>\n\t<meta property=\"og:image:height\" content=\"1281\" \/>\n\t<meta property=\"og:image:type\" content=\"image\/jpeg\" \/>\n<meta name=\"author\" content=\"Raffy Ben\u00edtez\" \/>\n<meta name=\"twitter:card\" content=\"summary_large_image\" \/>\n<meta name=\"twitter:label1\" content=\"Escrito por\" \/>\n\t<meta name=\"twitter:data1\" content=\"Raffy Ben\u00edtez\" \/>\n\t<meta name=\"twitter:label2\" content=\"Tiempo de lectura\" \/>\n\t<meta name=\"twitter:data2\" content=\"2 minutos\" \/>\n<script type=\"application\/ld+json\" class=\"yoast-schema-graph\">{\"@context\":\"https:\/\/schema.org\",\"@graph\":[{\"@type\":\"Article\",\"@id\":\"https:\/\/conexion23.com\/?p=23138#article\",\"isPartOf\":{\"@id\":\"https:\/\/conexion23.com\/?p=23138\"},\"author\":{\"name\":\"Raffy Ben\u00edtez\",\"@id\":\"https:\/\/conexion23.com\/#\/schema\/person\/03e36043331117e97a373299bbcd30a6\"},\"headline\":\"Leonel Fern\u00e1ndez proclama a Sergio Cede\u00f1o como candidato a alcalde de la Fuerza del Pueblo.\",\"datePublished\":\"2023-12-03T14:53:17+00:00\",\"dateModified\":\"2023-12-03T14:53:20+00:00\",\"mainEntityOfPage\":{\"@id\":\"https:\/\/conexion23.com\/?p=23138\"},\"wordCount\":347,\"commentCount\":0,\"publisher\":{\"@id\":\"https:\/\/conexion23.com\/#organization\"},\"image\":{\"@id\":\"https:\/\/conexion23.com\/?p=23138#primaryimage\"},\"thumbnailUrl\":\"https:\/\/conexion23.com\/wp-content\/uploads\/2023\/12\/WhatsApp-Image-2023-12-02-at-5.18.58-PM-1-2048x1366-1.jpeg\",\"articleSection\":[\"SPM\"],\"inLanguage\":\"es\",\"potentialAction\":[{\"@type\":\"CommentAction\",\"name\":\"Comment\",\"target\":[\"https:\/\/conexion23.com\/?p=23138#respond\"]}]},{\"@type\":\"WebPage\",\"@id\":\"https:\/\/conexion23.com\/?p=23138\",\"url\":\"https:\/\/conexion23.com\/?p=23138\",\"name\":\"Leonel Fern\u00e1ndez proclama a Sergio Cede\u00f1o como candidato a alcalde de la Fuerza del Pueblo. - Conexi\u00f3n 23\",\"isPartOf\":{\"@id\":\"https:\/\/conexion23.com\/#website\"},\"primaryImageOfPage\":{\"@id\":\"https:\/\/conexion23.com\/?p=23138#primaryimage\"},\"image\":{\"@id\":\"https:\/\/conexion23.com\/?p=23138#primaryimage\"},\"thumbnailUrl\":\"https:\/\/conexion23.com\/wp-content\/uploads\/2023\/12\/WhatsApp-Image-2023-12-02-at-5.18.58-PM-1-2048x1366-1.jpeg\",\"datePublished\":\"2023-12-03T14:53:17+00:00\",\"dateModified\":\"2023-12-03T14:53:20+00:00\",\"breadcrumb\":{\"@id\":\"https:\/\/conexion23.com\/?p=23138#breadcrumb\"},\"inLanguage\":\"es\",\"potentialAction\":[{\"@type\":\"ReadAction\",\"target\":[\"https:\/\/conexion23.com\/?p=23138\"]}]},{\"@type\":\"ImageObject\",\"inLanguage\":\"es\",\"@id\":\"https:\/\/conexion23.com\/?p=23138#primaryimage\",\"url\":\"https:\/\/conexion23.com\/wp-content\/uploads\/2023\/12\/WhatsApp-Image-2023-12-02-at-5.18.58-PM-1-2048x1366-1.jpeg\",\"contentUrl\":\"https:\/\/conexion23.com\/wp-content\/uploads\/2023\/12\/WhatsApp-Image-2023-12-02-at-5.18.58-PM-1-2048x1366-1.jpeg\",\"width\":1920,\"height\":1281},{\"@type\":\"BreadcrumbList\",\"@id\":\"https:\/\/conexion23.com\/?p=23138#breadcrumb\",\"itemListElement\":[{\"@type\":\"ListItem\",\"position\":1,\"name\":\"Portada\",\"item\":\"https:\/\/conexion23.com\/\"},{\"@type\":\"ListItem\",\"position\":2,\"name\":\"Leonel Fern\u00e1ndez proclama a Sergio Cede\u00f1o como candidato a alcalde de la Fuerza del Pueblo.\"}]},{\"@type\":\"WebSite\",\"@id\":\"https:\/\/conexion23.com\/#website\",\"url\":\"https:\/\/conexion23.com\/\",\"name\":\"Conexi\u00f3n 23\",\"description\":\"Peri\u00f3dico 100% Petromacorisano\",\"publisher\":{\"@id\":\"https:\/\/conexion23.com\/#organization\"},\"potentialAction\":[{\"@type\":\"SearchAction\",\"target\":{\"@type\":\"EntryPoint\",\"urlTemplate\":\"https:\/\/conexion23.com\/?s={search_term_string}\"},\"query-input\":{\"@type\":\"PropertyValueSpecification\",\"valueRequired\":true,\"valueName\":\"search_term_string\"}}],\"inLanguage\":\"es\"},{\"@type\":\"Organization\",\"@id\":\"https:\/\/conexion23.com\/#organization\",\"name\":\"Conexion 23\",\"url\":\"https:\/\/conexion23.com\/\",\"logo\":{\"@type\":\"ImageObject\",\"inLanguage\":\"es\",\"@id\":\"https:\/\/conexion23.com\/#\/schema\/logo\/image\/\",\"url\":\"https:\/\/conexion23.com\/wp-content\/uploads\/2021\/11\/Diseno-sin-titulo-2.png\",\"contentUrl\":\"https:\/\/conexion23.com\/wp-content\/uploads\/2021\/11\/Diseno-sin-titulo-2.png\",\"width\":541,\"height\":90,\"caption\":\"Conexion 23\"},\"image\":{\"@id\":\"https:\/\/conexion23.com\/#\/schema\/logo\/image\/\"},\"sameAs\":[\"https:\/\/www.facebook.com\/conexion23com\",\"https:\/\/www.instagram.com\/conexion23com\/\",\"https:\/\/www.youtube.com\/channel\/UCYc7vxxFZMYLIHNsHHxPZ3Q\"]},{\"@type\":\"Person\",\"@id\":\"https:\/\/conexion23.com\/#\/schema\/person\/03e36043331117e97a373299bbcd30a6\",\"name\":\"Raffy Ben\u00edtez\",\"image\":{\"@type\":\"ImageObject\",\"inLanguage\":\"es\",\"@id\":\"https:\/\/conexion23.com\/#\/schema\/person\/image\/\",\"url\":\"https:\/\/secure.gravatar.com\/avatar\/3190a6a6c5e1b0327500f7d6c56b6242472ee6cb974cf09b401ee6b3b0798f23?s=96&d=mm&r=g\",\"contentUrl\":\"https:\/\/secure.gravatar.com\/avatar\/3190a6a6c5e1b0327500f7d6c56b6242472ee6cb974cf09b401ee6b3b0798f23?s=96&d=mm&r=g\",\"caption\":\"Raffy Ben\u00edtez\"},\"url\":\"https:\/\/conexion23.com\/?author=15\"}]}<\/script>\n<!-- \/ Yoast SEO plugin. -->","yoast_head_json":{"title":"Leonel Fern\u00e1ndez proclama a Sergio Cede\u00f1o como candidato a alcalde de la Fuerza del Pueblo. - Conexi\u00f3n 23","robots":{"index":"index","follow":"follow","max-snippet":"max-snippet:-1","max-image-preview":"max-image-preview:large","max-video-preview":"max-video-preview:-1"},"canonical":"https:\/\/conexion23.com\/?p=23138","og_locale":"es_ES","og_type":"article","og_title":"Leonel Fern\u00e1ndez proclama a Sergio Cede\u00f1o como candidato a alcalde de la Fuerza del Pueblo. - Conexi\u00f3n 23","og_description":"El presidente del partido Fuerza del Pueblo (FP), Leonel Fern\u00e1ndez, proclam\u00f3 a Sergio Cede\u00f1o como el candidato a la Alcald\u00eda en San Pedro de Macor\u00eds quien en su discurso reson\u00f3 con un llamado a la unidad y la esperanza. Cede\u00f1o representa al Partido de la Liberaci\u00f3n Dominicana (PLD) y la alianza Rescate RD para la [&hellip;]","og_url":"https:\/\/conexion23.com\/?p=23138","og_site_name":"Conexi\u00f3n 23","article_publisher":"https:\/\/www.facebook.com\/conexion23com","article_published_time":"2023-12-03T14:53:17+00:00","article_modified_time":"2023-12-03T14:53:20+00:00","og_image":[{"width":1920,"height":1281,"url":"https:\/\/conexion23.com\/wp-content\/uploads\/2023\/12\/WhatsApp-Image-2023-12-02-at-5.18.58-PM-1-2048x1366-1.jpeg","type":"image\/jpeg"}],"author":"Raffy Ben\u00edtez","twitter_card":"summary_large_image","twitter_misc":{"Escrito por":"Raffy Ben\u00edtez","Tiempo de lectura":"2 minutos"},"schema":{"@context":"https:\/\/schema.org","@graph":[{"@type":"Article","@id":"https:\/\/conexion23.com\/?p=23138#article","isPartOf":{"@id":"https:\/\/conexion23.com\/?p=23138"},"author":{"name":"Raffy Ben\u00edtez","@id":"https:\/\/conexion23.com\/#\/schema\/person\/03e36043331117e97a373299bbcd30a6"},"headline":"Leonel Fern\u00e1ndez proclama a Sergio Cede\u00f1o como candidato a alcalde de la Fuerza del Pueblo.","datePublished":"2023-12-03T14:53:17+00:00","dateModified":"2023-12-03T14:53:20+00:00","mainEntityOfPage":{"@id":"https:\/\/conexion23.com\/?p=23138"},"wordCount":347,"commentCount":0,"publisher":{"@id":"https:\/\/conexion23.com\/#organization"},"image":{"@id":"https:\/\/conexion23.com\/?p=23138#primaryimage"},"thumbnailUrl":"https:\/\/conexion23.com\/wp-content\/uploads\/2023\/12\/WhatsApp-Image-2023-12-02-at-5.18.58-PM-1-2048x1366-1.jpeg","articleSection":["SPM"],"inLanguage":"es","potentialAction":[{"@type":"CommentAction","name":"Comment","target":["https:\/\/conexion23.com\/?p=23138#respond"]}]},{"@type":"WebPage","@id":"https:\/\/conexion23.com\/?p=23138","url":"https:\/\/conexion23.com\/?p=23138","name":"Leonel Fern\u00e1ndez proclama a Sergio Cede\u00f1o como candidato a alcalde de la Fuerza del Pueblo. - Conexi\u00f3n 23","isPartOf":{"@id":"https:\/\/conexion23.com\/#website"},"primaryImageOfPage":{"@id":"https:\/\/conexion23.com\/?p=23138#primaryimage"},"image":{"@id":"https:\/\/conexion23.com\/?p=23138#primaryimage"},"thumbnailUrl":"https:\/\/conexion23.com\/wp-content\/uploads\/2023\/12\/WhatsApp-Image-2023-12-02-at-5.18.58-PM-1-2048x1366-1.jpeg","datePublished":"2023-12-03T14:53:17+00:00","dateModified":"2023-12-03T14:53:20+00:00","breadcrumb":{"@id":"https:\/\/conexion23.com\/?p=23138#breadcrumb"},"inLanguage":"es","potentialAction":[{"@type":"ReadAction","target":["https:\/\/conexion23.com\/?p=23138"]}]},{"@type":"ImageObject","inLanguage":"es","@id":"https:\/\/conexion23.com\/?p=23138#primaryimage","url":"https:\/\/conexion23.com\/wp-content\/uploads\/2023\/12\/WhatsApp-Image-2023-12-02-at-5.18.58-PM-1-2048x1366-1.jpeg","contentUrl":"https:\/\/conexion23.com\/wp-content\/uploads\/2023\/12\/WhatsApp-Image-2023-12-02-at-5.18.58-PM-1-2048x1366-1.jpeg","width":1920,"height":1281},{"@type":"BreadcrumbList","@id":"https:\/\/conexion23.com\/?p=23138#breadcrumb","itemListElement":[{"@type":"ListItem","position":1,"name":"Portada","item":"https:\/\/conexion23.com\/"},{"@type":"ListItem","position":2,"name":"Leonel Fern\u00e1ndez proclama a Sergio Cede\u00f1o como candidato a alcalde de la Fuerza del Pueblo."}]},{"@type":"WebSite","@id":"https:\/\/conexion23.com\/#website","url":"https:\/\/conexion23.com\/","name":"Conexi\u00f3n 23","description":"Peri\u00f3dico 100% Petromacorisano","publisher":{"@id":"https:\/\/conexion23.com\/#organization"},"potentialAction":[{"@type":"SearchAction","target":{"@type":"EntryPoint","urlTemplate":"https:\/\/conexion23.com\/?s={search_term_string}"},"query-input":{"@type":"PropertyValueSpecification","valueRequired":true,"valueName":"search_term_string"}}],"inLanguage":"es"},{"@type":"Organization","@id":"https:\/\/conexion23.com\/#organization","name":"Conexion 23","url":"https:\/\/conexion23.com\/","logo":{"@type":"ImageObject","inLanguage":"es","@id":"https:\/\/conexion23.com\/#\/schema\/logo\/image\/","url":"https:\/\/conexion23.com\/wp-content\/uploads\/2021\/11\/Diseno-sin-titulo-2.png","contentUrl":"https:\/\/conexion23.com\/wp-content\/uploads\/2021\/11\/Diseno-sin-titulo-2.png","width":541,"height":90,"caption":"Conexion 23"},"image":{"@id":"https:\/\/conexion23.com\/#\/schema\/logo\/image\/"},"sameAs":["https:\/\/www.facebook.com\/conexion23com","https:\/\/www.instagram.com\/conexion23com\/","https:\/\/www.youtube.com\/channel\/UCYc7vxxFZMYLIHNsHHxPZ3Q"]},{"@type":"Person","@id":"https:\/\/conexion23.com\/#\/schema\/person\/03e36043331117e97a373299bbcd30a6","name":"Raffy Ben\u00edtez","image":{"@type":"ImageObject","inLanguage":"es","@id":"https:\/\/conexion23.com\/#\/schema\/person\/image\/","url":"https:\/\/secure.gravatar.com\/avatar\/3190a6a6c5e1b0327500f7d6c56b6242472ee6cb974cf09b401ee6b3b0798f23?s=96&d=mm&r=g","contentUrl":"https:\/\/secure.gravatar.com\/avatar\/3190a6a6c5e1b0327500f7d6c56b6242472ee6cb974cf09b401ee6b3b0798f23?s=96&d=mm&r=g","caption":"Raffy Ben\u00edtez"},"url":"https:\/\/conexion23.com\/?author=15"}]}},"_links":{"self":[{"href":"https:\/\/conexion23.com\/index.php?rest_route=\/wp\/v2\/posts\/23138","targetHints":{"allow":["GET"]}}],"collection":[{"href":"https:\/\/conexion23.com\/index.php?rest_route=\/wp\/v2\/posts"}],"about":[{"href":"https:\/\/conexion23.com\/index.php?rest_route=\/wp\/v2\/types\/post"}],"author":[{"embeddable":true,"href":"https:\/\/conexion23.com\/index.php?rest_route=\/wp\/v2\/users\/15"}],"replies":[{"embeddable":true,"href":"https:\/\/conexion23.com\/index.php?rest_route=%2Fwp%2Fv2%2Fcomments&post=23138"}],"version-history":[{"count":1,"href":"https:\/\/conexion23.com\/index.php?rest_route=\/wp\/v2\/posts\/23138\/revisions"}],"predecessor-version":[{"id":23140,"href":"https:\/\/conexion23.com\/index.php?rest_route=\/wp\/v2\/posts\/23138\/revisions\/23140"}],"wp:featuredmedia":[{"embeddable":true,"href":"https:\/\/conexion23.com\/index.php?rest_route=\/wp\/v2\/media\/23139"}],"wp:attachment":[{"href":"https:\/\/conexion23.com\/index.php?rest_route=%2Fwp%2Fv2%2Fmedia&parent=23138"}],"wp:term":[{"taxonomy":"category","embeddable":true,"href":"https:\/\/conexion23.com\/index.php?rest_route=%2Fwp%2Fv2%2Fcategories&post=23138"},{"taxonomy":"post_tag","embeddable":true,"href":"https:\/\/conexion23.com\/index.php?rest_route=%2Fwp%2Fv2%2Ftags&post=23138"}],"curies":[{"name":"wp","href":"https:\/\/api.w.org\/{rel}","templated":true}]}}