{"id":23141,"date":"2023-12-03T11:05:24","date_gmt":"2023-12-03T15:05:24","guid":{"rendered":"https:\/\/conexion23.com\/?p=23141"},"modified":"2023-12-03T11:05:27","modified_gmt":"2023-12-03T15:05:27","slug":"san-pedro-andan-dos-hombres-mayores-de-edad-timando-a-quienes-se-descuidan","status":"publish","type":"post","link":"https:\/\/conexion23.com\/?p=23141","title":{"rendered":"San Pedro, andan dos hombres mayores de edad timando a quienes se descuidan."},"content":{"rendered":"\n<p>El suceso qued\u00f3 registrado en video en la ma\u00f1ana de este s\u00e1bado cuando el se\u00f1or Milquen Castro, un apicultor de esta ciudad grab\u00f3 a dos individuos, mayores de edad, quienes con un enga\u00f1o que lleva a\u00f1os us\u00e1ndose, pretend\u00edan timarlo.<\/p>\n\n\n\n<p>El hecho se produjo en el sem\u00e1foro que est\u00e1 en la Avenida Luis Amiama T\u00edo, d\u00f3nde le dicen \u00abEl Guaraguao\u00bb. Un se\u00f1or primero se le acerca pidiendo informaci\u00f3n sobre una instituci\u00f3n gubernamental ya que el est\u00e1 perdido y supuestamente no es de este pueblo. Al instante se le acerca otro se\u00f1or dici\u00e9ndole al Castro \u00abEse se\u00f1or est\u00e1 perdido, porque no lo ayudamos?\u00bb (Una t\u00e1ctica con cortes\u00eda para despistar al incauto a quien van a enga\u00f1ar)<\/p>\n\n\n\n<p>El se\u00f1or Castro no cedi\u00f3 ante el atentado de enga\u00f1o y procedi\u00f3 a grabar desde su carro a los dos individuos quienes establecieron una conversaci\u00f3n sobre el lugar a donde el primer se\u00f1or quer\u00eda llegar, pues el tenia una \u00abmorocota\u00bb (Moneda de Oro de los a\u00f1os 1800) que su pap\u00e1 le hab\u00eda indicado d\u00f3nde la hab\u00eda enterrado cerca de un \u00e1rbol.<\/p>\n\n\n\n<p>Cuando los dos desaprensivos se percataron de que estaban siendo grabados, inmediatamente emprendieron la huida, subi\u00e9ndose ambos en una jeepeta marca Kia Sorento color gris con placa de exhibici\u00f3n. Ellos tomaron ruta hacia Miramar<\/p>\n","protected":false},"excerpt":{"rendered":"<p>El suceso qued\u00f3 registrado en video en la ma\u00f1ana de este s\u00e1bado cuando el se\u00f1or Milquen Castro, un apicultor de esta ciudad grab\u00f3 a dos individuos, mayores de edad, quienes con un enga\u00f1o que lleva a\u00f1os us\u00e1ndose, pretend\u00edan timarlo. El hecho se produjo en el sem\u00e1foro que est\u00e1 en la Avenida Luis Amiama T\u00edo, d\u00f3nde [&hellip;]<\/p>\n","protected":false},"author":15,"featured_media":23142,"comment_status":"open","ping_status":"open","sticky":false,"template":"","format":"standard","meta":{"footnotes":""},"categories":[35],"tags":[],"class_list":{"0":"post-23141","1":"post","2":"type-post","3":"status-publish","4":"format-standard","5":"has-post-thumbnail","7":"category-spm"},"yoast_head":"<!-- This site is optimized with the Yoast SEO plugin v27.1.1 - https:\/\/yoast.com\/product\/yoast-seo-wordpress\/ -->\n<title>San Pedro, andan dos hombres mayores de edad timando a quienes se descuidan. - Conexi\u00f3n 23<\/title>\n<meta name=\"robots\" content=\"index, follow, max-snippet:-1, max-image-preview:large, max-video-preview:-1\" \/>\n<link rel=\"canonical\" href=\"https:\/\/conexion23.com\/?p=23141\" \/>\n<meta property=\"og:locale\" content=\"es_ES\" \/>\n<meta property=\"og:type\" content=\"article\" \/>\n<meta property=\"og:title\" content=\"San Pedro, andan dos hombres mayores de edad timando a quienes se descuidan. - Conexi\u00f3n 23\" \/>\n<meta property=\"og:description\" content=\"El suceso qued\u00f3 registrado en video en la ma\u00f1ana de este s\u00e1bado cuando el se\u00f1or Milquen Castro, un apicultor de esta ciudad grab\u00f3 a dos individuos, mayores de edad, quienes con un enga\u00f1o que lleva a\u00f1os us\u00e1ndose, pretend\u00edan timarlo. El hecho se produjo en el sem\u00e1foro que est\u00e1 en la Avenida Luis Amiama T\u00edo, d\u00f3nde [&hellip;]\" \/>\n<meta property=\"og:url\" content=\"https:\/\/conexion23.com\/?p=23141\" \/>\n<meta property=\"og:site_name\" content=\"Conexi\u00f3n 23\" \/>\n<meta property=\"article:publisher\" content=\"https:\/\/www.facebook.com\/conexion23com\" \/>\n<meta property=\"article:published_time\" content=\"2023-12-03T15:05:24+00:00\" \/>\n<meta property=\"article:modified_time\" content=\"2023-12-03T15:05:27+00:00\" \/>\n<meta property=\"og:image\" content=\"https:\/\/conexion23.com\/wp-content\/uploads\/2023\/12\/images.jpg\" \/>\n\t<meta property=\"og:image:width\" content=\"331\" \/>\n\t<meta property=\"og:image:height\" content=\"152\" \/>\n\t<meta property=\"og:image:type\" content=\"image\/jpeg\" \/>\n<meta name=\"author\" content=\"Raffy Ben\u00edtez\" \/>\n<meta name=\"twitter:card\" content=\"summary_large_image\" \/>\n<meta name=\"twitter:label1\" content=\"Escrito por\" \/>\n\t<meta name=\"twitter:data1\" content=\"Raffy Ben\u00edtez\" \/>\n\t<meta name=\"twitter:label2\" content=\"Tiempo de lectura\" \/>\n\t<meta name=\"twitter:data2\" content=\"1 minuto\" \/>\n<script type=\"application\/ld+json\" class=\"yoast-schema-graph\">{\"@context\":\"https:\/\/schema.org\",\"@graph\":[{\"@type\":\"Article\",\"@id\":\"https:\/\/conexion23.com\/?p=23141#article\",\"isPartOf\":{\"@id\":\"https:\/\/conexion23.com\/?p=23141\"},\"author\":{\"name\":\"Raffy Ben\u00edtez\",\"@id\":\"https:\/\/conexion23.com\/#\/schema\/person\/03e36043331117e97a373299bbcd30a6\"},\"headline\":\"San Pedro, andan dos hombres mayores de edad timando a quienes se descuidan.\",\"datePublished\":\"2023-12-03T15:05:24+00:00\",\"dateModified\":\"2023-12-03T15:05:27+00:00\",\"mainEntityOfPage\":{\"@id\":\"https:\/\/conexion23.com\/?p=23141\"},\"wordCount\":251,\"commentCount\":0,\"publisher\":{\"@id\":\"https:\/\/conexion23.com\/#organization\"},\"image\":{\"@id\":\"https:\/\/conexion23.com\/?p=23141#primaryimage\"},\"thumbnailUrl\":\"https:\/\/conexion23.com\/wp-content\/uploads\/2023\/12\/images.jpg\",\"articleSection\":[\"SPM\"],\"inLanguage\":\"es\",\"potentialAction\":[{\"@type\":\"CommentAction\",\"name\":\"Comment\",\"target\":[\"https:\/\/conexion23.com\/?p=23141#respond\"]}]},{\"@type\":\"WebPage\",\"@id\":\"https:\/\/conexion23.com\/?p=23141\",\"url\":\"https:\/\/conexion23.com\/?p=23141\",\"name\":\"San Pedro, andan dos hombres mayores de edad timando a quienes se descuidan. - Conexi\u00f3n 23\",\"isPartOf\":{\"@id\":\"https:\/\/conexion23.com\/#website\"},\"primaryImageOfPage\":{\"@id\":\"https:\/\/conexion23.com\/?p=23141#primaryimage\"},\"image\":{\"@id\":\"https:\/\/conexion23.com\/?p=23141#primaryimage\"},\"thumbnailUrl\":\"https:\/\/conexion23.com\/wp-content\/uploads\/2023\/12\/images.jpg\",\"datePublished\":\"2023-12-03T15:05:24+00:00\",\"dateModified\":\"2023-12-03T15:05:27+00:00\",\"breadcrumb\":{\"@id\":\"https:\/\/conexion23.com\/?p=23141#breadcrumb\"},\"inLanguage\":\"es\",\"potentialAction\":[{\"@type\":\"ReadAction\",\"target\":[\"https:\/\/conexion23.com\/?p=23141\"]}]},{\"@type\":\"ImageObject\",\"inLanguage\":\"es\",\"@id\":\"https:\/\/conexion23.com\/?p=23141#primaryimage\",\"url\":\"https:\/\/conexion23.com\/wp-content\/uploads\/2023\/12\/images.jpg\",\"contentUrl\":\"https:\/\/conexion23.com\/wp-content\/uploads\/2023\/12\/images.jpg\",\"width\":331,\"height\":152},{\"@type\":\"BreadcrumbList\",\"@id\":\"https:\/\/conexion23.com\/?p=23141#breadcrumb\",\"itemListElement\":[{\"@type\":\"ListItem\",\"position\":1,\"name\":\"Portada\",\"item\":\"https:\/\/conexion23.com\/\"},{\"@type\":\"ListItem\",\"position\":2,\"name\":\"San Pedro, andan dos hombres mayores de edad timando a quienes se descuidan.\"}]},{\"@type\":\"WebSite\",\"@id\":\"https:\/\/conexion23.com\/#website\",\"url\":\"https:\/\/conexion23.com\/\",\"name\":\"Conexi\u00f3n 23\",\"description\":\"Peri\u00f3dico 100% Petromacorisano\",\"publisher\":{\"@id\":\"https:\/\/conexion23.com\/#organization\"},\"potentialAction\":[{\"@type\":\"SearchAction\",\"target\":{\"@type\":\"EntryPoint\",\"urlTemplate\":\"https:\/\/conexion23.com\/?s={search_term_string}\"},\"query-input\":{\"@type\":\"PropertyValueSpecification\",\"valueRequired\":true,\"valueName\":\"search_term_string\"}}],\"inLanguage\":\"es\"},{\"@type\":\"Organization\",\"@id\":\"https:\/\/conexion23.com\/#organization\",\"name\":\"Conexion 23\",\"url\":\"https:\/\/conexion23.com\/\",\"logo\":{\"@type\":\"ImageObject\",\"inLanguage\":\"es\",\"@id\":\"https:\/\/conexion23.com\/#\/schema\/logo\/image\/\",\"url\":\"https:\/\/conexion23.com\/wp-content\/uploads\/2021\/11\/Diseno-sin-titulo-2.png\",\"contentUrl\":\"https:\/\/conexion23.com\/wp-content\/uploads\/2021\/11\/Diseno-sin-titulo-2.png\",\"width\":541,\"height\":90,\"caption\":\"Conexion 23\"},\"image\":{\"@id\":\"https:\/\/conexion23.com\/#\/schema\/logo\/image\/\"},\"sameAs\":[\"https:\/\/www.facebook.com\/conexion23com\",\"https:\/\/www.instagram.com\/conexion23com\/\",\"https:\/\/www.youtube.com\/channel\/UCYc7vxxFZMYLIHNsHHxPZ3Q\"]},{\"@type\":\"Person\",\"@id\":\"https:\/\/conexion23.com\/#\/schema\/person\/03e36043331117e97a373299bbcd30a6\",\"name\":\"Raffy Ben\u00edtez\",\"image\":{\"@type\":\"ImageObject\",\"inLanguage\":\"es\",\"@id\":\"https:\/\/conexion23.com\/#\/schema\/person\/image\/\",\"url\":\"https:\/\/secure.gravatar.com\/avatar\/3190a6a6c5e1b0327500f7d6c56b6242472ee6cb974cf09b401ee6b3b0798f23?s=96&d=mm&r=g\",\"contentUrl\":\"https:\/\/secure.gravatar.com\/avatar\/3190a6a6c5e1b0327500f7d6c56b6242472ee6cb974cf09b401ee6b3b0798f23?s=96&d=mm&r=g\",\"caption\":\"Raffy Ben\u00edtez\"},\"url\":\"https:\/\/conexion23.com\/?author=15\"}]}<\/script>\n<!-- \/ Yoast SEO plugin. -->","yoast_head_json":{"title":"San Pedro, andan dos hombres mayores de edad timando a quienes se descuidan. - Conexi\u00f3n 23","robots":{"index":"index","follow":"follow","max-snippet":"max-snippet:-1","max-image-preview":"max-image-preview:large","max-video-preview":"max-video-preview:-1"},"canonical":"https:\/\/conexion23.com\/?p=23141","og_locale":"es_ES","og_type":"article","og_title":"San Pedro, andan dos hombres mayores de edad timando a quienes se descuidan. - Conexi\u00f3n 23","og_description":"El suceso qued\u00f3 registrado en video en la ma\u00f1ana de este s\u00e1bado cuando el se\u00f1or Milquen Castro, un apicultor de esta ciudad grab\u00f3 a dos individuos, mayores de edad, quienes con un enga\u00f1o que lleva a\u00f1os us\u00e1ndose, pretend\u00edan timarlo. El hecho se produjo en el sem\u00e1foro que est\u00e1 en la Avenida Luis Amiama T\u00edo, d\u00f3nde [&hellip;]","og_url":"https:\/\/conexion23.com\/?p=23141","og_site_name":"Conexi\u00f3n 23","article_publisher":"https:\/\/www.facebook.com\/conexion23com","article_published_time":"2023-12-03T15:05:24+00:00","article_modified_time":"2023-12-03T15:05:27+00:00","og_image":[{"width":331,"height":152,"url":"https:\/\/conexion23.com\/wp-content\/uploads\/2023\/12\/images.jpg","type":"image\/jpeg"}],"author":"Raffy Ben\u00edtez","twitter_card":"summary_large_image","twitter_misc":{"Escrito por":"Raffy Ben\u00edtez","Tiempo de lectura":"1 minuto"},"schema":{"@context":"https:\/\/schema.org","@graph":[{"@type":"Article","@id":"https:\/\/conexion23.com\/?p=23141#article","isPartOf":{"@id":"https:\/\/conexion23.com\/?p=23141"},"author":{"name":"Raffy Ben\u00edtez","@id":"https:\/\/conexion23.com\/#\/schema\/person\/03e36043331117e97a373299bbcd30a6"},"headline":"San Pedro, andan dos hombres mayores de edad timando a quienes se descuidan.","datePublished":"2023-12-03T15:05:24+00:00","dateModified":"2023-12-03T15:05:27+00:00","mainEntityOfPage":{"@id":"https:\/\/conexion23.com\/?p=23141"},"wordCount":251,"commentCount":0,"publisher":{"@id":"https:\/\/conexion23.com\/#organization"},"image":{"@id":"https:\/\/conexion23.com\/?p=23141#primaryimage"},"thumbnailUrl":"https:\/\/conexion23.com\/wp-content\/uploads\/2023\/12\/images.jpg","articleSection":["SPM"],"inLanguage":"es","potentialAction":[{"@type":"CommentAction","name":"Comment","target":["https:\/\/conexion23.com\/?p=23141#respond"]}]},{"@type":"WebPage","@id":"https:\/\/conexion23.com\/?p=23141","url":"https:\/\/conexion23.com\/?p=23141","name":"San Pedro, andan dos hombres mayores de edad timando a quienes se descuidan. - Conexi\u00f3n 23","isPartOf":{"@id":"https:\/\/conexion23.com\/#website"},"primaryImageOfPage":{"@id":"https:\/\/conexion23.com\/?p=23141#primaryimage"},"image":{"@id":"https:\/\/conexion23.com\/?p=23141#primaryimage"},"thumbnailUrl":"https:\/\/conexion23.com\/wp-content\/uploads\/2023\/12\/images.jpg","datePublished":"2023-12-03T15:05:24+00:00","dateModified":"2023-12-03T15:05:27+00:00","breadcrumb":{"@id":"https:\/\/conexion23.com\/?p=23141#breadcrumb"},"inLanguage":"es","potentialAction":[{"@type":"ReadAction","target":["https:\/\/conexion23.com\/?p=23141"]}]},{"@type":"ImageObject","inLanguage":"es","@id":"https:\/\/conexion23.com\/?p=23141#primaryimage","url":"https:\/\/conexion23.com\/wp-content\/uploads\/2023\/12\/images.jpg","contentUrl":"https:\/\/conexion23.com\/wp-content\/uploads\/2023\/12\/images.jpg","width":331,"height":152},{"@type":"BreadcrumbList","@id":"https:\/\/conexion23.com\/?p=23141#breadcrumb","itemListElement":[{"@type":"ListItem","position":1,"name":"Portada","item":"https:\/\/conexion23.com\/"},{"@type":"ListItem","position":2,"name":"San Pedro, andan dos hombres mayores de edad timando a quienes se descuidan."}]},{"@type":"WebSite","@id":"https:\/\/conexion23.com\/#website","url":"https:\/\/conexion23.com\/","name":"Conexi\u00f3n 23","description":"Peri\u00f3dico 100% Petromacorisano","publisher":{"@id":"https:\/\/conexion23.com\/#organization"},"potentialAction":[{"@type":"SearchAction","target":{"@type":"EntryPoint","urlTemplate":"https:\/\/conexion23.com\/?s={search_term_string}"},"query-input":{"@type":"PropertyValueSpecification","valueRequired":true,"valueName":"search_term_string"}}],"inLanguage":"es"},{"@type":"Organization","@id":"https:\/\/conexion23.com\/#organization","name":"Conexion 23","url":"https:\/\/conexion23.com\/","logo":{"@type":"ImageObject","inLanguage":"es","@id":"https:\/\/conexion23.com\/#\/schema\/logo\/image\/","url":"https:\/\/conexion23.com\/wp-content\/uploads\/2021\/11\/Diseno-sin-titulo-2.png","contentUrl":"https:\/\/conexion23.com\/wp-content\/uploads\/2021\/11\/Diseno-sin-titulo-2.png","width":541,"height":90,"caption":"Conexion 23"},"image":{"@id":"https:\/\/conexion23.com\/#\/schema\/logo\/image\/"},"sameAs":["https:\/\/www.facebook.com\/conexion23com","https:\/\/www.instagram.com\/conexion23com\/","https:\/\/www.youtube.com\/channel\/UCYc7vxxFZMYLIHNsHHxPZ3Q"]},{"@type":"Person","@id":"https:\/\/conexion23.com\/#\/schema\/person\/03e36043331117e97a373299bbcd30a6","name":"Raffy Ben\u00edtez","image":{"@type":"ImageObject","inLanguage":"es","@id":"https:\/\/conexion23.com\/#\/schema\/person\/image\/","url":"https:\/\/secure.gravatar.com\/avatar\/3190a6a6c5e1b0327500f7d6c56b6242472ee6cb974cf09b401ee6b3b0798f23?s=96&d=mm&r=g","contentUrl":"https:\/\/secure.gravatar.com\/avatar\/3190a6a6c5e1b0327500f7d6c56b6242472ee6cb974cf09b401ee6b3b0798f23?s=96&d=mm&r=g","caption":"Raffy Ben\u00edtez"},"url":"https:\/\/conexion23.com\/?author=15"}]}},"_links":{"self":[{"href":"https:\/\/conexion23.com\/index.php?rest_route=\/wp\/v2\/posts\/23141","targetHints":{"allow":["GET"]}}],"collection":[{"href":"https:\/\/conexion23.com\/index.php?rest_route=\/wp\/v2\/posts"}],"about":[{"href":"https:\/\/conexion23.com\/index.php?rest_route=\/wp\/v2\/types\/post"}],"author":[{"embeddable":true,"href":"https:\/\/conexion23.com\/index.php?rest_route=\/wp\/v2\/users\/15"}],"replies":[{"embeddable":true,"href":"https:\/\/conexion23.com\/index.php?rest_route=%2Fwp%2Fv2%2Fcomments&post=23141"}],"version-history":[{"count":1,"href":"https:\/\/conexion23.com\/index.php?rest_route=\/wp\/v2\/posts\/23141\/revisions"}],"predecessor-version":[{"id":23143,"href":"https:\/\/conexion23.com\/index.php?rest_route=\/wp\/v2\/posts\/23141\/revisions\/23143"}],"wp:featuredmedia":[{"embeddable":true,"href":"https:\/\/conexion23.com\/index.php?rest_route=\/wp\/v2\/media\/23142"}],"wp:attachment":[{"href":"https:\/\/conexion23.com\/index.php?rest_route=%2Fwp%2Fv2%2Fmedia&parent=23141"}],"wp:term":[{"taxonomy":"category","embeddable":true,"href":"https:\/\/conexion23.com\/index.php?rest_route=%2Fwp%2Fv2%2Fcategories&post=23141"},{"taxonomy":"post_tag","embeddable":true,"href":"https:\/\/conexion23.com\/index.php?rest_route=%2Fwp%2Fv2%2Ftags&post=23141"}],"curies":[{"name":"wp","href":"https:\/\/api.w.org\/{rel}","templated":true}]}}