{"id":23151,"date":"2023-12-03T12:00:33","date_gmt":"2023-12-03T16:00:33","guid":{"rendered":"https:\/\/conexion23.com\/?p=23151"},"modified":"2023-12-03T12:00:36","modified_gmt":"2023-12-03T16:00:36","slug":"leonel-fernandez-estremece-a-spm-en-multitudinaria-concentracion-donde-oficialmente-presento-a-franklin-pena-como-candidato-a-senador-y-demas-candidatos","status":"publish","type":"post","link":"https:\/\/conexion23.com\/?p=23151","title":{"rendered":"LEONEL FERNANDEZ ESTREMECE A SPM EN MULTITUDINARIA CONCENTRACI\u00d3N DONDE OFICIALMENTE PRESENT\u00d3 A FRANKLIN PE\u00d1A COMO CANDIDATO A SENADOR Y DEM\u00c1S CANDIDATOS."},"content":{"rendered":"\n<p>El Dr. Leonel Fernandez presidente del partido La Fuerza del Pueblo, fue recibido este s\u00e1bado dos de diciembre por miles de simpatizantes y seguidores de esa organizaci\u00f3n pol\u00edtica y partidos aliados en una multitudinaria concentraci\u00f3n.<\/p>\n\n\n\n<p>La presencia del ex presidente Fern\u00e1ndez se debi\u00f3 a la proclamaci\u00f3n oficial de los candidatos Dr. Franklin Pe\u00f1a como Senador y Sergio Cede\u00f1o como Alcalde, adem\u00e1s de los candidatos a Diputados, Regidores y Vocales que representar\u00e1n al partido en la boleta electoral.<\/p>\n\n\n\n<p>En su discurso el senador franklin pe\u00f1a inici\u00f3 dando gracias a Dios por sus 22 a\u00f1os al servicio al pueblo, tambi\u00e9n agradeci\u00f3 a su familia que es su soporte para sacar fortalezas en esta ardua carrera pol\u00edtica, a la vez que resaltaba los valores de todos y cada uno de los candidatos, tanto de La Fuerza Del Pueblo como los de La Alianza,&nbsp;<\/p>\n\n\n\n<p>Expres\u00f3 que tienen el firme compromiso de ganar estas elecciones de forma abrumadora, dijo que enfrentar\u00e1n los desaf\u00edos y los retos que tiene el pueblo dominicano.<\/p>\n\n\n\n<p>\u00a8Siento una cosquillita en mi coraz\u00f3n al saber que Leonel Fernandez ser\u00e1 el pr\u00f3ximo presidente y que por fin voy a poder desarrollar mis proyectos, resoluciones y programas\u00a8.&nbsp;<\/p>\n\n\n\n<p>Franklin Pe\u00f1a afirmo frente al lider Leonel Fernandez que asume el reto de no ser el senador que siempre a sido, sino el senador de todos, de los verdes, amarillos, blancos, morados, de todos los petromacorisanos, porque lo siente en su corazon.<\/p>\n\n\n\n<p>Dijo que no necesita hoja de presentaci\u00f3n ni hablar mucho porque los hechos&nbsp; y sus frutos est\u00e1n ah\u00ed manifestando que han sido cientos incidiendo de forma positiva en San Pedro y el pa\u00eds y el pueblo lo sabe, finaliz\u00f3 diciendo que \u00a8Con La Fuerza del Pueblo venceremos\u00a8 y con La Fuerza del Pueblo \u00a8Tan Cojio\u00a8.&nbsp;<\/p>\n\n\n\n<figure class=\"wp-block-image size-large\"><img loading=\"lazy\" decoding=\"async\" width=\"1024\" height=\"638\" src=\"https:\/\/conexion23.com\/wp-content\/uploads\/2023\/12\/1c9ab008-ae63-4591-9233-8cdb2b389ef6-1024x638.jpg\" alt=\"\" class=\"wp-image-23153\" srcset=\"https:\/\/conexion23.com\/wp-content\/uploads\/2023\/12\/1c9ab008-ae63-4591-9233-8cdb2b389ef6-1024x638.jpg 1024w, https:\/\/conexion23.com\/wp-content\/uploads\/2023\/12\/1c9ab008-ae63-4591-9233-8cdb2b389ef6-300x187.jpg 300w, https:\/\/conexion23.com\/wp-content\/uploads\/2023\/12\/1c9ab008-ae63-4591-9233-8cdb2b389ef6-768x478.jpg 768w, https:\/\/conexion23.com\/wp-content\/uploads\/2023\/12\/1c9ab008-ae63-4591-9233-8cdb2b389ef6-400x250.jpg 400w, https:\/\/conexion23.com\/wp-content\/uploads\/2023\/12\/1c9ab008-ae63-4591-9233-8cdb2b389ef6-1080x672.jpg 1080w, https:\/\/conexion23.com\/wp-content\/uploads\/2023\/12\/1c9ab008-ae63-4591-9233-8cdb2b389ef6-980x610.jpg 980w, https:\/\/conexion23.com\/wp-content\/uploads\/2023\/12\/1c9ab008-ae63-4591-9233-8cdb2b389ef6-480x299.jpg 480w, https:\/\/conexion23.com\/wp-content\/uploads\/2023\/12\/1c9ab008-ae63-4591-9233-8cdb2b389ef6.jpg 1280w\" sizes=\"auto, (max-width: 1024px) 100vw, 1024px\" \/><\/figure>\n\n\n\n<p>Al encabezar el multitudinario acto de la Alianza Opositora Rescate RD, el presidente del partido Fuerza del Pueblo (FP), Leonel Fern\u00e1ndez, asegur\u00f3 que el pa\u00eds necesita volver a comer barato.<\/p>\n\n\n\n<p>En la actividad celebrada en la calle Jacobo Majluta, antigua Rolando Martinez donde se congregaron miles de ciudadanos, Fern\u00e1ndez dijo que se dan las mismas razones que en el 2004 para cambiar el Gobierno.<\/p>\n\n\n\n<p>\u201cPorque al igual que lo qu\u00e9 pas\u00f3 en el a\u00f1o 2004, tenemos que hacer la misma pregunta\u201d, proclam\u00f3. Leonel preguntaba: \u201c\u00bfQui\u00e9n te subi\u00f3 los pl\u00e1tanos?, \u00bfQui\u00e9n te subi\u00f3 el arroz?, \u201c\u00bfQui\u00e9n te subi\u00f3 los huevos?, \u201c\u00bfQui\u00e9n te subi\u00f3 la carne?, \u201c\u00bfQui\u00e9n te subi\u00f3 la leche?, respondiendo en\u00e9rgicamente todos: Abinader, Abinader, Abinader, en respuesta a las preguntas de Fern\u00e1ndez.<\/p>\n\n\n\n<p>\u201cPor esa raz\u00f3n, en el 2024, e\u2019 pa\u2019 fuera que van\u201d, sentenci\u00f3 Leonel Fern\u00e1ndez.<\/p>\n","protected":false},"excerpt":{"rendered":"<p>El Dr. Leonel Fernandez presidente del partido La Fuerza del Pueblo, fue recibido este s\u00e1bado dos de diciembre por miles de simpatizantes y seguidores de esa organizaci\u00f3n pol\u00edtica y partidos aliados en una multitudinaria concentraci\u00f3n. La presencia del ex presidente Fern\u00e1ndez se debi\u00f3 a la proclamaci\u00f3n oficial de los candidatos Dr. Franklin Pe\u00f1a como Senador [&hellip;]<\/p>\n","protected":false},"author":15,"featured_media":23152,"comment_status":"open","ping_status":"open","sticky":false,"template":"","format":"standard","meta":{"footnotes":""},"categories":[35],"tags":[],"class_list":{"0":"post-23151","1":"post","2":"type-post","3":"status-publish","4":"format-standard","5":"has-post-thumbnail","7":"category-spm"},"yoast_head":"<!-- This site is optimized with the Yoast SEO plugin v27.1.1 - https:\/\/yoast.com\/product\/yoast-seo-wordpress\/ -->\n<title>LEONEL FERNANDEZ ESTREMECE A SPM EN MULTITUDINARIA CONCENTRACI\u00d3N DONDE OFICIALMENTE PRESENT\u00d3 A FRANKLIN PE\u00d1A COMO CANDIDATO A SENADOR Y DEM\u00c1S CANDIDATOS. - Conexi\u00f3n 23<\/title>\n<meta name=\"robots\" content=\"index, follow, max-snippet:-1, max-image-preview:large, max-video-preview:-1\" \/>\n<link rel=\"canonical\" href=\"http:\/\/conexion23.com\/?p=23151\" \/>\n<meta property=\"og:locale\" content=\"es_ES\" \/>\n<meta property=\"og:type\" content=\"article\" \/>\n<meta property=\"og:title\" content=\"LEONEL FERNANDEZ ESTREMECE A SPM EN MULTITUDINARIA CONCENTRACI\u00d3N DONDE OFICIALMENTE PRESENT\u00d3 A FRANKLIN PE\u00d1A COMO CANDIDATO A SENADOR Y DEM\u00c1S CANDIDATOS. - Conexi\u00f3n 23\" \/>\n<meta property=\"og:description\" content=\"El Dr. Leonel Fernandez presidente del partido La Fuerza del Pueblo, fue recibido este s\u00e1bado dos de diciembre por miles de simpatizantes y seguidores de esa organizaci\u00f3n pol\u00edtica y partidos aliados en una multitudinaria concentraci\u00f3n. La presencia del ex presidente Fern\u00e1ndez se debi\u00f3 a la proclamaci\u00f3n oficial de los candidatos Dr. Franklin Pe\u00f1a como Senador [&hellip;]\" \/>\n<meta property=\"og:url\" content=\"http:\/\/conexion23.com\/?p=23151\" \/>\n<meta property=\"og:site_name\" content=\"Conexi\u00f3n 23\" \/>\n<meta property=\"article:publisher\" content=\"https:\/\/www.facebook.com\/conexion23com\" \/>\n<meta property=\"article:published_time\" content=\"2023-12-03T16:00:33+00:00\" \/>\n<meta property=\"article:modified_time\" content=\"2023-12-03T16:00:36+00:00\" \/>\n<meta property=\"og:image\" content=\"http:\/\/conexion23.com\/wp-content\/uploads\/2023\/12\/48c82408-e6b4-42bc-9809-2fc5aa1833fa.jpg\" \/>\n\t<meta property=\"og:image:width\" content=\"1280\" \/>\n\t<meta property=\"og:image:height\" content=\"853\" \/>\n\t<meta property=\"og:image:type\" content=\"image\/jpeg\" \/>\n<meta name=\"author\" content=\"Raffy Ben\u00edtez\" \/>\n<meta name=\"twitter:card\" content=\"summary_large_image\" \/>\n<meta name=\"twitter:label1\" content=\"Escrito por\" \/>\n\t<meta name=\"twitter:data1\" content=\"Raffy Ben\u00edtez\" \/>\n\t<meta name=\"twitter:label2\" content=\"Tiempo de lectura\" \/>\n\t<meta name=\"twitter:data2\" content=\"3 minutos\" \/>\n<script type=\"application\/ld+json\" class=\"yoast-schema-graph\">{\"@context\":\"https:\/\/schema.org\",\"@graph\":[{\"@type\":\"Article\",\"@id\":\"http:\/\/conexion23.com\/?p=23151#article\",\"isPartOf\":{\"@id\":\"http:\/\/conexion23.com\/?p=23151\"},\"author\":{\"name\":\"Raffy Ben\u00edtez\",\"@id\":\"https:\/\/conexion23.com\/#\/schema\/person\/03e36043331117e97a373299bbcd30a6\"},\"headline\":\"LEONEL FERNANDEZ ESTREMECE A SPM EN MULTITUDINARIA CONCENTRACI\u00d3N DONDE OFICIALMENTE PRESENT\u00d3 A FRANKLIN PE\u00d1A COMO CANDIDATO A SENADOR Y DEM\u00c1S CANDIDATOS.\",\"datePublished\":\"2023-12-03T16:00:33+00:00\",\"dateModified\":\"2023-12-03T16:00:36+00:00\",\"mainEntityOfPage\":{\"@id\":\"http:\/\/conexion23.com\/?p=23151\"},\"wordCount\":487,\"commentCount\":0,\"publisher\":{\"@id\":\"https:\/\/conexion23.com\/#organization\"},\"image\":{\"@id\":\"http:\/\/conexion23.com\/?p=23151#primaryimage\"},\"thumbnailUrl\":\"https:\/\/conexion23.com\/wp-content\/uploads\/2023\/12\/48c82408-e6b4-42bc-9809-2fc5aa1833fa.jpg\",\"articleSection\":[\"SPM\"],\"inLanguage\":\"es\",\"potentialAction\":[{\"@type\":\"CommentAction\",\"name\":\"Comment\",\"target\":[\"http:\/\/conexion23.com\/?p=23151#respond\"]}]},{\"@type\":\"WebPage\",\"@id\":\"http:\/\/conexion23.com\/?p=23151\",\"url\":\"http:\/\/conexion23.com\/?p=23151\",\"name\":\"LEONEL FERNANDEZ ESTREMECE A SPM EN MULTITUDINARIA CONCENTRACI\u00d3N DONDE OFICIALMENTE PRESENT\u00d3 A FRANKLIN PE\u00d1A COMO CANDIDATO A SENADOR Y DEM\u00c1S CANDIDATOS. - Conexi\u00f3n 23\",\"isPartOf\":{\"@id\":\"https:\/\/conexion23.com\/#website\"},\"primaryImageOfPage\":{\"@id\":\"http:\/\/conexion23.com\/?p=23151#primaryimage\"},\"image\":{\"@id\":\"http:\/\/conexion23.com\/?p=23151#primaryimage\"},\"thumbnailUrl\":\"https:\/\/conexion23.com\/wp-content\/uploads\/2023\/12\/48c82408-e6b4-42bc-9809-2fc5aa1833fa.jpg\",\"datePublished\":\"2023-12-03T16:00:33+00:00\",\"dateModified\":\"2023-12-03T16:00:36+00:00\",\"breadcrumb\":{\"@id\":\"http:\/\/conexion23.com\/?p=23151#breadcrumb\"},\"inLanguage\":\"es\",\"potentialAction\":[{\"@type\":\"ReadAction\",\"target\":[\"http:\/\/conexion23.com\/?p=23151\"]}]},{\"@type\":\"ImageObject\",\"inLanguage\":\"es\",\"@id\":\"http:\/\/conexion23.com\/?p=23151#primaryimage\",\"url\":\"https:\/\/conexion23.com\/wp-content\/uploads\/2023\/12\/48c82408-e6b4-42bc-9809-2fc5aa1833fa.jpg\",\"contentUrl\":\"https:\/\/conexion23.com\/wp-content\/uploads\/2023\/12\/48c82408-e6b4-42bc-9809-2fc5aa1833fa.jpg\",\"width\":1280,\"height\":853},{\"@type\":\"BreadcrumbList\",\"@id\":\"http:\/\/conexion23.com\/?p=23151#breadcrumb\",\"itemListElement\":[{\"@type\":\"ListItem\",\"position\":1,\"name\":\"Portada\",\"item\":\"https:\/\/conexion23.com\/\"},{\"@type\":\"ListItem\",\"position\":2,\"name\":\"LEONEL FERNANDEZ ESTREMECE A SPM EN MULTITUDINARIA CONCENTRACI\u00d3N DONDE OFICIALMENTE PRESENT\u00d3 A FRANKLIN PE\u00d1A COMO CANDIDATO A SENADOR Y DEM\u00c1S CANDIDATOS.\"}]},{\"@type\":\"WebSite\",\"@id\":\"https:\/\/conexion23.com\/#website\",\"url\":\"https:\/\/conexion23.com\/\",\"name\":\"Conexi\u00f3n 23\",\"description\":\"Peri\u00f3dico 100% Petromacorisano\",\"publisher\":{\"@id\":\"https:\/\/conexion23.com\/#organization\"},\"potentialAction\":[{\"@type\":\"SearchAction\",\"target\":{\"@type\":\"EntryPoint\",\"urlTemplate\":\"https:\/\/conexion23.com\/?s={search_term_string}\"},\"query-input\":{\"@type\":\"PropertyValueSpecification\",\"valueRequired\":true,\"valueName\":\"search_term_string\"}}],\"inLanguage\":\"es\"},{\"@type\":\"Organization\",\"@id\":\"https:\/\/conexion23.com\/#organization\",\"name\":\"Conexion 23\",\"url\":\"https:\/\/conexion23.com\/\",\"logo\":{\"@type\":\"ImageObject\",\"inLanguage\":\"es\",\"@id\":\"https:\/\/conexion23.com\/#\/schema\/logo\/image\/\",\"url\":\"https:\/\/conexion23.com\/wp-content\/uploads\/2021\/11\/Diseno-sin-titulo-2.png\",\"contentUrl\":\"https:\/\/conexion23.com\/wp-content\/uploads\/2021\/11\/Diseno-sin-titulo-2.png\",\"width\":541,\"height\":90,\"caption\":\"Conexion 23\"},\"image\":{\"@id\":\"https:\/\/conexion23.com\/#\/schema\/logo\/image\/\"},\"sameAs\":[\"https:\/\/www.facebook.com\/conexion23com\",\"https:\/\/www.instagram.com\/conexion23com\/\",\"https:\/\/www.youtube.com\/channel\/UCYc7vxxFZMYLIHNsHHxPZ3Q\"]},{\"@type\":\"Person\",\"@id\":\"https:\/\/conexion23.com\/#\/schema\/person\/03e36043331117e97a373299bbcd30a6\",\"name\":\"Raffy Ben\u00edtez\",\"image\":{\"@type\":\"ImageObject\",\"inLanguage\":\"es\",\"@id\":\"https:\/\/conexion23.com\/#\/schema\/person\/image\/\",\"url\":\"https:\/\/secure.gravatar.com\/avatar\/3190a6a6c5e1b0327500f7d6c56b6242472ee6cb974cf09b401ee6b3b0798f23?s=96&d=mm&r=g\",\"contentUrl\":\"https:\/\/secure.gravatar.com\/avatar\/3190a6a6c5e1b0327500f7d6c56b6242472ee6cb974cf09b401ee6b3b0798f23?s=96&d=mm&r=g\",\"caption\":\"Raffy Ben\u00edtez\"},\"url\":\"https:\/\/conexion23.com\/?author=15\"}]}<\/script>\n<!-- \/ Yoast SEO plugin. -->","yoast_head_json":{"title":"LEONEL FERNANDEZ ESTREMECE A SPM EN MULTITUDINARIA CONCENTRACI\u00d3N DONDE OFICIALMENTE PRESENT\u00d3 A FRANKLIN PE\u00d1A COMO CANDIDATO A SENADOR Y DEM\u00c1S CANDIDATOS. - Conexi\u00f3n 23","robots":{"index":"index","follow":"follow","max-snippet":"max-snippet:-1","max-image-preview":"max-image-preview:large","max-video-preview":"max-video-preview:-1"},"canonical":"http:\/\/conexion23.com\/?p=23151","og_locale":"es_ES","og_type":"article","og_title":"LEONEL FERNANDEZ ESTREMECE A SPM EN MULTITUDINARIA CONCENTRACI\u00d3N DONDE OFICIALMENTE PRESENT\u00d3 A FRANKLIN PE\u00d1A COMO CANDIDATO A SENADOR Y DEM\u00c1S CANDIDATOS. - Conexi\u00f3n 23","og_description":"El Dr. Leonel Fernandez presidente del partido La Fuerza del Pueblo, fue recibido este s\u00e1bado dos de diciembre por miles de simpatizantes y seguidores de esa organizaci\u00f3n pol\u00edtica y partidos aliados en una multitudinaria concentraci\u00f3n. La presencia del ex presidente Fern\u00e1ndez se debi\u00f3 a la proclamaci\u00f3n oficial de los candidatos Dr. Franklin Pe\u00f1a como Senador [&hellip;]","og_url":"http:\/\/conexion23.com\/?p=23151","og_site_name":"Conexi\u00f3n 23","article_publisher":"https:\/\/www.facebook.com\/conexion23com","article_published_time":"2023-12-03T16:00:33+00:00","article_modified_time":"2023-12-03T16:00:36+00:00","og_image":[{"width":1280,"height":853,"url":"http:\/\/conexion23.com\/wp-content\/uploads\/2023\/12\/48c82408-e6b4-42bc-9809-2fc5aa1833fa.jpg","type":"image\/jpeg"}],"author":"Raffy Ben\u00edtez","twitter_card":"summary_large_image","twitter_misc":{"Escrito por":"Raffy Ben\u00edtez","Tiempo de lectura":"3 minutos"},"schema":{"@context":"https:\/\/schema.org","@graph":[{"@type":"Article","@id":"http:\/\/conexion23.com\/?p=23151#article","isPartOf":{"@id":"http:\/\/conexion23.com\/?p=23151"},"author":{"name":"Raffy Ben\u00edtez","@id":"https:\/\/conexion23.com\/#\/schema\/person\/03e36043331117e97a373299bbcd30a6"},"headline":"LEONEL FERNANDEZ ESTREMECE A SPM EN MULTITUDINARIA CONCENTRACI\u00d3N DONDE OFICIALMENTE PRESENT\u00d3 A FRANKLIN PE\u00d1A COMO CANDIDATO A SENADOR Y DEM\u00c1S CANDIDATOS.","datePublished":"2023-12-03T16:00:33+00:00","dateModified":"2023-12-03T16:00:36+00:00","mainEntityOfPage":{"@id":"http:\/\/conexion23.com\/?p=23151"},"wordCount":487,"commentCount":0,"publisher":{"@id":"https:\/\/conexion23.com\/#organization"},"image":{"@id":"http:\/\/conexion23.com\/?p=23151#primaryimage"},"thumbnailUrl":"https:\/\/conexion23.com\/wp-content\/uploads\/2023\/12\/48c82408-e6b4-42bc-9809-2fc5aa1833fa.jpg","articleSection":["SPM"],"inLanguage":"es","potentialAction":[{"@type":"CommentAction","name":"Comment","target":["http:\/\/conexion23.com\/?p=23151#respond"]}]},{"@type":"WebPage","@id":"http:\/\/conexion23.com\/?p=23151","url":"http:\/\/conexion23.com\/?p=23151","name":"LEONEL FERNANDEZ ESTREMECE A SPM EN MULTITUDINARIA CONCENTRACI\u00d3N DONDE OFICIALMENTE PRESENT\u00d3 A FRANKLIN PE\u00d1A COMO CANDIDATO A SENADOR Y DEM\u00c1S CANDIDATOS. - Conexi\u00f3n 23","isPartOf":{"@id":"https:\/\/conexion23.com\/#website"},"primaryImageOfPage":{"@id":"http:\/\/conexion23.com\/?p=23151#primaryimage"},"image":{"@id":"http:\/\/conexion23.com\/?p=23151#primaryimage"},"thumbnailUrl":"https:\/\/conexion23.com\/wp-content\/uploads\/2023\/12\/48c82408-e6b4-42bc-9809-2fc5aa1833fa.jpg","datePublished":"2023-12-03T16:00:33+00:00","dateModified":"2023-12-03T16:00:36+00:00","breadcrumb":{"@id":"http:\/\/conexion23.com\/?p=23151#breadcrumb"},"inLanguage":"es","potentialAction":[{"@type":"ReadAction","target":["http:\/\/conexion23.com\/?p=23151"]}]},{"@type":"ImageObject","inLanguage":"es","@id":"http:\/\/conexion23.com\/?p=23151#primaryimage","url":"https:\/\/conexion23.com\/wp-content\/uploads\/2023\/12\/48c82408-e6b4-42bc-9809-2fc5aa1833fa.jpg","contentUrl":"https:\/\/conexion23.com\/wp-content\/uploads\/2023\/12\/48c82408-e6b4-42bc-9809-2fc5aa1833fa.jpg","width":1280,"height":853},{"@type":"BreadcrumbList","@id":"http:\/\/conexion23.com\/?p=23151#breadcrumb","itemListElement":[{"@type":"ListItem","position":1,"name":"Portada","item":"https:\/\/conexion23.com\/"},{"@type":"ListItem","position":2,"name":"LEONEL FERNANDEZ ESTREMECE A SPM EN MULTITUDINARIA CONCENTRACI\u00d3N DONDE OFICIALMENTE PRESENT\u00d3 A FRANKLIN PE\u00d1A COMO CANDIDATO A SENADOR Y DEM\u00c1S CANDIDATOS."}]},{"@type":"WebSite","@id":"https:\/\/conexion23.com\/#website","url":"https:\/\/conexion23.com\/","name":"Conexi\u00f3n 23","description":"Peri\u00f3dico 100% Petromacorisano","publisher":{"@id":"https:\/\/conexion23.com\/#organization"},"potentialAction":[{"@type":"SearchAction","target":{"@type":"EntryPoint","urlTemplate":"https:\/\/conexion23.com\/?s={search_term_string}"},"query-input":{"@type":"PropertyValueSpecification","valueRequired":true,"valueName":"search_term_string"}}],"inLanguage":"es"},{"@type":"Organization","@id":"https:\/\/conexion23.com\/#organization","name":"Conexion 23","url":"https:\/\/conexion23.com\/","logo":{"@type":"ImageObject","inLanguage":"es","@id":"https:\/\/conexion23.com\/#\/schema\/logo\/image\/","url":"https:\/\/conexion23.com\/wp-content\/uploads\/2021\/11\/Diseno-sin-titulo-2.png","contentUrl":"https:\/\/conexion23.com\/wp-content\/uploads\/2021\/11\/Diseno-sin-titulo-2.png","width":541,"height":90,"caption":"Conexion 23"},"image":{"@id":"https:\/\/conexion23.com\/#\/schema\/logo\/image\/"},"sameAs":["https:\/\/www.facebook.com\/conexion23com","https:\/\/www.instagram.com\/conexion23com\/","https:\/\/www.youtube.com\/channel\/UCYc7vxxFZMYLIHNsHHxPZ3Q"]},{"@type":"Person","@id":"https:\/\/conexion23.com\/#\/schema\/person\/03e36043331117e97a373299bbcd30a6","name":"Raffy Ben\u00edtez","image":{"@type":"ImageObject","inLanguage":"es","@id":"https:\/\/conexion23.com\/#\/schema\/person\/image\/","url":"https:\/\/secure.gravatar.com\/avatar\/3190a6a6c5e1b0327500f7d6c56b6242472ee6cb974cf09b401ee6b3b0798f23?s=96&d=mm&r=g","contentUrl":"https:\/\/secure.gravatar.com\/avatar\/3190a6a6c5e1b0327500f7d6c56b6242472ee6cb974cf09b401ee6b3b0798f23?s=96&d=mm&r=g","caption":"Raffy Ben\u00edtez"},"url":"https:\/\/conexion23.com\/?author=15"}]}},"_links":{"self":[{"href":"https:\/\/conexion23.com\/index.php?rest_route=\/wp\/v2\/posts\/23151","targetHints":{"allow":["GET"]}}],"collection":[{"href":"https:\/\/conexion23.com\/index.php?rest_route=\/wp\/v2\/posts"}],"about":[{"href":"https:\/\/conexion23.com\/index.php?rest_route=\/wp\/v2\/types\/post"}],"author":[{"embeddable":true,"href":"https:\/\/conexion23.com\/index.php?rest_route=\/wp\/v2\/users\/15"}],"replies":[{"embeddable":true,"href":"https:\/\/conexion23.com\/index.php?rest_route=%2Fwp%2Fv2%2Fcomments&post=23151"}],"version-history":[{"count":1,"href":"https:\/\/conexion23.com\/index.php?rest_route=\/wp\/v2\/posts\/23151\/revisions"}],"predecessor-version":[{"id":23154,"href":"https:\/\/conexion23.com\/index.php?rest_route=\/wp\/v2\/posts\/23151\/revisions\/23154"}],"wp:featuredmedia":[{"embeddable":true,"href":"https:\/\/conexion23.com\/index.php?rest_route=\/wp\/v2\/media\/23152"}],"wp:attachment":[{"href":"https:\/\/conexion23.com\/index.php?rest_route=%2Fwp%2Fv2%2Fmedia&parent=23151"}],"wp:term":[{"taxonomy":"category","embeddable":true,"href":"https:\/\/conexion23.com\/index.php?rest_route=%2Fwp%2Fv2%2Fcategories&post=23151"},{"taxonomy":"post_tag","embeddable":true,"href":"https:\/\/conexion23.com\/index.php?rest_route=%2Fwp%2Fv2%2Ftags&post=23151"}],"curies":[{"name":"wp","href":"https:\/\/api.w.org\/{rel}","templated":true}]}}