{"id":23229,"date":"2023-12-06T07:53:56","date_gmt":"2023-12-06T11:53:56","guid":{"rendered":"https:\/\/conexion23.com\/?p=23229"},"modified":"2023-12-06T07:53:59","modified_gmt":"2023-12-06T11:53:59","slug":"direccion-regional-sureste-realiza-acto-del-lanzamiento-operativo-navideno-para-proteger-y-servir-2023","status":"publish","type":"post","link":"https:\/\/conexion23.com\/?p=23229","title":{"rendered":"Direcci\u00f3n Regional Sureste realiza acto del \u201cLanzamiento Operativo Navide\u00f1o Para Proteger y Servir 2023."},"content":{"rendered":"\n<p>La Direcci\u00f3n Regional Sureste de la Polic\u00eda Nacional informa la realizaci\u00f3n del acto formal del \u201cLanzamiento Operativo Navide\u00f1o Para Proteger y Servir 2023\u201d, el cual tuvo lugar en la explanada frontal de esta dotaci\u00f3n policial a primeras horas de la ma\u00f1ana de este martes.<\/p>\n\n\n\n<p>Dicho acto estuvo encabezo por el Director Regional Sureste, P.N., General Orison Olivence Minaya en donde tambien estuvo presente el se\u00f1or Obispo de la Di\u00f3cesis De San Pedro de Macor\u00eds, Monse\u00f1or Santiago Rodr\u00edguez R., quien junto al Capell\u00e1n, Reverendo Padre Jacinto Nolasco de Paula tuvieron a su cargo la oraci\u00f3n y bendici\u00f3n de dicho acto.<\/p>\n\n\n\n<p>As\u00ed mismo tambi\u00e9n participaron de dicha actividad las principales autoridades civiles y militares de esta ciudad, entre ellos, Luisa Pierre, Presidenta del Consejo de Regidores, Marcia Espinal, Presidenta de la Uni\u00f3n de Juntas de Vecinos, Miguel A. Herrera, Coordinador Provincial del COBA, Starlin Leger, Director Regional Este de la Defensa Civil, la Dra. Madeline Reyes, Encargada del 9-1-1, Lic. Manuel A. Medina, Sub encargado de la Cruz Roja Dominicana.<\/p>\n\n\n\n<p>Adem\u00e1s contamos con la presencia de la Coronel Maritza Perez, Intendente del Cuerpo de Bomberos,SPM, el Coronel Tirso A. Mendez Javier , Comandante de la 6ta Brigada del E.R.D, Coronel Alfredo Belen Herrera, P.N., Director Regional Sureste Digesett, Coronel Juan Pascual Deschamps, Sub Director Adjunto POLITUR, Juan Doli\u00f3, Capit\u00e1n de Nav\u00edo, Santiago Mart\u00ednez Brea, Comandante de la Capitan\u00eda del Puerto de SPM, Teniente Coronel Hache Santana, FF.AA., por el Comando Conjunto Este, y dem\u00e1s oficiales superiores, subalternos y alistados de esta regional, entre otros.<\/p>\n\n\n\n<p>Cabe descartar que cada representante de las diferentes instituciones se hicieron acompa\u00f1ar de una comisi\u00f3n especial del personal bajo sus mandos, los cuales se integrar\u00e1n a dicho operativo.<\/p>\n\n\n\n<p>El objetivo de este operativo navide\u00f1o es incrementar significativamente del patrullaje, fortalecer la prevenci\u00f3n y aumentar los niveles de seguridad en todo el transcurso de estas festividades. Es por ello que la Polic\u00eda Nacional conjuntamente con los dem\u00e1s organismos de seguridad del Estado, se mantendr\u00e1n vigilantes para evitar y prevenir cualquier tipo de incidencias, crimines y delitos, los cuales se hacen m\u00e1s recurrentes durante estas fechas.<\/p>\n","protected":false},"excerpt":{"rendered":"<p>La Direcci\u00f3n Regional Sureste de la Polic\u00eda Nacional informa la realizaci\u00f3n del acto formal del \u201cLanzamiento Operativo Navide\u00f1o Para Proteger y Servir 2023\u201d, el cual tuvo lugar en la explanada frontal de esta dotaci\u00f3n policial a primeras horas de la ma\u00f1ana de este martes. Dicho acto estuvo encabezo por el Director Regional Sureste, P.N., General [&hellip;]<\/p>\n","protected":false},"author":15,"featured_media":23230,"comment_status":"open","ping_status":"open","sticky":false,"template":"","format":"standard","meta":{"footnotes":""},"categories":[35],"tags":[],"class_list":{"0":"post-23229","1":"post","2":"type-post","3":"status-publish","4":"format-standard","5":"has-post-thumbnail","7":"category-spm"},"yoast_head":"<!-- This site is optimized with the Yoast SEO plugin v27.1.1 - https:\/\/yoast.com\/product\/yoast-seo-wordpress\/ -->\n<title>Direcci\u00f3n Regional Sureste realiza acto del \u201cLanzamiento Operativo Navide\u00f1o Para Proteger y Servir 2023. - Conexi\u00f3n 23<\/title>\n<meta name=\"robots\" content=\"index, follow, max-snippet:-1, max-image-preview:large, max-video-preview:-1\" \/>\n<link rel=\"canonical\" href=\"https:\/\/conexion23.com\/?p=23229\" \/>\n<meta property=\"og:locale\" content=\"es_ES\" \/>\n<meta property=\"og:type\" content=\"article\" \/>\n<meta property=\"og:title\" content=\"Direcci\u00f3n Regional Sureste realiza acto del \u201cLanzamiento Operativo Navide\u00f1o Para Proteger y Servir 2023. - Conexi\u00f3n 23\" \/>\n<meta property=\"og:description\" content=\"La Direcci\u00f3n Regional Sureste de la Polic\u00eda Nacional informa la realizaci\u00f3n del acto formal del \u201cLanzamiento Operativo Navide\u00f1o Para Proteger y Servir 2023\u201d, el cual tuvo lugar en la explanada frontal de esta dotaci\u00f3n policial a primeras horas de la ma\u00f1ana de este martes. Dicho acto estuvo encabezo por el Director Regional Sureste, P.N., General [&hellip;]\" \/>\n<meta property=\"og:url\" content=\"https:\/\/conexion23.com\/?p=23229\" \/>\n<meta property=\"og:site_name\" content=\"Conexi\u00f3n 23\" \/>\n<meta property=\"article:publisher\" content=\"https:\/\/www.facebook.com\/conexion23com\" \/>\n<meta property=\"article:published_time\" content=\"2023-12-06T11:53:56+00:00\" \/>\n<meta property=\"article:modified_time\" content=\"2023-12-06T11:53:59+00:00\" \/>\n<meta property=\"og:image\" content=\"https:\/\/conexion23.com\/wp-content\/uploads\/2023\/12\/c3d7ff97-9097-4bfd-814b-b96658db88ff.jpg\" \/>\n\t<meta property=\"og:image:width\" content=\"1280\" \/>\n\t<meta property=\"og:image:height\" content=\"960\" \/>\n\t<meta property=\"og:image:type\" content=\"image\/jpeg\" \/>\n<meta name=\"author\" content=\"Raffy Ben\u00edtez\" \/>\n<meta name=\"twitter:card\" content=\"summary_large_image\" \/>\n<meta name=\"twitter:label1\" content=\"Escrito por\" \/>\n\t<meta name=\"twitter:data1\" content=\"Raffy Ben\u00edtez\" \/>\n\t<meta name=\"twitter:label2\" content=\"Tiempo de lectura\" \/>\n\t<meta name=\"twitter:data2\" content=\"2 minutos\" \/>\n<script type=\"application\/ld+json\" class=\"yoast-schema-graph\">{\"@context\":\"https:\/\/schema.org\",\"@graph\":[{\"@type\":\"Article\",\"@id\":\"https:\/\/conexion23.com\/?p=23229#article\",\"isPartOf\":{\"@id\":\"https:\/\/conexion23.com\/?p=23229\"},\"author\":{\"name\":\"Raffy Ben\u00edtez\",\"@id\":\"https:\/\/conexion23.com\/#\/schema\/person\/03e36043331117e97a373299bbcd30a6\"},\"headline\":\"Direcci\u00f3n Regional Sureste realiza acto del \u201cLanzamiento Operativo Navide\u00f1o Para Proteger y Servir 2023.\",\"datePublished\":\"2023-12-06T11:53:56+00:00\",\"dateModified\":\"2023-12-06T11:53:59+00:00\",\"mainEntityOfPage\":{\"@id\":\"https:\/\/conexion23.com\/?p=23229\"},\"wordCount\":397,\"commentCount\":0,\"publisher\":{\"@id\":\"https:\/\/conexion23.com\/#organization\"},\"image\":{\"@id\":\"https:\/\/conexion23.com\/?p=23229#primaryimage\"},\"thumbnailUrl\":\"https:\/\/conexion23.com\/wp-content\/uploads\/2023\/12\/c3d7ff97-9097-4bfd-814b-b96658db88ff.jpg\",\"articleSection\":[\"SPM\"],\"inLanguage\":\"es\",\"potentialAction\":[{\"@type\":\"CommentAction\",\"name\":\"Comment\",\"target\":[\"https:\/\/conexion23.com\/?p=23229#respond\"]}]},{\"@type\":\"WebPage\",\"@id\":\"https:\/\/conexion23.com\/?p=23229\",\"url\":\"https:\/\/conexion23.com\/?p=23229\",\"name\":\"Direcci\u00f3n Regional Sureste realiza acto del \u201cLanzamiento Operativo Navide\u00f1o Para Proteger y Servir 2023. - Conexi\u00f3n 23\",\"isPartOf\":{\"@id\":\"https:\/\/conexion23.com\/#website\"},\"primaryImageOfPage\":{\"@id\":\"https:\/\/conexion23.com\/?p=23229#primaryimage\"},\"image\":{\"@id\":\"https:\/\/conexion23.com\/?p=23229#primaryimage\"},\"thumbnailUrl\":\"https:\/\/conexion23.com\/wp-content\/uploads\/2023\/12\/c3d7ff97-9097-4bfd-814b-b96658db88ff.jpg\",\"datePublished\":\"2023-12-06T11:53:56+00:00\",\"dateModified\":\"2023-12-06T11:53:59+00:00\",\"breadcrumb\":{\"@id\":\"https:\/\/conexion23.com\/?p=23229#breadcrumb\"},\"inLanguage\":\"es\",\"potentialAction\":[{\"@type\":\"ReadAction\",\"target\":[\"https:\/\/conexion23.com\/?p=23229\"]}]},{\"@type\":\"ImageObject\",\"inLanguage\":\"es\",\"@id\":\"https:\/\/conexion23.com\/?p=23229#primaryimage\",\"url\":\"https:\/\/conexion23.com\/wp-content\/uploads\/2023\/12\/c3d7ff97-9097-4bfd-814b-b96658db88ff.jpg\",\"contentUrl\":\"https:\/\/conexion23.com\/wp-content\/uploads\/2023\/12\/c3d7ff97-9097-4bfd-814b-b96658db88ff.jpg\",\"width\":1280,\"height\":960},{\"@type\":\"BreadcrumbList\",\"@id\":\"https:\/\/conexion23.com\/?p=23229#breadcrumb\",\"itemListElement\":[{\"@type\":\"ListItem\",\"position\":1,\"name\":\"Portada\",\"item\":\"https:\/\/conexion23.com\/\"},{\"@type\":\"ListItem\",\"position\":2,\"name\":\"Direcci\u00f3n Regional Sureste realiza acto del \u201cLanzamiento Operativo Navide\u00f1o Para Proteger y Servir 2023.\"}]},{\"@type\":\"WebSite\",\"@id\":\"https:\/\/conexion23.com\/#website\",\"url\":\"https:\/\/conexion23.com\/\",\"name\":\"Conexi\u00f3n 23\",\"description\":\"Peri\u00f3dico 100% Petromacorisano\",\"publisher\":{\"@id\":\"https:\/\/conexion23.com\/#organization\"},\"potentialAction\":[{\"@type\":\"SearchAction\",\"target\":{\"@type\":\"EntryPoint\",\"urlTemplate\":\"https:\/\/conexion23.com\/?s={search_term_string}\"},\"query-input\":{\"@type\":\"PropertyValueSpecification\",\"valueRequired\":true,\"valueName\":\"search_term_string\"}}],\"inLanguage\":\"es\"},{\"@type\":\"Organization\",\"@id\":\"https:\/\/conexion23.com\/#organization\",\"name\":\"Conexion 23\",\"url\":\"https:\/\/conexion23.com\/\",\"logo\":{\"@type\":\"ImageObject\",\"inLanguage\":\"es\",\"@id\":\"https:\/\/conexion23.com\/#\/schema\/logo\/image\/\",\"url\":\"https:\/\/conexion23.com\/wp-content\/uploads\/2021\/11\/Diseno-sin-titulo-2.png\",\"contentUrl\":\"https:\/\/conexion23.com\/wp-content\/uploads\/2021\/11\/Diseno-sin-titulo-2.png\",\"width\":541,\"height\":90,\"caption\":\"Conexion 23\"},\"image\":{\"@id\":\"https:\/\/conexion23.com\/#\/schema\/logo\/image\/\"},\"sameAs\":[\"https:\/\/www.facebook.com\/conexion23com\",\"https:\/\/www.instagram.com\/conexion23com\/\",\"https:\/\/www.youtube.com\/channel\/UCYc7vxxFZMYLIHNsHHxPZ3Q\"]},{\"@type\":\"Person\",\"@id\":\"https:\/\/conexion23.com\/#\/schema\/person\/03e36043331117e97a373299bbcd30a6\",\"name\":\"Raffy Ben\u00edtez\",\"image\":{\"@type\":\"ImageObject\",\"inLanguage\":\"es\",\"@id\":\"https:\/\/conexion23.com\/#\/schema\/person\/image\/\",\"url\":\"https:\/\/secure.gravatar.com\/avatar\/3190a6a6c5e1b0327500f7d6c56b6242472ee6cb974cf09b401ee6b3b0798f23?s=96&d=mm&r=g\",\"contentUrl\":\"https:\/\/secure.gravatar.com\/avatar\/3190a6a6c5e1b0327500f7d6c56b6242472ee6cb974cf09b401ee6b3b0798f23?s=96&d=mm&r=g\",\"caption\":\"Raffy Ben\u00edtez\"},\"url\":\"https:\/\/conexion23.com\/?author=15\"}]}<\/script>\n<!-- \/ Yoast SEO plugin. -->","yoast_head_json":{"title":"Direcci\u00f3n Regional Sureste realiza acto del \u201cLanzamiento Operativo Navide\u00f1o Para Proteger y Servir 2023. - Conexi\u00f3n 23","robots":{"index":"index","follow":"follow","max-snippet":"max-snippet:-1","max-image-preview":"max-image-preview:large","max-video-preview":"max-video-preview:-1"},"canonical":"https:\/\/conexion23.com\/?p=23229","og_locale":"es_ES","og_type":"article","og_title":"Direcci\u00f3n Regional Sureste realiza acto del \u201cLanzamiento Operativo Navide\u00f1o Para Proteger y Servir 2023. - Conexi\u00f3n 23","og_description":"La Direcci\u00f3n Regional Sureste de la Polic\u00eda Nacional informa la realizaci\u00f3n del acto formal del \u201cLanzamiento Operativo Navide\u00f1o Para Proteger y Servir 2023\u201d, el cual tuvo lugar en la explanada frontal de esta dotaci\u00f3n policial a primeras horas de la ma\u00f1ana de este martes. Dicho acto estuvo encabezo por el Director Regional Sureste, P.N., General [&hellip;]","og_url":"https:\/\/conexion23.com\/?p=23229","og_site_name":"Conexi\u00f3n 23","article_publisher":"https:\/\/www.facebook.com\/conexion23com","article_published_time":"2023-12-06T11:53:56+00:00","article_modified_time":"2023-12-06T11:53:59+00:00","og_image":[{"width":1280,"height":960,"url":"https:\/\/conexion23.com\/wp-content\/uploads\/2023\/12\/c3d7ff97-9097-4bfd-814b-b96658db88ff.jpg","type":"image\/jpeg"}],"author":"Raffy Ben\u00edtez","twitter_card":"summary_large_image","twitter_misc":{"Escrito por":"Raffy Ben\u00edtez","Tiempo de lectura":"2 minutos"},"schema":{"@context":"https:\/\/schema.org","@graph":[{"@type":"Article","@id":"https:\/\/conexion23.com\/?p=23229#article","isPartOf":{"@id":"https:\/\/conexion23.com\/?p=23229"},"author":{"name":"Raffy Ben\u00edtez","@id":"https:\/\/conexion23.com\/#\/schema\/person\/03e36043331117e97a373299bbcd30a6"},"headline":"Direcci\u00f3n Regional Sureste realiza acto del \u201cLanzamiento Operativo Navide\u00f1o Para Proteger y Servir 2023.","datePublished":"2023-12-06T11:53:56+00:00","dateModified":"2023-12-06T11:53:59+00:00","mainEntityOfPage":{"@id":"https:\/\/conexion23.com\/?p=23229"},"wordCount":397,"commentCount":0,"publisher":{"@id":"https:\/\/conexion23.com\/#organization"},"image":{"@id":"https:\/\/conexion23.com\/?p=23229#primaryimage"},"thumbnailUrl":"https:\/\/conexion23.com\/wp-content\/uploads\/2023\/12\/c3d7ff97-9097-4bfd-814b-b96658db88ff.jpg","articleSection":["SPM"],"inLanguage":"es","potentialAction":[{"@type":"CommentAction","name":"Comment","target":["https:\/\/conexion23.com\/?p=23229#respond"]}]},{"@type":"WebPage","@id":"https:\/\/conexion23.com\/?p=23229","url":"https:\/\/conexion23.com\/?p=23229","name":"Direcci\u00f3n Regional Sureste realiza acto del \u201cLanzamiento Operativo Navide\u00f1o Para Proteger y Servir 2023. - Conexi\u00f3n 23","isPartOf":{"@id":"https:\/\/conexion23.com\/#website"},"primaryImageOfPage":{"@id":"https:\/\/conexion23.com\/?p=23229#primaryimage"},"image":{"@id":"https:\/\/conexion23.com\/?p=23229#primaryimage"},"thumbnailUrl":"https:\/\/conexion23.com\/wp-content\/uploads\/2023\/12\/c3d7ff97-9097-4bfd-814b-b96658db88ff.jpg","datePublished":"2023-12-06T11:53:56+00:00","dateModified":"2023-12-06T11:53:59+00:00","breadcrumb":{"@id":"https:\/\/conexion23.com\/?p=23229#breadcrumb"},"inLanguage":"es","potentialAction":[{"@type":"ReadAction","target":["https:\/\/conexion23.com\/?p=23229"]}]},{"@type":"ImageObject","inLanguage":"es","@id":"https:\/\/conexion23.com\/?p=23229#primaryimage","url":"https:\/\/conexion23.com\/wp-content\/uploads\/2023\/12\/c3d7ff97-9097-4bfd-814b-b96658db88ff.jpg","contentUrl":"https:\/\/conexion23.com\/wp-content\/uploads\/2023\/12\/c3d7ff97-9097-4bfd-814b-b96658db88ff.jpg","width":1280,"height":960},{"@type":"BreadcrumbList","@id":"https:\/\/conexion23.com\/?p=23229#breadcrumb","itemListElement":[{"@type":"ListItem","position":1,"name":"Portada","item":"https:\/\/conexion23.com\/"},{"@type":"ListItem","position":2,"name":"Direcci\u00f3n Regional Sureste realiza acto del \u201cLanzamiento Operativo Navide\u00f1o Para Proteger y Servir 2023."}]},{"@type":"WebSite","@id":"https:\/\/conexion23.com\/#website","url":"https:\/\/conexion23.com\/","name":"Conexi\u00f3n 23","description":"Peri\u00f3dico 100% Petromacorisano","publisher":{"@id":"https:\/\/conexion23.com\/#organization"},"potentialAction":[{"@type":"SearchAction","target":{"@type":"EntryPoint","urlTemplate":"https:\/\/conexion23.com\/?s={search_term_string}"},"query-input":{"@type":"PropertyValueSpecification","valueRequired":true,"valueName":"search_term_string"}}],"inLanguage":"es"},{"@type":"Organization","@id":"https:\/\/conexion23.com\/#organization","name":"Conexion 23","url":"https:\/\/conexion23.com\/","logo":{"@type":"ImageObject","inLanguage":"es","@id":"https:\/\/conexion23.com\/#\/schema\/logo\/image\/","url":"https:\/\/conexion23.com\/wp-content\/uploads\/2021\/11\/Diseno-sin-titulo-2.png","contentUrl":"https:\/\/conexion23.com\/wp-content\/uploads\/2021\/11\/Diseno-sin-titulo-2.png","width":541,"height":90,"caption":"Conexion 23"},"image":{"@id":"https:\/\/conexion23.com\/#\/schema\/logo\/image\/"},"sameAs":["https:\/\/www.facebook.com\/conexion23com","https:\/\/www.instagram.com\/conexion23com\/","https:\/\/www.youtube.com\/channel\/UCYc7vxxFZMYLIHNsHHxPZ3Q"]},{"@type":"Person","@id":"https:\/\/conexion23.com\/#\/schema\/person\/03e36043331117e97a373299bbcd30a6","name":"Raffy Ben\u00edtez","image":{"@type":"ImageObject","inLanguage":"es","@id":"https:\/\/conexion23.com\/#\/schema\/person\/image\/","url":"https:\/\/secure.gravatar.com\/avatar\/3190a6a6c5e1b0327500f7d6c56b6242472ee6cb974cf09b401ee6b3b0798f23?s=96&d=mm&r=g","contentUrl":"https:\/\/secure.gravatar.com\/avatar\/3190a6a6c5e1b0327500f7d6c56b6242472ee6cb974cf09b401ee6b3b0798f23?s=96&d=mm&r=g","caption":"Raffy Ben\u00edtez"},"url":"https:\/\/conexion23.com\/?author=15"}]}},"_links":{"self":[{"href":"https:\/\/conexion23.com\/index.php?rest_route=\/wp\/v2\/posts\/23229","targetHints":{"allow":["GET"]}}],"collection":[{"href":"https:\/\/conexion23.com\/index.php?rest_route=\/wp\/v2\/posts"}],"about":[{"href":"https:\/\/conexion23.com\/index.php?rest_route=\/wp\/v2\/types\/post"}],"author":[{"embeddable":true,"href":"https:\/\/conexion23.com\/index.php?rest_route=\/wp\/v2\/users\/15"}],"replies":[{"embeddable":true,"href":"https:\/\/conexion23.com\/index.php?rest_route=%2Fwp%2Fv2%2Fcomments&post=23229"}],"version-history":[{"count":1,"href":"https:\/\/conexion23.com\/index.php?rest_route=\/wp\/v2\/posts\/23229\/revisions"}],"predecessor-version":[{"id":23231,"href":"https:\/\/conexion23.com\/index.php?rest_route=\/wp\/v2\/posts\/23229\/revisions\/23231"}],"wp:featuredmedia":[{"embeddable":true,"href":"https:\/\/conexion23.com\/index.php?rest_route=\/wp\/v2\/media\/23230"}],"wp:attachment":[{"href":"https:\/\/conexion23.com\/index.php?rest_route=%2Fwp%2Fv2%2Fmedia&parent=23229"}],"wp:term":[{"taxonomy":"category","embeddable":true,"href":"https:\/\/conexion23.com\/index.php?rest_route=%2Fwp%2Fv2%2Fcategories&post=23229"},{"taxonomy":"post_tag","embeddable":true,"href":"https:\/\/conexion23.com\/index.php?rest_route=%2Fwp%2Fv2%2Ftags&post=23229"}],"curies":[{"name":"wp","href":"https:\/\/api.w.org\/{rel}","templated":true}]}}