{"id":23254,"date":"2023-12-06T08:51:19","date_gmt":"2023-12-06T12:51:19","guid":{"rendered":"https:\/\/conexion23.com\/?p=23254"},"modified":"2023-12-06T08:51:21","modified_gmt":"2023-12-06T12:51:21","slug":"le-quitan-la-vida-a-predicador-en-samana-se-presume-que-fue-por-venganza","status":"publish","type":"post","link":"https:\/\/conexion23.com\/?p=23254","title":{"rendered":"Le quitan la vida a predicador en Saman\u00e1, se presume que fue por venganza."},"content":{"rendered":"\n<p>Un joven result\u00f3 muerto la noche de este lunes luego de que una persona penetrara a su negocio y le propinara arias estocadas con un arma blanca en un hecho ocurrido en el barrio El Pley, del municipio S\u00e1nchez.Se trata del predicador evang\u00e9lico&nbsp;<strong>Luis Adiery Rodr\u00edguez (a) Buch\u00fa<\/strong>, quien ten\u00eda un taller tapicer\u00eda, mientras que su victimario fue identificado como,&nbsp;<strong>Jeyson Agramonte Mart\u00ednez (a) Proa<\/strong>, quien huy\u00f3 del lugar luego de cometer el hecho.Seg\u00fan las informaciones obtenida, el suceso se origin\u00f3 por una supuesta venganza, ya que, seg\u00fan los familiares de la v\u00edctima, el hermano del hoy fallecido hab\u00eda resultado herido de un machetazo tras una pelea con el nombrado Proa, por lo que Buch\u00fa intent\u00f3 mediar y no logr\u00f3 obtener resultados positivos.<\/p>\n","protected":false},"excerpt":{"rendered":"<p>Un joven result\u00f3 muerto la noche de este lunes luego de que una persona penetrara a su negocio y le propinara arias estocadas con un arma blanca en un hecho ocurrido en el barrio El Pley, del municipio S\u00e1nchez.Se trata del predicador evang\u00e9lico&nbsp;Luis Adiery Rodr\u00edguez (a) Buch\u00fa, quien ten\u00eda un taller tapicer\u00eda, mientras que su [&hellip;]<\/p>\n","protected":false},"author":15,"featured_media":23255,"comment_status":"open","ping_status":"open","sticky":false,"template":"","format":"standard","meta":{"footnotes":""},"categories":[1],"tags":[],"class_list":{"0":"post-23254","1":"post","2":"type-post","3":"status-publish","4":"format-standard","5":"has-post-thumbnail","7":"category-uncategorized"},"yoast_head":"<!-- This site is optimized with the Yoast SEO plugin v27.1.1 - https:\/\/yoast.com\/product\/yoast-seo-wordpress\/ -->\n<title>Le quitan la vida a predicador en Saman\u00e1, se presume que fue por venganza. - Conexi\u00f3n 23<\/title>\n<meta name=\"robots\" content=\"index, follow, max-snippet:-1, max-image-preview:large, max-video-preview:-1\" \/>\n<link rel=\"canonical\" href=\"https:\/\/conexion23.com\/?p=23254\" \/>\n<meta property=\"og:locale\" content=\"es_ES\" \/>\n<meta property=\"og:type\" content=\"article\" \/>\n<meta property=\"og:title\" content=\"Le quitan la vida a predicador en Saman\u00e1, se presume que fue por venganza. - Conexi\u00f3n 23\" \/>\n<meta property=\"og:description\" content=\"Un joven result\u00f3 muerto la noche de este lunes luego de que una persona penetrara a su negocio y le propinara arias estocadas con un arma blanca en un hecho ocurrido en el barrio El Pley, del municipio S\u00e1nchez.Se trata del predicador evang\u00e9lico&nbsp;Luis Adiery Rodr\u00edguez (a) Buch\u00fa, quien ten\u00eda un taller tapicer\u00eda, mientras que su [&hellip;]\" \/>\n<meta property=\"og:url\" content=\"https:\/\/conexion23.com\/?p=23254\" \/>\n<meta property=\"og:site_name\" content=\"Conexi\u00f3n 23\" \/>\n<meta property=\"article:publisher\" content=\"https:\/\/www.facebook.com\/conexion23com\" \/>\n<meta property=\"article:published_time\" content=\"2023-12-06T12:51:19+00:00\" \/>\n<meta property=\"article:modified_time\" content=\"2023-12-06T12:51:21+00:00\" \/>\n<meta property=\"og:image\" content=\"https:\/\/conexion23.com\/wp-content\/uploads\/2023\/12\/matan-predicador-2.jpg\" \/>\n\t<meta property=\"og:image:width\" content=\"1204\" \/>\n\t<meta property=\"og:image:height\" content=\"620\" \/>\n\t<meta property=\"og:image:type\" content=\"image\/jpeg\" \/>\n<meta name=\"author\" content=\"Raffy Ben\u00edtez\" \/>\n<meta name=\"twitter:card\" content=\"summary_large_image\" \/>\n<meta name=\"twitter:label1\" content=\"Escrito por\" \/>\n\t<meta name=\"twitter:data1\" content=\"Raffy Ben\u00edtez\" \/>\n\t<meta name=\"twitter:label2\" content=\"Tiempo de lectura\" \/>\n\t<meta name=\"twitter:data2\" content=\"1 minuto\" \/>\n<script type=\"application\/ld+json\" class=\"yoast-schema-graph\">{\"@context\":\"https:\/\/schema.org\",\"@graph\":[{\"@type\":\"Article\",\"@id\":\"https:\/\/conexion23.com\/?p=23254#article\",\"isPartOf\":{\"@id\":\"https:\/\/conexion23.com\/?p=23254\"},\"author\":{\"name\":\"Raffy Ben\u00edtez\",\"@id\":\"https:\/\/conexion23.com\/#\/schema\/person\/03e36043331117e97a373299bbcd30a6\"},\"headline\":\"Le quitan la vida a predicador en Saman\u00e1, se presume que fue por venganza.\",\"datePublished\":\"2023-12-06T12:51:19+00:00\",\"dateModified\":\"2023-12-06T12:51:21+00:00\",\"mainEntityOfPage\":{\"@id\":\"https:\/\/conexion23.com\/?p=23254\"},\"wordCount\":151,\"commentCount\":0,\"publisher\":{\"@id\":\"https:\/\/conexion23.com\/#organization\"},\"image\":{\"@id\":\"https:\/\/conexion23.com\/?p=23254#primaryimage\"},\"thumbnailUrl\":\"https:\/\/conexion23.com\/wp-content\/uploads\/2023\/12\/matan-predicador-2.jpg\",\"articleSection\":[\"Uncategorized\"],\"inLanguage\":\"es\",\"potentialAction\":[{\"@type\":\"CommentAction\",\"name\":\"Comment\",\"target\":[\"https:\/\/conexion23.com\/?p=23254#respond\"]}]},{\"@type\":\"WebPage\",\"@id\":\"https:\/\/conexion23.com\/?p=23254\",\"url\":\"https:\/\/conexion23.com\/?p=23254\",\"name\":\"Le quitan la vida a predicador en Saman\u00e1, se presume que fue por venganza. - Conexi\u00f3n 23\",\"isPartOf\":{\"@id\":\"https:\/\/conexion23.com\/#website\"},\"primaryImageOfPage\":{\"@id\":\"https:\/\/conexion23.com\/?p=23254#primaryimage\"},\"image\":{\"@id\":\"https:\/\/conexion23.com\/?p=23254#primaryimage\"},\"thumbnailUrl\":\"https:\/\/conexion23.com\/wp-content\/uploads\/2023\/12\/matan-predicador-2.jpg\",\"datePublished\":\"2023-12-06T12:51:19+00:00\",\"dateModified\":\"2023-12-06T12:51:21+00:00\",\"breadcrumb\":{\"@id\":\"https:\/\/conexion23.com\/?p=23254#breadcrumb\"},\"inLanguage\":\"es\",\"potentialAction\":[{\"@type\":\"ReadAction\",\"target\":[\"https:\/\/conexion23.com\/?p=23254\"]}]},{\"@type\":\"ImageObject\",\"inLanguage\":\"es\",\"@id\":\"https:\/\/conexion23.com\/?p=23254#primaryimage\",\"url\":\"https:\/\/conexion23.com\/wp-content\/uploads\/2023\/12\/matan-predicador-2.jpg\",\"contentUrl\":\"https:\/\/conexion23.com\/wp-content\/uploads\/2023\/12\/matan-predicador-2.jpg\",\"width\":1204,\"height\":620,\"caption\":\"portada\"},{\"@type\":\"BreadcrumbList\",\"@id\":\"https:\/\/conexion23.com\/?p=23254#breadcrumb\",\"itemListElement\":[{\"@type\":\"ListItem\",\"position\":1,\"name\":\"Portada\",\"item\":\"https:\/\/conexion23.com\/\"},{\"@type\":\"ListItem\",\"position\":2,\"name\":\"Le quitan la vida a predicador en Saman\u00e1, se presume que fue por venganza.\"}]},{\"@type\":\"WebSite\",\"@id\":\"https:\/\/conexion23.com\/#website\",\"url\":\"https:\/\/conexion23.com\/\",\"name\":\"Conexi\u00f3n 23\",\"description\":\"Peri\u00f3dico 100% Petromacorisano\",\"publisher\":{\"@id\":\"https:\/\/conexion23.com\/#organization\"},\"potentialAction\":[{\"@type\":\"SearchAction\",\"target\":{\"@type\":\"EntryPoint\",\"urlTemplate\":\"https:\/\/conexion23.com\/?s={search_term_string}\"},\"query-input\":{\"@type\":\"PropertyValueSpecification\",\"valueRequired\":true,\"valueName\":\"search_term_string\"}}],\"inLanguage\":\"es\"},{\"@type\":\"Organization\",\"@id\":\"https:\/\/conexion23.com\/#organization\",\"name\":\"Conexion 23\",\"url\":\"https:\/\/conexion23.com\/\",\"logo\":{\"@type\":\"ImageObject\",\"inLanguage\":\"es\",\"@id\":\"https:\/\/conexion23.com\/#\/schema\/logo\/image\/\",\"url\":\"https:\/\/conexion23.com\/wp-content\/uploads\/2021\/11\/Diseno-sin-titulo-2.png\",\"contentUrl\":\"https:\/\/conexion23.com\/wp-content\/uploads\/2021\/11\/Diseno-sin-titulo-2.png\",\"width\":541,\"height\":90,\"caption\":\"Conexion 23\"},\"image\":{\"@id\":\"https:\/\/conexion23.com\/#\/schema\/logo\/image\/\"},\"sameAs\":[\"https:\/\/www.facebook.com\/conexion23com\",\"https:\/\/www.instagram.com\/conexion23com\/\",\"https:\/\/www.youtube.com\/channel\/UCYc7vxxFZMYLIHNsHHxPZ3Q\"]},{\"@type\":\"Person\",\"@id\":\"https:\/\/conexion23.com\/#\/schema\/person\/03e36043331117e97a373299bbcd30a6\",\"name\":\"Raffy Ben\u00edtez\",\"image\":{\"@type\":\"ImageObject\",\"inLanguage\":\"es\",\"@id\":\"https:\/\/conexion23.com\/#\/schema\/person\/image\/\",\"url\":\"https:\/\/secure.gravatar.com\/avatar\/3190a6a6c5e1b0327500f7d6c56b6242472ee6cb974cf09b401ee6b3b0798f23?s=96&d=mm&r=g\",\"contentUrl\":\"https:\/\/secure.gravatar.com\/avatar\/3190a6a6c5e1b0327500f7d6c56b6242472ee6cb974cf09b401ee6b3b0798f23?s=96&d=mm&r=g\",\"caption\":\"Raffy Ben\u00edtez\"},\"url\":\"https:\/\/conexion23.com\/?author=15\"}]}<\/script>\n<!-- \/ Yoast SEO plugin. -->","yoast_head_json":{"title":"Le quitan la vida a predicador en Saman\u00e1, se presume que fue por venganza. - Conexi\u00f3n 23","robots":{"index":"index","follow":"follow","max-snippet":"max-snippet:-1","max-image-preview":"max-image-preview:large","max-video-preview":"max-video-preview:-1"},"canonical":"https:\/\/conexion23.com\/?p=23254","og_locale":"es_ES","og_type":"article","og_title":"Le quitan la vida a predicador en Saman\u00e1, se presume que fue por venganza. - Conexi\u00f3n 23","og_description":"Un joven result\u00f3 muerto la noche de este lunes luego de que una persona penetrara a su negocio y le propinara arias estocadas con un arma blanca en un hecho ocurrido en el barrio El Pley, del municipio S\u00e1nchez.Se trata del predicador evang\u00e9lico&nbsp;Luis Adiery Rodr\u00edguez (a) Buch\u00fa, quien ten\u00eda un taller tapicer\u00eda, mientras que su [&hellip;]","og_url":"https:\/\/conexion23.com\/?p=23254","og_site_name":"Conexi\u00f3n 23","article_publisher":"https:\/\/www.facebook.com\/conexion23com","article_published_time":"2023-12-06T12:51:19+00:00","article_modified_time":"2023-12-06T12:51:21+00:00","og_image":[{"width":1204,"height":620,"url":"https:\/\/conexion23.com\/wp-content\/uploads\/2023\/12\/matan-predicador-2.jpg","type":"image\/jpeg"}],"author":"Raffy Ben\u00edtez","twitter_card":"summary_large_image","twitter_misc":{"Escrito por":"Raffy Ben\u00edtez","Tiempo de lectura":"1 minuto"},"schema":{"@context":"https:\/\/schema.org","@graph":[{"@type":"Article","@id":"https:\/\/conexion23.com\/?p=23254#article","isPartOf":{"@id":"https:\/\/conexion23.com\/?p=23254"},"author":{"name":"Raffy Ben\u00edtez","@id":"https:\/\/conexion23.com\/#\/schema\/person\/03e36043331117e97a373299bbcd30a6"},"headline":"Le quitan la vida a predicador en Saman\u00e1, se presume que fue por venganza.","datePublished":"2023-12-06T12:51:19+00:00","dateModified":"2023-12-06T12:51:21+00:00","mainEntityOfPage":{"@id":"https:\/\/conexion23.com\/?p=23254"},"wordCount":151,"commentCount":0,"publisher":{"@id":"https:\/\/conexion23.com\/#organization"},"image":{"@id":"https:\/\/conexion23.com\/?p=23254#primaryimage"},"thumbnailUrl":"https:\/\/conexion23.com\/wp-content\/uploads\/2023\/12\/matan-predicador-2.jpg","articleSection":["Uncategorized"],"inLanguage":"es","potentialAction":[{"@type":"CommentAction","name":"Comment","target":["https:\/\/conexion23.com\/?p=23254#respond"]}]},{"@type":"WebPage","@id":"https:\/\/conexion23.com\/?p=23254","url":"https:\/\/conexion23.com\/?p=23254","name":"Le quitan la vida a predicador en Saman\u00e1, se presume que fue por venganza. - Conexi\u00f3n 23","isPartOf":{"@id":"https:\/\/conexion23.com\/#website"},"primaryImageOfPage":{"@id":"https:\/\/conexion23.com\/?p=23254#primaryimage"},"image":{"@id":"https:\/\/conexion23.com\/?p=23254#primaryimage"},"thumbnailUrl":"https:\/\/conexion23.com\/wp-content\/uploads\/2023\/12\/matan-predicador-2.jpg","datePublished":"2023-12-06T12:51:19+00:00","dateModified":"2023-12-06T12:51:21+00:00","breadcrumb":{"@id":"https:\/\/conexion23.com\/?p=23254#breadcrumb"},"inLanguage":"es","potentialAction":[{"@type":"ReadAction","target":["https:\/\/conexion23.com\/?p=23254"]}]},{"@type":"ImageObject","inLanguage":"es","@id":"https:\/\/conexion23.com\/?p=23254#primaryimage","url":"https:\/\/conexion23.com\/wp-content\/uploads\/2023\/12\/matan-predicador-2.jpg","contentUrl":"https:\/\/conexion23.com\/wp-content\/uploads\/2023\/12\/matan-predicador-2.jpg","width":1204,"height":620,"caption":"portada"},{"@type":"BreadcrumbList","@id":"https:\/\/conexion23.com\/?p=23254#breadcrumb","itemListElement":[{"@type":"ListItem","position":1,"name":"Portada","item":"https:\/\/conexion23.com\/"},{"@type":"ListItem","position":2,"name":"Le quitan la vida a predicador en Saman\u00e1, se presume que fue por venganza."}]},{"@type":"WebSite","@id":"https:\/\/conexion23.com\/#website","url":"https:\/\/conexion23.com\/","name":"Conexi\u00f3n 23","description":"Peri\u00f3dico 100% Petromacorisano","publisher":{"@id":"https:\/\/conexion23.com\/#organization"},"potentialAction":[{"@type":"SearchAction","target":{"@type":"EntryPoint","urlTemplate":"https:\/\/conexion23.com\/?s={search_term_string}"},"query-input":{"@type":"PropertyValueSpecification","valueRequired":true,"valueName":"search_term_string"}}],"inLanguage":"es"},{"@type":"Organization","@id":"https:\/\/conexion23.com\/#organization","name":"Conexion 23","url":"https:\/\/conexion23.com\/","logo":{"@type":"ImageObject","inLanguage":"es","@id":"https:\/\/conexion23.com\/#\/schema\/logo\/image\/","url":"https:\/\/conexion23.com\/wp-content\/uploads\/2021\/11\/Diseno-sin-titulo-2.png","contentUrl":"https:\/\/conexion23.com\/wp-content\/uploads\/2021\/11\/Diseno-sin-titulo-2.png","width":541,"height":90,"caption":"Conexion 23"},"image":{"@id":"https:\/\/conexion23.com\/#\/schema\/logo\/image\/"},"sameAs":["https:\/\/www.facebook.com\/conexion23com","https:\/\/www.instagram.com\/conexion23com\/","https:\/\/www.youtube.com\/channel\/UCYc7vxxFZMYLIHNsHHxPZ3Q"]},{"@type":"Person","@id":"https:\/\/conexion23.com\/#\/schema\/person\/03e36043331117e97a373299bbcd30a6","name":"Raffy Ben\u00edtez","image":{"@type":"ImageObject","inLanguage":"es","@id":"https:\/\/conexion23.com\/#\/schema\/person\/image\/","url":"https:\/\/secure.gravatar.com\/avatar\/3190a6a6c5e1b0327500f7d6c56b6242472ee6cb974cf09b401ee6b3b0798f23?s=96&d=mm&r=g","contentUrl":"https:\/\/secure.gravatar.com\/avatar\/3190a6a6c5e1b0327500f7d6c56b6242472ee6cb974cf09b401ee6b3b0798f23?s=96&d=mm&r=g","caption":"Raffy Ben\u00edtez"},"url":"https:\/\/conexion23.com\/?author=15"}]}},"_links":{"self":[{"href":"https:\/\/conexion23.com\/index.php?rest_route=\/wp\/v2\/posts\/23254","targetHints":{"allow":["GET"]}}],"collection":[{"href":"https:\/\/conexion23.com\/index.php?rest_route=\/wp\/v2\/posts"}],"about":[{"href":"https:\/\/conexion23.com\/index.php?rest_route=\/wp\/v2\/types\/post"}],"author":[{"embeddable":true,"href":"https:\/\/conexion23.com\/index.php?rest_route=\/wp\/v2\/users\/15"}],"replies":[{"embeddable":true,"href":"https:\/\/conexion23.com\/index.php?rest_route=%2Fwp%2Fv2%2Fcomments&post=23254"}],"version-history":[{"count":1,"href":"https:\/\/conexion23.com\/index.php?rest_route=\/wp\/v2\/posts\/23254\/revisions"}],"predecessor-version":[{"id":23256,"href":"https:\/\/conexion23.com\/index.php?rest_route=\/wp\/v2\/posts\/23254\/revisions\/23256"}],"wp:featuredmedia":[{"embeddable":true,"href":"https:\/\/conexion23.com\/index.php?rest_route=\/wp\/v2\/media\/23255"}],"wp:attachment":[{"href":"https:\/\/conexion23.com\/index.php?rest_route=%2Fwp%2Fv2%2Fmedia&parent=23254"}],"wp:term":[{"taxonomy":"category","embeddable":true,"href":"https:\/\/conexion23.com\/index.php?rest_route=%2Fwp%2Fv2%2Fcategories&post=23254"},{"taxonomy":"post_tag","embeddable":true,"href":"https:\/\/conexion23.com\/index.php?rest_route=%2Fwp%2Fv2%2Ftags&post=23254"}],"curies":[{"name":"wp","href":"https:\/\/api.w.org\/{rel}","templated":true}]}}