{"id":23268,"date":"2023-12-07T07:28:57","date_gmt":"2023-12-07T11:28:57","guid":{"rendered":"https:\/\/conexion23.com\/?p=23268"},"modified":"2023-12-07T07:52:40","modified_gmt":"2023-12-07T11:52:40","slug":"leonel-describe-los-7-pecados-capitales-que-impediran-reeleccion-de-abinader","status":"publish","type":"post","link":"https:\/\/conexion23.com\/?p=23268","title":{"rendered":"Leonel describe los 7 pecados capitales que impedir\u00e1n reelecci\u00f3n de Abinader."},"content":{"rendered":"\n<p>El gobierno de Lu\u00eds Abinader no podr\u00e1 reelegirse debido a que hay siete pecados capitales que lo condenan definitivamente.<\/p>\n\n\n\n<p>As\u00ed lo asegur\u00f3 Leonel Fern\u00e1ndez, l\u00edder de la oposici\u00f3n dominicana, al pronunciar un breve discurso en la Asamblea realizada por Fuerza de Crecimiento, organismo ap\u00e9ndice del partido Fuerza del Pueblo, que celebr\u00f3 el segundo aniversario de su fundaci\u00f3n.<\/p>\n\n\n\n<p>El presidente y l\u00edder del partido Fuerza del Pueblo (FP), describi\u00f3 esos siete pecados capitales, que condenan e impiden la reelecci\u00f3n de Abinader y su gobierno, y son:<\/p>\n\n\n\n<p>1- El alto costo de la vida,<br>2- La econom\u00eda no crece,<br>3- Inseguridad ciudadana,<br>4- Baja calidad en la educaci\u00f3n,<br>5- Colapso de los hospitales,<br>6- Apagones y alza de la tarifa el\u00e9ctrica,<br>7- Y el tr\u00e1nsito, que se ha tornado ca\u00f3tico en toda la Rep\u00fablica Dominicana.<\/p>\n\n\n\n<p>Tras describir los siete pecados capitales del gobierno que preside Abinader, Leonel Fern\u00e1ndez proclam\u00f3 que, por esas y otras razones, en el a\u00f1o 2024, \u201ce\u2019pa\u2019 fuera que van\u201d.<\/p>\n\n\n\n<p>Previo al discurso del l\u00edder de la oposici\u00f3n pol\u00edtica dominicana, el coordinador general de Fuerza de Crecimiento, ingeniero Leonel Diroch\u00e9, present\u00f3 a Fern\u00e1ndez a los coordinadores regionales, provinciales y municipales, de las 31 provincias del pa\u00eds y el Distrito Nacional.<\/p>\n\n\n\n<p>Diroch\u00e9 destac\u00f3 que en cada provincia, municipio y distrito municipal, la Fuerza de Crecimiento tiene un coordinador.<\/p>\n\n\n\n<p>Diroch\u00e9 arremeti\u00f3 contra el gobierno de Abinader y el PRM, se\u00f1alando que mantienen en total abandono todas las provincias del pa\u00eds, olvid\u00e1ndose totalmente de los municipios y distritos municipales, donde impera el abandono y la miseria.<\/p>\n","protected":false},"excerpt":{"rendered":"<p>El gobierno de Lu\u00eds Abinader no podr\u00e1 reelegirse debido a que hay siete pecados capitales que lo condenan definitivamente. As\u00ed lo asegur\u00f3 Leonel Fern\u00e1ndez, l\u00edder de la oposici\u00f3n dominicana, al pronunciar un breve discurso en la Asamblea realizada por Fuerza de Crecimiento, organismo ap\u00e9ndice del partido Fuerza del Pueblo, que celebr\u00f3 el segundo aniversario de [&hellip;]<\/p>\n","protected":false},"author":15,"featured_media":23269,"comment_status":"open","ping_status":"open","sticky":false,"template":"","format":"standard","meta":{"footnotes":""},"categories":[1],"tags":[],"class_list":{"0":"post-23268","1":"post","2":"type-post","3":"status-publish","4":"format-standard","5":"has-post-thumbnail","7":"category-uncategorized"},"yoast_head":"<!-- This site is optimized with the Yoast SEO plugin v27.1.1 - https:\/\/yoast.com\/product\/yoast-seo-wordpress\/ -->\n<title>Leonel describe los 7 pecados capitales que impedir\u00e1n reelecci\u00f3n de Abinader. - Conexi\u00f3n 23<\/title>\n<meta name=\"robots\" content=\"index, follow, max-snippet:-1, max-image-preview:large, max-video-preview:-1\" \/>\n<link rel=\"canonical\" href=\"https:\/\/conexion23.com\/?p=23268\" \/>\n<meta property=\"og:locale\" content=\"es_ES\" \/>\n<meta property=\"og:type\" content=\"article\" \/>\n<meta property=\"og:title\" content=\"Leonel describe los 7 pecados capitales que impedir\u00e1n reelecci\u00f3n de Abinader. - Conexi\u00f3n 23\" \/>\n<meta property=\"og:description\" content=\"El gobierno de Lu\u00eds Abinader no podr\u00e1 reelegirse debido a que hay siete pecados capitales que lo condenan definitivamente. As\u00ed lo asegur\u00f3 Leonel Fern\u00e1ndez, l\u00edder de la oposici\u00f3n dominicana, al pronunciar un breve discurso en la Asamblea realizada por Fuerza de Crecimiento, organismo ap\u00e9ndice del partido Fuerza del Pueblo, que celebr\u00f3 el segundo aniversario de [&hellip;]\" \/>\n<meta property=\"og:url\" content=\"https:\/\/conexion23.com\/?p=23268\" \/>\n<meta property=\"og:site_name\" content=\"Conexi\u00f3n 23\" \/>\n<meta property=\"article:publisher\" content=\"https:\/\/www.facebook.com\/conexion23com\" \/>\n<meta property=\"article:published_time\" content=\"2023-12-07T11:28:57+00:00\" \/>\n<meta property=\"article:modified_time\" content=\"2023-12-07T11:52:40+00:00\" \/>\n<meta property=\"og:image\" content=\"https:\/\/conexion23.com\/wp-content\/uploads\/2023\/12\/6e1dcd9e-a081-4f47-b56e-de8de9074f99.jpg\" \/>\n\t<meta property=\"og:image:width\" content=\"1600\" \/>\n\t<meta property=\"og:image:height\" content=\"1600\" \/>\n\t<meta property=\"og:image:type\" content=\"image\/jpeg\" \/>\n<meta name=\"author\" content=\"Raffy Ben\u00edtez\" \/>\n<meta name=\"twitter:card\" content=\"summary_large_image\" \/>\n<meta name=\"twitter:label1\" content=\"Escrito por\" \/>\n\t<meta name=\"twitter:data1\" content=\"Raffy Ben\u00edtez\" \/>\n\t<meta name=\"twitter:label2\" content=\"Tiempo de lectura\" \/>\n\t<meta name=\"twitter:data2\" content=\"2 minutos\" \/>\n<script type=\"application\/ld+json\" class=\"yoast-schema-graph\">{\"@context\":\"https:\/\/schema.org\",\"@graph\":[{\"@type\":\"Article\",\"@id\":\"https:\/\/conexion23.com\/?p=23268#article\",\"isPartOf\":{\"@id\":\"https:\/\/conexion23.com\/?p=23268\"},\"author\":{\"name\":\"Raffy Ben\u00edtez\",\"@id\":\"https:\/\/conexion23.com\/#\/schema\/person\/03e36043331117e97a373299bbcd30a6\"},\"headline\":\"Leonel describe los 7 pecados capitales que impedir\u00e1n reelecci\u00f3n de Abinader.\",\"datePublished\":\"2023-12-07T11:28:57+00:00\",\"dateModified\":\"2023-12-07T11:52:40+00:00\",\"mainEntityOfPage\":{\"@id\":\"https:\/\/conexion23.com\/?p=23268\"},\"wordCount\":289,\"commentCount\":0,\"publisher\":{\"@id\":\"https:\/\/conexion23.com\/#organization\"},\"image\":{\"@id\":\"https:\/\/conexion23.com\/?p=23268#primaryimage\"},\"thumbnailUrl\":\"https:\/\/conexion23.com\/wp-content\/uploads\/2023\/12\/6e1dcd9e-a081-4f47-b56e-de8de9074f99.jpg\",\"articleSection\":[\"Uncategorized\"],\"inLanguage\":\"es\",\"potentialAction\":[{\"@type\":\"CommentAction\",\"name\":\"Comment\",\"target\":[\"https:\/\/conexion23.com\/?p=23268#respond\"]}]},{\"@type\":\"WebPage\",\"@id\":\"https:\/\/conexion23.com\/?p=23268\",\"url\":\"https:\/\/conexion23.com\/?p=23268\",\"name\":\"Leonel describe los 7 pecados capitales que impedir\u00e1n reelecci\u00f3n de Abinader. - Conexi\u00f3n 23\",\"isPartOf\":{\"@id\":\"https:\/\/conexion23.com\/#website\"},\"primaryImageOfPage\":{\"@id\":\"https:\/\/conexion23.com\/?p=23268#primaryimage\"},\"image\":{\"@id\":\"https:\/\/conexion23.com\/?p=23268#primaryimage\"},\"thumbnailUrl\":\"https:\/\/conexion23.com\/wp-content\/uploads\/2023\/12\/6e1dcd9e-a081-4f47-b56e-de8de9074f99.jpg\",\"datePublished\":\"2023-12-07T11:28:57+00:00\",\"dateModified\":\"2023-12-07T11:52:40+00:00\",\"breadcrumb\":{\"@id\":\"https:\/\/conexion23.com\/?p=23268#breadcrumb\"},\"inLanguage\":\"es\",\"potentialAction\":[{\"@type\":\"ReadAction\",\"target\":[\"https:\/\/conexion23.com\/?p=23268\"]}]},{\"@type\":\"ImageObject\",\"inLanguage\":\"es\",\"@id\":\"https:\/\/conexion23.com\/?p=23268#primaryimage\",\"url\":\"https:\/\/conexion23.com\/wp-content\/uploads\/2023\/12\/6e1dcd9e-a081-4f47-b56e-de8de9074f99.jpg\",\"contentUrl\":\"https:\/\/conexion23.com\/wp-content\/uploads\/2023\/12\/6e1dcd9e-a081-4f47-b56e-de8de9074f99.jpg\",\"width\":1600,\"height\":1600},{\"@type\":\"BreadcrumbList\",\"@id\":\"https:\/\/conexion23.com\/?p=23268#breadcrumb\",\"itemListElement\":[{\"@type\":\"ListItem\",\"position\":1,\"name\":\"Portada\",\"item\":\"https:\/\/conexion23.com\/\"},{\"@type\":\"ListItem\",\"position\":2,\"name\":\"Leonel describe los 7 pecados capitales que impedir\u00e1n reelecci\u00f3n de Abinader.\"}]},{\"@type\":\"WebSite\",\"@id\":\"https:\/\/conexion23.com\/#website\",\"url\":\"https:\/\/conexion23.com\/\",\"name\":\"Conexi\u00f3n 23\",\"description\":\"Peri\u00f3dico 100% Petromacorisano\",\"publisher\":{\"@id\":\"https:\/\/conexion23.com\/#organization\"},\"potentialAction\":[{\"@type\":\"SearchAction\",\"target\":{\"@type\":\"EntryPoint\",\"urlTemplate\":\"https:\/\/conexion23.com\/?s={search_term_string}\"},\"query-input\":{\"@type\":\"PropertyValueSpecification\",\"valueRequired\":true,\"valueName\":\"search_term_string\"}}],\"inLanguage\":\"es\"},{\"@type\":\"Organization\",\"@id\":\"https:\/\/conexion23.com\/#organization\",\"name\":\"Conexion 23\",\"url\":\"https:\/\/conexion23.com\/\",\"logo\":{\"@type\":\"ImageObject\",\"inLanguage\":\"es\",\"@id\":\"https:\/\/conexion23.com\/#\/schema\/logo\/image\/\",\"url\":\"https:\/\/conexion23.com\/wp-content\/uploads\/2021\/11\/Diseno-sin-titulo-2.png\",\"contentUrl\":\"https:\/\/conexion23.com\/wp-content\/uploads\/2021\/11\/Diseno-sin-titulo-2.png\",\"width\":541,\"height\":90,\"caption\":\"Conexion 23\"},\"image\":{\"@id\":\"https:\/\/conexion23.com\/#\/schema\/logo\/image\/\"},\"sameAs\":[\"https:\/\/www.facebook.com\/conexion23com\",\"https:\/\/www.instagram.com\/conexion23com\/\",\"https:\/\/www.youtube.com\/channel\/UCYc7vxxFZMYLIHNsHHxPZ3Q\"]},{\"@type\":\"Person\",\"@id\":\"https:\/\/conexion23.com\/#\/schema\/person\/03e36043331117e97a373299bbcd30a6\",\"name\":\"Raffy Ben\u00edtez\",\"image\":{\"@type\":\"ImageObject\",\"inLanguage\":\"es\",\"@id\":\"https:\/\/conexion23.com\/#\/schema\/person\/image\/\",\"url\":\"https:\/\/secure.gravatar.com\/avatar\/3190a6a6c5e1b0327500f7d6c56b6242472ee6cb974cf09b401ee6b3b0798f23?s=96&d=mm&r=g\",\"contentUrl\":\"https:\/\/secure.gravatar.com\/avatar\/3190a6a6c5e1b0327500f7d6c56b6242472ee6cb974cf09b401ee6b3b0798f23?s=96&d=mm&r=g\",\"caption\":\"Raffy Ben\u00edtez\"},\"url\":\"https:\/\/conexion23.com\/?author=15\"}]}<\/script>\n<!-- \/ Yoast SEO plugin. -->","yoast_head_json":{"title":"Leonel describe los 7 pecados capitales que impedir\u00e1n reelecci\u00f3n de Abinader. - Conexi\u00f3n 23","robots":{"index":"index","follow":"follow","max-snippet":"max-snippet:-1","max-image-preview":"max-image-preview:large","max-video-preview":"max-video-preview:-1"},"canonical":"https:\/\/conexion23.com\/?p=23268","og_locale":"es_ES","og_type":"article","og_title":"Leonel describe los 7 pecados capitales que impedir\u00e1n reelecci\u00f3n de Abinader. - Conexi\u00f3n 23","og_description":"El gobierno de Lu\u00eds Abinader no podr\u00e1 reelegirse debido a que hay siete pecados capitales que lo condenan definitivamente. As\u00ed lo asegur\u00f3 Leonel Fern\u00e1ndez, l\u00edder de la oposici\u00f3n dominicana, al pronunciar un breve discurso en la Asamblea realizada por Fuerza de Crecimiento, organismo ap\u00e9ndice del partido Fuerza del Pueblo, que celebr\u00f3 el segundo aniversario de [&hellip;]","og_url":"https:\/\/conexion23.com\/?p=23268","og_site_name":"Conexi\u00f3n 23","article_publisher":"https:\/\/www.facebook.com\/conexion23com","article_published_time":"2023-12-07T11:28:57+00:00","article_modified_time":"2023-12-07T11:52:40+00:00","og_image":[{"width":1600,"height":1600,"url":"https:\/\/conexion23.com\/wp-content\/uploads\/2023\/12\/6e1dcd9e-a081-4f47-b56e-de8de9074f99.jpg","type":"image\/jpeg"}],"author":"Raffy Ben\u00edtez","twitter_card":"summary_large_image","twitter_misc":{"Escrito por":"Raffy Ben\u00edtez","Tiempo de lectura":"2 minutos"},"schema":{"@context":"https:\/\/schema.org","@graph":[{"@type":"Article","@id":"https:\/\/conexion23.com\/?p=23268#article","isPartOf":{"@id":"https:\/\/conexion23.com\/?p=23268"},"author":{"name":"Raffy Ben\u00edtez","@id":"https:\/\/conexion23.com\/#\/schema\/person\/03e36043331117e97a373299bbcd30a6"},"headline":"Leonel describe los 7 pecados capitales que impedir\u00e1n reelecci\u00f3n de Abinader.","datePublished":"2023-12-07T11:28:57+00:00","dateModified":"2023-12-07T11:52:40+00:00","mainEntityOfPage":{"@id":"https:\/\/conexion23.com\/?p=23268"},"wordCount":289,"commentCount":0,"publisher":{"@id":"https:\/\/conexion23.com\/#organization"},"image":{"@id":"https:\/\/conexion23.com\/?p=23268#primaryimage"},"thumbnailUrl":"https:\/\/conexion23.com\/wp-content\/uploads\/2023\/12\/6e1dcd9e-a081-4f47-b56e-de8de9074f99.jpg","articleSection":["Uncategorized"],"inLanguage":"es","potentialAction":[{"@type":"CommentAction","name":"Comment","target":["https:\/\/conexion23.com\/?p=23268#respond"]}]},{"@type":"WebPage","@id":"https:\/\/conexion23.com\/?p=23268","url":"https:\/\/conexion23.com\/?p=23268","name":"Leonel describe los 7 pecados capitales que impedir\u00e1n reelecci\u00f3n de Abinader. - Conexi\u00f3n 23","isPartOf":{"@id":"https:\/\/conexion23.com\/#website"},"primaryImageOfPage":{"@id":"https:\/\/conexion23.com\/?p=23268#primaryimage"},"image":{"@id":"https:\/\/conexion23.com\/?p=23268#primaryimage"},"thumbnailUrl":"https:\/\/conexion23.com\/wp-content\/uploads\/2023\/12\/6e1dcd9e-a081-4f47-b56e-de8de9074f99.jpg","datePublished":"2023-12-07T11:28:57+00:00","dateModified":"2023-12-07T11:52:40+00:00","breadcrumb":{"@id":"https:\/\/conexion23.com\/?p=23268#breadcrumb"},"inLanguage":"es","potentialAction":[{"@type":"ReadAction","target":["https:\/\/conexion23.com\/?p=23268"]}]},{"@type":"ImageObject","inLanguage":"es","@id":"https:\/\/conexion23.com\/?p=23268#primaryimage","url":"https:\/\/conexion23.com\/wp-content\/uploads\/2023\/12\/6e1dcd9e-a081-4f47-b56e-de8de9074f99.jpg","contentUrl":"https:\/\/conexion23.com\/wp-content\/uploads\/2023\/12\/6e1dcd9e-a081-4f47-b56e-de8de9074f99.jpg","width":1600,"height":1600},{"@type":"BreadcrumbList","@id":"https:\/\/conexion23.com\/?p=23268#breadcrumb","itemListElement":[{"@type":"ListItem","position":1,"name":"Portada","item":"https:\/\/conexion23.com\/"},{"@type":"ListItem","position":2,"name":"Leonel describe los 7 pecados capitales que impedir\u00e1n reelecci\u00f3n de Abinader."}]},{"@type":"WebSite","@id":"https:\/\/conexion23.com\/#website","url":"https:\/\/conexion23.com\/","name":"Conexi\u00f3n 23","description":"Peri\u00f3dico 100% Petromacorisano","publisher":{"@id":"https:\/\/conexion23.com\/#organization"},"potentialAction":[{"@type":"SearchAction","target":{"@type":"EntryPoint","urlTemplate":"https:\/\/conexion23.com\/?s={search_term_string}"},"query-input":{"@type":"PropertyValueSpecification","valueRequired":true,"valueName":"search_term_string"}}],"inLanguage":"es"},{"@type":"Organization","@id":"https:\/\/conexion23.com\/#organization","name":"Conexion 23","url":"https:\/\/conexion23.com\/","logo":{"@type":"ImageObject","inLanguage":"es","@id":"https:\/\/conexion23.com\/#\/schema\/logo\/image\/","url":"https:\/\/conexion23.com\/wp-content\/uploads\/2021\/11\/Diseno-sin-titulo-2.png","contentUrl":"https:\/\/conexion23.com\/wp-content\/uploads\/2021\/11\/Diseno-sin-titulo-2.png","width":541,"height":90,"caption":"Conexion 23"},"image":{"@id":"https:\/\/conexion23.com\/#\/schema\/logo\/image\/"},"sameAs":["https:\/\/www.facebook.com\/conexion23com","https:\/\/www.instagram.com\/conexion23com\/","https:\/\/www.youtube.com\/channel\/UCYc7vxxFZMYLIHNsHHxPZ3Q"]},{"@type":"Person","@id":"https:\/\/conexion23.com\/#\/schema\/person\/03e36043331117e97a373299bbcd30a6","name":"Raffy Ben\u00edtez","image":{"@type":"ImageObject","inLanguage":"es","@id":"https:\/\/conexion23.com\/#\/schema\/person\/image\/","url":"https:\/\/secure.gravatar.com\/avatar\/3190a6a6c5e1b0327500f7d6c56b6242472ee6cb974cf09b401ee6b3b0798f23?s=96&d=mm&r=g","contentUrl":"https:\/\/secure.gravatar.com\/avatar\/3190a6a6c5e1b0327500f7d6c56b6242472ee6cb974cf09b401ee6b3b0798f23?s=96&d=mm&r=g","caption":"Raffy Ben\u00edtez"},"url":"https:\/\/conexion23.com\/?author=15"}]}},"_links":{"self":[{"href":"https:\/\/conexion23.com\/index.php?rest_route=\/wp\/v2\/posts\/23268","targetHints":{"allow":["GET"]}}],"collection":[{"href":"https:\/\/conexion23.com\/index.php?rest_route=\/wp\/v2\/posts"}],"about":[{"href":"https:\/\/conexion23.com\/index.php?rest_route=\/wp\/v2\/types\/post"}],"author":[{"embeddable":true,"href":"https:\/\/conexion23.com\/index.php?rest_route=\/wp\/v2\/users\/15"}],"replies":[{"embeddable":true,"href":"https:\/\/conexion23.com\/index.php?rest_route=%2Fwp%2Fv2%2Fcomments&post=23268"}],"version-history":[{"count":1,"href":"https:\/\/conexion23.com\/index.php?rest_route=\/wp\/v2\/posts\/23268\/revisions"}],"predecessor-version":[{"id":23270,"href":"https:\/\/conexion23.com\/index.php?rest_route=\/wp\/v2\/posts\/23268\/revisions\/23270"}],"wp:featuredmedia":[{"embeddable":true,"href":"https:\/\/conexion23.com\/index.php?rest_route=\/wp\/v2\/media\/23269"}],"wp:attachment":[{"href":"https:\/\/conexion23.com\/index.php?rest_route=%2Fwp%2Fv2%2Fmedia&parent=23268"}],"wp:term":[{"taxonomy":"category","embeddable":true,"href":"https:\/\/conexion23.com\/index.php?rest_route=%2Fwp%2Fv2%2Fcategories&post=23268"},{"taxonomy":"post_tag","embeddable":true,"href":"https:\/\/conexion23.com\/index.php?rest_route=%2Fwp%2Fv2%2Ftags&post=23268"}],"curies":[{"name":"wp","href":"https:\/\/api.w.org\/{rel}","templated":true}]}}