{"id":23293,"date":"2023-12-08T07:19:46","date_gmt":"2023-12-08T11:19:46","guid":{"rendered":"https:\/\/conexion23.com\/?p=23293"},"modified":"2023-12-08T07:19:49","modified_gmt":"2023-12-08T11:19:49","slug":"prisiones-abre-investigacion-por-llamada-telefonica-de-miguel-cruz-a-emisora","status":"publish","type":"post","link":"https:\/\/conexion23.com\/?p=23293","title":{"rendered":"Prisiones abre investigaci\u00f3n por llamada telef\u00f3nica de Miguel Cruz a emisora."},"content":{"rendered":"\n<p>La&nbsp;<strong>Direcci\u00f3n General de Servicios Penitenciarios y Correccionales (DGSPC)<\/strong>, inform\u00f3 que realiza una investigaci\u00f3n para determinar los funcionarios penitenciarios responsables de&nbsp; permitir a&nbsp;<strong>Fausto Miguel Cruz de la Mota hacer&nbsp; una llamada a un medio de comunicaci\u00f3n.<\/strong><\/p>\n\n\n\n<p>A trav\u00e9s de un comunicado de prensa, la DGSPC dijo que la experticia la realiza la subdirecci\u00f3n de Seguridad e Inteligencia que dirige el coronel Manuel Polanco,&nbsp; quien en estos momentos se encuentra en el&nbsp;<strong>Centro de Correcci\u00f3n y Rehabilitaci\u00f3n de Najyo Hombres<\/strong>, para tales fines.<\/p>\n\n\n\n<p>Por otro lado, la instituci\u00f3n del sistema penitenciario inform\u00f3 que, desde su ingreso al sistema penitenciario, el privado de libertad, Cruz de la Mota ha\u00a0<strong>recibido asistencia m\u00e9dica por parte de los galenos del sistema<\/strong>\u00a0y de centros de salud privados del pa\u00eds.<\/p>\n\n\n\n<p>La DGSPC revel\u00f3 que seg\u00fan registra el libro de asistencia de la instituci\u00f3n, Cruz de la Mota ha sido visto por especialistas de la salud, en todos los momentos que lo ha requerido.<\/p>\n\n\n\n<p>La Direcci\u00f3n General de Servicios Penitenciarios y Correccionales afirm\u00f3 que act\u00faa en cumplimiento a la Ley 113-21, sobre R\u00e9gimen Penitenciario, la cual, entre los derechos de los privados de libertad, establece el derecho a la salud y a la&nbsp; comunicaci\u00f3n&nbsp; telef\u00f3nica, y&nbsp;<strong>cuyo uso de dicha comunicaci\u00f3n est\u00e1 reservada para sus familiares y representantes legales<\/strong>, seg\u00fan lo establece el art\u00edculo 4 numeral 11 de la Ley.<\/p>\n","protected":false},"excerpt":{"rendered":"<p>La&nbsp;Direcci\u00f3n General de Servicios Penitenciarios y Correccionales (DGSPC), inform\u00f3 que realiza una investigaci\u00f3n para determinar los funcionarios penitenciarios responsables de&nbsp; permitir a&nbsp;Fausto Miguel Cruz de la Mota hacer&nbsp; una llamada a un medio de comunicaci\u00f3n. A trav\u00e9s de un comunicado de prensa, la DGSPC dijo que la experticia la realiza la subdirecci\u00f3n de Seguridad e [&hellip;]<\/p>\n","protected":false},"author":15,"featured_media":23294,"comment_status":"open","ping_status":"open","sticky":false,"template":"","format":"standard","meta":{"footnotes":""},"categories":[1],"tags":[],"class_list":{"0":"post-23293","1":"post","2":"type-post","3":"status-publish","4":"format-standard","5":"has-post-thumbnail","7":"category-uncategorized"},"yoast_head":"<!-- This site is optimized with the Yoast SEO plugin v27.1.1 - https:\/\/yoast.com\/product\/yoast-seo-wordpress\/ -->\n<title>Prisiones abre investigaci\u00f3n por llamada telef\u00f3nica de Miguel Cruz a emisora. - Conexi\u00f3n 23<\/title>\n<meta name=\"robots\" content=\"index, follow, max-snippet:-1, max-image-preview:large, max-video-preview:-1\" \/>\n<link rel=\"canonical\" href=\"https:\/\/conexion23.com\/?p=23293\" \/>\n<meta property=\"og:locale\" content=\"es_ES\" \/>\n<meta property=\"og:type\" content=\"article\" \/>\n<meta property=\"og:title\" content=\"Prisiones abre investigaci\u00f3n por llamada telef\u00f3nica de Miguel Cruz a emisora. - Conexi\u00f3n 23\" \/>\n<meta property=\"og:description\" content=\"La&nbsp;Direcci\u00f3n General de Servicios Penitenciarios y Correccionales (DGSPC), inform\u00f3 que realiza una investigaci\u00f3n para determinar los funcionarios penitenciarios responsables de&nbsp; permitir a&nbsp;Fausto Miguel Cruz de la Mota hacer&nbsp; una llamada a un medio de comunicaci\u00f3n. A trav\u00e9s de un comunicado de prensa, la DGSPC dijo que la experticia la realiza la subdirecci\u00f3n de Seguridad e [&hellip;]\" \/>\n<meta property=\"og:url\" content=\"https:\/\/conexion23.com\/?p=23293\" \/>\n<meta property=\"og:site_name\" content=\"Conexi\u00f3n 23\" \/>\n<meta property=\"article:publisher\" content=\"https:\/\/www.facebook.com\/conexion23com\" \/>\n<meta property=\"article:published_time\" content=\"2023-12-08T11:19:46+00:00\" \/>\n<meta property=\"article:modified_time\" content=\"2023-12-08T11:19:49+00:00\" \/>\n<meta property=\"og:image\" content=\"https:\/\/conexion23.com\/wp-content\/uploads\/2023\/12\/miguel-cruz-jpg.webp\" \/>\n\t<meta property=\"og:image:width\" content=\"1536\" \/>\n\t<meta property=\"og:image:height\" content=\"1023\" \/>\n\t<meta property=\"og:image:type\" content=\"image\/webp\" \/>\n<meta name=\"author\" content=\"Raffy Ben\u00edtez\" \/>\n<meta name=\"twitter:card\" content=\"summary_large_image\" \/>\n<meta name=\"twitter:label1\" content=\"Escrito por\" \/>\n\t<meta name=\"twitter:data1\" content=\"Raffy Ben\u00edtez\" \/>\n\t<meta name=\"twitter:label2\" content=\"Tiempo de lectura\" \/>\n\t<meta name=\"twitter:data2\" content=\"2 minutos\" \/>\n<script type=\"application\/ld+json\" class=\"yoast-schema-graph\">{\"@context\":\"https:\/\/schema.org\",\"@graph\":[{\"@type\":\"Article\",\"@id\":\"https:\/\/conexion23.com\/?p=23293#article\",\"isPartOf\":{\"@id\":\"https:\/\/conexion23.com\/?p=23293\"},\"author\":{\"name\":\"Raffy Ben\u00edtez\",\"@id\":\"https:\/\/conexion23.com\/#\/schema\/person\/03e36043331117e97a373299bbcd30a6\"},\"headline\":\"Prisiones abre investigaci\u00f3n por llamada telef\u00f3nica de Miguel Cruz a emisora.\",\"datePublished\":\"2023-12-08T11:19:46+00:00\",\"dateModified\":\"2023-12-08T11:19:49+00:00\",\"mainEntityOfPage\":{\"@id\":\"https:\/\/conexion23.com\/?p=23293\"},\"wordCount\":265,\"commentCount\":0,\"publisher\":{\"@id\":\"https:\/\/conexion23.com\/#organization\"},\"image\":{\"@id\":\"https:\/\/conexion23.com\/?p=23293#primaryimage\"},\"thumbnailUrl\":\"https:\/\/conexion23.com\/wp-content\/uploads\/2023\/12\/miguel-cruz-jpg.webp\",\"articleSection\":[\"Uncategorized\"],\"inLanguage\":\"es\",\"potentialAction\":[{\"@type\":\"CommentAction\",\"name\":\"Comment\",\"target\":[\"https:\/\/conexion23.com\/?p=23293#respond\"]}]},{\"@type\":\"WebPage\",\"@id\":\"https:\/\/conexion23.com\/?p=23293\",\"url\":\"https:\/\/conexion23.com\/?p=23293\",\"name\":\"Prisiones abre investigaci\u00f3n por llamada telef\u00f3nica de Miguel Cruz a emisora. - Conexi\u00f3n 23\",\"isPartOf\":{\"@id\":\"https:\/\/conexion23.com\/#website\"},\"primaryImageOfPage\":{\"@id\":\"https:\/\/conexion23.com\/?p=23293#primaryimage\"},\"image\":{\"@id\":\"https:\/\/conexion23.com\/?p=23293#primaryimage\"},\"thumbnailUrl\":\"https:\/\/conexion23.com\/wp-content\/uploads\/2023\/12\/miguel-cruz-jpg.webp\",\"datePublished\":\"2023-12-08T11:19:46+00:00\",\"dateModified\":\"2023-12-08T11:19:49+00:00\",\"breadcrumb\":{\"@id\":\"https:\/\/conexion23.com\/?p=23293#breadcrumb\"},\"inLanguage\":\"es\",\"potentialAction\":[{\"@type\":\"ReadAction\",\"target\":[\"https:\/\/conexion23.com\/?p=23293\"]}]},{\"@type\":\"ImageObject\",\"inLanguage\":\"es\",\"@id\":\"https:\/\/conexion23.com\/?p=23293#primaryimage\",\"url\":\"https:\/\/conexion23.com\/wp-content\/uploads\/2023\/12\/miguel-cruz-jpg.webp\",\"contentUrl\":\"https:\/\/conexion23.com\/wp-content\/uploads\/2023\/12\/miguel-cruz-jpg.webp\",\"width\":1536,\"height\":1023},{\"@type\":\"BreadcrumbList\",\"@id\":\"https:\/\/conexion23.com\/?p=23293#breadcrumb\",\"itemListElement\":[{\"@type\":\"ListItem\",\"position\":1,\"name\":\"Portada\",\"item\":\"https:\/\/conexion23.com\/\"},{\"@type\":\"ListItem\",\"position\":2,\"name\":\"Prisiones abre investigaci\u00f3n por llamada telef\u00f3nica de Miguel Cruz a emisora.\"}]},{\"@type\":\"WebSite\",\"@id\":\"https:\/\/conexion23.com\/#website\",\"url\":\"https:\/\/conexion23.com\/\",\"name\":\"Conexi\u00f3n 23\",\"description\":\"Peri\u00f3dico 100% Petromacorisano\",\"publisher\":{\"@id\":\"https:\/\/conexion23.com\/#organization\"},\"potentialAction\":[{\"@type\":\"SearchAction\",\"target\":{\"@type\":\"EntryPoint\",\"urlTemplate\":\"https:\/\/conexion23.com\/?s={search_term_string}\"},\"query-input\":{\"@type\":\"PropertyValueSpecification\",\"valueRequired\":true,\"valueName\":\"search_term_string\"}}],\"inLanguage\":\"es\"},{\"@type\":\"Organization\",\"@id\":\"https:\/\/conexion23.com\/#organization\",\"name\":\"Conexion 23\",\"url\":\"https:\/\/conexion23.com\/\",\"logo\":{\"@type\":\"ImageObject\",\"inLanguage\":\"es\",\"@id\":\"https:\/\/conexion23.com\/#\/schema\/logo\/image\/\",\"url\":\"https:\/\/conexion23.com\/wp-content\/uploads\/2021\/11\/Diseno-sin-titulo-2.png\",\"contentUrl\":\"https:\/\/conexion23.com\/wp-content\/uploads\/2021\/11\/Diseno-sin-titulo-2.png\",\"width\":541,\"height\":90,\"caption\":\"Conexion 23\"},\"image\":{\"@id\":\"https:\/\/conexion23.com\/#\/schema\/logo\/image\/\"},\"sameAs\":[\"https:\/\/www.facebook.com\/conexion23com\",\"https:\/\/www.instagram.com\/conexion23com\/\",\"https:\/\/www.youtube.com\/channel\/UCYc7vxxFZMYLIHNsHHxPZ3Q\"]},{\"@type\":\"Person\",\"@id\":\"https:\/\/conexion23.com\/#\/schema\/person\/03e36043331117e97a373299bbcd30a6\",\"name\":\"Raffy Ben\u00edtez\",\"image\":{\"@type\":\"ImageObject\",\"inLanguage\":\"es\",\"@id\":\"https:\/\/conexion23.com\/#\/schema\/person\/image\/\",\"url\":\"https:\/\/secure.gravatar.com\/avatar\/3190a6a6c5e1b0327500f7d6c56b6242472ee6cb974cf09b401ee6b3b0798f23?s=96&d=mm&r=g\",\"contentUrl\":\"https:\/\/secure.gravatar.com\/avatar\/3190a6a6c5e1b0327500f7d6c56b6242472ee6cb974cf09b401ee6b3b0798f23?s=96&d=mm&r=g\",\"caption\":\"Raffy Ben\u00edtez\"},\"url\":\"https:\/\/conexion23.com\/?author=15\"}]}<\/script>\n<!-- \/ Yoast SEO plugin. -->","yoast_head_json":{"title":"Prisiones abre investigaci\u00f3n por llamada telef\u00f3nica de Miguel Cruz a emisora. - Conexi\u00f3n 23","robots":{"index":"index","follow":"follow","max-snippet":"max-snippet:-1","max-image-preview":"max-image-preview:large","max-video-preview":"max-video-preview:-1"},"canonical":"https:\/\/conexion23.com\/?p=23293","og_locale":"es_ES","og_type":"article","og_title":"Prisiones abre investigaci\u00f3n por llamada telef\u00f3nica de Miguel Cruz a emisora. - Conexi\u00f3n 23","og_description":"La&nbsp;Direcci\u00f3n General de Servicios Penitenciarios y Correccionales (DGSPC), inform\u00f3 que realiza una investigaci\u00f3n para determinar los funcionarios penitenciarios responsables de&nbsp; permitir a&nbsp;Fausto Miguel Cruz de la Mota hacer&nbsp; una llamada a un medio de comunicaci\u00f3n. A trav\u00e9s de un comunicado de prensa, la DGSPC dijo que la experticia la realiza la subdirecci\u00f3n de Seguridad e [&hellip;]","og_url":"https:\/\/conexion23.com\/?p=23293","og_site_name":"Conexi\u00f3n 23","article_publisher":"https:\/\/www.facebook.com\/conexion23com","article_published_time":"2023-12-08T11:19:46+00:00","article_modified_time":"2023-12-08T11:19:49+00:00","og_image":[{"width":1536,"height":1023,"url":"https:\/\/conexion23.com\/wp-content\/uploads\/2023\/12\/miguel-cruz-jpg.webp","type":"image\/webp"}],"author":"Raffy Ben\u00edtez","twitter_card":"summary_large_image","twitter_misc":{"Escrito por":"Raffy Ben\u00edtez","Tiempo de lectura":"2 minutos"},"schema":{"@context":"https:\/\/schema.org","@graph":[{"@type":"Article","@id":"https:\/\/conexion23.com\/?p=23293#article","isPartOf":{"@id":"https:\/\/conexion23.com\/?p=23293"},"author":{"name":"Raffy Ben\u00edtez","@id":"https:\/\/conexion23.com\/#\/schema\/person\/03e36043331117e97a373299bbcd30a6"},"headline":"Prisiones abre investigaci\u00f3n por llamada telef\u00f3nica de Miguel Cruz a emisora.","datePublished":"2023-12-08T11:19:46+00:00","dateModified":"2023-12-08T11:19:49+00:00","mainEntityOfPage":{"@id":"https:\/\/conexion23.com\/?p=23293"},"wordCount":265,"commentCount":0,"publisher":{"@id":"https:\/\/conexion23.com\/#organization"},"image":{"@id":"https:\/\/conexion23.com\/?p=23293#primaryimage"},"thumbnailUrl":"https:\/\/conexion23.com\/wp-content\/uploads\/2023\/12\/miguel-cruz-jpg.webp","articleSection":["Uncategorized"],"inLanguage":"es","potentialAction":[{"@type":"CommentAction","name":"Comment","target":["https:\/\/conexion23.com\/?p=23293#respond"]}]},{"@type":"WebPage","@id":"https:\/\/conexion23.com\/?p=23293","url":"https:\/\/conexion23.com\/?p=23293","name":"Prisiones abre investigaci\u00f3n por llamada telef\u00f3nica de Miguel Cruz a emisora. - Conexi\u00f3n 23","isPartOf":{"@id":"https:\/\/conexion23.com\/#website"},"primaryImageOfPage":{"@id":"https:\/\/conexion23.com\/?p=23293#primaryimage"},"image":{"@id":"https:\/\/conexion23.com\/?p=23293#primaryimage"},"thumbnailUrl":"https:\/\/conexion23.com\/wp-content\/uploads\/2023\/12\/miguel-cruz-jpg.webp","datePublished":"2023-12-08T11:19:46+00:00","dateModified":"2023-12-08T11:19:49+00:00","breadcrumb":{"@id":"https:\/\/conexion23.com\/?p=23293#breadcrumb"},"inLanguage":"es","potentialAction":[{"@type":"ReadAction","target":["https:\/\/conexion23.com\/?p=23293"]}]},{"@type":"ImageObject","inLanguage":"es","@id":"https:\/\/conexion23.com\/?p=23293#primaryimage","url":"https:\/\/conexion23.com\/wp-content\/uploads\/2023\/12\/miguel-cruz-jpg.webp","contentUrl":"https:\/\/conexion23.com\/wp-content\/uploads\/2023\/12\/miguel-cruz-jpg.webp","width":1536,"height":1023},{"@type":"BreadcrumbList","@id":"https:\/\/conexion23.com\/?p=23293#breadcrumb","itemListElement":[{"@type":"ListItem","position":1,"name":"Portada","item":"https:\/\/conexion23.com\/"},{"@type":"ListItem","position":2,"name":"Prisiones abre investigaci\u00f3n por llamada telef\u00f3nica de Miguel Cruz a emisora."}]},{"@type":"WebSite","@id":"https:\/\/conexion23.com\/#website","url":"https:\/\/conexion23.com\/","name":"Conexi\u00f3n 23","description":"Peri\u00f3dico 100% Petromacorisano","publisher":{"@id":"https:\/\/conexion23.com\/#organization"},"potentialAction":[{"@type":"SearchAction","target":{"@type":"EntryPoint","urlTemplate":"https:\/\/conexion23.com\/?s={search_term_string}"},"query-input":{"@type":"PropertyValueSpecification","valueRequired":true,"valueName":"search_term_string"}}],"inLanguage":"es"},{"@type":"Organization","@id":"https:\/\/conexion23.com\/#organization","name":"Conexion 23","url":"https:\/\/conexion23.com\/","logo":{"@type":"ImageObject","inLanguage":"es","@id":"https:\/\/conexion23.com\/#\/schema\/logo\/image\/","url":"https:\/\/conexion23.com\/wp-content\/uploads\/2021\/11\/Diseno-sin-titulo-2.png","contentUrl":"https:\/\/conexion23.com\/wp-content\/uploads\/2021\/11\/Diseno-sin-titulo-2.png","width":541,"height":90,"caption":"Conexion 23"},"image":{"@id":"https:\/\/conexion23.com\/#\/schema\/logo\/image\/"},"sameAs":["https:\/\/www.facebook.com\/conexion23com","https:\/\/www.instagram.com\/conexion23com\/","https:\/\/www.youtube.com\/channel\/UCYc7vxxFZMYLIHNsHHxPZ3Q"]},{"@type":"Person","@id":"https:\/\/conexion23.com\/#\/schema\/person\/03e36043331117e97a373299bbcd30a6","name":"Raffy Ben\u00edtez","image":{"@type":"ImageObject","inLanguage":"es","@id":"https:\/\/conexion23.com\/#\/schema\/person\/image\/","url":"https:\/\/secure.gravatar.com\/avatar\/3190a6a6c5e1b0327500f7d6c56b6242472ee6cb974cf09b401ee6b3b0798f23?s=96&d=mm&r=g","contentUrl":"https:\/\/secure.gravatar.com\/avatar\/3190a6a6c5e1b0327500f7d6c56b6242472ee6cb974cf09b401ee6b3b0798f23?s=96&d=mm&r=g","caption":"Raffy Ben\u00edtez"},"url":"https:\/\/conexion23.com\/?author=15"}]}},"_links":{"self":[{"href":"https:\/\/conexion23.com\/index.php?rest_route=\/wp\/v2\/posts\/23293","targetHints":{"allow":["GET"]}}],"collection":[{"href":"https:\/\/conexion23.com\/index.php?rest_route=\/wp\/v2\/posts"}],"about":[{"href":"https:\/\/conexion23.com\/index.php?rest_route=\/wp\/v2\/types\/post"}],"author":[{"embeddable":true,"href":"https:\/\/conexion23.com\/index.php?rest_route=\/wp\/v2\/users\/15"}],"replies":[{"embeddable":true,"href":"https:\/\/conexion23.com\/index.php?rest_route=%2Fwp%2Fv2%2Fcomments&post=23293"}],"version-history":[{"count":1,"href":"https:\/\/conexion23.com\/index.php?rest_route=\/wp\/v2\/posts\/23293\/revisions"}],"predecessor-version":[{"id":23295,"href":"https:\/\/conexion23.com\/index.php?rest_route=\/wp\/v2\/posts\/23293\/revisions\/23295"}],"wp:featuredmedia":[{"embeddable":true,"href":"https:\/\/conexion23.com\/index.php?rest_route=\/wp\/v2\/media\/23294"}],"wp:attachment":[{"href":"https:\/\/conexion23.com\/index.php?rest_route=%2Fwp%2Fv2%2Fmedia&parent=23293"}],"wp:term":[{"taxonomy":"category","embeddable":true,"href":"https:\/\/conexion23.com\/index.php?rest_route=%2Fwp%2Fv2%2Fcategories&post=23293"},{"taxonomy":"post_tag","embeddable":true,"href":"https:\/\/conexion23.com\/index.php?rest_route=%2Fwp%2Fv2%2Ftags&post=23293"}],"curies":[{"name":"wp","href":"https:\/\/api.w.org\/{rel}","templated":true}]}}